{"id":73653,"date":"2025-07-09T20:40:00","date_gmt":"2025-07-09T23:40:00","guid":{"rendered":"https:\/\/www.em.com.br\/emfoco\/?p=73653"},"modified":"2025-07-09T16:55:23","modified_gmt":"2025-07-09T19:55:23","slug":"dor-muscular-sem-melhora-com-repouso-pode-ser-mais-grave-do-que-parece","status":"publish","type":"post","link":"https:\/\/www.em.com.br\/emfoco\/2025\/07\/09\/dor-muscular-sem-melhora-com-repouso-pode-ser-mais-grave-do-que-parece\/","title":{"rendered":"Dor muscular sem melhora com repouso pode ser mais grave do que parece"},"content":{"rendered":"\n<p>Sensa\u00e7\u00e3o de dor muscular frequente ou prolongada n\u00e3o \u00e9 uma experi\u00eancia incomum, principalmente para aqueles que se envolvem em atividades f\u00edsicas, trabalhos que exigem esfor\u00e7o corporal ou at\u00e9 mesmo situa\u00e7\u00f5es de estresse. A expectativa geral \u00e9 que esse desconforto desapare\u00e7a com per\u00edodos adequados de repouso, mas existem ocasi\u00f5es em que a dor continua presente, trazendo desafios para a rotina e motivando a busca de esclarecimentos sobre as causas e os cuidados necess\u00e1rios, como mostra a <a href=\"https:\/\/clinicaavanttos.com.br\/descanso-nao-resolve-suas-dores-saiba-por-que\/\" target=\"_blank\" rel=\"noreferrer noopener\">Cl\u00ednica Avanttos.<\/a><\/p>\n\n\n\n<p>A persist\u00eancia da dor muscular, mesmo ap\u00f3s intervalos de descanso, geralmente acende um sinal de alerta. Esta condi\u00e7\u00e3o pode ser sentida em diferentes \u00e1reas do corpo, sem distin\u00e7\u00e3o de idade ou g\u00eanero, e interfere significativamente na realiza\u00e7\u00e3o das tarefas di\u00e1rias. Ao perceber que o inc\u00f4modo n\u00e3o some ap\u00f3s dias de recupera\u00e7\u00e3o, muitos indiv\u00edduos passam a investigar as poss\u00edveis origens desse sintoma, uma vez que ele pode indicar algo mais complexo do que um simples desgaste muscular.<\/p>\n\n\n\n<h2 class=\"wp-block-heading\">Quais motivos levam \u00e0 dor muscular que n\u00e3o cessa com o descanso?<\/h2>\n\n\n\n<p>A dor cr\u00f4nica nos m\u00fasculos pode estar relacionada a m\u00faltiplas condi\u00e7\u00f5es, que v\u00e3o muito al\u00e9m de uma sobrecarga f\u00edsica passageira. Entre os fatores frequentes est\u00e1 a ocorr\u00eancia de pequenas les\u00f5es por uso cont\u00ednuo do grupo muscular, repeti\u00e7\u00e3o de movimentos ou ado\u00e7\u00e3o de posturas inadequadas ao longo de longos per\u00edodos. Al\u00e9m disso, certos quadros cl\u00ednicos, como inflama\u00e7\u00f5es, infec\u00e7\u00f5es ou doen\u00e7as metab\u00f3licas, tamb\u00e9m devem ser considerados para esclarecer o problema.<\/p>\n\n\n\n<p>Outro aspecto relevante envolve desequil\u00edbrios nutricionais ou hormonais. Pessoas que apresentam defici\u00eancias de vitaminas ou dist\u00farbios end\u00f3crinos, como altera\u00e7\u00f5es da tireoide, est\u00e3o mais propensas a sentir dores musculares prolongadas. Uso de determinados medicamentos, conhecidos por impactar a sa\u00fade muscular, tamb\u00e9m pode explicar o quadro em alguns pacientes.<\/p>\n\n\n\n<h2 class=\"wp-block-heading\">Como identificar quando \u00e9 hora de procurar um especialista?<\/h2>\n\n\n\n<p>Nem toda dor muscular indica a presen\u00e7a de uma doen\u00e7a mais grave. No entanto, h\u00e1 sinais importantes que justificam avalia\u00e7\u00e3o cl\u00ednica detalhada. Busca-se orienta\u00e7\u00e3o m\u00e9dica quando, al\u00e9m da dor cont\u00ednua, surgem sintomas como fraqueza exagerada, dificuldade para movimentar os membros, febre, incha\u00e7o, calor ou vermelhid\u00e3o localizados. Situa\u00e7\u00f5es dessas podem estar associadas a quadros inflamat\u00f3rios, infecciosos ou doen\u00e7as reumatol\u00f3gicas, exigindo exames e acompanhamento formal.<\/p>\n\n\n\n<p>Outro indicador de aten\u00e7\u00e3o \u00e9 a limita\u00e7\u00e3o progressiva nas atividades rotineiras, sobretudo se a dor impede tarefas simples do cotidiano. Hist\u00f3rico pr\u00e9vio de doen\u00e7as autoimunes ou uso de rem\u00e9dios de uso prolongado, bem como surgimento repentino de sintomas, s\u00e3o fatores que refor\u00e7am a necessidade de avalia\u00e7\u00e3o especializada.<\/p>\n\n\n<div class=\"wp-block-image\">\n<figure class=\"aligncenter size-large\"><img loading=\"lazy\" decoding=\"async\" width=\"1024\" height=\"576\" src=\"https:\/\/www.em.com.br\/emfoco\/wp-content\/uploads\/2025\/07\/muscle-pain_1752089670908-1024x576.jpg\" alt=\"Dor muscular sem melhora com repouso pode ser mais grave do que parece\" class=\"wp-image-73656\" srcset=\"https:\/\/www.em.com.br\/emfoco\/wp-content\/uploads\/2025\/07\/muscle-pain_1752089670908-1024x576.jpg 1024w, https:\/\/www.em.com.br\/emfoco\/wp-content\/uploads\/2025\/07\/muscle-pain_1752089670908-300x169.jpg 300w, https:\/\/www.em.com.br\/emfoco\/wp-content\/uploads\/2025\/07\/muscle-pain_1752089670908-768x432.jpg 768w, https:\/\/www.em.com.br\/emfoco\/wp-content\/uploads\/2025\/07\/muscle-pain_1752089670908-750x422.jpg 750w, https:\/\/www.em.com.br\/emfoco\/wp-content\/uploads\/2025\/07\/muscle-pain_1752089670908-1140x641.jpg 1140w, https:\/\/www.em.com.br\/emfoco\/wp-content\/uploads\/2025\/07\/muscle-pain_1752089670908.jpg 1280w\" sizes=\"auto, (max-width: 1024px) 100vw, 1024px\" \/><figcaption class=\"wp-element-caption\">Dor muscular (Cr\u00e9ditos: depositphotos.com \/ HayDmitriy)<\/figcaption><\/figure><\/div>\n\n\n<h2 class=\"wp-block-heading\">O que fazer para prevenir dores musculares que n\u00e3o passam?<\/h2>\n\n\n\n<p>Evitar dores musculares que n\u00e3o melhoram com o repouso exige cuidados cont\u00ednuos com o corpo e aten\u00e7\u00e3o \u00e0 sa\u00fade global. Uma das principais recomenda\u00e7\u00f5es \u00e9 respeitar os limites do organismo durante atividades f\u00edsicas ou tarefas que exigem esfor\u00e7o repetido. Adotar alimenta\u00e7\u00e3o saud\u00e1vel, rica em vitaminas e minerais fundamentais, contribui para a manuten\u00e7\u00e3o da for\u00e7a e resist\u00eancia muscular.<\/p>\n\n\n\n<p>Outro ponto importante consiste em manter uma rotina de exerc\u00edcios regulares, feitos de forma supervisionada para evitar sobrecargas. Pr\u00e1ticas que promovam relaxamento ajudam no controle do estresse, fator que potencializa as manifesta\u00e7\u00f5es de dor muscular. Pausas intermedi\u00e1rias durante o trabalho, alongamentos e aten\u00e7\u00e3o \u00e0 <a href=\"https:\/\/www.em.com.br\/emfoco\/2025\/07\/08\/como-vencer-as-dores-ao-ficar-em-pe-e-retomar-sua-rotina-com-leveza\/\" target=\"_blank\" rel=\"noreferrer noopener\">postura<\/a> s\u00e3o estrat\u00e9gias aliadas na prote\u00e7\u00e3o da integridade muscular.<\/p>\n\n\n\n<h2 class=\"wp-block-heading\">Quais costumes refor\u00e7am a sa\u00fade muscular no dia a dia?<\/h2>\n\n\n\n<p>Algumas atitudes cotidianas s\u00e3o fundamentais para preservar o bem-estar dos m\u00fasculos ao longo do tempo:<\/p>\n\n\n\n<ul class=\"wp-block-list\">\n<li><strong>Pr\u00e1tica de atividades f\u00edsicas orientadas:<\/strong> Exerc\u00edcios desenvolvem for\u00e7a e flexibilidade, prevenindo les\u00f5es.<\/li>\n\n\n\n<li><strong>Alimenta\u00e7\u00e3o completa:<\/strong> Incluir prote\u00ednas, vitaminas B, C e D, al\u00e9m de minerais como magn\u00e9sio, ajuda no funcionamento muscular adequado.<\/li>\n\n\n\n<li><strong>Pausas e alongamentos:<\/strong> Realizar pequenos intervalos em atividades prolongadas reduz riscos de les\u00f5es por repeti\u00e7\u00e3o.<\/li>\n\n\n\n<li><strong>Postura atenta:<\/strong> Ajustar o ambiente de trabalho e a forma de se sentar previne dores articulares e musculares.<\/li>\n\n\n\n<li><strong>Monitoramento da sa\u00fade:<\/strong> Consultas regulares com profissionais facilitam a identifica\u00e7\u00e3o precoce de causas de dor muscular prolongada.<\/li>\n<\/ul>\n\n\n\n<p>A percep\u00e7\u00e3o das dores musculares frequentes deve ser vista como oportunidade para reconhecer a necessidade de autocuidado e poss\u00edveis ajustes na rotina. Aten\u00e7\u00e3o aos sinais do corpo e acompanhamento m\u00e9dico, quando necess\u00e1rio, favorecem um cotidiano mais seguro e saud\u00e1vel, com autonomia para realizar todas as atividades, em 2025 e nos pr\u00f3ximos anos.<\/p>\n","protected":false},"excerpt":{"rendered":"<p>Sensa\u00e7\u00e3o de dor muscular frequente ou prolongada n\u00e3o \u00e9 uma experi\u00eancia incomum, principalmente para aqueles que se envolvem em atividades f\u00edsicas, trabalhos que exigem esfor\u00e7o corporal ou at\u00e9 mesmo situa\u00e7\u00f5es de estresse. A expectativa geral \u00e9 que esse desconforto desapare\u00e7a com per\u00edodos adequados de repouso, mas existem ocasi\u00f5es em que a dor continua presente, trazendo [&hellip;]<\/p>\n","protected":false},"author":10,"featured_media":73655,"comment_status":"open","ping_status":"open","sticky":false,"template":"","format":"standard","meta":{"jnews-multi-image_gallery":[],"jnews_single_post":{"format":"standard"},"jnews_primary_category":[],"jnews_social_meta":[],"jnews_override_counter":[],"footnotes":""},"categories":[1,9053],"tags":[11915,11916,415],"class_list":["post-73653","post","type-post","status-publish","format-standard","has-post-thumbnail","hentry","category-noticias","category-saude","tag-dor-muscular","tag-repouso","tag-saude"],"yoast_head":"<!-- This site is optimized with the Yoast SEO plugin v23.8 - https:\/\/yoast.com\/wordpress\/plugins\/seo\/ -->\n<title>Dor muscular sem melhora com repouso pode ser mais grave do que parece - Estado de Minas - Em foco<\/title>\n<meta name=\"description\" content=\"Dor muscular que persiste por dias pode n\u00e3o ser s\u00f3 cansa\u00e7o. Descubra o que est\u00e1 por tr\u00e1s do desconforto muscular cont\u00ednuo e como aliviar\" \/>\n<meta name=\"robots\" content=\"index, follow, max-snippet:-1, max-image-preview:large, max-video-preview:-1\" \/>\n<link rel=\"canonical\" href=\"https:\/\/www.em.com.br\/emfoco\/2025\/07\/09\/dor-muscular-sem-melhora-com-repouso-pode-ser-mais-grave-do-que-parece\/\" \/>\n<meta property=\"og:locale\" content=\"pt_BR\" \/>\n<meta property=\"og:type\" content=\"article\" \/>\n<meta property=\"og:title\" content=\"Dor muscular sem melhora com repouso pode ser mais grave do que parece - Estado de Minas - Em foco\" \/>\n<meta property=\"og:description\" content=\"Dor muscular que persiste por dias pode n\u00e3o ser s\u00f3 cansa\u00e7o. Descubra o que est\u00e1 por tr\u00e1s do desconforto muscular cont\u00ednuo e como aliviar\" \/>\n<meta property=\"og:url\" content=\"https:\/\/www.em.com.br\/emfoco\/2025\/07\/09\/dor-muscular-sem-melhora-com-repouso-pode-ser-mais-grave-do-que-parece\/\" \/>\n<meta property=\"og:site_name\" content=\"Estado de Minas - Em foco\" \/>\n<meta property=\"article:published_time\" content=\"2025-07-09T23:40:00+00:00\" \/>\n<meta property=\"article:modified_time\" content=\"2025-07-09T19:55:23+00:00\" \/>\n<meta property=\"og:image\" content=\"https:\/\/www.em.com.br\/emfoco\/wp-content\/uploads\/2025\/07\/muscle-pain_1752089602902.jpg\" \/>\n\t<meta property=\"og:image:width\" content=\"1280\" \/>\n\t<meta property=\"og:image:height\" content=\"720\" \/>\n\t<meta property=\"og:image:type\" content=\"image\/jpeg\" \/>\n<meta name=\"author\" content=\"Patryck Reinehr\" \/>\n<meta name=\"twitter:card\" content=\"summary_large_image\" \/>\n<meta name=\"twitter:label1\" content=\"Escrito por\" \/>\n\t<meta name=\"twitter:data1\" content=\"Patryck Reinehr\" \/>\n\t<meta name=\"twitter:label2\" content=\"Est. tempo de leitura\" \/>\n\t<meta name=\"twitter:data2\" content=\"5 minutos\" \/>\n<!-- \/ Yoast SEO plugin. -->","yoast_head_json":{"title":"Dor muscular sem melhora com repouso pode ser mais grave do que parece - Estado de Minas - Em foco","description":"Dor muscular que persiste por dias pode n\u00e3o ser s\u00f3 cansa\u00e7o. Descubra o que est\u00e1 por tr\u00e1s do desconforto muscular cont\u00ednuo e como aliviar","robots":{"index":"index","follow":"follow","max-snippet":"max-snippet:-1","max-image-preview":"max-image-preview:large","max-video-preview":"max-video-preview:-1"},"canonical":"https:\/\/www.em.com.br\/emfoco\/2025\/07\/09\/dor-muscular-sem-melhora-com-repouso-pode-ser-mais-grave-do-que-parece\/","og_locale":"pt_BR","og_type":"article","og_title":"Dor muscular sem melhora com repouso pode ser mais grave do que parece - Estado de Minas - Em foco","og_description":"Dor muscular que persiste por dias pode n\u00e3o ser s\u00f3 cansa\u00e7o. Descubra o que est\u00e1 por tr\u00e1s do desconforto muscular cont\u00ednuo e como aliviar","og_url":"https:\/\/www.em.com.br\/emfoco\/2025\/07\/09\/dor-muscular-sem-melhora-com-repouso-pode-ser-mais-grave-do-que-parece\/","og_site_name":"Estado de Minas - Em foco","article_published_time":"2025-07-09T23:40:00+00:00","article_modified_time":"2025-07-09T19:55:23+00:00","og_image":[{"width":1280,"height":720,"url":"https:\/\/www.em.com.br\/emfoco\/wp-content\/uploads\/2025\/07\/muscle-pain_1752089602902.jpg","type":"image\/jpeg"}],"author":"Patryck Reinehr","twitter_card":"summary_large_image","twitter_misc":{"Escrito por":"Patryck Reinehr","Est. tempo de leitura":"5 minutos"},"schema":{"@context":"https:\/\/schema.org","@graph":[{"@type":"WebPage","@id":"https:\/\/www.em.com.br\/emfoco\/2025\/07\/09\/dor-muscular-sem-melhora-com-repouso-pode-ser-mais-grave-do-que-parece\/","url":"https:\/\/www.em.com.br\/emfoco\/2025\/07\/09\/dor-muscular-sem-melhora-com-repouso-pode-ser-mais-grave-do-que-parece\/","name":"Dor muscular sem melhora com repouso pode ser mais grave do que parece - Estado de Minas - Em foco","isPartOf":{"@id":"https:\/\/www.em.com.br\/emfoco\/#website"},"primaryImageOfPage":{"@id":"https:\/\/www.em.com.br\/emfoco\/2025\/07\/09\/dor-muscular-sem-melhora-com-repouso-pode-ser-mais-grave-do-que-parece\/#primaryimage"},"image":{"@id":"https:\/\/www.em.com.br\/emfoco\/2025\/07\/09\/dor-muscular-sem-melhora-com-repouso-pode-ser-mais-grave-do-que-parece\/#primaryimage"},"thumbnailUrl":"https:\/\/www.em.com.br\/emfoco\/wp-content\/uploads\/2025\/07\/muscle-pain_1752089602902.jpg","datePublished":"2025-07-09T23:40:00+00:00","dateModified":"2025-07-09T19:55:23+00:00","author":{"@id":"https:\/\/www.em.com.br\/emfoco\/#\/schema\/person\/43407752bebcbbb4d0ec79deedc0d7ce"},"description":"Dor muscular que persiste por dias pode n\u00e3o ser s\u00f3 cansa\u00e7o. Descubra o que est\u00e1 por tr\u00e1s do desconforto muscular cont\u00ednuo e como aliviar","breadcrumb":{"@id":"https:\/\/www.em.com.br\/emfoco\/2025\/07\/09\/dor-muscular-sem-melhora-com-repouso-pode-ser-mais-grave-do-que-parece\/#breadcrumb"},"inLanguage":"pt-BR","potentialAction":[{"@type":"ReadAction","target":["https:\/\/www.em.com.br\/emfoco\/2025\/07\/09\/dor-muscular-sem-melhora-com-repouso-pode-ser-mais-grave-do-que-parece\/"]}]},{"@type":"ImageObject","inLanguage":"pt-BR","@id":"https:\/\/www.em.com.br\/emfoco\/2025\/07\/09\/dor-muscular-sem-melhora-com-repouso-pode-ser-mais-grave-do-que-parece\/#primaryimage","url":"https:\/\/www.em.com.br\/emfoco\/wp-content\/uploads\/2025\/07\/muscle-pain_1752089602902.jpg","contentUrl":"https:\/\/www.em.com.br\/emfoco\/wp-content\/uploads\/2025\/07\/muscle-pain_1752089602902.jpg","width":1280,"height":720,"caption":"Dor muscular (Cr\u00e9ditos: depositphotos.com \/ IgorVetushko)"},{"@type":"BreadcrumbList","@id":"https:\/\/www.em.com.br\/emfoco\/2025\/07\/09\/dor-muscular-sem-melhora-com-repouso-pode-ser-mais-grave-do-que-parece\/#breadcrumb","itemListElement":[{"@type":"ListItem","position":1,"name":"In\u00edcio","item":"https:\/\/www.em.com.br\/emfoco\/"},{"@type":"ListItem","position":2,"name":"Dor muscular sem melhora com repouso pode ser mais grave do que parece"}]},{"@type":"WebSite","@id":"https:\/\/www.em.com.br\/emfoco\/#website","url":"https:\/\/www.em.com.br\/emfoco\/","name":"Estado de Minas - Em foco","description":"Acompanhe as \u00faltimas not\u00edcias e fique bem informado sobre tudo o que acontece em Minas Gerais, Brasil e no mundo.","potentialAction":[{"@type":"SearchAction","target":{"@type":"EntryPoint","urlTemplate":"https:\/\/www.em.com.br\/emfoco\/?s={search_term_string}"},"query-input":{"@type":"PropertyValueSpecification","valueRequired":true,"valueName":"search_term_string"}}],"inLanguage":"pt-BR"},{"@type":"Person","@id":"https:\/\/www.em.com.br\/emfoco\/#\/schema\/person\/43407752bebcbbb4d0ec79deedc0d7ce","name":"Patryck Reinehr","image":{"@type":"ImageObject","inLanguage":"pt-BR","@id":"https:\/\/www.em.com.br\/emfoco\/#\/schema\/person\/image\/","url":"https:\/\/secure.gravatar.com\/avatar\/570c7fb2898c0e2df0823196891bea88?s=96&d=mm&r=g","contentUrl":"https:\/\/secure.gravatar.com\/avatar\/570c7fb2898c0e2df0823196891bea88?s=96&d=mm&r=g","caption":"Patryck Reinehr"},"url":"https:\/\/www.em.com.br\/emfoco\/author\/patryckmyth\/"}]}},"_links":{"self":[{"href":"https:\/\/www.em.com.br\/emfoco\/wp-json\/wp\/v2\/posts\/73653","targetHints":{"allow":["GET"]}}],"collection":[{"href":"https:\/\/www.em.com.br\/emfoco\/wp-json\/wp\/v2\/posts"}],"about":[{"href":"https:\/\/www.em.com.br\/emfoco\/wp-json\/wp\/v2\/types\/post"}],"author":[{"embeddable":true,"href":"https:\/\/www.em.com.br\/emfoco\/wp-json\/wp\/v2\/users\/10"}],"replies":[{"embeddable":true,"href":"https:\/\/www.em.com.br\/emfoco\/wp-json\/wp\/v2\/comments?post=73653"}],"version-history":[{"count":1,"href":"https:\/\/www.em.com.br\/emfoco\/wp-json\/wp\/v2\/posts\/73653\/revisions"}],"predecessor-version":[{"id":73657,"href":"https:\/\/www.em.com.br\/emfoco\/wp-json\/wp\/v2\/posts\/73653\/revisions\/73657"}],"wp:featuredmedia":[{"embeddable":true,"href":"https:\/\/www.em.com.br\/emfoco\/wp-json\/wp\/v2\/media\/73655"}],"wp:attachment":[{"href":"https:\/\/www.em.com.br\/emfoco\/wp-json\/wp\/v2\/media?parent=73653"}],"wp:term":[{"taxonomy":"category","embeddable":true,"href":"https:\/\/www.em.com.br\/emfoco\/wp-json\/wp\/v2\/categories?post=73653"},{"taxonomy":"post_tag","embeddable":true,"href":"https:\/\/www.em.com.br\/emfoco\/wp-json\/wp\/v2\/tags?post=73653"}],"curies":[{"name":"wp","href":"https:\/\/api.w.org\/{rel}","templated":true}]}}