{"id":73631,"date":"2025-07-09T18:30:00","date_gmt":"2025-07-09T21:30:00","guid":{"rendered":"https:\/\/www.em.com.br\/emfoco\/?p=73631"},"modified":"2025-07-09T16:54:53","modified_gmt":"2025-07-09T19:54:53","slug":"tampas-de-garrafa-pet-viram-tendencia-criativa-no-combate-ao-lixo","status":"publish","type":"post","link":"https:\/\/www.em.com.br\/emfoco\/2025\/07\/09\/tampas-de-garrafa-pet-viram-tendencia-criativa-no-combate-ao-lixo\/","title":{"rendered":"Tampas de garrafa PET viram tend\u00eancia criativa no combate ao lixo"},"content":{"rendered":"\n<p>O descarte inadequado de res\u00edduos pl\u00e1sticos representa um grande desafio ambiental em todo o mundo. Entre os diversos materiais encontrados no lixo urbano, as tampas de garrafa PET chamam aten\u00e7\u00e3o tanto pela abund\u00e2ncia quanto pela durabilidade do pl\u00e1stico com que s\u00e3o produzidas. Esses itens, normalmente vistos como res\u00edduos sem valor, podem ser convertidos em solu\u00e7\u00f5es criativas e sustent\u00e1veis, promovendo redu\u00e7\u00e3o do impacto ambiental, segundo o site <a href=\"https:\/\/terrabrasilnoticias.com\/2025\/06\/10-formas-geniais-de-reutilizar-tampinhas-de-garrafa-pet-e-evitar-desperdicio\/\" target=\"_blank\" rel=\"noreferrer noopener\">Terra Brasil Not\u00edcias.<\/a><\/p>\n\n\n\n<p>Al\u00e9m de representarem uma fra\u00e7\u00e3o significativa do lixo pl\u00e1stico, essas tampas apresentam caracter\u00edsticas que facilitam seu reaproveitamento. Sua resist\u00eancia, variedade de cores e formatos padronizados possibilitam o desenvolvimento de iniciativas simples, mas eficazes, para reutiliza\u00e7\u00e3o e reciclagem. Com criatividade, as tampas de garrafa PET podem ganhar novas fun\u00e7\u00f5es, auxiliando na constru\u00e7\u00e3o de uma cultura de consumo mais consciente e respons\u00e1vel.<\/p>\n\n\n\n<h2 class=\"wp-block-heading\">Como a reutiliza\u00e7\u00e3o de tampas de garrafa PET pode ser integrada ao dia a dia?<\/h2>\n\n\n\n<p>A utiliza\u00e7\u00e3o das tampas de garrafa PET em atividades dom\u00e9sticas, escolares e comunit\u00e1rias \u00e9 cada vez mais comum. Esse movimento estimula pr\u00e1ticas sustent\u00e1veis enquanto incentiva a coopera\u00e7\u00e3o e a criatividade entre crian\u00e7as, jovens e adultos. Muitas vezes, iniciativas de coleta e reutiliza\u00e7\u00e3o se transformam em projetos coletivos, promovendo a educa\u00e7\u00e3o ambiental e gerando benef\u00edcios sociais amplos, como a arrecada\u00e7\u00e3o de fundos para causas beneficentes.<\/p>\n\n\n\n<p>Estas a\u00e7\u00f5es favorecem, ainda, o desenvolvimento de habilidades manuais e art\u00edsticas. Ao manipular as tampas, muitos descobrem novas possibilidades de artesanato e compartilham ideias em grupo, ampliando o engajamento social. Assim, a transforma\u00e7\u00e3o de tampas pl\u00e1sticas vai al\u00e9m do benef\u00edcio ambiental, tornando-se uma oportunidade de integra\u00e7\u00e3o e aprendizado.<\/p>\n\n\n\n<h2 class=\"wp-block-heading\">Quais s\u00e3o as principais ideias sustent\u00e1veis com tampas de garrafa PET?<\/h2>\n\n\n\n<p>In\u00fameras aplica\u00e7\u00f5es podem ser <a href=\"https:\/\/www.em.com.br\/emfoco\/2025\/07\/08\/rejuvenescimento-facial-virou-prioridade-para-quem-tem-mais-de-30\/\" target=\"_blank\" rel=\"noreferrer noopener\">criadas<\/a> a partir do reaproveitamento de tampas de garrafa PET. <strong>A lista a seguir apresenta sugest\u00f5es variadas, que estimulam tanto a criatividade quanto a consci\u00eancia ecol\u00f3gica:<\/strong><\/p>\n\n\n\n<ul class=\"wp-block-list\">\n<li><strong>Jogos de tabuleiro:<\/strong> Utilizar tampas de diferentes cores como pe\u00e7as para damas, xadrez ou outros jogos educativos.<\/li>\n\n\n\n<li><strong>Mosaicos e quadros decorativos:<\/strong> Montar pain\u00e9is art\u00edsticos unindo v\u00e1rias tampas para compor figuras ou padr\u00f5es.<\/li>\n\n\n\n<li><strong>Porta-copos:<\/strong> Colar tampas formando superf\u00edcies resistentes para apoio de copos e canecas.<\/li>\n\n\n\n<li><strong>Chaveiros personalizados:<\/strong> Decorar tampas com pinturas ou fotos e fix\u00e1-las em argolas met\u00e1licas.<\/li>\n\n\n\n<li><strong>Brinquedos e jogos educativos:<\/strong> Criar pe\u00e7as de encaixe, jogos para alfabetiza\u00e7\u00e3o ou atividades de contagem.<\/li>\n\n\n\n<li><strong>Vasos ou suportes para mudas:<\/strong> Utilizar tampas perfuradas como base para pequenas plantas.<\/li>\n\n\n\n<li><strong>Cortinas e divis\u00f3rias art\u00edsticas:<\/strong> Ligar tampas com fios de nylon, formando estruturas coloridas e leves.<\/li>\n\n\n\n<li><strong>\u00cdm\u00e3s de geladeira:<\/strong> Fixar pequenos \u00edm\u00e3s na parte interna das tampas para criar enfeites criativos.<\/li>\n\n\n\n<li><strong>Organizadores de mesa:<\/strong> Juntar tampas para dispor pequenos objetos, como bot\u00f5es, clipes ou tachinhas.<\/li>\n\n\n\n<li><strong>Enfeites tem\u00e1ticos para festas:<\/strong> Produzir guirlandas, centros de mesa ou outros adornos personalizados.<\/li>\n<\/ul>\n\n\n<div class=\"wp-block-image\">\n<figure class=\"aligncenter size-large\"><img loading=\"lazy\" decoding=\"async\" width=\"1024\" height=\"576\" src=\"https:\/\/www.em.com.br\/emfoco\/wp-content\/uploads\/2025\/07\/tampas-garrafa_1752088443129-1024x576.jpg\" alt=\"Tampas de garrafa PET viram tend\u00eancia criativa no combate ao lixo\" class=\"wp-image-73633\" srcset=\"https:\/\/www.em.com.br\/emfoco\/wp-content\/uploads\/2025\/07\/tampas-garrafa_1752088443129-1024x576.jpg 1024w, https:\/\/www.em.com.br\/emfoco\/wp-content\/uploads\/2025\/07\/tampas-garrafa_1752088443129-300x169.jpg 300w, https:\/\/www.em.com.br\/emfoco\/wp-content\/uploads\/2025\/07\/tampas-garrafa_1752088443129-768x432.jpg 768w, https:\/\/www.em.com.br\/emfoco\/wp-content\/uploads\/2025\/07\/tampas-garrafa_1752088443129-750x422.jpg 750w, https:\/\/www.em.com.br\/emfoco\/wp-content\/uploads\/2025\/07\/tampas-garrafa_1752088443129-1140x641.jpg 1140w, https:\/\/www.em.com.br\/emfoco\/wp-content\/uploads\/2025\/07\/tampas-garrafa_1752088443129.jpg 1280w\" sizes=\"auto, (max-width: 1024px) 100vw, 1024px\" \/><figcaption class=\"wp-element-caption\">Tampinhas (Cr\u00e9ditos: depositphotos.com \/ AnaRosaDR)<\/figcaption><\/figure><\/div>\n\n\n<h2 class=\"wp-block-heading\">Como a transforma\u00e7\u00e3o das tampas de garrafa PET impacta a sustentabilidade?<\/h2>\n\n\n\n<p>O reaproveitamento de tampas de garrafa PET reduz diretamente o volume de res\u00edduos descartados em aterros sanit\u00e1rios e evita o ac\u00famulo de res\u00edduos pl\u00e1sticos em ambientes urbanos e naturais. \u00c0 medida que a demanda por produtos descart\u00e1veis diminui, tamb\u00e9m h\u00e1 redu\u00e7\u00e3o na extra\u00e7\u00e3o de recursos naturais necess\u00e1rios para fabricar novos itens pl\u00e1sticos. Essas pr\u00e1ticas promovem ainda a dissemina\u00e7\u00e3o de valores ligados \u00e0 educa\u00e7\u00e3o ambiental e estimulam o surgimento de pequenas redes solid\u00e1rias, como campanhas para doa\u00e7\u00e3o de tampas com fins sociais.<\/p>\n\n\n\n<p>Nas escolas, as atividades com tampas contribuem para despertar nas crian\u00e7as o interesse por sustentabilidade e prote\u00e7\u00e3o ambiental. <strong>Em comunidades, podem ser organizadas campanhas de coleta coletiva, transformando o gesto de doar ou reaproveitar tampas em a\u00e7\u00e3o cidad\u00e3<\/strong>. Dessa forma, pequenas atitudes cotidianas apresentam potencial para gerar uma significativa corrente de consci\u00eancia ecol\u00f3gica.<\/p>\n\n\n\n<p>O incentivo \u00e0 reutiliza\u00e7\u00e3o n\u00e3o se limita ao ambiente dom\u00e9stico. Empresas, institui\u00e7\u00f5es de ensino e organiza\u00e7\u00f5es sociais podem integrar o reaproveitamento de tampas em seus programas, ampliando o alcance e os benef\u00edcios dessas pr\u00e1ticas. Assim, contribui-se para uma transforma\u00e7\u00e3o gradual na rela\u00e7\u00e3o com o lixo e no cuidado com o planeta.<\/p>\n","protected":false},"excerpt":{"rendered":"<p>O descarte inadequado de res\u00edduos pl\u00e1sticos representa um grande desafio ambiental em todo o mundo. Entre os diversos materiais encontrados no lixo urbano, as tampas de garrafa PET chamam aten\u00e7\u00e3o tanto pela abund\u00e2ncia quanto pela durabilidade do pl\u00e1stico com que s\u00e3o produzidas. Esses itens, normalmente vistos como res\u00edduos sem valor, podem ser convertidos em solu\u00e7\u00f5es [&hellip;]<\/p>\n","protected":false},"author":10,"featured_media":73632,"comment_status":"open","ping_status":"open","sticky":false,"template":"","format":"standard","meta":{"jnews-multi-image_gallery":[],"jnews_single_post":{"format":"standard"},"jnews_primary_category":[],"jnews_social_meta":[],"jnews_override_counter":[],"footnotes":""},"categories":[29,1],"tags":[11913,2595,11912],"class_list":["post-73631","post","type-post","status-publish","format-standard","has-post-thumbnail","hentry","category-entretenimento","category-noticias","tag-garrafa-pet","tag-reciclagem","tag-tampas"],"yoast_head":"<!-- This site is optimized with the Yoast SEO plugin v23.8 - https:\/\/yoast.com\/wordpress\/plugins\/seo\/ -->\n<title>Tampas de garrafa PET viram tend\u00eancia criativa no combate ao lixo - Estado de Minas - Em foco<\/title>\n<meta name=\"description\" content=\"A reutiliza\u00e7\u00e3o de tampas pl\u00e1sticas vai muito al\u00e9m da reciclagem. Conhe\u00e7a ideias sustent\u00e1veis que unem arte, educa\u00e7\u00e3o e respeito ao planeta.\" \/>\n<meta name=\"robots\" content=\"index, follow, max-snippet:-1, max-image-preview:large, max-video-preview:-1\" \/>\n<link rel=\"canonical\" href=\"https:\/\/www.em.com.br\/emfoco\/2025\/07\/09\/tampas-de-garrafa-pet-viram-tendencia-criativa-no-combate-ao-lixo\/\" \/>\n<meta property=\"og:locale\" content=\"pt_BR\" \/>\n<meta property=\"og:type\" content=\"article\" \/>\n<meta property=\"og:title\" content=\"Tampas de garrafa PET viram tend\u00eancia criativa no combate ao lixo - Estado de Minas - Em foco\" \/>\n<meta property=\"og:description\" content=\"A reutiliza\u00e7\u00e3o de tampas pl\u00e1sticas vai muito al\u00e9m da reciclagem. Conhe\u00e7a ideias sustent\u00e1veis que unem arte, educa\u00e7\u00e3o e respeito ao planeta.\" \/>\n<meta property=\"og:url\" content=\"https:\/\/www.em.com.br\/emfoco\/2025\/07\/09\/tampas-de-garrafa-pet-viram-tendencia-criativa-no-combate-ao-lixo\/\" \/>\n<meta property=\"og:site_name\" content=\"Estado de Minas - Em foco\" \/>\n<meta property=\"article:published_time\" content=\"2025-07-09T21:30:00+00:00\" \/>\n<meta property=\"article:modified_time\" content=\"2025-07-09T19:54:53+00:00\" \/>\n<meta property=\"og:image\" content=\"https:\/\/www.em.com.br\/emfoco\/wp-content\/uploads\/2025\/07\/tampas-garrafa_1752088382061.jpg\" \/>\n\t<meta property=\"og:image:width\" content=\"1280\" \/>\n\t<meta property=\"og:image:height\" content=\"720\" \/>\n\t<meta property=\"og:image:type\" content=\"image\/jpeg\" \/>\n<meta name=\"author\" content=\"Patryck Reinehr\" \/>\n<meta name=\"twitter:card\" content=\"summary_large_image\" \/>\n<meta name=\"twitter:label1\" content=\"Escrito por\" \/>\n\t<meta name=\"twitter:data1\" content=\"Patryck Reinehr\" \/>\n\t<meta name=\"twitter:label2\" content=\"Est. tempo de leitura\" \/>\n\t<meta name=\"twitter:data2\" content=\"4 minutos\" \/>\n<!-- \/ Yoast SEO plugin. -->","yoast_head_json":{"title":"Tampas de garrafa PET viram tend\u00eancia criativa no combate ao lixo - Estado de Minas - Em foco","description":"A reutiliza\u00e7\u00e3o de tampas pl\u00e1sticas vai muito al\u00e9m da reciclagem. Conhe\u00e7a ideias sustent\u00e1veis que unem arte, educa\u00e7\u00e3o e respeito ao planeta.","robots":{"index":"index","follow":"follow","max-snippet":"max-snippet:-1","max-image-preview":"max-image-preview:large","max-video-preview":"max-video-preview:-1"},"canonical":"https:\/\/www.em.com.br\/emfoco\/2025\/07\/09\/tampas-de-garrafa-pet-viram-tendencia-criativa-no-combate-ao-lixo\/","og_locale":"pt_BR","og_type":"article","og_title":"Tampas de garrafa PET viram tend\u00eancia criativa no combate ao lixo - Estado de Minas - Em foco","og_description":"A reutiliza\u00e7\u00e3o de tampas pl\u00e1sticas vai muito al\u00e9m da reciclagem. Conhe\u00e7a ideias sustent\u00e1veis que unem arte, educa\u00e7\u00e3o e respeito ao planeta.","og_url":"https:\/\/www.em.com.br\/emfoco\/2025\/07\/09\/tampas-de-garrafa-pet-viram-tendencia-criativa-no-combate-ao-lixo\/","og_site_name":"Estado de Minas - Em foco","article_published_time":"2025-07-09T21:30:00+00:00","article_modified_time":"2025-07-09T19:54:53+00:00","og_image":[{"width":1280,"height":720,"url":"https:\/\/www.em.com.br\/emfoco\/wp-content\/uploads\/2025\/07\/tampas-garrafa_1752088382061.jpg","type":"image\/jpeg"}],"author":"Patryck Reinehr","twitter_card":"summary_large_image","twitter_misc":{"Escrito por":"Patryck Reinehr","Est. tempo de leitura":"4 minutos"},"schema":{"@context":"https:\/\/schema.org","@graph":[{"@type":"WebPage","@id":"https:\/\/www.em.com.br\/emfoco\/2025\/07\/09\/tampas-de-garrafa-pet-viram-tendencia-criativa-no-combate-ao-lixo\/","url":"https:\/\/www.em.com.br\/emfoco\/2025\/07\/09\/tampas-de-garrafa-pet-viram-tendencia-criativa-no-combate-ao-lixo\/","name":"Tampas de garrafa PET viram tend\u00eancia criativa no combate ao lixo - Estado de Minas - Em foco","isPartOf":{"@id":"https:\/\/www.em.com.br\/emfoco\/#website"},"primaryImageOfPage":{"@id":"https:\/\/www.em.com.br\/emfoco\/2025\/07\/09\/tampas-de-garrafa-pet-viram-tendencia-criativa-no-combate-ao-lixo\/#primaryimage"},"image":{"@id":"https:\/\/www.em.com.br\/emfoco\/2025\/07\/09\/tampas-de-garrafa-pet-viram-tendencia-criativa-no-combate-ao-lixo\/#primaryimage"},"thumbnailUrl":"https:\/\/www.em.com.br\/emfoco\/wp-content\/uploads\/2025\/07\/tampas-garrafa_1752088382061.jpg","datePublished":"2025-07-09T21:30:00+00:00","dateModified":"2025-07-09T19:54:53+00:00","author":{"@id":"https:\/\/www.em.com.br\/emfoco\/#\/schema\/person\/43407752bebcbbb4d0ec79deedc0d7ce"},"description":"A reutiliza\u00e7\u00e3o de tampas pl\u00e1sticas vai muito al\u00e9m da reciclagem. Conhe\u00e7a ideias sustent\u00e1veis que unem arte, educa\u00e7\u00e3o e respeito ao planeta.","breadcrumb":{"@id":"https:\/\/www.em.com.br\/emfoco\/2025\/07\/09\/tampas-de-garrafa-pet-viram-tendencia-criativa-no-combate-ao-lixo\/#breadcrumb"},"inLanguage":"pt-BR","potentialAction":[{"@type":"ReadAction","target":["https:\/\/www.em.com.br\/emfoco\/2025\/07\/09\/tampas-de-garrafa-pet-viram-tendencia-criativa-no-combate-ao-lixo\/"]}]},{"@type":"ImageObject","inLanguage":"pt-BR","@id":"https:\/\/www.em.com.br\/emfoco\/2025\/07\/09\/tampas-de-garrafa-pet-viram-tendencia-criativa-no-combate-ao-lixo\/#primaryimage","url":"https:\/\/www.em.com.br\/emfoco\/wp-content\/uploads\/2025\/07\/tampas-garrafa_1752088382061.jpg","contentUrl":"https:\/\/www.em.com.br\/emfoco\/wp-content\/uploads\/2025\/07\/tampas-garrafa_1752088382061.jpg","width":1280,"height":720,"caption":"Tampinhas de garrafa (Cr\u00e9ditos: depositphotos.com \/ tezzstock)"},{"@type":"BreadcrumbList","@id":"https:\/\/www.em.com.br\/emfoco\/2025\/07\/09\/tampas-de-garrafa-pet-viram-tendencia-criativa-no-combate-ao-lixo\/#breadcrumb","itemListElement":[{"@type":"ListItem","position":1,"name":"In\u00edcio","item":"https:\/\/www.em.com.br\/emfoco\/"},{"@type":"ListItem","position":2,"name":"Tampas de garrafa PET viram tend\u00eancia criativa no combate ao lixo"}]},{"@type":"WebSite","@id":"https:\/\/www.em.com.br\/emfoco\/#website","url":"https:\/\/www.em.com.br\/emfoco\/","name":"Estado de Minas - Em foco","description":"Acompanhe as \u00faltimas not\u00edcias e fique bem informado sobre tudo o que acontece em Minas Gerais, Brasil e no mundo.","potentialAction":[{"@type":"SearchAction","target":{"@type":"EntryPoint","urlTemplate":"https:\/\/www.em.com.br\/emfoco\/?s={search_term_string}"},"query-input":{"@type":"PropertyValueSpecification","valueRequired":true,"valueName":"search_term_string"}}],"inLanguage":"pt-BR"},{"@type":"Person","@id":"https:\/\/www.em.com.br\/emfoco\/#\/schema\/person\/43407752bebcbbb4d0ec79deedc0d7ce","name":"Patryck Reinehr","image":{"@type":"ImageObject","inLanguage":"pt-BR","@id":"https:\/\/www.em.com.br\/emfoco\/#\/schema\/person\/image\/","url":"https:\/\/secure.gravatar.com\/avatar\/570c7fb2898c0e2df0823196891bea88?s=96&d=mm&r=g","contentUrl":"https:\/\/secure.gravatar.com\/avatar\/570c7fb2898c0e2df0823196891bea88?s=96&d=mm&r=g","caption":"Patryck Reinehr"},"url":"https:\/\/www.em.com.br\/emfoco\/author\/patryckmyth\/"}]}},"_links":{"self":[{"href":"https:\/\/www.em.com.br\/emfoco\/wp-json\/wp\/v2\/posts\/73631","targetHints":{"allow":["GET"]}}],"collection":[{"href":"https:\/\/www.em.com.br\/emfoco\/wp-json\/wp\/v2\/posts"}],"about":[{"href":"https:\/\/www.em.com.br\/emfoco\/wp-json\/wp\/v2\/types\/post"}],"author":[{"embeddable":true,"href":"https:\/\/www.em.com.br\/emfoco\/wp-json\/wp\/v2\/users\/10"}],"replies":[{"embeddable":true,"href":"https:\/\/www.em.com.br\/emfoco\/wp-json\/wp\/v2\/comments?post=73631"}],"version-history":[{"count":1,"href":"https:\/\/www.em.com.br\/emfoco\/wp-json\/wp\/v2\/posts\/73631\/revisions"}],"predecessor-version":[{"id":73634,"href":"https:\/\/www.em.com.br\/emfoco\/wp-json\/wp\/v2\/posts\/73631\/revisions\/73634"}],"wp:featuredmedia":[{"embeddable":true,"href":"https:\/\/www.em.com.br\/emfoco\/wp-json\/wp\/v2\/media\/73632"}],"wp:attachment":[{"href":"https:\/\/www.em.com.br\/emfoco\/wp-json\/wp\/v2\/media?parent=73631"}],"wp:term":[{"taxonomy":"category","embeddable":true,"href":"https:\/\/www.em.com.br\/emfoco\/wp-json\/wp\/v2\/categories?post=73631"},{"taxonomy":"post_tag","embeddable":true,"href":"https:\/\/www.em.com.br\/emfoco\/wp-json\/wp\/v2\/tags?post=73631"}],"curies":[{"name":"wp","href":"https:\/\/api.w.org\/{rel}","templated":true}]}}