{"id":73594,"date":"2025-07-10T18:58:00","date_gmt":"2025-07-10T21:58:00","guid":{"rendered":"https:\/\/www.em.com.br\/emfoco\/?p=73594"},"modified":"2025-07-09T19:02:00","modified_gmt":"2025-07-09T22:02:00","slug":"governo-anuncia-nova-grupos-que-mexe-com-o-bolsa-familia","status":"publish","type":"post","link":"https:\/\/www.em.com.br\/emfoco\/2025\/07\/10\/governo-anuncia-nova-grupos-que-mexe-com-o-bolsa-familia\/","title":{"rendered":"Governo anuncia nova grupos que mexe com o Bolsa Fam\u00edlia"},"content":{"rendered":"\n<p>O governo brasileiro, por meio do <strong>Minist\u00e9rio do Desenvolvimento e Assist\u00eancia Social, Fam\u00edlia e Combate \u00e0 Fome<\/strong> (<a href=\"https:\/\/www.gov.br\/mds\/pt-br\" target=\"_blank\" rel=\"noreferrer noopener\">MDS<\/a>), anunciou uma iniciativa que visa expandir o acesso ao <strong><a href=\"https:\/\/www.em.com.br\/emfoco\/2025\/07\/08\/pagamentos-do-bolsa-familia-em-julho-comecam-dia-18-com-novo-cronograma\/\" target=\"_blank\" rel=\"noreferrer noopener\">Programa Bolsa Fam\u00edlia<\/a><\/strong> para mais grupos em situa\u00e7\u00e3o de vulnerabilidade social. Essa medida foi oficializada por uma recente portaria publicada no dia 9 de julho de 2025, que estabelece novos crit\u00e9rios de inclus\u00e3o para aqueles que necessitam de apoio imediato do governo para superar condi\u00e7\u00f5es de extrema necessidade.<\/p>\n\n\n\n<p>Com a nova portaria, tr\u00eas segmentos adicionais de fam\u00edlias passam a ser eleg\u00edveis para a pr\u00e9-habilita\u00e7\u00e3o ao <strong>Programa Bolsa Fam\u00edlia<\/strong>. Esses grupos incluem:<\/p>\n\n\n\n<ul class=\"wp-block-list\">\n<li>Fam\u00edlias com uma pessoa em situa\u00e7\u00e3o de rua;<\/li>\n\n\n\n<li>Fam\u00edlias vivendo em risco social identificado por meio do <strong>Prontu\u00e1rio Suas<\/strong>, devido \u00e0 viola\u00e7\u00e3o de direitos;<\/li>\n\n\n\n<li>Fam\u00edlias reconhecidas pelo <strong>Minist\u00e9rio da Sa\u00fade<\/strong> como estando em risco de inseguran\u00e7a alimentar.<\/li>\n<\/ul>\n\n\n\n<p>Essa amplia\u00e7\u00e3o visa priorizar assist\u00eancia para aqueles que enfrentam as situa\u00e7\u00f5es mais cr\u00edticas.<\/p>\n\n\n\n<h2 class=\"wp-block-heading\">Como os novos grupos s\u00e3o integrados ao Programa Bolsa Fam\u00edlia?<\/h2>\n\n\n<div class=\"wp-block-image\">\n<figure class=\"aligncenter size-large\"><img loading=\"lazy\" decoding=\"async\" width=\"1024\" height=\"576\" src=\"https:\/\/www.em.com.br\/emfoco\/wp-content\/uploads\/2025\/06\/bolsa-familia_1748976725057-1024x576.jpg\" alt=\"Calend\u00e1rio oficial do Bolsa Fam\u00edlia em julho j\u00e1 est\u00e1 dispon\u00edvel\" class=\"wp-image-54998\" srcset=\"https:\/\/www.em.com.br\/emfoco\/wp-content\/uploads\/2025\/06\/bolsa-familia_1748976725057-1024x576.jpg 1024w, https:\/\/www.em.com.br\/emfoco\/wp-content\/uploads\/2025\/06\/bolsa-familia_1748976725057-300x169.jpg 300w, https:\/\/www.em.com.br\/emfoco\/wp-content\/uploads\/2025\/06\/bolsa-familia_1748976725057-768x432.jpg 768w, https:\/\/www.em.com.br\/emfoco\/wp-content\/uploads\/2025\/06\/bolsa-familia_1748976725057-750x422.jpg 750w, https:\/\/www.em.com.br\/emfoco\/wp-content\/uploads\/2025\/06\/bolsa-familia_1748976725057-1140x641.jpg 1140w, https:\/\/www.em.com.br\/emfoco\/wp-content\/uploads\/2025\/06\/bolsa-familia_1748976725057.jpg 1280w\" sizes=\"auto, (max-width: 1024px) 100vw, 1024px\" \/><figcaption class=\"wp-element-caption\">M\u00e3os segurando moedas &#8211; Cr\u00e9ditos: depositphotos.com \/ serezniy<\/figcaption><\/figure><\/div>\n\n\n<p>A inclus\u00e3o destes novos segmentos ao programa \u00e9 parte de uma estrat\u00e9gia mais ampla para fortalecer a prote\u00e7\u00e3o social e seguran\u00e7a alimentar no <strong>Brasil<\/strong>. Tradicionalmente, o <strong>Bolsa Fam\u00edlia<\/strong> j\u00e1 contemplava:<\/p>\n\n\n\n<ul class=\"wp-block-list\">\n<li>Fam\u00edlias com integrantes menores de idade em condi\u00e7\u00f5es de trabalho infantil;<\/li>\n\n\n\n<li>Pessoas libertadas do trabalho escravo;<\/li>\n\n\n\n<li>Comunidades quilombolas e ind\u00edgenas;<\/li>\n\n\n\n<li>Catadores de material recicl\u00e1vel.<\/li>\n<\/ul>\n\n\n\n<p>A adi\u00e7\u00e3o dos novos grupos demonstra a aten\u00e7\u00e3o redobrada do governo para cobrir lacunas na assist\u00eancia social, tornando o programa mais abrangente e inclusivo.<\/p>\n\n\n\n<h2 class=\"wp-block-heading\">Qual o objetivo da portaria do MDS?<\/h2>\n\n\n\n<p>O intuito do <strong>Minist\u00e9rio do Desenvolvimento e Assist\u00eancia Social<\/strong> \u00e9 potencializar a prote\u00e7\u00e3o dos cidad\u00e3os que, por alguma raz\u00e3o, se encontram em condi\u00e7\u00f5es sociais desfavor\u00e1veis. Dessa forma, o governo busca:<\/p>\n\n\n\n<ul class=\"wp-block-list\">\n<li>Garantir que as fam\u00edlias em maior risco recebam assist\u00eancia para seguran\u00e7a alimentar e renda;<\/li>\n\n\n\n<li>Integrar o Bolsa Fam\u00edlia com outras pol\u00edticas sociais como sa\u00fade, educa\u00e7\u00e3o e assist\u00eancia social;<\/li>\n\n\n\n<li>Promover a\u00e7\u00f5es coordenadas e eficazes no enfrentamento \u00e0 pobreza.<\/li>\n<\/ul>\n\n\n\n<p>Segundo o ministro <strong>Wellington Dias<\/strong>, essa \u00e9 uma abordagem integrada e coordenada que fortalece a atua\u00e7\u00e3o do governo na prote\u00e7\u00e3o aos mais vulner\u00e1veis.<\/p>\n\n\n\n<h2 class=\"wp-block-heading\">Como funciona a operacionaliza\u00e7\u00e3o do Bolsa Fam\u00edlia frente a esta nova medida?<\/h2>\n\n\n\n<p>Com a implementa\u00e7\u00e3o da portaria, as mudan\u00e7as impactar\u00e3o a gest\u00e3o dos benef\u00edcios a partir da folha de pagamento de julho de 2025. Para ingressar no programa, as fam\u00edlias precisar\u00e3o:<\/p>\n\n\n\n<ul class=\"wp-block-list\">\n<li>Atender a crit\u00e9rios espec\u00edficos de elegibilidade;<\/li>\n\n\n\n<li>Manter os dados cadastrais atualizados e consistentes, conforme estipulado pelo <strong>MDS<\/strong>;<\/li>\n\n\n\n<li>Demonstrar comprova\u00e7\u00e3o de situa\u00e7\u00e3o de vulnerabilidade social de acordo com os crit\u00e9rios t\u00e9cnicos de inclus\u00e3o.<\/li>\n<\/ul>\n\n\n\n<p>Esse rigor no processo assegura que os benef\u00edcios alcancem aqueles que realmente necessitam.<\/p>\n\n\n\n<p>O <strong>Bolsa Fam\u00edlia<\/strong> \u00e9 uma das maiores iniciativas de transfer\u00eancia de renda no <strong>Brasil<\/strong>, assentando suas ra\u00edzes em esfor\u00e7os conjuntos para tirar milh\u00f5es de fam\u00edlias da linha da fome. Al\u00e9m de fornecer assist\u00eancia financeira, o programa integra pol\u00edticas p\u00fablicas fundamentais que ampliam o acesso das fam\u00edlias carentes a direitos b\u00e1sicos, como:<\/p>\n\n\n\n<ul class=\"wp-block-list\">\n<li><strong>Sa\u00fade <\/strong>(acesso facilitado a consultas, vacinas e exames);<\/li>\n\n\n\n<li><strong>Educa\u00e7\u00e3o <\/strong>(frequ\u00eancia escolar obrigat\u00f3ria e apoio a crian\u00e7as e adolescentes);<\/li>\n\n\n\n<li><strong>Servi\u00e7os sociais<\/strong>, promovendo inclus\u00e3o e cidadania.<\/li>\n<\/ul>\n\n\n\n<p>Dessa maneira, o impacto do programa se mostra duradouro e transformador no combate \u00e0 pobreza no pa\u00eds.<\/p>\n","protected":false},"excerpt":{"rendered":"<p>O governo brasileiro, por meio do Minist\u00e9rio do Desenvolvimento e Assist\u00eancia Social, Fam\u00edlia e Combate \u00e0 Fome (MDS), anunciou uma iniciativa que visa expandir o acesso ao Programa Bolsa Fam\u00edlia para mais grupos em situa\u00e7\u00e3o de vulnerabilidade social. Essa medida foi oficializada por uma recente portaria publicada no dia 9 de julho de 2025, que [&hellip;]<\/p>\n","protected":false},"author":20,"featured_media":56500,"comment_status":"open","ping_status":"open","sticky":false,"template":"","format":"standard","meta":{"jnews-multi-image_gallery":[],"jnews_single_post":{"format":"standard"},"jnews_primary_category":[],"jnews_social_meta":[],"jnews_override_counter":[],"footnotes":""},"categories":[28,1],"tags":[209,1114,2512],"class_list":["post-73594","post","type-post","status-publish","format-standard","has-post-thumbnail","hentry","category-economia","category-noticias","tag-bolsa-familia","tag-mds","tag-programa-social"],"yoast_head":"<!-- This site is optimized with the Yoast SEO plugin v23.8 - https:\/\/yoast.com\/wordpress\/plugins\/seo\/ -->\n<title>Governo anuncia nova grupos que mexe com o Bolsa Fam\u00edlia - Estado de Minas - Em foco<\/title>\n<meta name=\"description\" content=\"Bolsa Fam\u00edlia deste ano inclui novos grupos em situa\u00e7\u00e3o cr\u00edtica com regra oficial que promete refor\u00e7ar a prote\u00e7\u00e3o social no Brasil.\" \/>\n<meta name=\"robots\" content=\"index, follow, max-snippet:-1, max-image-preview:large, max-video-preview:-1\" \/>\n<link rel=\"canonical\" href=\"https:\/\/www.em.com.br\/emfoco\/2025\/07\/10\/governo-anuncia-nova-grupos-que-mexe-com-o-bolsa-familia\/\" \/>\n<meta property=\"og:locale\" content=\"pt_BR\" \/>\n<meta property=\"og:type\" content=\"article\" \/>\n<meta property=\"og:title\" content=\"Governo anuncia nova grupos que mexe com o Bolsa Fam\u00edlia - Estado de Minas - Em foco\" \/>\n<meta property=\"og:description\" content=\"Bolsa Fam\u00edlia deste ano inclui novos grupos em situa\u00e7\u00e3o cr\u00edtica com regra oficial que promete refor\u00e7ar a prote\u00e7\u00e3o social no Brasil.\" \/>\n<meta property=\"og:url\" content=\"https:\/\/www.em.com.br\/emfoco\/2025\/07\/10\/governo-anuncia-nova-grupos-que-mexe-com-o-bolsa-familia\/\" \/>\n<meta property=\"og:site_name\" content=\"Estado de Minas - Em foco\" \/>\n<meta property=\"article:published_time\" content=\"2025-07-10T21:58:00+00:00\" \/>\n<meta property=\"article:modified_time\" content=\"2025-07-09T22:02:00+00:00\" \/>\n<meta property=\"og:image\" content=\"https:\/\/www.em.com.br\/emfoco\/wp-content\/uploads\/2025\/06\/bolsa-familia-brasil_1749152247546.jpg\" \/>\n\t<meta property=\"og:image:width\" content=\"1280\" \/>\n\t<meta property=\"og:image:height\" content=\"720\" \/>\n\t<meta property=\"og:image:type\" content=\"image\/jpeg\" \/>\n<meta name=\"author\" content=\"Ingrid Diniz\" \/>\n<meta name=\"twitter:card\" content=\"summary_large_image\" \/>\n<meta name=\"twitter:label1\" content=\"Escrito por\" \/>\n\t<meta name=\"twitter:data1\" content=\"Ingrid Diniz\" \/>\n\t<meta name=\"twitter:label2\" content=\"Est. tempo de leitura\" \/>\n\t<meta name=\"twitter:data2\" content=\"4 minutos\" \/>\n<!-- \/ Yoast SEO plugin. -->","yoast_head_json":{"title":"Governo anuncia nova grupos que mexe com o Bolsa Fam\u00edlia - Estado de Minas - Em foco","description":"Bolsa Fam\u00edlia deste ano inclui novos grupos em situa\u00e7\u00e3o cr\u00edtica com regra oficial que promete refor\u00e7ar a prote\u00e7\u00e3o social no Brasil.","robots":{"index":"index","follow":"follow","max-snippet":"max-snippet:-1","max-image-preview":"max-image-preview:large","max-video-preview":"max-video-preview:-1"},"canonical":"https:\/\/www.em.com.br\/emfoco\/2025\/07\/10\/governo-anuncia-nova-grupos-que-mexe-com-o-bolsa-familia\/","og_locale":"pt_BR","og_type":"article","og_title":"Governo anuncia nova grupos que mexe com o Bolsa Fam\u00edlia - Estado de Minas - Em foco","og_description":"Bolsa Fam\u00edlia deste ano inclui novos grupos em situa\u00e7\u00e3o cr\u00edtica com regra oficial que promete refor\u00e7ar a prote\u00e7\u00e3o social no Brasil.","og_url":"https:\/\/www.em.com.br\/emfoco\/2025\/07\/10\/governo-anuncia-nova-grupos-que-mexe-com-o-bolsa-familia\/","og_site_name":"Estado de Minas - Em foco","article_published_time":"2025-07-10T21:58:00+00:00","article_modified_time":"2025-07-09T22:02:00+00:00","og_image":[{"width":1280,"height":720,"url":"https:\/\/www.em.com.br\/emfoco\/wp-content\/uploads\/2025\/06\/bolsa-familia-brasil_1749152247546.jpg","type":"image\/jpeg"}],"author":"Ingrid Diniz","twitter_card":"summary_large_image","twitter_misc":{"Escrito por":"Ingrid Diniz","Est. tempo de leitura":"4 minutos"},"schema":{"@context":"https:\/\/schema.org","@graph":[{"@type":"WebPage","@id":"https:\/\/www.em.com.br\/emfoco\/2025\/07\/10\/governo-anuncia-nova-grupos-que-mexe-com-o-bolsa-familia\/","url":"https:\/\/www.em.com.br\/emfoco\/2025\/07\/10\/governo-anuncia-nova-grupos-que-mexe-com-o-bolsa-familia\/","name":"Governo anuncia nova grupos que mexe com o Bolsa Fam\u00edlia - Estado de Minas - Em foco","isPartOf":{"@id":"https:\/\/www.em.com.br\/emfoco\/#website"},"primaryImageOfPage":{"@id":"https:\/\/www.em.com.br\/emfoco\/2025\/07\/10\/governo-anuncia-nova-grupos-que-mexe-com-o-bolsa-familia\/#primaryimage"},"image":{"@id":"https:\/\/www.em.com.br\/emfoco\/2025\/07\/10\/governo-anuncia-nova-grupos-que-mexe-com-o-bolsa-familia\/#primaryimage"},"thumbnailUrl":"https:\/\/www.em.com.br\/emfoco\/wp-content\/uploads\/2025\/06\/bolsa-familia-brasil_1749152247546.jpg","datePublished":"2025-07-10T21:58:00+00:00","dateModified":"2025-07-09T22:02:00+00:00","author":{"@id":"https:\/\/www.em.com.br\/emfoco\/#\/schema\/person\/649e610b4eb8fff87ff394e54fe17b2b"},"description":"Bolsa Fam\u00edlia deste ano inclui novos grupos em situa\u00e7\u00e3o cr\u00edtica com regra oficial que promete refor\u00e7ar a prote\u00e7\u00e3o social no Brasil.","breadcrumb":{"@id":"https:\/\/www.em.com.br\/emfoco\/2025\/07\/10\/governo-anuncia-nova-grupos-que-mexe-com-o-bolsa-familia\/#breadcrumb"},"inLanguage":"pt-BR","potentialAction":[{"@type":"ReadAction","target":["https:\/\/www.em.com.br\/emfoco\/2025\/07\/10\/governo-anuncia-nova-grupos-que-mexe-com-o-bolsa-familia\/"]}]},{"@type":"ImageObject","inLanguage":"pt-BR","@id":"https:\/\/www.em.com.br\/emfoco\/2025\/07\/10\/governo-anuncia-nova-grupos-que-mexe-com-o-bolsa-familia\/#primaryimage","url":"https:\/\/www.em.com.br\/emfoco\/wp-content\/uploads\/2025\/06\/bolsa-familia-brasil_1749152247546.jpg","contentUrl":"https:\/\/www.em.com.br\/emfoco\/wp-content\/uploads\/2025\/06\/bolsa-familia-brasil_1749152247546.jpg","width":1280,"height":720,"caption":"Erro no Cad\u00danico que bloqueia o Bolsa Fam\u00edlia - Cr\u00e9ditos: depositphotos.com \/ joasouza"},{"@type":"BreadcrumbList","@id":"https:\/\/www.em.com.br\/emfoco\/2025\/07\/10\/governo-anuncia-nova-grupos-que-mexe-com-o-bolsa-familia\/#breadcrumb","itemListElement":[{"@type":"ListItem","position":1,"name":"In\u00edcio","item":"https:\/\/www.em.com.br\/emfoco\/"},{"@type":"ListItem","position":2,"name":"Governo anuncia nova grupos que mexe com o Bolsa Fam\u00edlia"}]},{"@type":"WebSite","@id":"https:\/\/www.em.com.br\/emfoco\/#website","url":"https:\/\/www.em.com.br\/emfoco\/","name":"Estado de Minas - Em foco","description":"Acompanhe as \u00faltimas not\u00edcias e fique bem informado sobre tudo o que acontece em Minas Gerais, Brasil e no mundo.","potentialAction":[{"@type":"SearchAction","target":{"@type":"EntryPoint","urlTemplate":"https:\/\/www.em.com.br\/emfoco\/?s={search_term_string}"},"query-input":{"@type":"PropertyValueSpecification","valueRequired":true,"valueName":"search_term_string"}}],"inLanguage":"pt-BR"},{"@type":"Person","@id":"https:\/\/www.em.com.br\/emfoco\/#\/schema\/person\/649e610b4eb8fff87ff394e54fe17b2b","name":"Ingrid Diniz","image":{"@type":"ImageObject","inLanguage":"pt-BR","@id":"https:\/\/www.em.com.br\/emfoco\/#\/schema\/person\/image\/","url":"https:\/\/secure.gravatar.com\/avatar\/a3baa1449ec5c39b4c42babc9d4f3951?s=96&d=mm&r=g","contentUrl":"https:\/\/secure.gravatar.com\/avatar\/a3baa1449ec5c39b4c42babc9d4f3951?s=96&d=mm&r=g","caption":"Ingrid Diniz"},"sameAs":["https:\/\/www.em.com.br\/"],"url":"https:\/\/www.em.com.br\/emfoco\/author\/ingridmyth\/"}]}},"_links":{"self":[{"href":"https:\/\/www.em.com.br\/emfoco\/wp-json\/wp\/v2\/posts\/73594","targetHints":{"allow":["GET"]}}],"collection":[{"href":"https:\/\/www.em.com.br\/emfoco\/wp-json\/wp\/v2\/posts"}],"about":[{"href":"https:\/\/www.em.com.br\/emfoco\/wp-json\/wp\/v2\/types\/post"}],"author":[{"embeddable":true,"href":"https:\/\/www.em.com.br\/emfoco\/wp-json\/wp\/v2\/users\/20"}],"replies":[{"embeddable":true,"href":"https:\/\/www.em.com.br\/emfoco\/wp-json\/wp\/v2\/comments?post=73594"}],"version-history":[{"count":2,"href":"https:\/\/www.em.com.br\/emfoco\/wp-json\/wp\/v2\/posts\/73594\/revisions"}],"predecessor-version":[{"id":73672,"href":"https:\/\/www.em.com.br\/emfoco\/wp-json\/wp\/v2\/posts\/73594\/revisions\/73672"}],"wp:featuredmedia":[{"embeddable":true,"href":"https:\/\/www.em.com.br\/emfoco\/wp-json\/wp\/v2\/media\/56500"}],"wp:attachment":[{"href":"https:\/\/www.em.com.br\/emfoco\/wp-json\/wp\/v2\/media?parent=73594"}],"wp:term":[{"taxonomy":"category","embeddable":true,"href":"https:\/\/www.em.com.br\/emfoco\/wp-json\/wp\/v2\/categories?post=73594"},{"taxonomy":"post_tag","embeddable":true,"href":"https:\/\/www.em.com.br\/emfoco\/wp-json\/wp\/v2\/tags?post=73594"}],"curies":[{"name":"wp","href":"https:\/\/api.w.org\/{rel}","templated":true}]}}