{"id":7356,"date":"2024-12-29T11:20:00","date_gmt":"2024-12-29T14:20:00","guid":{"rendered":"https:\/\/www.em.com.br\/emfoco\/?p=7356"},"modified":"2024-12-28T17:32:54","modified_gmt":"2024-12-28T20:32:54","slug":"tem-direito-ao-seguro-desemprego","status":"publish","type":"post","link":"https:\/\/www.em.com.br\/emfoco\/2024\/12\/29\/tem-direito-ao-seguro-desemprego\/","title":{"rendered":"Tem direito ao seguro-desemprego?"},"content":{"rendered":"\n<p>O seguro-desemprego \u00e9 um benef\u00edcio oferecido aos trabalhadores brasileiros que foram dispensados sem justa causa. Ele desempenha um papel essencial na garantia de uma seguran\u00e7a financeira tempor\u00e1ria, fornecendo aos profissionais, que se encontram fora do mercado de trabalho, um <a href=\"https:\/\/www.em.com.br\/emfoco\/2024\/12\/14\/comunicado-importante-para-quem-recebe-auxilio-gas-e-bolsa-familia-em-dezembro\/\" target=\"_blank\" rel=\"noreferrer noopener\">aux\u00edlio <\/a>at\u00e9 que obtenham outra fonte de renda. Em 2025, o valor do benef\u00edcio deve se manter entre R$ 1.412,00 e R$ 2.313,74.<\/p>\n\n\n\n<p>O c\u00e1lculo para determinar o valor exato do seguro-desemprego \u00e9 baseado na m\u00e9dia salarial dos \u00faltimos tr\u00eas meses anteriores \u00e0 demiss\u00e3o do funcion\u00e1rio. Quando essa m\u00e9dia ultrapassa R$ 3.402,65, o trabalhador recebe o teto m\u00e1ximo definido pelo <a href=\"https:\/\/www.gov.br\/trabalho-e-emprego\/pt-br\" target=\"_blank\" rel=\"noreferrer noopener\">Minist\u00e9rio do Trabalho<\/a> e Previd\u00eancia. A quantidade de parcelas varia de tr\u00eas a cinco, dependendo do tempo trabalhado antes da dispensa.<\/p>\n\n\n\n<h2 class=\"wp-block-heading\">Como calcular o seguro-desemprego?<\/h2>\n\n\n\n<p>Para calcular o valor do seguro-desemprego, o interessado deve considerar a m\u00e9dia dos seus sal\u00e1rios nos tr\u00eas meses que antecedem a sua demiss\u00e3o. Essa m\u00e9dia ser\u00e1 utilizada para determinar a faixa em que o seu benef\u00edcio se enquadrar\u00e1. Mencionando novamente, h\u00e1 um teto definido, de R$ 2.313,74, que representa o montante m\u00e1ximo que pode ser recebido mensalmente atrav\u00e9s deste aux\u00edlio.<\/p>\n\n\n\n<p>A f\u00f3rmula garante que, nos casos em que a m\u00e9dia salarial esteja abaixo de determinados limites, o trabalhador receba uma quantia proporcional \u00e0 sua realidade financeira anterior. Ao garantir essa propor\u00e7\u00e3o, o seguro-desemprego ajuda na conserva\u00e7\u00e3o da qualidade de vida que o indiv\u00edduo e sua fam\u00edlia tinham antes da perda do emprego.<\/p>\n\n\n<div class=\"wp-block-image\">\n<figure class=\"aligncenter size-large\"><img loading=\"lazy\" decoding=\"async\" width=\"1024\" height=\"576\" src=\"https:\/\/www.em.com.br\/emfoco\/wp-content\/uploads\/2024\/12\/Brazil-Money_1733948646731-1024x576.jpg\" alt=\"\" class=\"wp-image-4410\" srcset=\"https:\/\/www.em.com.br\/emfoco\/wp-content\/uploads\/2024\/12\/Brazil-Money_1733948646731-1024x576.jpg 1024w, https:\/\/www.em.com.br\/emfoco\/wp-content\/uploads\/2024\/12\/Brazil-Money_1733948646731-300x169.jpg 300w, https:\/\/www.em.com.br\/emfoco\/wp-content\/uploads\/2024\/12\/Brazil-Money_1733948646731-768x432.jpg 768w, https:\/\/www.em.com.br\/emfoco\/wp-content\/uploads\/2024\/12\/Brazil-Money_1733948646731-750x422.jpg 750w, https:\/\/www.em.com.br\/emfoco\/wp-content\/uploads\/2024\/12\/Brazil-Money_1733948646731-1140x641.jpg 1140w, https:\/\/www.em.com.br\/emfoco\/wp-content\/uploads\/2024\/12\/Brazil-Money_1733948646731.jpg 1280w\" sizes=\"auto, (max-width: 1024px) 100vw, 1024px\" \/><figcaption class=\"wp-element-caption\">Muito dinheiro pra um ex presidente? &#8211; Cr\u00e9ditos: depositphotos.com \/ rodrigobellizzi<\/figcaption><\/figure><\/div>\n\n\n<h2 class=\"wp-block-heading\">Como solicitar o seguro-desemprego?<\/h2>\n\n\n\n<p>A solicita\u00e7\u00e3o do seguro-desemprego pode ser realizada de diferentes maneiras. O trabalhador pode se dirigir a uma superintend\u00eancia do Minist\u00e9rio do Trabalho com seus documentos pessoais e a carteira de trabalho em m\u00e3os. Existem, ainda, postos de atendimento autorizados, como o Sistema Nacional de Emprego (SINE), onde o pedido pode ser formalizado pessoalmente.<\/p>\n\n\n\n<p>Para aqueles que preferem realizar a solicita\u00e7\u00e3o de forma virtual, a plataforma Gov.br e o aplicativo da Carteira de Trabalho Digital s\u00e3o op\u00e7\u00f5es pr\u00e1ticas e acess\u00edveis, dispon\u00edveis tanto para Android quanto para iOS. O processo online \u00e9 intuitivo e oferece conveni\u00eancia ao economizar o tempo do usu\u00e1rio e dispensar sua presen\u00e7a f\u00edsica em unidades de atendimento.<\/p>\n\n\n\n<h2 class=\"wp-block-heading\">Quem est\u00e1 apto a solicitar o seguro-desemprego?<\/h2>\n\n\n\n<p>O seguro-desemprego destina-se aos trabalhadores demitidos sem justa causa que n\u00e3o possuem outra fonte de renda que sustente a si mesmos e suas fam\u00edlias. Al\u00e9m disso, eles devem ter recebido sal\u00e1rios de pessoa jur\u00eddica ou de pessoa f\u00edsica a ela equiparada durante um determinado tempo, que varia dependendo do n\u00famero de solicita\u00e7\u00f5es feitas anteriormente:<\/p>\n\n\n\n<ul class=\"wp-block-list\">\n<li>Primeira solicita\u00e7\u00e3o: pelo menos 12 meses nos \u00faltimos 18 meses antes da dispensa.<\/li>\n\n\n\n<li>Segunda solicita\u00e7\u00e3o: pelo menos 9 meses nos \u00faltimos 12 meses antes da dispensa.<\/li>\n\n\n\n<li>Demais solicita\u00e7\u00f5es: cada um dos 6 meses anteriores \u00e0 dispensa.<\/li>\n<\/ul>\n\n\n\n<p>Tamb\u00e9m \u00e9 importante que o solicitante n\u00e3o receba outros benef\u00edcios previdenci\u00e1rios de presta\u00e7\u00e3o continuada, com exce\u00e7\u00e3o de alguns casos espec\u00edficos, como aux\u00edlio-acidente e abono de perman\u00eancia em servi\u00e7o.<\/p>\n\n\n\n<h2 class=\"wp-block-heading\">Quais s\u00e3o as vantagens do seguro-desemprego para o trabalhador?<\/h2>\n\n\n\n<p>O seguro-desemprego oferece diversas vantagens ao trabalhador que perdeu seu emprego involuntariamente. Ele serve como um alicerce financeiro tempor\u00e1rio que permite ao trabalhador procurar por uma nova coloca\u00e7\u00e3o sem o desespero iminente de falta de recursos. Esse suporte financeiro tamb\u00e9m beneficia a economia, uma vez que mant\u00e9m o consumo dos lares e as atividades comerciais girando.<\/p>\n\n\n\n<p>Al\u00e9m disso, o acesso simplificado ao benef\u00edcio contribui para que os cidad\u00e3os preservem suas dignidades em tempos de dificuldade econ\u00f4mica. O suporte financeiro tempor\u00e1rio culmina em um maior tempo dispon\u00edvel para a reciclagem e capacita\u00e7\u00e3o profissional, que podem resultar em melhores oportunidades de emprego.<\/p>\n","protected":false},"excerpt":{"rendered":"<p>O seguro-desemprego \u00e9 um benef\u00edcio oferecido aos trabalhadores brasileiros que foram dispensados sem justa causa. Ele desempenha um papel essencial na garantia de uma seguran\u00e7a financeira tempor\u00e1ria, fornecendo aos profissionais, que se encontram fora do mercado de trabalho, um aux\u00edlio at\u00e9 que obtenham outra fonte de renda. Em 2025, o valor do benef\u00edcio deve se [&hellip;]<\/p>\n","protected":false},"author":7,"featured_media":4639,"comment_status":"open","ping_status":"open","sticky":false,"template":"","format":"standard","meta":{"jnews-multi-image_gallery":[],"jnews_single_post":{"format":"standard"},"jnews_primary_category":[],"jnews_social_meta":[],"jnews_override_counter":[],"footnotes":""},"categories":[28],"tags":[259,1833,1832,857],"class_list":["post-7356","post","type-post","status-publish","format-standard","has-post-thumbnail","hentry","category-economia","tag-beneficio","tag-desemprego","tag-seguro-desemprego","tag-trabalhador-brasileiro"],"yoast_head":"<!-- This site is optimized with the Yoast SEO plugin v23.8 - https:\/\/yoast.com\/wordpress\/plugins\/seo\/ -->\n<title>Tem direito ao seguro-desemprego? - Estado de Minas - Em foco<\/title>\n<meta name=\"description\" content=\"O seguro-desemprego \u00e9 um benef\u00edcio oferecido aos trabalhadores brasileiros demitidos sem justa causa, que fornece assist\u00eancia financeira tempor\u00e1ria. Confira Mais!\" \/>\n<meta name=\"robots\" content=\"index, follow, max-snippet:-1, max-image-preview:large, max-video-preview:-1\" \/>\n<link rel=\"canonical\" href=\"https:\/\/www.em.com.br\/emfoco\/2024\/12\/29\/tem-direito-ao-seguro-desemprego\/\" \/>\n<meta property=\"og:locale\" content=\"pt_BR\" \/>\n<meta property=\"og:type\" content=\"article\" \/>\n<meta property=\"og:title\" content=\"Tem direito ao seguro-desemprego? - Estado de Minas - Em foco\" \/>\n<meta property=\"og:description\" content=\"O seguro-desemprego \u00e9 um benef\u00edcio oferecido aos trabalhadores brasileiros demitidos sem justa causa, que fornece assist\u00eancia financeira tempor\u00e1ria. Confira Mais!\" \/>\n<meta property=\"og:url\" content=\"https:\/\/www.em.com.br\/emfoco\/2024\/12\/29\/tem-direito-ao-seguro-desemprego\/\" \/>\n<meta property=\"og:site_name\" content=\"Estado de Minas - Em foco\" \/>\n<meta property=\"article:published_time\" content=\"2024-12-29T14:20:00+00:00\" \/>\n<meta property=\"article:modified_time\" content=\"2024-12-28T20:32:54+00:00\" \/>\n<meta property=\"og:image\" content=\"https:\/\/www.em.com.br\/emfoco\/wp-content\/uploads\/2024\/12\/51737322221_a766d3ed99_b.jpg\" \/>\n\t<meta property=\"og:image:width\" content=\"1024\" \/>\n\t<meta property=\"og:image:height\" content=\"706\" \/>\n\t<meta property=\"og:image:type\" content=\"image\/jpeg\" \/>\n<meta name=\"author\" content=\"Kelvin\" \/>\n<meta name=\"twitter:card\" content=\"summary_large_image\" \/>\n<meta name=\"twitter:label1\" content=\"Escrito por\" \/>\n\t<meta name=\"twitter:data1\" content=\"Kelvin\" \/>\n\t<meta name=\"twitter:label2\" content=\"Est. tempo de leitura\" \/>\n\t<meta name=\"twitter:data2\" content=\"4 minutos\" \/>\n<!-- \/ Yoast SEO plugin. -->","yoast_head_json":{"title":"Tem direito ao seguro-desemprego? - Estado de Minas - Em foco","description":"O seguro-desemprego \u00e9 um benef\u00edcio oferecido aos trabalhadores brasileiros demitidos sem justa causa, que fornece assist\u00eancia financeira tempor\u00e1ria. Confira Mais!","robots":{"index":"index","follow":"follow","max-snippet":"max-snippet:-1","max-image-preview":"max-image-preview:large","max-video-preview":"max-video-preview:-1"},"canonical":"https:\/\/www.em.com.br\/emfoco\/2024\/12\/29\/tem-direito-ao-seguro-desemprego\/","og_locale":"pt_BR","og_type":"article","og_title":"Tem direito ao seguro-desemprego? - Estado de Minas - Em foco","og_description":"O seguro-desemprego \u00e9 um benef\u00edcio oferecido aos trabalhadores brasileiros demitidos sem justa causa, que fornece assist\u00eancia financeira tempor\u00e1ria. Confira Mais!","og_url":"https:\/\/www.em.com.br\/emfoco\/2024\/12\/29\/tem-direito-ao-seguro-desemprego\/","og_site_name":"Estado de Minas - Em foco","article_published_time":"2024-12-29T14:20:00+00:00","article_modified_time":"2024-12-28T20:32:54+00:00","og_image":[{"width":1024,"height":706,"url":"https:\/\/www.em.com.br\/emfoco\/wp-content\/uploads\/2024\/12\/51737322221_a766d3ed99_b.jpg","type":"image\/jpeg"}],"author":"Kelvin","twitter_card":"summary_large_image","twitter_misc":{"Escrito por":"Kelvin","Est. tempo de leitura":"4 minutos"},"schema":{"@context":"https:\/\/schema.org","@graph":[{"@type":"WebPage","@id":"https:\/\/www.em.com.br\/emfoco\/2024\/12\/29\/tem-direito-ao-seguro-desemprego\/","url":"https:\/\/www.em.com.br\/emfoco\/2024\/12\/29\/tem-direito-ao-seguro-desemprego\/","name":"Tem direito ao seguro-desemprego? - Estado de Minas - Em foco","isPartOf":{"@id":"https:\/\/www.em.com.br\/emfoco\/#website"},"primaryImageOfPage":{"@id":"https:\/\/www.em.com.br\/emfoco\/2024\/12\/29\/tem-direito-ao-seguro-desemprego\/#primaryimage"},"image":{"@id":"https:\/\/www.em.com.br\/emfoco\/2024\/12\/29\/tem-direito-ao-seguro-desemprego\/#primaryimage"},"thumbnailUrl":"https:\/\/www.em.com.br\/emfoco\/wp-content\/uploads\/2024\/12\/51737322221_a766d3ed99_b.jpg","datePublished":"2024-12-29T14:20:00+00:00","dateModified":"2024-12-28T20:32:54+00:00","author":{"@id":"https:\/\/www.em.com.br\/emfoco\/#\/schema\/person\/fb0a7f48c6fbb94b83f413a80f61917d"},"description":"O seguro-desemprego \u00e9 um benef\u00edcio oferecido aos trabalhadores brasileiros demitidos sem justa causa, que fornece assist\u00eancia financeira tempor\u00e1ria. Confira Mais!","breadcrumb":{"@id":"https:\/\/www.em.com.br\/emfoco\/2024\/12\/29\/tem-direito-ao-seguro-desemprego\/#breadcrumb"},"inLanguage":"pt-BR","potentialAction":[{"@type":"ReadAction","target":["https:\/\/www.em.com.br\/emfoco\/2024\/12\/29\/tem-direito-ao-seguro-desemprego\/"]}]},{"@type":"ImageObject","inLanguage":"pt-BR","@id":"https:\/\/www.em.com.br\/emfoco\/2024\/12\/29\/tem-direito-ao-seguro-desemprego\/#primaryimage","url":"https:\/\/www.em.com.br\/emfoco\/wp-content\/uploads\/2024\/12\/51737322221_a766d3ed99_b.jpg","contentUrl":"https:\/\/www.em.com.br\/emfoco\/wp-content\/uploads\/2024\/12\/51737322221_a766d3ed99_b.jpg","width":1024,"height":706,"caption":"Caixa Tem - Flickr"},{"@type":"BreadcrumbList","@id":"https:\/\/www.em.com.br\/emfoco\/2024\/12\/29\/tem-direito-ao-seguro-desemprego\/#breadcrumb","itemListElement":[{"@type":"ListItem","position":1,"name":"In\u00edcio","item":"https:\/\/www.em.com.br\/emfoco\/"},{"@type":"ListItem","position":2,"name":"Tem direito ao seguro-desemprego?"}]},{"@type":"WebSite","@id":"https:\/\/www.em.com.br\/emfoco\/#website","url":"https:\/\/www.em.com.br\/emfoco\/","name":"Estado de Minas - Em foco","description":"Acompanhe as \u00faltimas not\u00edcias e fique bem informado sobre tudo o que acontece em Minas Gerais, Brasil e no mundo.","potentialAction":[{"@type":"SearchAction","target":{"@type":"EntryPoint","urlTemplate":"https:\/\/www.em.com.br\/emfoco\/?s={search_term_string}"},"query-input":{"@type":"PropertyValueSpecification","valueRequired":true,"valueName":"search_term_string"}}],"inLanguage":"pt-BR"},{"@type":"Person","@id":"https:\/\/www.em.com.br\/emfoco\/#\/schema\/person\/fb0a7f48c6fbb94b83f413a80f61917d","name":"Kelvin","image":{"@type":"ImageObject","inLanguage":"pt-BR","@id":"https:\/\/www.em.com.br\/emfoco\/#\/schema\/person\/image\/","url":"https:\/\/secure.gravatar.com\/avatar\/e74f84337e6bf6c4c5e88fbdffa05270?s=96&d=mm&r=g","contentUrl":"https:\/\/secure.gravatar.com\/avatar\/e74f84337e6bf6c4c5e88fbdffa05270?s=96&d=mm&r=g","caption":"Kelvin"},"sameAs":["https:\/\/www.em.com.br\/emfoco"],"url":"https:\/\/www.em.com.br\/emfoco\/author\/kelvinmyth\/"}]}},"_links":{"self":[{"href":"https:\/\/www.em.com.br\/emfoco\/wp-json\/wp\/v2\/posts\/7356","targetHints":{"allow":["GET"]}}],"collection":[{"href":"https:\/\/www.em.com.br\/emfoco\/wp-json\/wp\/v2\/posts"}],"about":[{"href":"https:\/\/www.em.com.br\/emfoco\/wp-json\/wp\/v2\/types\/post"}],"author":[{"embeddable":true,"href":"https:\/\/www.em.com.br\/emfoco\/wp-json\/wp\/v2\/users\/7"}],"replies":[{"embeddable":true,"href":"https:\/\/www.em.com.br\/emfoco\/wp-json\/wp\/v2\/comments?post=7356"}],"version-history":[{"count":2,"href":"https:\/\/www.em.com.br\/emfoco\/wp-json\/wp\/v2\/posts\/7356\/revisions"}],"predecessor-version":[{"id":7359,"href":"https:\/\/www.em.com.br\/emfoco\/wp-json\/wp\/v2\/posts\/7356\/revisions\/7359"}],"wp:featuredmedia":[{"embeddable":true,"href":"https:\/\/www.em.com.br\/emfoco\/wp-json\/wp\/v2\/media\/4639"}],"wp:attachment":[{"href":"https:\/\/www.em.com.br\/emfoco\/wp-json\/wp\/v2\/media?parent=7356"}],"wp:term":[{"taxonomy":"category","embeddable":true,"href":"https:\/\/www.em.com.br\/emfoco\/wp-json\/wp\/v2\/categories?post=7356"},{"taxonomy":"post_tag","embeddable":true,"href":"https:\/\/www.em.com.br\/emfoco\/wp-json\/wp\/v2\/tags?post=7356"}],"curies":[{"name":"wp","href":"https:\/\/api.w.org\/{rel}","templated":true}]}}