{"id":73523,"date":"2025-07-10T22:48:00","date_gmt":"2025-07-11T01:48:00","guid":{"rendered":"https:\/\/www.em.com.br\/emfoco\/?p=73523"},"modified":"2025-07-09T18:26:55","modified_gmt":"2025-07-09T21:26:55","slug":"aprenda-a-plantar-uma-erva-que-purifica-o-ar-e-traz-beneficios-para-o-coracao","status":"publish","type":"post","link":"https:\/\/www.em.com.br\/emfoco\/2025\/07\/10\/aprenda-a-plantar-uma-erva-que-purifica-o-ar-e-traz-beneficios-para-o-coracao\/","title":{"rendered":"Aprenda a plantar uma erva que purifica o ar e traz benef\u00edcios para o cora\u00e7\u00e3o"},"content":{"rendered":"\n<p>O <strong>manjeric\u00e3o<\/strong> \u00e9 uma das ervas arom\u00e1ticas mais cultivadas no mundo, sendo um ingrediente essencial em diversas receitas da culin\u00e1ria mediterr\u00e2nea, especialmente molhos, saladas e massas. Seu aroma intenso, sabor refrescante e folhas vibrantes tornam o manjeric\u00e3o n\u00e3o apenas uma planta \u00fatil na cozinha, mas tamb\u00e9m uma excelente escolha ornamental para vasos e jardins. <a href=\"https:\/\/www.em.com.br\/emfoco\/2025\/07\/09\/como-cultivar-alho-em-casa-sem-usar-fertilizantes-quimicos\/\" target=\"_blank\" rel=\"noreferrer noopener\">Plantar <\/a>manjeric\u00e3o em casa \u00e9 simples, r\u00e1pido e oferece colheitas quase o ano inteiro com os cuidados adequados.<\/p>\n\n\n\n<h2 class=\"wp-block-heading\">Qual \u00e9 o melhor tipo de manjeric\u00e3o para plantar?<\/h2>\n\n\n\n<p>Existem v\u00e1rias variedades de manjeric\u00e3o, cada uma com caracter\u00edsticas \u00fanicas de sabor, aroma e apar\u00eancia. O mais comum e amplamente utilizado \u00e9 o <strong>manjeric\u00e3o-genov\u00eas<\/strong>, conhecido por suas folhas largas e sabor marcante. Outras variedades populares incluem o <strong>manjeric\u00e3o-roxo<\/strong>, com folhas arroxeadas e aroma mais suave, e o <strong>manjeric\u00e3o-lim\u00e3o<\/strong>, que possui um toque c\u00edtrico. Todas as variedades s\u00e3o f\u00e1ceis de cultivar e podem ser escolhidas conforme a prefer\u00eancia culin\u00e1ria e est\u00e9tica.<\/p>\n\n\n\n<h2 class=\"wp-block-heading\">Qual o clima e local ideais para o cultivo do manjeric\u00e3o?<\/h2>\n\n\n\n<p>O manjeric\u00e3o prefere climas quentes e ensolarados. Cresce melhor em temperaturas entre 20\u202f\u00b0C e 30\u202f\u00b0C, sendo bastante sens\u00edvel ao frio e \u00e0 geada. \u00c9 essencial que receba pelo menos 4 a 6 horas de sol direto por dia. Pode ser cultivado tanto em hortas no solo quanto em vasos, desde que o local seja bem iluminado e protegido de ventos fortes. Em regi\u00f5es com clima inst\u00e1vel, \u00e9 poss\u00edvel cultiv\u00e1-lo em vasos para facilitar o manejo.<\/p>\n\n\n\n<h2 class=\"wp-block-heading\">Qual o melhor tipo de solo para o manjeric\u00e3o?<\/h2>\n\n\n\n<p>O solo ideal \u00e9 leve, f\u00e9rtil, bem drenado e rico em <a href=\"https:\/\/rehagro.com.br\/blog\/materia-organica-no-solo\/\" target=\"_blank\" rel=\"noreferrer noopener\">mat\u00e9ria org\u00e2nica<\/a>. A mistura pode ser composta por terra vegetal, areia grossa e composto org\u00e2nico, como h\u00famus de minhoca ou esterco curtido. O pH deve ser levemente \u00e1cido a neutro (entre 6,0 e 7,0). Em vasos, \u00e9 fundamental garantir que haja furos para escoamento da \u00e1gua e utilizar uma camada de drenagem no fundo, como pedriscos ou argila expandida.<\/p>\n\n\n\n<h2 class=\"wp-block-heading\">Como plantar manjeric\u00e3o corretamente?<\/h2>\n\n\n\n<p>O plantio pode ser feito por sementes ou mudas. As sementes devem ser espalhadas sobre o solo e cobertas com uma camada fina de terra. A germina\u00e7\u00e3o ocorre em cerca de 7 a 10 dias. J\u00e1 as mudas devem ser transplantadas quando tiverem de 4 a 6 folhas. Ao plantar, deixe um espa\u00e7amento de 20 a 30 cm entre as plantas para garantir boa circula\u00e7\u00e3o de ar. Ap\u00f3s o plantio, regue com cuidado e mantenha o solo sempre levemente \u00famido at\u00e9 o enraizamento completo.<\/p>\n\n\n\n<h2 class=\"wp-block-heading\">Como cuidar do manjeric\u00e3o no dia a dia?<\/h2>\n\n\n\n<p>O manjeric\u00e3o precisa de regas regulares, mas sem encharcar o solo. A frequ\u00eancia ideal varia entre duas a tr\u00eas vezes por semana, dependendo da temperatura e da umidade do ambiente. \u00c9 importante regar sempre a base da planta, evitando molhar as folhas, o que pode provocar doen\u00e7as. A planta tamb\u00e9m se beneficia de uma aduba\u00e7\u00e3o org\u00e2nica leve a cada 30 dias. Remover flores assim que surgirem ajuda a prolongar o ciclo vegetativo e melhorar o sabor das folhas.<\/p>\n\n\n\n<h2 class=\"wp-block-heading\">Quando e como fazer a poda do manjeric\u00e3o?<\/h2>\n\n\n\n<p>A poda \u00e9 essencial para estimular o crescimento e manter a planta produtiva. Quando o manjeric\u00e3o atinge cerca de 20 cm, \u00e9 poss\u00edvel come\u00e7ar a cortar as pontas dos ramos para incentivar a ramifica\u00e7\u00e3o. A poda deve ser feita sempre acima de um par de folhas. \u00c9 importante n\u00e3o colher mais de um ter\u00e7o da planta de uma s\u00f3 vez. Al\u00e9m disso, podas regulares ajudam a evitar que a planta flores\u00e7a precocemente, o que diminui a qualidade do sabor das folhas.<\/p>\n\n\n<div class=\"wp-block-image\">\n<figure class=\"aligncenter size-large\"><img loading=\"lazy\" decoding=\"async\" width=\"1024\" height=\"576\" src=\"https:\/\/www.em.com.br\/emfoco\/wp-content\/uploads\/2025\/05\/manjericao_1746540005561-1024x576.jpg\" alt=\"\" class=\"wp-image-44874\" srcset=\"https:\/\/www.em.com.br\/emfoco\/wp-content\/uploads\/2025\/05\/manjericao_1746540005561-1024x576.jpg 1024w, https:\/\/www.em.com.br\/emfoco\/wp-content\/uploads\/2025\/05\/manjericao_1746540005561-300x169.jpg 300w, https:\/\/www.em.com.br\/emfoco\/wp-content\/uploads\/2025\/05\/manjericao_1746540005561-768x432.jpg 768w, https:\/\/www.em.com.br\/emfoco\/wp-content\/uploads\/2025\/05\/manjericao_1746540005561-750x422.jpg 750w, https:\/\/www.em.com.br\/emfoco\/wp-content\/uploads\/2025\/05\/manjericao_1746540005561-1140x641.jpg 1140w, https:\/\/www.em.com.br\/emfoco\/wp-content\/uploads\/2025\/05\/manjericao_1746540005561.jpg 1280w\" sizes=\"auto, (max-width: 1024px) 100vw, 1024px\" \/><figcaption class=\"wp-element-caption\">Manjeric\u00e3o &#8211; Cr\u00e9ditos: depositphotos.com \/ Mahara<\/figcaption><\/figure><\/div>\n\n\n<h2 class=\"wp-block-heading\">O manjeric\u00e3o precisa de aduba\u00e7\u00e3o frequente?<\/h2>\n\n\n\n<p>Embora n\u00e3o seja exigente, o manjeric\u00e3o responde bem a uma nutri\u00e7\u00e3o equilibrada. O uso de compostos org\u00e2nicos, como h\u00famus de minhoca ou farinha de ossos, a cada 30 a 45 dias mant\u00e9m a planta vigorosa. Para quem cultiva em vasos, fertilizantes l\u00edquidos espec\u00edficos para ervas arom\u00e1ticas s\u00e3o uma boa op\u00e7\u00e3o. Deve-se evitar adubos com excesso de nitrog\u00eanio, que promovem crescimento exagerado com perda de sabor.<\/p>\n\n\n\n<h2 class=\"wp-block-heading\">\u00c9 poss\u00edvel cultivar manjeric\u00e3o dentro de casa?<\/h2>\n\n\n\n<p>Sim, desde que o ambiente receba bastante luz natural. Uma janela ensolarada, voltada para o norte ou leste, \u00e9 o local ideal. Caso a ilumina\u00e7\u00e3o natural n\u00e3o seja suficiente, \u00e9 poss\u00edvel utilizar l\u00e2mpadas de cultivo com espectro completo. A circula\u00e7\u00e3o de ar \u00e9 importante para evitar o ac\u00famulo de umidade nas folhas. Em ambientes fechados, \u00e9 preciso monitorar com mais aten\u00e7\u00e3o a rega e a ventila\u00e7\u00e3o para prevenir fungos e pragas.<\/p>\n\n\n\n<h2 class=\"wp-block-heading\">Quais pragas e doen\u00e7as mais afetam o manjeric\u00e3o?<\/h2>\n\n\n\n<p>As pragas mais comuns s\u00e3o pulg\u00f5es, \u00e1caros e lagartas. Essas pragas podem ser controladas com solu\u00e7\u00f5es caseiras, como sab\u00e3o neutro dilu\u00eddo ou \u00f3leo de neem. O manjeric\u00e3o tamb\u00e9m pode sofrer com o\u00eddio, um fungo que causa manchas brancas nas folhas. Para prevenir doen\u00e7as, \u00e9 essencial evitar molhar as folhas, manter o espa\u00e7amento adequado entre as plantas e fazer podas regulares. O uso de fungicidas naturais tamb\u00e9m \u00e9 uma op\u00e7\u00e3o segura.<\/p>\n\n\n\n<h2 class=\"wp-block-heading\">Como colher e conservar o manjeric\u00e3o?<\/h2>\n\n\n\n<p>A colheita pode come\u00e7ar cerca de 40 a 60 dias ap\u00f3s o plantio. As folhas devem ser retiradas com tesoura ou com a m\u00e3o, sempre de forma cuidadosa. \u00c9 melhor colher pela manh\u00e3, quando os \u00f3leos essenciais est\u00e3o mais concentrados. O manjeric\u00e3o pode ser utilizado fresco ou conservado por secagem e congelamento. Para secar, pendure os ramos em local seco e escuro por cerca de uma semana. Para congelar, lave as folhas, seque bem e armazene em potes ou bandejas de gelo com azeite.<\/p>\n\n\n\n<h2 class=\"wp-block-heading\">FAQ<\/h2>\n\n\n\n<p><strong>Quanto tempo leva para o manjeric\u00e3o crescer?<\/strong><br>Em cerca de 40 a 60 dias ap\u00f3s o plantio \u00e9 poss\u00edvel iniciar a colheita das folhas.<\/p>\n\n\n\n<p><strong>Posso plantar manjeric\u00e3o o ano inteiro?<\/strong><br>Sim, em regi\u00f5es de clima quente. Em locais com inverno rigoroso, o cultivo deve ser feito na primavera e ver\u00e3o.<\/p>\n\n\n\n<p><strong>Manjeric\u00e3o precisa de muito sol?<\/strong><br>Sim. A planta necessita de 4 a 6 horas de luz solar direta por dia.<\/p>\n\n\n\n<p><strong>Como evitar que o manjeric\u00e3o flores\u00e7a?<\/strong><br>Fa\u00e7a podas regulares, retirando os brotos florais assim que aparecerem.<\/p>\n\n\n\n<p><strong>Posso cultivar manjeric\u00e3o em vasos pequenos?<\/strong><br>Sim, mas o vaso deve ter pelo menos 20 cm de profundidade e boa drenagem.<\/p>\n","protected":false},"excerpt":{"rendered":"<p>O manjeric\u00e3o \u00e9 uma das ervas arom\u00e1ticas mais cultivadas no mundo, sendo um ingrediente essencial em diversas receitas da culin\u00e1ria mediterr\u00e2nea, especialmente molhos, saladas e massas. Seu aroma intenso, sabor refrescante e folhas vibrantes tornam o manjeric\u00e3o n\u00e3o apenas uma planta \u00fatil na cozinha, mas tamb\u00e9m uma excelente escolha ornamental para vasos e jardins. Plantar [&hellip;]<\/p>\n","protected":false},"author":9,"featured_media":39741,"comment_status":"open","ping_status":"open","sticky":false,"template":"","format":"standard","meta":{"jnews-multi-image_gallery":[],"jnews_single_post":{"format":"standard"},"jnews_primary_category":[],"jnews_social_meta":[],"jnews_override_counter":[],"footnotes":""},"categories":[29],"tags":[8361,6785,3818,5456],"class_list":["post-73523","post","type-post","status-publish","format-standard","has-post-thumbnail","hentry","category-entretenimento","tag-como-plantar-manjericao","tag-ervas-aromaticas","tag-horta-caseira","tag-manjericao"],"yoast_head":"<!-- This site is optimized with the Yoast SEO plugin v23.8 - https:\/\/yoast.com\/wordpress\/plugins\/seo\/ -->\n<title>Aprenda a plantar uma erva que purifica o ar e traz benef\u00edcios para o cora\u00e7\u00e3o<\/title>\n<meta name=\"description\" content=\"Aprenda a cultivar uma erva arom\u00e1tica que fortalece a imunidade, melhora a digest\u00e3o e cresce f\u00e1cil at\u00e9 em vasos com sol direto.\" \/>\n<meta name=\"robots\" content=\"index, follow, max-snippet:-1, max-image-preview:large, max-video-preview:-1\" \/>\n<link rel=\"canonical\" href=\"https:\/\/www.em.com.br\/emfoco\/2025\/07\/10\/aprenda-a-plantar-uma-erva-que-purifica-o-ar-e-traz-beneficios-para-o-coracao\/\" \/>\n<meta property=\"og:locale\" content=\"pt_BR\" \/>\n<meta property=\"og:type\" content=\"article\" \/>\n<meta property=\"og:title\" content=\"Aprenda a plantar uma erva que purifica o ar e traz benef\u00edcios para o cora\u00e7\u00e3o\" \/>\n<meta property=\"og:description\" content=\"Aprenda a cultivar uma erva arom\u00e1tica que fortalece a imunidade, melhora a digest\u00e3o e cresce f\u00e1cil at\u00e9 em vasos com sol direto.\" \/>\n<meta property=\"og:url\" content=\"https:\/\/www.em.com.br\/emfoco\/2025\/07\/10\/aprenda-a-plantar-uma-erva-que-purifica-o-ar-e-traz-beneficios-para-o-coracao\/\" \/>\n<meta property=\"og:site_name\" content=\"Estado de Minas - Em foco\" \/>\n<meta property=\"article:published_time\" content=\"2025-07-11T01:48:00+00:00\" \/>\n<meta property=\"article:modified_time\" content=\"2025-07-09T21:26:55+00:00\" \/>\n<meta property=\"og:image\" content=\"https:\/\/www.em.com.br\/emfoco\/wp-content\/uploads\/2025\/04\/Manjericao-_1745018681168.jpg\" \/>\n\t<meta property=\"og:image:width\" content=\"1280\" \/>\n\t<meta property=\"og:image:height\" content=\"720\" \/>\n\t<meta property=\"og:image:type\" content=\"image\/jpeg\" \/>\n<meta name=\"author\" content=\"Daniely Cardoso\" \/>\n<meta name=\"twitter:card\" content=\"summary_large_image\" \/>\n<meta name=\"twitter:label1\" content=\"Escrito por\" \/>\n\t<meta name=\"twitter:data1\" content=\"Daniely Cardoso\" \/>\n\t<meta name=\"twitter:label2\" content=\"Est. tempo de leitura\" \/>\n\t<meta name=\"twitter:data2\" content=\"6 minutos\" \/>\n<!-- \/ Yoast SEO plugin. -->","yoast_head_json":{"title":"Aprenda a plantar uma erva que purifica o ar e traz benef\u00edcios para o cora\u00e7\u00e3o","description":"Aprenda a cultivar uma erva arom\u00e1tica que fortalece a imunidade, melhora a digest\u00e3o e cresce f\u00e1cil at\u00e9 em vasos com sol direto.","robots":{"index":"index","follow":"follow","max-snippet":"max-snippet:-1","max-image-preview":"max-image-preview:large","max-video-preview":"max-video-preview:-1"},"canonical":"https:\/\/www.em.com.br\/emfoco\/2025\/07\/10\/aprenda-a-plantar-uma-erva-que-purifica-o-ar-e-traz-beneficios-para-o-coracao\/","og_locale":"pt_BR","og_type":"article","og_title":"Aprenda a plantar uma erva que purifica o ar e traz benef\u00edcios para o cora\u00e7\u00e3o","og_description":"Aprenda a cultivar uma erva arom\u00e1tica que fortalece a imunidade, melhora a digest\u00e3o e cresce f\u00e1cil at\u00e9 em vasos com sol direto.","og_url":"https:\/\/www.em.com.br\/emfoco\/2025\/07\/10\/aprenda-a-plantar-uma-erva-que-purifica-o-ar-e-traz-beneficios-para-o-coracao\/","og_site_name":"Estado de Minas - Em foco","article_published_time":"2025-07-11T01:48:00+00:00","article_modified_time":"2025-07-09T21:26:55+00:00","og_image":[{"width":1280,"height":720,"url":"https:\/\/www.em.com.br\/emfoco\/wp-content\/uploads\/2025\/04\/Manjericao-_1745018681168.jpg","type":"image\/jpeg"}],"author":"Daniely Cardoso","twitter_card":"summary_large_image","twitter_misc":{"Escrito por":"Daniely Cardoso","Est. tempo de leitura":"6 minutos"},"schema":{"@context":"https:\/\/schema.org","@graph":[{"@type":"WebPage","@id":"https:\/\/www.em.com.br\/emfoco\/2025\/07\/10\/aprenda-a-plantar-uma-erva-que-purifica-o-ar-e-traz-beneficios-para-o-coracao\/","url":"https:\/\/www.em.com.br\/emfoco\/2025\/07\/10\/aprenda-a-plantar-uma-erva-que-purifica-o-ar-e-traz-beneficios-para-o-coracao\/","name":"Aprenda a plantar uma erva que purifica o ar e traz benef\u00edcios para o cora\u00e7\u00e3o","isPartOf":{"@id":"https:\/\/www.em.com.br\/emfoco\/#website"},"primaryImageOfPage":{"@id":"https:\/\/www.em.com.br\/emfoco\/2025\/07\/10\/aprenda-a-plantar-uma-erva-que-purifica-o-ar-e-traz-beneficios-para-o-coracao\/#primaryimage"},"image":{"@id":"https:\/\/www.em.com.br\/emfoco\/2025\/07\/10\/aprenda-a-plantar-uma-erva-que-purifica-o-ar-e-traz-beneficios-para-o-coracao\/#primaryimage"},"thumbnailUrl":"https:\/\/www.em.com.br\/emfoco\/wp-content\/uploads\/2025\/04\/Manjericao-_1745018681168.jpg","datePublished":"2025-07-11T01:48:00+00:00","dateModified":"2025-07-09T21:26:55+00:00","author":{"@id":"https:\/\/www.em.com.br\/emfoco\/#\/schema\/person\/0a8186d72f2c3a5c6276d90b41f271a0"},"description":"Aprenda a cultivar uma erva arom\u00e1tica que fortalece a imunidade, melhora a digest\u00e3o e cresce f\u00e1cil at\u00e9 em vasos com sol direto.","breadcrumb":{"@id":"https:\/\/www.em.com.br\/emfoco\/2025\/07\/10\/aprenda-a-plantar-uma-erva-que-purifica-o-ar-e-traz-beneficios-para-o-coracao\/#breadcrumb"},"inLanguage":"pt-BR","potentialAction":[{"@type":"ReadAction","target":["https:\/\/www.em.com.br\/emfoco\/2025\/07\/10\/aprenda-a-plantar-uma-erva-que-purifica-o-ar-e-traz-beneficios-para-o-coracao\/"]}]},{"@type":"ImageObject","inLanguage":"pt-BR","@id":"https:\/\/www.em.com.br\/emfoco\/2025\/07\/10\/aprenda-a-plantar-uma-erva-que-purifica-o-ar-e-traz-beneficios-para-o-coracao\/#primaryimage","url":"https:\/\/www.em.com.br\/emfoco\/wp-content\/uploads\/2025\/04\/Manjericao-_1745018681168.jpg","contentUrl":"https:\/\/www.em.com.br\/emfoco\/wp-content\/uploads\/2025\/04\/Manjericao-_1745018681168.jpg","width":1280,"height":720,"caption":"Manjeric\u00e3o - Cr\u00e9ditos: depositphotos.com \/ serezniy"},{"@type":"BreadcrumbList","@id":"https:\/\/www.em.com.br\/emfoco\/2025\/07\/10\/aprenda-a-plantar-uma-erva-que-purifica-o-ar-e-traz-beneficios-para-o-coracao\/#breadcrumb","itemListElement":[{"@type":"ListItem","position":1,"name":"In\u00edcio","item":"https:\/\/www.em.com.br\/emfoco\/"},{"@type":"ListItem","position":2,"name":"Aprenda a plantar uma erva que purifica o ar e traz benef\u00edcios para o cora\u00e7\u00e3o"}]},{"@type":"WebSite","@id":"https:\/\/www.em.com.br\/emfoco\/#website","url":"https:\/\/www.em.com.br\/emfoco\/","name":"Estado de Minas - Em foco","description":"Acompanhe as \u00faltimas not\u00edcias e fique bem informado sobre tudo o que acontece em Minas Gerais, Brasil e no mundo.","potentialAction":[{"@type":"SearchAction","target":{"@type":"EntryPoint","urlTemplate":"https:\/\/www.em.com.br\/emfoco\/?s={search_term_string}"},"query-input":{"@type":"PropertyValueSpecification","valueRequired":true,"valueName":"search_term_string"}}],"inLanguage":"pt-BR"},{"@type":"Person","@id":"https:\/\/www.em.com.br\/emfoco\/#\/schema\/person\/0a8186d72f2c3a5c6276d90b41f271a0","name":"Daniely Cardoso","image":{"@type":"ImageObject","inLanguage":"pt-BR","@id":"https:\/\/www.em.com.br\/emfoco\/#\/schema\/person\/image\/","url":"https:\/\/secure.gravatar.com\/avatar\/4b80ddbd124d1f071b626d52d62e5dff?s=96&d=mm&r=g","contentUrl":"https:\/\/secure.gravatar.com\/avatar\/4b80ddbd124d1f071b626d52d62e5dff?s=96&d=mm&r=g","caption":"Daniely Cardoso"},"url":"https:\/\/www.em.com.br\/emfoco\/author\/danielymyth\/"}]}},"_links":{"self":[{"href":"https:\/\/www.em.com.br\/emfoco\/wp-json\/wp\/v2\/posts\/73523","targetHints":{"allow":["GET"]}}],"collection":[{"href":"https:\/\/www.em.com.br\/emfoco\/wp-json\/wp\/v2\/posts"}],"about":[{"href":"https:\/\/www.em.com.br\/emfoco\/wp-json\/wp\/v2\/types\/post"}],"author":[{"embeddable":true,"href":"https:\/\/www.em.com.br\/emfoco\/wp-json\/wp\/v2\/users\/9"}],"replies":[{"embeddable":true,"href":"https:\/\/www.em.com.br\/emfoco\/wp-json\/wp\/v2\/comments?post=73523"}],"version-history":[{"count":3,"href":"https:\/\/www.em.com.br\/emfoco\/wp-json\/wp\/v2\/posts\/73523\/revisions"}],"predecessor-version":[{"id":73547,"href":"https:\/\/www.em.com.br\/emfoco\/wp-json\/wp\/v2\/posts\/73523\/revisions\/73547"}],"wp:featuredmedia":[{"embeddable":true,"href":"https:\/\/www.em.com.br\/emfoco\/wp-json\/wp\/v2\/media\/39741"}],"wp:attachment":[{"href":"https:\/\/www.em.com.br\/emfoco\/wp-json\/wp\/v2\/media?parent=73523"}],"wp:term":[{"taxonomy":"category","embeddable":true,"href":"https:\/\/www.em.com.br\/emfoco\/wp-json\/wp\/v2\/categories?post=73523"},{"taxonomy":"post_tag","embeddable":true,"href":"https:\/\/www.em.com.br\/emfoco\/wp-json\/wp\/v2\/tags?post=73523"}],"curies":[{"name":"wp","href":"https:\/\/api.w.org\/{rel}","templated":true}]}}