{"id":73505,"date":"2025-07-12T13:28:00","date_gmt":"2025-07-12T16:28:00","guid":{"rendered":"https:\/\/www.em.com.br\/emfoco\/?p=73505"},"modified":"2025-07-11T19:35:15","modified_gmt":"2025-07-11T22:35:15","slug":"veiculos-hibridos-se-consolidam-no-brasil-e-ganham-forca-entre-os-consumidores-conheca-os-modelos-mais-vendidos-em-2025","status":"publish","type":"post","link":"https:\/\/www.em.com.br\/emfoco\/2025\/07\/12\/veiculos-hibridos-se-consolidam-no-brasil-e-ganham-forca-entre-os-consumidores-conheca-os-modelos-mais-vendidos-em-2025\/","title":{"rendered":"Ve\u00edculos h\u00edbridos se consolidam no Brasil e ganham for\u00e7a entre os consumidores! Conhe\u00e7a os modelos mais vendidos em 2025"},"content":{"rendered":"\n<p>O mercado de ve\u00edculos no <strong>Brasil <\/strong>tem passado por transforma\u00e7\u00f5es consider\u00e1veis nos \u00faltimos anos, com uma crescente demanda por op\u00e7\u00f5es mais sustent\u00e1veis e eficientes. Em 2025, a evolu\u00e7\u00e3o no setor automotivo \u00e9 vis\u00edvel, principalmente com o aumento das vendas de carros h\u00edbridos, que oferecem uma mescla de tecnologia el\u00e9trica com motores a combust\u00e3o mais tradicionais. Essa tend\u00eancia n\u00e3o s\u00f3 responde a um desejo do consumidor por maior efici\u00eancia, mas tamb\u00e9m atende regulamenta\u00e7\u00f5es ambientais mais r\u00edgidas.<\/p>\n\n\n\n<p>Marcas chinesas, como <strong>BYD <\/strong>e <strong>GWM<\/strong>, t\u00eam se destacado com uma presen\u00e7a significativa no mercado de autom\u00f3veis h\u00edbridos. Esses fabricantes apresentaram uma gama diversificada de modelos, que rapidamente conquistaram a prefer\u00eancia dos consumidores brasileiros, acompanhando a tend\u00eancia global de eletrifica\u00e7\u00e3o dos ve\u00edculos. A competitividade de pre\u00e7os, aliada a uma tecnologia avan\u00e7ada, posicionou essas marcas como l\u00edderes em vendas no pa\u00eds. Al\u00e9m disso, fabricantes como a <strong><a href=\"https:\/\/www.toyota.com.br\/\" target=\"_blank\" rel=\"noreferrer noopener\">Toyota<\/a> <\/strong>e a <strong>Kia <\/strong>continuam investindo em atualiza\u00e7\u00f5es tecnol\u00f3gicas para ampliar sua participa\u00e7\u00e3o no segmento h\u00edbrido nacional.<\/p>\n\n\n\n<h2 class=\"wp-block-heading\">Como os carros h\u00edbridos est\u00e3o impactando o mercado brasileiro?<\/h2>\n\n\n\n<p><strong>A tecnologia h\u00edbrida est\u00e1 redefinindo o mercado ao trazer alternativas mais eficientes e menos poluentes para os consumidores brasileiros.<\/strong> A tecnologia h\u00edbrida compreende diferentes tipos de sistemas, que v\u00e3o desde <strong>h\u00edbridos leves (MHEV)<\/strong> aos <em>h\u00edbridos plug-in (PHEV)<\/em>. Os modelos h\u00edbridos leves s\u00e3o equipados com motores el\u00e9tricos que auxiliam o motor a combust\u00e3o, proporcionando melhor efici\u00eancia no consumo de combust\u00edvel. J\u00e1 os h\u00edbridos convencionais e plug-in permitem uma autonomia el\u00e9trica que pode ser significativa em cen\u00e1rios urbanos, onde a regenera\u00e7\u00e3o de energia durante as frenagens \u00e9 mais eficiente.<\/p>\n\n\n\n<p>Com o avan\u00e7o dessas tecnologias, v\u00e1rias montadoras lan\u00e7aram modelos h\u00edbridos a pre\u00e7os mais acess\u00edveis. O <strong><a href=\"https:\/\/www.em.com.br\/emfoco\/2025\/07\/06\/novo-byd-king-gs-chega-ao-brasil-com-autonomia-de-mais-de-1000-km-e-promete-desbancar-corolla-hybrid\/\" target=\"_blank\" rel=\"noreferrer noopener\">BYD King GL<\/a><\/strong>, por exemplo, destaca-se por ser um dos h\u00edbridos plug-in mais baratos, oferecendo uma experi\u00eancia completa de eletrifica\u00e7\u00e3o a um pre\u00e7o competitivo. Modelos como o <strong>Toyota Corolla Hybrid<\/strong> e o <strong>Kia Niro HEV<\/strong> tamb\u00e9m fazem parte dessa tend\u00eancia, com uma combina\u00e7\u00e3o de efici\u00eancia de combust\u00edvel e desempenho. Novos incentivos fiscais podem acelerar ainda mais a acessibilidade a esses ve\u00edculos nos pr\u00f3ximos anos.<\/p>\n\n\n\n<figure class=\"wp-block-image size-large\"><img loading=\"lazy\" decoding=\"async\" width=\"1024\" height=\"576\" src=\"https:\/\/www.em.com.br\/emfoco\/wp-content\/uploads\/2025\/05\/electric-cars_1746712680305-1024x576.jpg\" alt=\"Carros h\u00edbridos plug-in dominam 2025 com economia e baixo consumo e energia\" class=\"wp-image-45631\" srcset=\"https:\/\/www.em.com.br\/emfoco\/wp-content\/uploads\/2025\/05\/electric-cars_1746712680305-1024x576.jpg 1024w, https:\/\/www.em.com.br\/emfoco\/wp-content\/uploads\/2025\/05\/electric-cars_1746712680305-300x169.jpg 300w, https:\/\/www.em.com.br\/emfoco\/wp-content\/uploads\/2025\/05\/electric-cars_1746712680305-768x432.jpg 768w, https:\/\/www.em.com.br\/emfoco\/wp-content\/uploads\/2025\/05\/electric-cars_1746712680305-750x422.jpg 750w, https:\/\/www.em.com.br\/emfoco\/wp-content\/uploads\/2025\/05\/electric-cars_1746712680305-1140x641.jpg 1140w, https:\/\/www.em.com.br\/emfoco\/wp-content\/uploads\/2025\/05\/electric-cars_1746712680305.jpg 1280w\" sizes=\"auto, (max-width: 1024px) 100vw, 1024px\" \/><figcaption class=\"wp-element-caption\">Carro h\u00edbrido carregando &#8211; Cr\u00e9ditos: depositphotos.com \/ zenjung<\/figcaption><\/figure>\n\n\n\n<h2 class=\"wp-block-heading\">Quais s\u00e3o os carros h\u00edbridos mais vendidos em 2025?<\/h2>\n\n\n\n<p><strong>Em 2025, os carros h\u00edbridos mais vendidos incluem os modelos da BYD, como o Song e o King, al\u00e9m dos h\u00edbridos leves da Fiat Fastback e Pulse.<\/strong> Em 2025, a prefer\u00eancia do consumidor brasileiro por carros h\u00edbridos \u00e9 evidente. Ao lado dos modelos da BYD, como o Song e o King, modelos da Fiat tamb\u00e9m marcam presen\u00e7a significativa no mercado com seus h\u00edbridos leves, como o Fastback e o Pulse. Esses carros se destacam pela integra\u00e7\u00e3o avan\u00e7ada de sistemas h\u00edbridos, que resulta em maior economia e menor impacto ambiental. Marcas como a Toyota tamb\u00e9m mant\u00eam posi\u00e7\u00e3o relevante, reafirmando a consolida\u00e7\u00e3o da eletrifica\u00e7\u00e3o no pa\u00eds.<\/p>\n\n\n\n<p>As vendas n\u00e3o s\u00e3o apenas motivadas por quest\u00f5es econ\u00f4micas. A constante evolu\u00e7\u00e3o da tecnologia e a infraestrutura de suporte, como mais esta\u00e7\u00f5es de carregamento para ve\u00edculos plug-in, encorajam a ado\u00e7\u00e3o de carros h\u00edbridos e el\u00e9tricos. Esses modelos atendem ao desejo dos consumidores por um transporte mais ecologicamente correto, sem sacrificar a praticidade ou a confiabilidade dos ve\u00edculos a combust\u00e3o interna.<\/p>\n\n\n\n<h2 class=\"wp-block-heading\">Est\u00e3o os carros h\u00edbridos a caminho de mudar o cen\u00e1rio automotivo no Brasil?<\/h2>\n\n\n\n<p><strong>Sim, os carros h\u00edbridos est\u00e3o mudando significativamente o cen\u00e1rio automotivo brasileiro e devem continuar em ascens\u00e3o nos pr\u00f3ximos anos.<\/strong> Os n\u00fameros de venda do primeiro semestre de 2025 deixam claro que os carros eletrificados est\u00e3o conquistando uma fatia crescente do mercado. Com quase 87 mil unidades vendidas, os h\u00edbridos correspondem a uma parcela significativa deste montante. Essa prefer\u00eancia \u00e9 influenciada n\u00e3o s\u00f3 pela inova\u00e7\u00e3o tecnol\u00f3gica, mas tamb\u00e9m pela capacidade desses ve\u00edculos de integrar-se de forma harmoniosa ao estilo de vida urbano moderno.<\/p>\n\n\n\n<p>A estrat\u00e9gia das fabricantes chinesas, com \u00eanfase em op\u00e7\u00f5es acess\u00edveis e eficientes, pressionou o mercado e fomentou uma competi\u00e7\u00e3o saud\u00e1vel que beneficia o consumidor final. A prolifera\u00e7\u00e3o dos h\u00edbridos leves da Fiat tamb\u00e9m n\u00e3o pode ser ignorada, j\u00e1 que essa abordagem oferece uma porta de entrada mais acess\u00edvel para a tecnologia h\u00edbrida. Combinando esses fatores, \u00e9 claro que os h\u00edbridos est\u00e3o prontos para continuar moldando o futuro automobil\u00edstico no Brasil.<\/p>\n","protected":false},"excerpt":{"rendered":"<p>O mercado de ve\u00edculos no Brasil tem passado por transforma\u00e7\u00f5es consider\u00e1veis nos \u00faltimos anos, com uma crescente demanda por op\u00e7\u00f5es mais sustent\u00e1veis e eficientes. Em 2025, a evolu\u00e7\u00e3o no setor automotivo \u00e9 vis\u00edvel, principalmente com o aumento das vendas de carros h\u00edbridos, que oferecem uma mescla de tecnologia el\u00e9trica com motores a combust\u00e3o mais tradicionais. [&hellip;]<\/p>\n","protected":false},"author":13,"featured_media":45633,"comment_status":"open","ping_status":"open","sticky":false,"template":"","format":"standard","meta":{"jnews-multi-image_gallery":[],"jnews_single_post":{"format":"standard"},"jnews_primary_category":[],"jnews_social_meta":[],"jnews_override_counter":[],"footnotes":""},"categories":[27,1],"tags":[2044,2001,325,1160],"class_list":["post-73505","post","type-post","status-publish","format-standard","has-post-thumbnail","hentry","category-carros","category-noticias","tag-byd","tag-carros-hibridos","tag-sustentabilidade","tag-veiculos-eletricos"],"yoast_head":"<!-- This site is optimized with the Yoast SEO plugin v23.8 - https:\/\/yoast.com\/wordpress\/plugins\/seo\/ -->\n<title>Ve\u00edculos h\u00edbridos se consolidam no Brasil e ganham for\u00e7a entre os consumidores! Conhe\u00e7a os modelos mais vendidos em 2025 - Estado de Minas - Em foco<\/title>\n<meta name=\"description\" content=\"Com mais de 87 mil unidades vendidas, os h\u00edbridos lideram a transforma\u00e7\u00e3o do mercado automotivo no Brasil em 2025.\" \/>\n<meta name=\"robots\" content=\"index, follow, max-snippet:-1, max-image-preview:large, max-video-preview:-1\" \/>\n<link rel=\"canonical\" href=\"https:\/\/www.em.com.br\/emfoco\/2025\/07\/12\/veiculos-hibridos-se-consolidam-no-brasil-e-ganham-forca-entre-os-consumidores-conheca-os-modelos-mais-vendidos-em-2025\/\" \/>\n<meta property=\"og:locale\" content=\"pt_BR\" \/>\n<meta property=\"og:type\" content=\"article\" \/>\n<meta property=\"og:title\" content=\"Ve\u00edculos h\u00edbridos se consolidam no Brasil e ganham for\u00e7a entre os consumidores! Conhe\u00e7a os modelos mais vendidos em 2025 - Estado de Minas - Em foco\" \/>\n<meta property=\"og:description\" content=\"Com mais de 87 mil unidades vendidas, os h\u00edbridos lideram a transforma\u00e7\u00e3o do mercado automotivo no Brasil em 2025.\" \/>\n<meta property=\"og:url\" content=\"https:\/\/www.em.com.br\/emfoco\/2025\/07\/12\/veiculos-hibridos-se-consolidam-no-brasil-e-ganham-forca-entre-os-consumidores-conheca-os-modelos-mais-vendidos-em-2025\/\" \/>\n<meta property=\"og:site_name\" content=\"Estado de Minas - Em foco\" \/>\n<meta property=\"article:published_time\" content=\"2025-07-12T16:28:00+00:00\" \/>\n<meta property=\"article:modified_time\" content=\"2025-07-11T22:35:15+00:00\" \/>\n<meta property=\"og:image\" content=\"https:\/\/www.em.com.br\/emfoco\/wp-content\/uploads\/2025\/05\/hybrid-cars_1746712738367.jpg\" \/>\n\t<meta property=\"og:image:width\" content=\"1280\" \/>\n\t<meta property=\"og:image:height\" content=\"720\" \/>\n\t<meta property=\"og:image:type\" content=\"image\/jpeg\" \/>\n<meta name=\"author\" content=\"Gabriel Martins\" \/>\n<meta name=\"twitter:card\" content=\"summary_large_image\" \/>\n<meta name=\"twitter:label1\" content=\"Escrito por\" \/>\n\t<meta name=\"twitter:data1\" content=\"Gabriel Martins\" \/>\n\t<meta name=\"twitter:label2\" content=\"Est. tempo de leitura\" \/>\n\t<meta name=\"twitter:data2\" content=\"5 minutos\" \/>\n<!-- \/ Yoast SEO plugin. -->","yoast_head_json":{"title":"Ve\u00edculos h\u00edbridos se consolidam no Brasil e ganham for\u00e7a entre os consumidores! Conhe\u00e7a os modelos mais vendidos em 2025 - Estado de Minas - Em foco","description":"Com mais de 87 mil unidades vendidas, os h\u00edbridos lideram a transforma\u00e7\u00e3o do mercado automotivo no Brasil em 2025.","robots":{"index":"index","follow":"follow","max-snippet":"max-snippet:-1","max-image-preview":"max-image-preview:large","max-video-preview":"max-video-preview:-1"},"canonical":"https:\/\/www.em.com.br\/emfoco\/2025\/07\/12\/veiculos-hibridos-se-consolidam-no-brasil-e-ganham-forca-entre-os-consumidores-conheca-os-modelos-mais-vendidos-em-2025\/","og_locale":"pt_BR","og_type":"article","og_title":"Ve\u00edculos h\u00edbridos se consolidam no Brasil e ganham for\u00e7a entre os consumidores! Conhe\u00e7a os modelos mais vendidos em 2025 - Estado de Minas - Em foco","og_description":"Com mais de 87 mil unidades vendidas, os h\u00edbridos lideram a transforma\u00e7\u00e3o do mercado automotivo no Brasil em 2025.","og_url":"https:\/\/www.em.com.br\/emfoco\/2025\/07\/12\/veiculos-hibridos-se-consolidam-no-brasil-e-ganham-forca-entre-os-consumidores-conheca-os-modelos-mais-vendidos-em-2025\/","og_site_name":"Estado de Minas - Em foco","article_published_time":"2025-07-12T16:28:00+00:00","article_modified_time":"2025-07-11T22:35:15+00:00","og_image":[{"width":1280,"height":720,"url":"https:\/\/www.em.com.br\/emfoco\/wp-content\/uploads\/2025\/05\/hybrid-cars_1746712738367.jpg","type":"image\/jpeg"}],"author":"Gabriel Martins","twitter_card":"summary_large_image","twitter_misc":{"Escrito por":"Gabriel Martins","Est. tempo de leitura":"5 minutos"},"schema":{"@context":"https:\/\/schema.org","@graph":[{"@type":"WebPage","@id":"https:\/\/www.em.com.br\/emfoco\/2025\/07\/12\/veiculos-hibridos-se-consolidam-no-brasil-e-ganham-forca-entre-os-consumidores-conheca-os-modelos-mais-vendidos-em-2025\/","url":"https:\/\/www.em.com.br\/emfoco\/2025\/07\/12\/veiculos-hibridos-se-consolidam-no-brasil-e-ganham-forca-entre-os-consumidores-conheca-os-modelos-mais-vendidos-em-2025\/","name":"Ve\u00edculos h\u00edbridos se consolidam no Brasil e ganham for\u00e7a entre os consumidores! Conhe\u00e7a os modelos mais vendidos em 2025 - Estado de Minas - Em foco","isPartOf":{"@id":"https:\/\/www.em.com.br\/emfoco\/#website"},"primaryImageOfPage":{"@id":"https:\/\/www.em.com.br\/emfoco\/2025\/07\/12\/veiculos-hibridos-se-consolidam-no-brasil-e-ganham-forca-entre-os-consumidores-conheca-os-modelos-mais-vendidos-em-2025\/#primaryimage"},"image":{"@id":"https:\/\/www.em.com.br\/emfoco\/2025\/07\/12\/veiculos-hibridos-se-consolidam-no-brasil-e-ganham-forca-entre-os-consumidores-conheca-os-modelos-mais-vendidos-em-2025\/#primaryimage"},"thumbnailUrl":"https:\/\/www.em.com.br\/emfoco\/wp-content\/uploads\/2025\/05\/hybrid-cars_1746712738367.jpg","datePublished":"2025-07-12T16:28:00+00:00","dateModified":"2025-07-11T22:35:15+00:00","author":{"@id":"https:\/\/www.em.com.br\/emfoco\/#\/schema\/person\/1c9ddeab18b98abeffef834667bcf08a"},"description":"Com mais de 87 mil unidades vendidas, os h\u00edbridos lideram a transforma\u00e7\u00e3o do mercado automotivo no Brasil em 2025.","breadcrumb":{"@id":"https:\/\/www.em.com.br\/emfoco\/2025\/07\/12\/veiculos-hibridos-se-consolidam-no-brasil-e-ganham-forca-entre-os-consumidores-conheca-os-modelos-mais-vendidos-em-2025\/#breadcrumb"},"inLanguage":"pt-BR","potentialAction":[{"@type":"ReadAction","target":["https:\/\/www.em.com.br\/emfoco\/2025\/07\/12\/veiculos-hibridos-se-consolidam-no-brasil-e-ganham-forca-entre-os-consumidores-conheca-os-modelos-mais-vendidos-em-2025\/"]}]},{"@type":"ImageObject","inLanguage":"pt-BR","@id":"https:\/\/www.em.com.br\/emfoco\/2025\/07\/12\/veiculos-hibridos-se-consolidam-no-brasil-e-ganham-forca-entre-os-consumidores-conheca-os-modelos-mais-vendidos-em-2025\/#primaryimage","url":"https:\/\/www.em.com.br\/emfoco\/wp-content\/uploads\/2025\/05\/hybrid-cars_1746712738367.jpg","contentUrl":"https:\/\/www.em.com.br\/emfoco\/wp-content\/uploads\/2025\/05\/hybrid-cars_1746712738367.jpg","width":1280,"height":720,"caption":"Ve\u00edculo carregando - Cr\u00e9ditos: depositphotos.com \/ nenadovicphoto@gmail.com"},{"@type":"BreadcrumbList","@id":"https:\/\/www.em.com.br\/emfoco\/2025\/07\/12\/veiculos-hibridos-se-consolidam-no-brasil-e-ganham-forca-entre-os-consumidores-conheca-os-modelos-mais-vendidos-em-2025\/#breadcrumb","itemListElement":[{"@type":"ListItem","position":1,"name":"In\u00edcio","item":"https:\/\/www.em.com.br\/emfoco\/"},{"@type":"ListItem","position":2,"name":"Ve\u00edculos h\u00edbridos se consolidam no Brasil e ganham for\u00e7a entre os consumidores! Conhe\u00e7a os modelos mais vendidos em 2025"}]},{"@type":"WebSite","@id":"https:\/\/www.em.com.br\/emfoco\/#website","url":"https:\/\/www.em.com.br\/emfoco\/","name":"Estado de Minas - Em foco","description":"Acompanhe as \u00faltimas not\u00edcias e fique bem informado sobre tudo o que acontece em Minas Gerais, Brasil e no mundo.","potentialAction":[{"@type":"SearchAction","target":{"@type":"EntryPoint","urlTemplate":"https:\/\/www.em.com.br\/emfoco\/?s={search_term_string}"},"query-input":{"@type":"PropertyValueSpecification","valueRequired":true,"valueName":"search_term_string"}}],"inLanguage":"pt-BR"},{"@type":"Person","@id":"https:\/\/www.em.com.br\/emfoco\/#\/schema\/person\/1c9ddeab18b98abeffef834667bcf08a","name":"Gabriel Martins","image":{"@type":"ImageObject","inLanguage":"pt-BR","@id":"https:\/\/www.em.com.br\/emfoco\/#\/schema\/person\/image\/","url":"https:\/\/secure.gravatar.com\/avatar\/f0f1e2efdfd88f1ad2cb08c5c2731e50?s=96&d=mm&r=g","contentUrl":"https:\/\/secure.gravatar.com\/avatar\/f0f1e2efdfd88f1ad2cb08c5c2731e50?s=96&d=mm&r=g","caption":"Gabriel Martins"},"sameAs":["https:\/\/www.em.com.br\/emfoco\/"],"url":"https:\/\/www.em.com.br\/emfoco\/author\/gabrielmartinsmyth\/"}]}},"_links":{"self":[{"href":"https:\/\/www.em.com.br\/emfoco\/wp-json\/wp\/v2\/posts\/73505","targetHints":{"allow":["GET"]}}],"collection":[{"href":"https:\/\/www.em.com.br\/emfoco\/wp-json\/wp\/v2\/posts"}],"about":[{"href":"https:\/\/www.em.com.br\/emfoco\/wp-json\/wp\/v2\/types\/post"}],"author":[{"embeddable":true,"href":"https:\/\/www.em.com.br\/emfoco\/wp-json\/wp\/v2\/users\/13"}],"replies":[{"embeddable":true,"href":"https:\/\/www.em.com.br\/emfoco\/wp-json\/wp\/v2\/comments?post=73505"}],"version-history":[{"count":2,"href":"https:\/\/www.em.com.br\/emfoco\/wp-json\/wp\/v2\/posts\/73505\/revisions"}],"predecessor-version":[{"id":73520,"href":"https:\/\/www.em.com.br\/emfoco\/wp-json\/wp\/v2\/posts\/73505\/revisions\/73520"}],"wp:featuredmedia":[{"embeddable":true,"href":"https:\/\/www.em.com.br\/emfoco\/wp-json\/wp\/v2\/media\/45633"}],"wp:attachment":[{"href":"https:\/\/www.em.com.br\/emfoco\/wp-json\/wp\/v2\/media?parent=73505"}],"wp:term":[{"taxonomy":"category","embeddable":true,"href":"https:\/\/www.em.com.br\/emfoco\/wp-json\/wp\/v2\/categories?post=73505"},{"taxonomy":"post_tag","embeddable":true,"href":"https:\/\/www.em.com.br\/emfoco\/wp-json\/wp\/v2\/tags?post=73505"}],"curies":[{"name":"wp","href":"https:\/\/api.w.org\/{rel}","templated":true}]}}