{"id":73461,"date":"2025-07-10T15:38:48","date_gmt":"2025-07-10T18:38:48","guid":{"rendered":"https:\/\/www.em.com.br\/emfoco\/?p=73461"},"modified":"2025-07-09T18:22:24","modified_gmt":"2025-07-09T21:22:24","slug":"as-farinhas-queridinhas-da-nutricao-que-nao-tem-gluten","status":"publish","type":"post","link":"https:\/\/www.em.com.br\/emfoco\/2025\/07\/10\/as-farinhas-queridinhas-da-nutricao-que-nao-tem-gluten\/","title":{"rendered":"As farinhas queridinhas da nutri\u00e7\u00e3o que n\u00e3o t\u00eam gl\u00faten"},"content":{"rendered":"\n<p>No universo da alimenta\u00e7\u00e3o saud\u00e1vel, as&nbsp;<strong>farinhas sem gl\u00faten<\/strong>&nbsp;consolidaram espa\u00e7o entre pessoas que buscam qualidade alimentar ou sofrem com restri\u00e7\u00f5es ao gl\u00faten. Al\u00e9m de oferecerem novas possibilidades culin\u00e1rias, esses ingredientes ganham adeptos pela composi\u00e7\u00e3o nutricional.<\/p>\n\n\n\n<p>Entre os principais benef\u00edcios das\u00a0<strong>farinhas queridinhas da nutri\u00e7\u00e3o<\/strong>\u00a0destaca-se a diversidade de sabores, funcionalidade em receitas e aporte de nutrientes prezados em dietas equilibradas. Veja abaixo tr\u00eas pontos que merecem aten\u00e7\u00e3o neste artigo:<\/p>\n\n\n\n<ul class=\"wp-block-list\">\n<li>Diversidade de op\u00e7\u00f5es de farinhas sem gl\u00faten e seus benef\u00edcios espec\u00edficos<\/li>\n\n\n\n<li>Como utilizar farinhas alternativas no preparo de receitas do dia a dia<\/li>\n\n\n\n<li>Dicas para potencializar o uso dessas farinhas sem abrir m\u00e3o da sa\u00fade e do sabor<\/li>\n<\/ul>\n\n\n\n<h2 class=\"wp-block-heading\">O que diferencia as farinhas sem gl\u00faten?<\/h2>\n\n\n\n<p>As&nbsp;<strong>farinhas queridinhas da nutri\u00e7\u00e3o que n\u00e3o t\u00eam gl\u00faten<\/strong>&nbsp;destacam-se pela origem variada e por serem acess\u00edveis tanto para cel\u00edacos quanto para quem adota restri\u00e7\u00e3o volunt\u00e1ria ao gl\u00faten. Farinha de arroz, aveia sem gl\u00faten, am\u00eandoas, gr\u00e3o-de-bico e coco s\u00e3o exemplos presentes nas prateleiras e nas receitas.<\/p>\n\n\n\n<p>Essas alternativas n\u00e3o apenas substituem a farinha de trigo convencional: agregam perfis de sabor pr\u00f3prios e texturas distintas. Cada uma delas guarda propriedades nutricionais como teor de fibras, minerais e vitaminas, colaborando com uma dieta mais rica e variada.<\/p>\n\n\n<div class=\"wp-block-image\">\n<figure class=\"aligncenter size-large\"><img loading=\"lazy\" decoding=\"async\" width=\"1024\" height=\"576\" src=\"https:\/\/www.em.com.br\/emfoco\/wp-content\/uploads\/2025\/07\/Farinhas-saudaveis-1024x576.png\" alt=\"Farinhas saud\u00e1veis\" class=\"wp-image-73468\" srcset=\"https:\/\/www.em.com.br\/emfoco\/wp-content\/uploads\/2025\/07\/Farinhas-saudaveis-1024x576.png 1024w, https:\/\/www.em.com.br\/emfoco\/wp-content\/uploads\/2025\/07\/Farinhas-saudaveis-300x169.png 300w, https:\/\/www.em.com.br\/emfoco\/wp-content\/uploads\/2025\/07\/Farinhas-saudaveis-768x432.png 768w, https:\/\/www.em.com.br\/emfoco\/wp-content\/uploads\/2025\/07\/Farinhas-saudaveis-750x422.png 750w, https:\/\/www.em.com.br\/emfoco\/wp-content\/uploads\/2025\/07\/Farinhas-saudaveis-1140x641.png 1140w, https:\/\/www.em.com.br\/emfoco\/wp-content\/uploads\/2025\/07\/Farinhas-saudaveis.png 1280w\" sizes=\"auto, (max-width: 1024px) 100vw, 1024px\" \/><figcaption class=\"wp-element-caption\">Farinhas saud\u00e1veis &#8211; Cr\u00e9ditos: depositphotos.com \/ AntonMatyukha &#8211; Cr\u00e9ditos: depositphotos.com \/ lucidwaters<\/figcaption><\/figure><\/div>\n\n\n<h2 class=\"wp-block-heading\">Principais farinhas sem gl\u00faten: quais escolher na rotina?<\/h2>\n\n\n\n<p>A variedade de&nbsp;<strong>farinhas sem gl\u00faten<\/strong>&nbsp;permite m\u00faltiplas combina\u00e7\u00f5es em pratos doces e salgados. Conhecer as caracter\u00edsticas delas \u00e9 essencial para um aproveitamento correto. Na pr\u00e1tica, encontram-se facilmente:<\/p>\n\n\n\n<ul class=\"wp-block-list\">\n<li><strong>Farinha de arroz:<\/strong>&nbsp;popular por ser neutra e leve, ideal para bolos, p\u00e3es e massas.<\/li>\n\n\n\n<li><strong>Farinha de am\u00eandoas:<\/strong>&nbsp;possui gorduras saud\u00e1veis e textura \u00famida, bastante usada em tortas e biscoitos.<\/li>\n\n\n\n<li><strong>Farinha de gr\u00e3o-de-bico:<\/strong>&nbsp;fonte relevante de prote\u00ednas e fibras, vers\u00e1til em panquecas e p\u00e3es r\u00fasticos.<\/li>\n\n\n\n<li><strong>Farinha de coco:<\/strong>&nbsp;oferece sabor acentuado e auxilia na ingest\u00e3o de fibras.<\/li>\n\n\n\n<li><strong>Farinha de aveia sem gl\u00faten:<\/strong>&nbsp;contribui com betaglucanas e \u00e9 excelente para mingaus e bolinhos.<\/li>\n<\/ul>\n\n\n\n<p>Leia tamb\u00e9m: <a href=\"https:\/\/www.em.com.br\/emfoco\/2025\/07\/03\/esse-paozinho-de-tapioca-sem-gluten-vai-mudar-seus-lanches-para-sempre\/\" target=\"_blank\" rel=\"noreferrer noopener\">Esse p\u00e3ozinho de tapioca sem gl\u00faten vai mudar seus lanches para sempre<\/a><\/p>\n\n\n\n<h2 class=\"wp-block-heading\">Como acertar no uso das farinhas alternativas?<\/h2>\n\n\n\n<p>O preparo de receitas com&nbsp;<strong>farinhas sem gl\u00faten<\/strong>&nbsp;exige aten\u00e7\u00e3o \u00e0 propor\u00e7\u00e3o de l\u00edquidos e ao tipo de preparo. Por absorverem \u00e1gua de maneira diferente da farinha de trigo, ajustes s\u00e3o frequentes e necess\u00e1rios para alcan\u00e7ar a textura desejada.<\/p>\n\n\n\n<p>Uma dica r\u00e1pida: a mistura de duas ou mais farinhas potencializa o resultado final, tanto em sabor quanto em maciez dos alimentos. Para obter bolos fofos ou p\u00e3es consistentes, a combina\u00e7\u00e3o entre farinha de arroz e amido de milho, por exemplo, \u00e9 bastante eficiente.<\/p>\n\n\n\n<p>Quem busca ampliar o teor de prote\u00ednas nas receitas pode optar por incrementos com farinha de gr\u00e3o-de-bico, amaranto ou linha\u00e7a. Adaptar gradualmente receitas tradicionais e testar pequenas varia\u00e7\u00f5es garante transi\u00e7\u00f5es mais seguras sem grandes desperd\u00edcios.<\/p>\n\n\n\n<h2 class=\"wp-block-heading\">Vantagens nutricionais das farinhas queridinhas<\/h2>\n\n\n\n<p>Grande quantidade de&nbsp;<strong>farinhas alternativas sem gl\u00faten<\/strong>&nbsp;proporciona benef\u00edcios al\u00e9m da restri\u00e7\u00e3o ao gl\u00faten. Farinha de am\u00eandoas, por exemplo, \u00e9 fonte de vitamina E e minerais como magn\u00e9sio. Farinha de coco auxilia na sensa\u00e7\u00e3o de saciedade devido \u00e0 presen\u00e7a de fibras sol\u00faveis.<\/p>\n\n\n\n<p>Para p\u00fablicos espec\u00edficos, como diab\u00e9ticos ou quem busca dietas de baixo \u00edndice glic\u00eamico, vers\u00f5es feitas a partir de oleaginosas e leguminosas podem ser favor\u00e1veis. O consumo regular deve ser aliado ao acompanhamento profissional para ajustar quantidades e usos de acordo com o objetivo alimentar.<\/p>\n\n\n\n<p>Leia tamb\u00e9m: <a href=\"https:\/\/oglobo.globo.com\/saude\/noticia\/2024\/08\/31\/as-3-melhores-farinhas-sem-gluten-que-melhoram-a-digestao-e-fornecem-proteinas.ghtml\" target=\"_blank\" rel=\"noreferrer noopener\">As 3 farinhas sem gl\u00faten que melhoram a digest\u00e3o e fornecem prote\u00ednas<\/a><\/p>\n\n\n\n<h2 class=\"wp-block-heading\">Guia pr\u00e1tico das farinhas sem gl\u00faten para o dia a dia<\/h2>\n\n\n\n<ul class=\"wp-block-list\">\n<li>Farinha de arroz e amido de milho resultam em p\u00e3es leves e macios.<\/li>\n\n\n\n<li>Gr\u00e3o-de-bico e amaranto fornecem versatilidade para tortas salgadas e cookies proteicos.<\/li>\n\n\n\n<li>Rotacionar o uso das farinhas evita monotonia alimentar e expande o consumo de nutrientes diversos.<\/li>\n<\/ul>\n\n\n\n<p>Incorporar&nbsp;<strong>farinhas queridinhas da nutri\u00e7\u00e3o sem gl\u00faten<\/strong>&nbsp;\u00e9 uma abordagem interessante para quem valoriza sa\u00fade sem abrir m\u00e3o de sabor. Testar receitas progressivamente permite ajuste individual das combina\u00e7\u00f5es mais agrad\u00e1veis ao paladar.<\/p>\n\n\n\n<h2 class=\"wp-block-heading\">Inclus\u00e3o de farinhas sem gl\u00faten garante mais diversidade<\/h2>\n\n\n\n<ul class=\"wp-block-list\">\n<li>As principais farinhas sem gl\u00faten agregam variedade nutricional e ampliam possibilidades culin\u00e1rias no cotidiano.<\/li>\n\n\n\n<li>Combinar diferentes tipos garante melhor textura, sabor e contribui\u00e7\u00e3o de nutrientes nas prepara\u00e7\u00f5es.<\/li>\n\n\n\n<li>O uso consciente e balanceado dessas farinhas \u00e9 adequado para todos os p\u00fablicos e pode ser personalizado conforme necessidades espec\u00edficas.<\/li>\n<\/ul>\n","protected":false},"excerpt":{"rendered":"<p>No universo da alimenta\u00e7\u00e3o saud\u00e1vel, as&nbsp;farinhas sem gl\u00faten&nbsp;consolidaram espa\u00e7o entre pessoas que buscam qualidade alimentar ou sofrem com restri\u00e7\u00f5es ao gl\u00faten. Al\u00e9m de oferecerem novas possibilidades culin\u00e1rias, esses ingredientes ganham adeptos pela composi\u00e7\u00e3o nutricional. Entre os principais benef\u00edcios das\u00a0farinhas queridinhas da nutri\u00e7\u00e3o\u00a0destaca-se a diversidade de sabores, funcionalidade em receitas e aporte de nutrientes prezados em [&hellip;]<\/p>\n","protected":false},"author":15,"featured_media":73465,"comment_status":"open","ping_status":"open","sticky":false,"template":"","format":"standard","meta":{"jnews-multi-image_gallery":[],"jnews_single_post":{"format":"standard"},"jnews_primary_category":[],"jnews_social_meta":[],"jnews_override_counter":[],"footnotes":""},"categories":[8819],"tags":[911,11883,3509,11884,415],"class_list":["post-73461","post","type-post","status-publish","format-standard","has-post-thumbnail","hentry","category-curiosidades","tag-alimentacao-saudavel","tag-farinhas-sem-gluten","tag-nutricao","tag-receitas-sem-gluten","tag-saude"],"yoast_head":"<!-- This site is optimized with the Yoast SEO plugin v23.8 - https:\/\/yoast.com\/wordpress\/plugins\/seo\/ -->\n<title>As farinhas queridinhas da nutri\u00e7\u00e3o que n\u00e3o t\u00eam gl\u00faten - Estado de Minas - Em foco<\/title>\n<meta name=\"description\" content=\"Essas farinhas viraram tend\u00eancia por serem nutritivas e sem gl\u00faten. Veja por que est\u00e3o em todas as receitas saud\u00e1veis.\" \/>\n<meta name=\"robots\" content=\"index, follow, max-snippet:-1, max-image-preview:large, max-video-preview:-1\" \/>\n<link rel=\"canonical\" href=\"https:\/\/www.em.com.br\/emfoco\/2025\/07\/10\/as-farinhas-queridinhas-da-nutricao-que-nao-tem-gluten\/\" \/>\n<meta property=\"og:locale\" content=\"pt_BR\" \/>\n<meta property=\"og:type\" content=\"article\" \/>\n<meta property=\"og:title\" content=\"As farinhas queridinhas da nutri\u00e7\u00e3o que n\u00e3o t\u00eam gl\u00faten - Estado de Minas - Em foco\" \/>\n<meta property=\"og:description\" content=\"Essas farinhas viraram tend\u00eancia por serem nutritivas e sem gl\u00faten. Veja por que est\u00e3o em todas as receitas saud\u00e1veis.\" \/>\n<meta property=\"og:url\" content=\"https:\/\/www.em.com.br\/emfoco\/2025\/07\/10\/as-farinhas-queridinhas-da-nutricao-que-nao-tem-gluten\/\" \/>\n<meta property=\"og:site_name\" content=\"Estado de Minas - Em foco\" \/>\n<meta property=\"article:published_time\" content=\"2025-07-10T18:38:48+00:00\" \/>\n<meta property=\"article:modified_time\" content=\"2025-07-09T21:22:24+00:00\" \/>\n<meta property=\"og:image\" content=\"https:\/\/www.em.com.br\/emfoco\/wp-content\/uploads\/2025\/07\/farinha_1752074999899.jpg\" \/>\n\t<meta property=\"og:image:width\" content=\"1280\" \/>\n\t<meta property=\"og:image:height\" content=\"720\" \/>\n\t<meta property=\"og:image:type\" content=\"image\/jpeg\" \/>\n<meta name=\"author\" content=\"Douglas Myth\" \/>\n<meta name=\"twitter:card\" content=\"summary_large_image\" \/>\n<meta name=\"twitter:label1\" content=\"Escrito por\" \/>\n\t<meta name=\"twitter:data1\" content=\"Douglas Myth\" \/>\n\t<meta name=\"twitter:label2\" content=\"Est. tempo de leitura\" \/>\n\t<meta name=\"twitter:data2\" content=\"5 minutos\" \/>\n<!-- \/ Yoast SEO plugin. -->","yoast_head_json":{"title":"As farinhas queridinhas da nutri\u00e7\u00e3o que n\u00e3o t\u00eam gl\u00faten - Estado de Minas - Em foco","description":"Essas farinhas viraram tend\u00eancia por serem nutritivas e sem gl\u00faten. Veja por que est\u00e3o em todas as receitas saud\u00e1veis.","robots":{"index":"index","follow":"follow","max-snippet":"max-snippet:-1","max-image-preview":"max-image-preview:large","max-video-preview":"max-video-preview:-1"},"canonical":"https:\/\/www.em.com.br\/emfoco\/2025\/07\/10\/as-farinhas-queridinhas-da-nutricao-que-nao-tem-gluten\/","og_locale":"pt_BR","og_type":"article","og_title":"As farinhas queridinhas da nutri\u00e7\u00e3o que n\u00e3o t\u00eam gl\u00faten - Estado de Minas - Em foco","og_description":"Essas farinhas viraram tend\u00eancia por serem nutritivas e sem gl\u00faten. Veja por que est\u00e3o em todas as receitas saud\u00e1veis.","og_url":"https:\/\/www.em.com.br\/emfoco\/2025\/07\/10\/as-farinhas-queridinhas-da-nutricao-que-nao-tem-gluten\/","og_site_name":"Estado de Minas - Em foco","article_published_time":"2025-07-10T18:38:48+00:00","article_modified_time":"2025-07-09T21:22:24+00:00","og_image":[{"width":1280,"height":720,"url":"https:\/\/www.em.com.br\/emfoco\/wp-content\/uploads\/2025\/07\/farinha_1752074999899.jpg","type":"image\/jpeg"}],"author":"Douglas Myth","twitter_card":"summary_large_image","twitter_misc":{"Escrito por":"Douglas Myth","Est. tempo de leitura":"5 minutos"},"schema":{"@context":"https:\/\/schema.org","@graph":[{"@type":"WebPage","@id":"https:\/\/www.em.com.br\/emfoco\/2025\/07\/10\/as-farinhas-queridinhas-da-nutricao-que-nao-tem-gluten\/","url":"https:\/\/www.em.com.br\/emfoco\/2025\/07\/10\/as-farinhas-queridinhas-da-nutricao-que-nao-tem-gluten\/","name":"As farinhas queridinhas da nutri\u00e7\u00e3o que n\u00e3o t\u00eam gl\u00faten - Estado de Minas - Em foco","isPartOf":{"@id":"https:\/\/www.em.com.br\/emfoco\/#website"},"primaryImageOfPage":{"@id":"https:\/\/www.em.com.br\/emfoco\/2025\/07\/10\/as-farinhas-queridinhas-da-nutricao-que-nao-tem-gluten\/#primaryimage"},"image":{"@id":"https:\/\/www.em.com.br\/emfoco\/2025\/07\/10\/as-farinhas-queridinhas-da-nutricao-que-nao-tem-gluten\/#primaryimage"},"thumbnailUrl":"https:\/\/www.em.com.br\/emfoco\/wp-content\/uploads\/2025\/07\/farinha_1752074999899.jpg","datePublished":"2025-07-10T18:38:48+00:00","dateModified":"2025-07-09T21:22:24+00:00","author":{"@id":"https:\/\/www.em.com.br\/emfoco\/#\/schema\/person\/bba594b7eebe9b9885fec3a5c7837089"},"description":"Essas farinhas viraram tend\u00eancia por serem nutritivas e sem gl\u00faten. Veja por que est\u00e3o em todas as receitas saud\u00e1veis.","breadcrumb":{"@id":"https:\/\/www.em.com.br\/emfoco\/2025\/07\/10\/as-farinhas-queridinhas-da-nutricao-que-nao-tem-gluten\/#breadcrumb"},"inLanguage":"pt-BR","potentialAction":[{"@type":"ReadAction","target":["https:\/\/www.em.com.br\/emfoco\/2025\/07\/10\/as-farinhas-queridinhas-da-nutricao-que-nao-tem-gluten\/"]}]},{"@type":"ImageObject","inLanguage":"pt-BR","@id":"https:\/\/www.em.com.br\/emfoco\/2025\/07\/10\/as-farinhas-queridinhas-da-nutricao-que-nao-tem-gluten\/#primaryimage","url":"https:\/\/www.em.com.br\/emfoco\/wp-content\/uploads\/2025\/07\/farinha_1752074999899.jpg","contentUrl":"https:\/\/www.em.com.br\/emfoco\/wp-content\/uploads\/2025\/07\/farinha_1752074999899.jpg","width":1280,"height":720,"caption":"Farinhas saud\u00e1veis - Cr\u00e9ditos: depositphotos.com \/ VitalikRadko"},{"@type":"BreadcrumbList","@id":"https:\/\/www.em.com.br\/emfoco\/2025\/07\/10\/as-farinhas-queridinhas-da-nutricao-que-nao-tem-gluten\/#breadcrumb","itemListElement":[{"@type":"ListItem","position":1,"name":"In\u00edcio","item":"https:\/\/www.em.com.br\/emfoco\/"},{"@type":"ListItem","position":2,"name":"As farinhas queridinhas da nutri\u00e7\u00e3o que n\u00e3o t\u00eam gl\u00faten"}]},{"@type":"WebSite","@id":"https:\/\/www.em.com.br\/emfoco\/#website","url":"https:\/\/www.em.com.br\/emfoco\/","name":"Estado de Minas - Em foco","description":"Acompanhe as \u00faltimas not\u00edcias e fique bem informado sobre tudo o que acontece em Minas Gerais, Brasil e no mundo.","potentialAction":[{"@type":"SearchAction","target":{"@type":"EntryPoint","urlTemplate":"https:\/\/www.em.com.br\/emfoco\/?s={search_term_string}"},"query-input":{"@type":"PropertyValueSpecification","valueRequired":true,"valueName":"search_term_string"}}],"inLanguage":"pt-BR"},{"@type":"Person","@id":"https:\/\/www.em.com.br\/emfoco\/#\/schema\/person\/bba594b7eebe9b9885fec3a5c7837089","name":"Douglas Myth","image":{"@type":"ImageObject","inLanguage":"pt-BR","@id":"https:\/\/www.em.com.br\/emfoco\/#\/schema\/person\/image\/","url":"https:\/\/secure.gravatar.com\/avatar\/1ac3cf50d0e68642c697dc0c960c802f?s=96&d=mm&r=g","contentUrl":"https:\/\/secure.gravatar.com\/avatar\/1ac3cf50d0e68642c697dc0c960c802f?s=96&d=mm&r=g","caption":"Douglas Myth"},"url":"https:\/\/www.em.com.br\/emfoco\/author\/douglasmyth\/"}]}},"_links":{"self":[{"href":"https:\/\/www.em.com.br\/emfoco\/wp-json\/wp\/v2\/posts\/73461","targetHints":{"allow":["GET"]}}],"collection":[{"href":"https:\/\/www.em.com.br\/emfoco\/wp-json\/wp\/v2\/posts"}],"about":[{"href":"https:\/\/www.em.com.br\/emfoco\/wp-json\/wp\/v2\/types\/post"}],"author":[{"embeddable":true,"href":"https:\/\/www.em.com.br\/emfoco\/wp-json\/wp\/v2\/users\/15"}],"replies":[{"embeddable":true,"href":"https:\/\/www.em.com.br\/emfoco\/wp-json\/wp\/v2\/comments?post=73461"}],"version-history":[{"count":5,"href":"https:\/\/www.em.com.br\/emfoco\/wp-json\/wp\/v2\/posts\/73461\/revisions"}],"predecessor-version":[{"id":73689,"href":"https:\/\/www.em.com.br\/emfoco\/wp-json\/wp\/v2\/posts\/73461\/revisions\/73689"}],"wp:featuredmedia":[{"embeddable":true,"href":"https:\/\/www.em.com.br\/emfoco\/wp-json\/wp\/v2\/media\/73465"}],"wp:attachment":[{"href":"https:\/\/www.em.com.br\/emfoco\/wp-json\/wp\/v2\/media?parent=73461"}],"wp:term":[{"taxonomy":"category","embeddable":true,"href":"https:\/\/www.em.com.br\/emfoco\/wp-json\/wp\/v2\/categories?post=73461"},{"taxonomy":"post_tag","embeddable":true,"href":"https:\/\/www.em.com.br\/emfoco\/wp-json\/wp\/v2\/tags?post=73461"}],"curies":[{"name":"wp","href":"https:\/\/api.w.org\/{rel}","templated":true}]}}