{"id":73437,"date":"2025-07-12T16:28:00","date_gmt":"2025-07-12T19:28:00","guid":{"rendered":"https:\/\/www.em.com.br\/emfoco\/?p=73437"},"modified":"2025-07-11T19:39:55","modified_gmt":"2025-07-11T22:39:55","slug":"seu-jardim-esta-sofrendo-com-pragas-aprenda-a-afastar-doencas-das-suas-hortas-utilizando-cravo-e-canela","status":"publish","type":"post","link":"https:\/\/www.em.com.br\/emfoco\/2025\/07\/12\/seu-jardim-esta-sofrendo-com-pragas-aprenda-a-afastar-doencas-das-suas-hortas-utilizando-cravo-e-canela\/","title":{"rendered":"Seu jardim est\u00e1 sofrendo com pragas? Aprenda a afastar doen\u00e7as das suas hortas utilizando cravo e canela"},"content":{"rendered":"\n<p>A manuten\u00e7\u00e3o de um jardim saud\u00e1vel pode ser desafiadora, especialmente quando as pragas insistem em aparecer. Felizmente, existem m\u00e9todos naturais que podem manter esses intrusos \u00e0 dist\u00e2ncia. Entre as op\u00e7\u00f5es mais eficazes est\u00e3o o uso de <strong>cravo<\/strong> e <em>canela<\/em>, especiarias que n\u00e3o s\u00f3 adicionam aroma, mas tamb\u00e9m afastam as pragas. Descubra neste artigo como eles podem ser os her\u00f3is do seu espa\u00e7o verde.<\/p>\n\n\n\n<h2 class=\"wp-block-heading\">Como o cravo pode manter as pragas longe do seu jardim?<\/h2>\n\n\n\n<p><strong>O cravo-da-\u00edndia pode manter as pragas longe do seu jardim justamente pelo seu forte aroma, que serve como barreira natural e afasta formigas, moscas e at\u00e9 lagartas.<\/strong> Ele cont\u00e9m eugenol, uma subst\u00e2ncia que \u00e9 muito eficaz contra formigas, moscas e at\u00e9 mesmo alguns tipos de lagartas. Ao espalhar pequenos sacos de cravos pelo jardim, as pragas s\u00e3o desestimuladas a se aproximar, criando uma barreira arom\u00e1tica que protege as plantas.<\/p>\n\n\n\n<p>Al\u00e9m disso, a infus\u00e3o de cravo em \u00e1gua pode ser borrifada nas plantas para potencializar o efeito repelente. Este m\u00e9todo assegura que at\u00e9 os insetos mais persistentes pensem duas vezes antes de invadir seu espa\u00e7o verde. Trata-se de uma solu\u00e7\u00e3o n\u00e3o t\u00f3xica, ideal para quem deseja evitar produtos qu\u00edmicos agressivos. Essa t\u00e9cnica tamb\u00e9m pode ajudar a controlar o aparecimento de pulg\u00f5es em flores e hortali\u00e7as, refor\u00e7ando a prote\u00e7\u00e3o do seu jardim.<\/p>\n\n\n\n<figure class=\"wp-block-image size-large\"><img loading=\"lazy\" decoding=\"async\" width=\"1024\" height=\"576\" src=\"https:\/\/www.em.com.br\/emfoco\/wp-content\/uploads\/2025\/04\/Clove_1745346573402-1024x576.jpg\" alt=\"Aprenda a cultivar cravos de forma f\u00e1cil e sem experi\u00eancia\" class=\"wp-image-40605\" srcset=\"https:\/\/www.em.com.br\/emfoco\/wp-content\/uploads\/2025\/04\/Clove_1745346573402-1024x576.jpg 1024w, https:\/\/www.em.com.br\/emfoco\/wp-content\/uploads\/2025\/04\/Clove_1745346573402-300x169.jpg 300w, https:\/\/www.em.com.br\/emfoco\/wp-content\/uploads\/2025\/04\/Clove_1745346573402-768x432.jpg 768w, https:\/\/www.em.com.br\/emfoco\/wp-content\/uploads\/2025\/04\/Clove_1745346573402-750x422.jpg 750w, https:\/\/www.em.com.br\/emfoco\/wp-content\/uploads\/2025\/04\/Clove_1745346573402-1140x641.jpg 1140w, https:\/\/www.em.com.br\/emfoco\/wp-content\/uploads\/2025\/04\/Clove_1745346573402.jpg 1280w\" sizes=\"auto, (max-width: 1024px) 100vw, 1024px\" \/><figcaption class=\"wp-element-caption\">Cravos &#8211; Cr\u00e9ditos: depositphotos.com \/ lenyvavsha<\/figcaption><\/figure>\n\n\n\n<h2 class=\"wp-block-heading\">Em que a canela \u00e9 eficaz para combater pragas no jardim?<\/h2>\n\n\n\n<p><strong>A canela \u00e9 eficaz para combater pragas no jardim porque possui propriedades antif\u00fangicas e antimicrobianas que atuam contra fungos e desestimulam a presen\u00e7a de insetos.<\/strong> Polvilhar canela em volta das plantas cria uma barreira natural que ajuda na preven\u00e7\u00e3o de infesta\u00e7\u00f5es.<\/p>\n\n\n\n<p>Outro uso da canela \u00e9 como auxiliar no enraizamento de mudas. Aplic\u00e1-la diretamente nos cortes de poda reduz o risco de doen\u00e7as e acelera o surgimento de novas ra\u00edzes. Este uso garante n\u00e3o apenas a sa\u00fade das plantas existentes, mas tamb\u00e9m o sucesso de novas planta\u00e7\u00f5es. Al\u00e9m disso, a canela pode ser eficaz contra \u00e1caros e <strong><a href=\"https:\/\/www.almanac.com\/pest\/fungus-gnats\" target=\"_blank\" rel=\"noreferrer noopener\">mosquitos fungo<\/a><\/strong>, pragas comuns em ambientes \u00famidos.<\/p>\n\n\n\n<h2 class=\"wp-block-heading\">\u00c9 poss\u00edvel combinar cravo e canela para um efeito mais potente?<\/h2>\n\n\n\n<p><strong>Sim, combinar cravo e canela resulta em um efeito mais potente contra pragas, pois a jun\u00e7\u00e3o de suas propriedades repelente, antif\u00fangica e antimicrobiana cria uma solu\u00e7\u00e3o integrada para o jardim.<\/strong> Ao unir as propriedades repelentes do cravo com a a\u00e7\u00e3o antif\u00fangica da canela, cria-se uma estrat\u00e9gia completa para deter pragas. Voc\u00ea pode preparar uma solu\u00e7\u00e3o l\u00edquida destas especiarias e aplic\u00e1-la regularmente para resultados profundos e prolongados.<\/p>\n\n\n\n<p>Esse duo pode ser misturado em \u00f3leo ou feito em forma de <strong><a href=\"https:\/\/www.em.com.br\/emfoco\/2025\/07\/09\/5-chas-que-dao-mais-energia-que-o-cafe-e-nao-causam-insonia\/\" target=\"_blank\" rel=\"noreferrer noopener\">ch\u00e1<\/a><\/strong>, sendo pulverizado nas plantas uma ou duas vezes por semana. Essa pr\u00e1tica n\u00e3o s\u00f3 afasta insetos, mas tamb\u00e9m promove um ambiente saud\u00e1vel para o crescimento das plantas, gra\u00e7as \u00e0 dupla prote\u00e7\u00e3o oferecida. A combina\u00e7\u00e3o pode ainda contribuir para repelir mosquitos, tornando o jardim mais agrad\u00e1vel para toda a fam\u00edlia.<\/p>\n\n\n\n<h2 class=\"wp-block-heading\">Quais s\u00e3o os cuidados ao utilizar cravo e canela no seu jardim?<\/h2>\n\n\n\n<p><strong>Os principais cuidados ao utilizar cravo e canela no seu jardim s\u00e3o fazer um teste inicial e evitar o excesso, garantindo que as plantas n\u00e3o sofram rea\u00e7\u00f5es adversas e o solo n\u00e3o seja prejudicado.<\/strong> Primeiramente, \u00e9 importante fazer um teste em uma pequena \u00e1rea do jardim para garantir que n\u00e3o haver\u00e1 rea\u00e7\u00e3o adversa. Algumas esp\u00e9cies podem ser mais sens\u00edveis e requerer aten\u00e7\u00e3o especial.<\/p>\n\n\n\n<p>Al\u00e9m disso, \u00e9 essencial n\u00e3o exagerar na aplica\u00e7\u00e3o. Uma quantidade excessiva pode n\u00e3o ser ben\u00e9fica e, em alguns casos, afetar o solo. Portanto, use as especiarias de forma equilibrada para proteger suas plantas sem comprometer sua sa\u00fade. Essa abordagem natural pode ser a solu\u00e7\u00e3o eficaz que voc\u00ea busca para manter um jardim vibrante e livre de pragas.<\/p>\n","protected":false},"excerpt":{"rendered":"<p>A manuten\u00e7\u00e3o de um jardim saud\u00e1vel pode ser desafiadora, especialmente quando as pragas insistem em aparecer. Felizmente, existem m\u00e9todos naturais que podem manter esses intrusos \u00e0 dist\u00e2ncia. Entre as op\u00e7\u00f5es mais eficazes est\u00e3o o uso de cravo e canela, especiarias que n\u00e3o s\u00f3 adicionam aroma, mas tamb\u00e9m afastam as pragas. Descubra neste artigo como eles [&hellip;]<\/p>\n","protected":false},"author":13,"featured_media":67459,"comment_status":"open","ping_status":"open","sticky":false,"template":"","format":"standard","meta":{"jnews-multi-image_gallery":[],"jnews_single_post":{"format":"standard"},"jnews_primary_category":[],"jnews_social_meta":[],"jnews_override_counter":[],"footnotes":""},"categories":[8819,1],"tags":[5204,5423,3358,6029],"class_list":["post-73437","post","type-post","status-publish","format-standard","has-post-thumbnail","hentry","category-curiosidades","category-noticias","tag-canela","tag-cravo","tag-jardinagem","tag-pragas"],"yoast_head":"<!-- This site is optimized with the Yoast SEO plugin v23.8 - https:\/\/yoast.com\/wordpress\/plugins\/seo\/ -->\n<title>Seu jardim est\u00e1 sofrendo com pragas? Aprenda a afastar doen\u00e7as das suas hortas utilizando cravo e canela - Estado de Minas - Em foco<\/title>\n<meta name=\"description\" content=\"Cravo e canela s\u00e3o aliados poderosos contra pragas do jardim. Saiba como usar essas especiarias para manter suas plantas saud\u00e1veis.\" \/>\n<meta name=\"robots\" content=\"index, follow, max-snippet:-1, max-image-preview:large, max-video-preview:-1\" \/>\n<link rel=\"canonical\" href=\"https:\/\/www.em.com.br\/emfoco\/2025\/07\/12\/seu-jardim-esta-sofrendo-com-pragas-aprenda-a-afastar-doencas-das-suas-hortas-utilizando-cravo-e-canela\/\" \/>\n<meta property=\"og:locale\" content=\"pt_BR\" \/>\n<meta property=\"og:type\" content=\"article\" \/>\n<meta property=\"og:title\" content=\"Seu jardim est\u00e1 sofrendo com pragas? Aprenda a afastar doen\u00e7as das suas hortas utilizando cravo e canela - Estado de Minas - Em foco\" \/>\n<meta property=\"og:description\" content=\"Cravo e canela s\u00e3o aliados poderosos contra pragas do jardim. Saiba como usar essas especiarias para manter suas plantas saud\u00e1veis.\" \/>\n<meta property=\"og:url\" content=\"https:\/\/www.em.com.br\/emfoco\/2025\/07\/12\/seu-jardim-esta-sofrendo-com-pragas-aprenda-a-afastar-doencas-das-suas-hortas-utilizando-cravo-e-canela\/\" \/>\n<meta property=\"og:site_name\" content=\"Estado de Minas - Em foco\" \/>\n<meta property=\"article:published_time\" content=\"2025-07-12T19:28:00+00:00\" \/>\n<meta property=\"article:modified_time\" content=\"2025-07-11T22:39:55+00:00\" \/>\n<meta property=\"og:image\" content=\"https:\/\/www.em.com.br\/emfoco\/wp-content\/uploads\/2025\/06\/horta_1750955510011.jpg\" \/>\n\t<meta property=\"og:image:width\" content=\"1280\" \/>\n\t<meta property=\"og:image:height\" content=\"720\" \/>\n\t<meta property=\"og:image:type\" content=\"image\/jpeg\" \/>\n<meta name=\"author\" content=\"Gabriel Martins\" \/>\n<meta name=\"twitter:card\" content=\"summary_large_image\" \/>\n<meta name=\"twitter:label1\" content=\"Escrito por\" \/>\n\t<meta name=\"twitter:data1\" content=\"Gabriel Martins\" \/>\n\t<meta name=\"twitter:label2\" content=\"Est. tempo de leitura\" \/>\n\t<meta name=\"twitter:data2\" content=\"4 minutos\" \/>\n<!-- \/ Yoast SEO plugin. -->","yoast_head_json":{"title":"Seu jardim est\u00e1 sofrendo com pragas? Aprenda a afastar doen\u00e7as das suas hortas utilizando cravo e canela - Estado de Minas - Em foco","description":"Cravo e canela s\u00e3o aliados poderosos contra pragas do jardim. Saiba como usar essas especiarias para manter suas plantas saud\u00e1veis.","robots":{"index":"index","follow":"follow","max-snippet":"max-snippet:-1","max-image-preview":"max-image-preview:large","max-video-preview":"max-video-preview:-1"},"canonical":"https:\/\/www.em.com.br\/emfoco\/2025\/07\/12\/seu-jardim-esta-sofrendo-com-pragas-aprenda-a-afastar-doencas-das-suas-hortas-utilizando-cravo-e-canela\/","og_locale":"pt_BR","og_type":"article","og_title":"Seu jardim est\u00e1 sofrendo com pragas? Aprenda a afastar doen\u00e7as das suas hortas utilizando cravo e canela - Estado de Minas - Em foco","og_description":"Cravo e canela s\u00e3o aliados poderosos contra pragas do jardim. Saiba como usar essas especiarias para manter suas plantas saud\u00e1veis.","og_url":"https:\/\/www.em.com.br\/emfoco\/2025\/07\/12\/seu-jardim-esta-sofrendo-com-pragas-aprenda-a-afastar-doencas-das-suas-hortas-utilizando-cravo-e-canela\/","og_site_name":"Estado de Minas - Em foco","article_published_time":"2025-07-12T19:28:00+00:00","article_modified_time":"2025-07-11T22:39:55+00:00","og_image":[{"width":1280,"height":720,"url":"https:\/\/www.em.com.br\/emfoco\/wp-content\/uploads\/2025\/06\/horta_1750955510011.jpg","type":"image\/jpeg"}],"author":"Gabriel Martins","twitter_card":"summary_large_image","twitter_misc":{"Escrito por":"Gabriel Martins","Est. tempo de leitura":"4 minutos"},"schema":{"@context":"https:\/\/schema.org","@graph":[{"@type":"WebPage","@id":"https:\/\/www.em.com.br\/emfoco\/2025\/07\/12\/seu-jardim-esta-sofrendo-com-pragas-aprenda-a-afastar-doencas-das-suas-hortas-utilizando-cravo-e-canela\/","url":"https:\/\/www.em.com.br\/emfoco\/2025\/07\/12\/seu-jardim-esta-sofrendo-com-pragas-aprenda-a-afastar-doencas-das-suas-hortas-utilizando-cravo-e-canela\/","name":"Seu jardim est\u00e1 sofrendo com pragas? Aprenda a afastar doen\u00e7as das suas hortas utilizando cravo e canela - Estado de Minas - Em foco","isPartOf":{"@id":"https:\/\/www.em.com.br\/emfoco\/#website"},"primaryImageOfPage":{"@id":"https:\/\/www.em.com.br\/emfoco\/2025\/07\/12\/seu-jardim-esta-sofrendo-com-pragas-aprenda-a-afastar-doencas-das-suas-hortas-utilizando-cravo-e-canela\/#primaryimage"},"image":{"@id":"https:\/\/www.em.com.br\/emfoco\/2025\/07\/12\/seu-jardim-esta-sofrendo-com-pragas-aprenda-a-afastar-doencas-das-suas-hortas-utilizando-cravo-e-canela\/#primaryimage"},"thumbnailUrl":"https:\/\/www.em.com.br\/emfoco\/wp-content\/uploads\/2025\/06\/horta_1750955510011.jpg","datePublished":"2025-07-12T19:28:00+00:00","dateModified":"2025-07-11T22:39:55+00:00","author":{"@id":"https:\/\/www.em.com.br\/emfoco\/#\/schema\/person\/1c9ddeab18b98abeffef834667bcf08a"},"description":"Cravo e canela s\u00e3o aliados poderosos contra pragas do jardim. Saiba como usar essas especiarias para manter suas plantas saud\u00e1veis.","breadcrumb":{"@id":"https:\/\/www.em.com.br\/emfoco\/2025\/07\/12\/seu-jardim-esta-sofrendo-com-pragas-aprenda-a-afastar-doencas-das-suas-hortas-utilizando-cravo-e-canela\/#breadcrumb"},"inLanguage":"pt-BR","potentialAction":[{"@type":"ReadAction","target":["https:\/\/www.em.com.br\/emfoco\/2025\/07\/12\/seu-jardim-esta-sofrendo-com-pragas-aprenda-a-afastar-doencas-das-suas-hortas-utilizando-cravo-e-canela\/"]}]},{"@type":"ImageObject","inLanguage":"pt-BR","@id":"https:\/\/www.em.com.br\/emfoco\/2025\/07\/12\/seu-jardim-esta-sofrendo-com-pragas-aprenda-a-afastar-doencas-das-suas-hortas-utilizando-cravo-e-canela\/#primaryimage","url":"https:\/\/www.em.com.br\/emfoco\/wp-content\/uploads\/2025\/06\/horta_1750955510011.jpg","contentUrl":"https:\/\/www.em.com.br\/emfoco\/wp-content\/uploads\/2025\/06\/horta_1750955510011.jpg","width":1280,"height":720,"caption":"Cuidados com a planta\u00e7\u00e3o - Cr\u00e9ditos: depositphotos.com \/ VitalikRadko"},{"@type":"BreadcrumbList","@id":"https:\/\/www.em.com.br\/emfoco\/2025\/07\/12\/seu-jardim-esta-sofrendo-com-pragas-aprenda-a-afastar-doencas-das-suas-hortas-utilizando-cravo-e-canela\/#breadcrumb","itemListElement":[{"@type":"ListItem","position":1,"name":"In\u00edcio","item":"https:\/\/www.em.com.br\/emfoco\/"},{"@type":"ListItem","position":2,"name":"Seu jardim est\u00e1 sofrendo com pragas? Aprenda a afastar doen\u00e7as das suas hortas utilizando cravo e canela"}]},{"@type":"WebSite","@id":"https:\/\/www.em.com.br\/emfoco\/#website","url":"https:\/\/www.em.com.br\/emfoco\/","name":"Estado de Minas - Em foco","description":"Acompanhe as \u00faltimas not\u00edcias e fique bem informado sobre tudo o que acontece em Minas Gerais, Brasil e no mundo.","potentialAction":[{"@type":"SearchAction","target":{"@type":"EntryPoint","urlTemplate":"https:\/\/www.em.com.br\/emfoco\/?s={search_term_string}"},"query-input":{"@type":"PropertyValueSpecification","valueRequired":true,"valueName":"search_term_string"}}],"inLanguage":"pt-BR"},{"@type":"Person","@id":"https:\/\/www.em.com.br\/emfoco\/#\/schema\/person\/1c9ddeab18b98abeffef834667bcf08a","name":"Gabriel Martins","image":{"@type":"ImageObject","inLanguage":"pt-BR","@id":"https:\/\/www.em.com.br\/emfoco\/#\/schema\/person\/image\/","url":"https:\/\/secure.gravatar.com\/avatar\/f0f1e2efdfd88f1ad2cb08c5c2731e50?s=96&d=mm&r=g","contentUrl":"https:\/\/secure.gravatar.com\/avatar\/f0f1e2efdfd88f1ad2cb08c5c2731e50?s=96&d=mm&r=g","caption":"Gabriel Martins"},"sameAs":["https:\/\/www.em.com.br\/emfoco\/"],"url":"https:\/\/www.em.com.br\/emfoco\/author\/gabrielmartinsmyth\/"}]}},"_links":{"self":[{"href":"https:\/\/www.em.com.br\/emfoco\/wp-json\/wp\/v2\/posts\/73437","targetHints":{"allow":["GET"]}}],"collection":[{"href":"https:\/\/www.em.com.br\/emfoco\/wp-json\/wp\/v2\/posts"}],"about":[{"href":"https:\/\/www.em.com.br\/emfoco\/wp-json\/wp\/v2\/types\/post"}],"author":[{"embeddable":true,"href":"https:\/\/www.em.com.br\/emfoco\/wp-json\/wp\/v2\/users\/13"}],"replies":[{"embeddable":true,"href":"https:\/\/www.em.com.br\/emfoco\/wp-json\/wp\/v2\/comments?post=73437"}],"version-history":[{"count":2,"href":"https:\/\/www.em.com.br\/emfoco\/wp-json\/wp\/v2\/posts\/73437\/revisions"}],"predecessor-version":[{"id":73462,"href":"https:\/\/www.em.com.br\/emfoco\/wp-json\/wp\/v2\/posts\/73437\/revisions\/73462"}],"wp:featuredmedia":[{"embeddable":true,"href":"https:\/\/www.em.com.br\/emfoco\/wp-json\/wp\/v2\/media\/67459"}],"wp:attachment":[{"href":"https:\/\/www.em.com.br\/emfoco\/wp-json\/wp\/v2\/media?parent=73437"}],"wp:term":[{"taxonomy":"category","embeddable":true,"href":"https:\/\/www.em.com.br\/emfoco\/wp-json\/wp\/v2\/categories?post=73437"},{"taxonomy":"post_tag","embeddable":true,"href":"https:\/\/www.em.com.br\/emfoco\/wp-json\/wp\/v2\/tags?post=73437"}],"curies":[{"name":"wp","href":"https:\/\/api.w.org\/{rel}","templated":true}]}}