{"id":73365,"date":"2025-07-11T21:28:00","date_gmt":"2025-07-12T00:28:00","guid":{"rendered":"https:\/\/www.em.com.br\/emfoco\/?p=73365"},"modified":"2025-07-09T12:07:44","modified_gmt":"2025-07-09T15:07:44","slug":"saiba-como-essa-capital-eliminou-quase-todos-os-carros-do-centro-e-esta-virando-um-exemplo-mundial","status":"publish","type":"post","link":"https:\/\/www.em.com.br\/emfoco\/2025\/07\/11\/saiba-como-essa-capital-eliminou-quase-todos-os-carros-do-centro-e-esta-virando-um-exemplo-mundial\/","title":{"rendered":"Saiba como essa capital eliminou quase todos os carros do centro e est\u00e1 virando um exemplo mundial"},"content":{"rendered":"\n<p>A capital da <strong>Noruega<\/strong>, <strong>Oslo<\/strong>, tem se destacado no cen\u00e1rio mundial devido \u00e0 sua inovadora abordagem urbana. <strong>Desde 2019, a cidade decidiu remover quase todos os carros de seu centro, criando mais espa\u00e7o para pedestres e ciclistas.<\/strong> Esse movimento foi motivado por uma iniciativa governamental focada em aumentar a qualidade do ar, reduzir a polui\u00e7\u00e3o e promover um estilo de vida mais saud\u00e1vel para seus cidad\u00e3os. Como complemento, Oslo investiu fortemente na eletrifica\u00e7\u00e3o do transporte p\u00fablico e incentivou o uso de \u00f4nibus e bondes, modernizando ainda mais sua infraestrutura urbana.<\/p>\n\n\n\n<p>As ruas antes congestionadas foram transformadas em zonas de pedestres vibrantes, cheias de vida. No lugar dos carros, agora \u00e9 comum ver pessoas caminhando, bicicletas cruzando pra\u00e7as e \u00e1reas verdes surgindo em antigos estacionamentos. <strong>A transi\u00e7\u00e3o aconteceu de forma gradual, com amplo apoio da popula\u00e7\u00e3o, que percebeu as mudan\u00e7as ben\u00e9ficas tanto para o ambiente urbano quanto para a qualidade de vida.<\/strong><\/p>\n\n\n\n<h2 class=\"wp-block-heading\">Quais foram os desafios enfrentados na implementa\u00e7\u00e3o dessa transforma\u00e7\u00e3o?<\/h2>\n\n\n\n<p><strong>Desafiar a tradi\u00e7\u00e3o semanal de dirigir por ruas centrais foi um feito consider\u00e1vel.<\/strong> Houve resist\u00eancia, especialmente de comerciantes preocupados com a possibilidade de queda nas vendas sem a presen\u00e7a de carros. <strong>No entanto, estudos mostraram que o fluxo de pedestres muitas vezes estimulava o com\u00e9rcio, atraindo clientes que antes viam o centro como uma \u00e1rea apenas de passagem.<\/strong><\/p>\n\n\n\n<p><strong>Outro desafio foi reimaginar a infraestrutura para apoiar a nova<a href=\"https:\/\/www.em.com.br\/emfoco\/2025\/06\/19\/por-que-essa-cidade-virou-referencia-em-mobilidade-urbana-inteligente\/\" target=\"_blank\" rel=\"noreferrer noopener\"> mobilidade urbana<\/a>.<\/strong> A expans\u00e3o da rede de ciclovias e a melhoria do transporte p\u00fablico foram essenciais para o sucesso do projeto. <strong>Mesmo com essas iniciativas, foi necess\u00e1ria uma comunica\u00e7\u00e3o eficaz para garantir que todos os cidad\u00e3os entendessem e aderissem \u00e0s mudan\u00e7as.<\/strong> Nesse processo, a Prefeitura de Oslo realizou campanhas de informa\u00e7\u00e3o e treinamento para motoristas de transporte coletivo e lojistas sobre a nova din\u00e2mica urbana, minimizando poss\u00edveis impactos negativos nas primeiras fases da transforma\u00e7\u00e3o.<\/p>\n\n\n\n<figure class=\"wp-block-image size-large\"><img loading=\"lazy\" decoding=\"async\" width=\"1024\" height=\"576\" src=\"https:\/\/www.em.com.br\/emfoco\/wp-content\/uploads\/2025\/05\/Oslo-Norway_1748531466374-1024x576.jpg\" alt=\"Essa cidade \u00e9 refer\u00eancia em sustentabilidade, mas mal aparece nos roteiros tur\u00edsticos\" class=\"wp-image-52970\" srcset=\"https:\/\/www.em.com.br\/emfoco\/wp-content\/uploads\/2025\/05\/Oslo-Norway_1748531466374-1024x576.jpg 1024w, https:\/\/www.em.com.br\/emfoco\/wp-content\/uploads\/2025\/05\/Oslo-Norway_1748531466374-300x169.jpg 300w, https:\/\/www.em.com.br\/emfoco\/wp-content\/uploads\/2025\/05\/Oslo-Norway_1748531466374-768x432.jpg 768w, https:\/\/www.em.com.br\/emfoco\/wp-content\/uploads\/2025\/05\/Oslo-Norway_1748531466374-750x422.jpg 750w, https:\/\/www.em.com.br\/emfoco\/wp-content\/uploads\/2025\/05\/Oslo-Norway_1748531466374-1140x642.jpg 1140w, https:\/\/www.em.com.br\/emfoco\/wp-content\/uploads\/2025\/05\/Oslo-Norway_1748531466374.jpg 1279w\" sizes=\"auto, (max-width: 1024px) 100vw, 1024px\" \/><figcaption class=\"wp-element-caption\">Oslo, Noruega &#8211; Cr\u00e9ditos: depositphotos.com \/ ankamonika<\/figcaption><\/figure>\n\n\n\n<h2 class=\"wp-block-heading\">Qual o impacto ambiental e social dessas mudan\u00e7as em Oslo?<\/h2>\n\n\n\n<p><strong>Oslo rapidamente se tornou uma refer\u00eancia em sustentabilidade urbana.<\/strong> <strong>A diminui\u00e7\u00e3o das emiss\u00f5es de carbono e a melhoria da qualidade do ar foram impactos diretos e vis\u00edveis da elimina\u00e7\u00e3o dos carros.<\/strong> A cidade tamb\u00e9m assistiu a uma recupera\u00e7\u00e3o econ\u00f4mica, com novas empresas surgindo para atender \u00e0s demandas de um centro mais ativo e livre de tr\u00e1fego intenso. De acordo com relat\u00f3rios recentes, houve uma redu\u00e7\u00e3o de aproximadamente 35% nas emiss\u00f5es de gases poluentes na regi\u00e3o central desde a implementa\u00e7\u00e3o da medida.<\/p>\n\n\n\n<p><strong>Socialmente, a cidade experimentou uma revitaliza\u00e7\u00e3o de espa\u00e7os p\u00fablicos, tornando-se um local mais acolhedor e seguro para crian\u00e7as, fam\u00edlias e idosos.<\/strong> <strong>O aumento das \u00e1reas verdes e o incentivo ao transporte ativo resultaram em uma popula\u00e7\u00e3o mais saud\u00e1vel e engajada em atividades ao ar livre.<\/strong><\/p>\n\n\n\n<h2 class=\"wp-block-heading\">Oslo pode inspirar outras cidades a adotarem mudan\u00e7as semelhantes?<\/h2>\n\n\n\n<p><strong>O sucesso de Oslo vem inspirando munic\u00edpios ao redor do globo a reconsiderarem sua rela\u00e7\u00e3o com o transporte motorizado.<\/strong> Muitas cidades est\u00e3o analisando o modelo noruegu\u00eas para adaptar suas pol\u00edticas locais, possibilitando um futuro urbano onde o pedestre tem prioridade sobre o autom\u00f3vel. A experi\u00eancia de Oslo demonstra que \u00e9 poss\u00edvel, sim, mudar para melhor. A cidade recebe delega\u00e7\u00f5es internacionais interessadas em replicar o exemplo noruegu\u00eas, mostrando que a iniciativa pode ser adaptada a diferentes realidades culturais e econ\u00f4micas.<\/p>\n\n\n\n<p><strong>Apesar de cada cidade ter seus desafios \u00fanicos, a hist\u00f3ria de Oslo serve como um poderoso exemplo de como \u00e9 poss\u00edvel favorecer o <a href=\"https:\/\/brasilescola.uol.com.br\/geografia\/desenvolvimento-sustentavel.htm\" target=\"_blank\" rel=\"noreferrer noopener\">desenvolvimento sustent\u00e1vel<\/a>.<\/strong> <strong>A chave est\u00e1 na colabora\u00e7\u00e3o entre governo, cidad\u00e3os e empresas para encontrar solu\u00e7\u00f5es que beneficiem a todos e garantam um ambiente urbano mais verde e inclusivo.<\/strong><\/p>\n","protected":false},"excerpt":{"rendered":"<p>A capital da Noruega, Oslo, tem se destacado no cen\u00e1rio mundial devido \u00e0 sua inovadora abordagem urbana. Desde 2019, a cidade decidiu remover quase todos os carros de seu centro, criando mais espa\u00e7o para pedestres e ciclistas. Esse movimento foi motivado por uma iniciativa governamental focada em aumentar a qualidade do ar, reduzir a polui\u00e7\u00e3o [&hellip;]<\/p>\n","protected":false},"author":13,"featured_media":52971,"comment_status":"open","ping_status":"open","sticky":false,"template":"","format":"standard","meta":{"jnews-multi-image_gallery":[],"jnews_single_post":{"format":"standard"},"jnews_primary_category":[],"jnews_social_meta":[],"jnews_override_counter":[],"footnotes":""},"categories":[26,1],"tags":[5126,9497,327,325],"class_list":["post-73365","post","type-post","status-publish","format-standard","has-post-thumbnail","hentry","category-cidades","category-noticias","tag-mobilidade-urbana","tag-oslo","tag-qualidade-de-vida","tag-sustentabilidade"],"yoast_head":"<!-- This site is optimized with the Yoast SEO plugin v23.8 - https:\/\/yoast.com\/wordpress\/plugins\/seo\/ -->\n<title>Saiba como essa capital eliminou quase todos os carros do centro e est\u00e1 virando um exemplo mundial - Estado de Minas - Em foco<\/title>\n<meta name=\"description\" content=\"A capital norueguesa transformou ruas em zonas para pedestres e bicicletas, melhorando o ar, a sa\u00fade e o bem-estar urbano.\" \/>\n<meta name=\"robots\" content=\"index, follow, max-snippet:-1, max-image-preview:large, max-video-preview:-1\" \/>\n<link rel=\"canonical\" href=\"https:\/\/www.em.com.br\/emfoco\/2025\/07\/11\/saiba-como-essa-capital-eliminou-quase-todos-os-carros-do-centro-e-esta-virando-um-exemplo-mundial\/\" \/>\n<meta property=\"og:locale\" content=\"pt_BR\" \/>\n<meta property=\"og:type\" content=\"article\" \/>\n<meta property=\"og:title\" content=\"Saiba como essa capital eliminou quase todos os carros do centro e est\u00e1 virando um exemplo mundial - Estado de Minas - Em foco\" \/>\n<meta property=\"og:description\" content=\"A capital norueguesa transformou ruas em zonas para pedestres e bicicletas, melhorando o ar, a sa\u00fade e o bem-estar urbano.\" \/>\n<meta property=\"og:url\" content=\"https:\/\/www.em.com.br\/emfoco\/2025\/07\/11\/saiba-como-essa-capital-eliminou-quase-todos-os-carros-do-centro-e-esta-virando-um-exemplo-mundial\/\" \/>\n<meta property=\"og:site_name\" content=\"Estado de Minas - Em foco\" \/>\n<meta property=\"article:published_time\" content=\"2025-07-12T00:28:00+00:00\" \/>\n<meta property=\"article:modified_time\" content=\"2025-07-09T15:07:44+00:00\" \/>\n<meta property=\"og:image\" content=\"https:\/\/www.em.com.br\/emfoco\/wp-content\/uploads\/2025\/05\/Oslo-Norway_1748531491619.jpg\" \/>\n\t<meta property=\"og:image:width\" content=\"1280\" \/>\n\t<meta property=\"og:image:height\" content=\"720\" \/>\n\t<meta property=\"og:image:type\" content=\"image\/jpeg\" \/>\n<meta name=\"author\" content=\"Gabriel Martins\" \/>\n<meta name=\"twitter:card\" content=\"summary_large_image\" \/>\n<meta name=\"twitter:label1\" content=\"Escrito por\" \/>\n\t<meta name=\"twitter:data1\" content=\"Gabriel Martins\" \/>\n\t<meta name=\"twitter:label2\" content=\"Est. tempo de leitura\" \/>\n\t<meta name=\"twitter:data2\" content=\"4 minutos\" \/>\n<!-- \/ Yoast SEO plugin. -->","yoast_head_json":{"title":"Saiba como essa capital eliminou quase todos os carros do centro e est\u00e1 virando um exemplo mundial - Estado de Minas - Em foco","description":"A capital norueguesa transformou ruas em zonas para pedestres e bicicletas, melhorando o ar, a sa\u00fade e o bem-estar urbano.","robots":{"index":"index","follow":"follow","max-snippet":"max-snippet:-1","max-image-preview":"max-image-preview:large","max-video-preview":"max-video-preview:-1"},"canonical":"https:\/\/www.em.com.br\/emfoco\/2025\/07\/11\/saiba-como-essa-capital-eliminou-quase-todos-os-carros-do-centro-e-esta-virando-um-exemplo-mundial\/","og_locale":"pt_BR","og_type":"article","og_title":"Saiba como essa capital eliminou quase todos os carros do centro e est\u00e1 virando um exemplo mundial - Estado de Minas - Em foco","og_description":"A capital norueguesa transformou ruas em zonas para pedestres e bicicletas, melhorando o ar, a sa\u00fade e o bem-estar urbano.","og_url":"https:\/\/www.em.com.br\/emfoco\/2025\/07\/11\/saiba-como-essa-capital-eliminou-quase-todos-os-carros-do-centro-e-esta-virando-um-exemplo-mundial\/","og_site_name":"Estado de Minas - Em foco","article_published_time":"2025-07-12T00:28:00+00:00","article_modified_time":"2025-07-09T15:07:44+00:00","og_image":[{"width":1280,"height":720,"url":"https:\/\/www.em.com.br\/emfoco\/wp-content\/uploads\/2025\/05\/Oslo-Norway_1748531491619.jpg","type":"image\/jpeg"}],"author":"Gabriel Martins","twitter_card":"summary_large_image","twitter_misc":{"Escrito por":"Gabriel Martins","Est. tempo de leitura":"4 minutos"},"schema":{"@context":"https:\/\/schema.org","@graph":[{"@type":"WebPage","@id":"https:\/\/www.em.com.br\/emfoco\/2025\/07\/11\/saiba-como-essa-capital-eliminou-quase-todos-os-carros-do-centro-e-esta-virando-um-exemplo-mundial\/","url":"https:\/\/www.em.com.br\/emfoco\/2025\/07\/11\/saiba-como-essa-capital-eliminou-quase-todos-os-carros-do-centro-e-esta-virando-um-exemplo-mundial\/","name":"Saiba como essa capital eliminou quase todos os carros do centro e est\u00e1 virando um exemplo mundial - Estado de Minas - Em foco","isPartOf":{"@id":"https:\/\/www.em.com.br\/emfoco\/#website"},"primaryImageOfPage":{"@id":"https:\/\/www.em.com.br\/emfoco\/2025\/07\/11\/saiba-como-essa-capital-eliminou-quase-todos-os-carros-do-centro-e-esta-virando-um-exemplo-mundial\/#primaryimage"},"image":{"@id":"https:\/\/www.em.com.br\/emfoco\/2025\/07\/11\/saiba-como-essa-capital-eliminou-quase-todos-os-carros-do-centro-e-esta-virando-um-exemplo-mundial\/#primaryimage"},"thumbnailUrl":"https:\/\/www.em.com.br\/emfoco\/wp-content\/uploads\/2025\/05\/Oslo-Norway_1748531491619.jpg","datePublished":"2025-07-12T00:28:00+00:00","dateModified":"2025-07-09T15:07:44+00:00","author":{"@id":"https:\/\/www.em.com.br\/emfoco\/#\/schema\/person\/1c9ddeab18b98abeffef834667bcf08a"},"description":"A capital norueguesa transformou ruas em zonas para pedestres e bicicletas, melhorando o ar, a sa\u00fade e o bem-estar urbano.","breadcrumb":{"@id":"https:\/\/www.em.com.br\/emfoco\/2025\/07\/11\/saiba-como-essa-capital-eliminou-quase-todos-os-carros-do-centro-e-esta-virando-um-exemplo-mundial\/#breadcrumb"},"inLanguage":"pt-BR","potentialAction":[{"@type":"ReadAction","target":["https:\/\/www.em.com.br\/emfoco\/2025\/07\/11\/saiba-como-essa-capital-eliminou-quase-todos-os-carros-do-centro-e-esta-virando-um-exemplo-mundial\/"]}]},{"@type":"ImageObject","inLanguage":"pt-BR","@id":"https:\/\/www.em.com.br\/emfoco\/2025\/07\/11\/saiba-como-essa-capital-eliminou-quase-todos-os-carros-do-centro-e-esta-virando-um-exemplo-mundial\/#primaryimage","url":"https:\/\/www.em.com.br\/emfoco\/wp-content\/uploads\/2025\/05\/Oslo-Norway_1748531491619.jpg","contentUrl":"https:\/\/www.em.com.br\/emfoco\/wp-content\/uploads\/2025\/05\/Oslo-Norway_1748531491619.jpg","width":1280,"height":720,"caption":"Oslo, Noruega - Cr\u00e9ditos: depositphotos.com \/ MaykovNikita"},{"@type":"BreadcrumbList","@id":"https:\/\/www.em.com.br\/emfoco\/2025\/07\/11\/saiba-como-essa-capital-eliminou-quase-todos-os-carros-do-centro-e-esta-virando-um-exemplo-mundial\/#breadcrumb","itemListElement":[{"@type":"ListItem","position":1,"name":"In\u00edcio","item":"https:\/\/www.em.com.br\/emfoco\/"},{"@type":"ListItem","position":2,"name":"Saiba como essa capital eliminou quase todos os carros do centro e est\u00e1 virando um exemplo mundial"}]},{"@type":"WebSite","@id":"https:\/\/www.em.com.br\/emfoco\/#website","url":"https:\/\/www.em.com.br\/emfoco\/","name":"Estado de Minas - Em foco","description":"Acompanhe as \u00faltimas not\u00edcias e fique bem informado sobre tudo o que acontece em Minas Gerais, Brasil e no mundo.","potentialAction":[{"@type":"SearchAction","target":{"@type":"EntryPoint","urlTemplate":"https:\/\/www.em.com.br\/emfoco\/?s={search_term_string}"},"query-input":{"@type":"PropertyValueSpecification","valueRequired":true,"valueName":"search_term_string"}}],"inLanguage":"pt-BR"},{"@type":"Person","@id":"https:\/\/www.em.com.br\/emfoco\/#\/schema\/person\/1c9ddeab18b98abeffef834667bcf08a","name":"Gabriel Martins","image":{"@type":"ImageObject","inLanguage":"pt-BR","@id":"https:\/\/www.em.com.br\/emfoco\/#\/schema\/person\/image\/","url":"https:\/\/secure.gravatar.com\/avatar\/f0f1e2efdfd88f1ad2cb08c5c2731e50?s=96&d=mm&r=g","contentUrl":"https:\/\/secure.gravatar.com\/avatar\/f0f1e2efdfd88f1ad2cb08c5c2731e50?s=96&d=mm&r=g","caption":"Gabriel Martins"},"sameAs":["https:\/\/www.em.com.br\/emfoco\/"],"url":"https:\/\/www.em.com.br\/emfoco\/author\/gabrielmartinsmyth\/"}]}},"_links":{"self":[{"href":"https:\/\/www.em.com.br\/emfoco\/wp-json\/wp\/v2\/posts\/73365","targetHints":{"allow":["GET"]}}],"collection":[{"href":"https:\/\/www.em.com.br\/emfoco\/wp-json\/wp\/v2\/posts"}],"about":[{"href":"https:\/\/www.em.com.br\/emfoco\/wp-json\/wp\/v2\/types\/post"}],"author":[{"embeddable":true,"href":"https:\/\/www.em.com.br\/emfoco\/wp-json\/wp\/v2\/users\/13"}],"replies":[{"embeddable":true,"href":"https:\/\/www.em.com.br\/emfoco\/wp-json\/wp\/v2\/comments?post=73365"}],"version-history":[{"count":2,"href":"https:\/\/www.em.com.br\/emfoco\/wp-json\/wp\/v2\/posts\/73365\/revisions"}],"predecessor-version":[{"id":73421,"href":"https:\/\/www.em.com.br\/emfoco\/wp-json\/wp\/v2\/posts\/73365\/revisions\/73421"}],"wp:featuredmedia":[{"embeddable":true,"href":"https:\/\/www.em.com.br\/emfoco\/wp-json\/wp\/v2\/media\/52971"}],"wp:attachment":[{"href":"https:\/\/www.em.com.br\/emfoco\/wp-json\/wp\/v2\/media?parent=73365"}],"wp:term":[{"taxonomy":"category","embeddable":true,"href":"https:\/\/www.em.com.br\/emfoco\/wp-json\/wp\/v2\/categories?post=73365"},{"taxonomy":"post_tag","embeddable":true,"href":"https:\/\/www.em.com.br\/emfoco\/wp-json\/wp\/v2\/tags?post=73365"}],"curies":[{"name":"wp","href":"https:\/\/api.w.org\/{rel}","templated":true}]}}