{"id":73141,"date":"2025-07-10T13:38:00","date_gmt":"2025-07-10T16:38:00","guid":{"rendered":"https:\/\/www.em.com.br\/emfoco\/?p=73141"},"modified":"2025-07-09T00:37:51","modified_gmt":"2025-07-09T03:37:51","slug":"saiba-se-sua-familia-tem-direito-a-tarifa-social-e-economize-na-conta","status":"publish","type":"post","link":"https:\/\/www.em.com.br\/emfoco\/2025\/07\/10\/saiba-se-sua-familia-tem-direito-a-tarifa-social-e-economize-na-conta\/","title":{"rendered":"Saiba se sua fam\u00edlia tem direito \u00e0 tarifa social e economize na conta!"},"content":{"rendered":"\n<p>No cen\u00e1rio econ\u00f4mico atual, muitos brasileiros enfrentam dificuldades para arcar com os custos das contas de energia el\u00e9trica. Nesse contexto, a <strong><a href=\"https:\/\/www.em.com.br\/emfoco\/2025\/06\/15\/cadunico-se-torna-a-chave-para-acesso-a-varios-beneficios-em-2025\/\" target=\"_blank\" rel=\"noreferrer noopener\">Tarifa Social de Energia El\u00e9trica<\/a><\/strong> emerge como um importante programa de assist\u00eancia, oferecendo um desconto significativo nas contas de luz. Destinada a fam\u00edlias de baixa renda, essa iniciativa visa aliviar o impacto financeiro desse servi\u00e7o essencial e promover uma distribui\u00e7\u00e3o mais equitativa dos recursos.<\/p>\n\n\n\n<p>De acordo com as regulamenta\u00e7\u00f5es, a <strong>Tarifa Social de Energia El\u00e9trica<\/strong> \u00e9 aplic\u00e1vel a unidades consumidoras residenciais que atendam a determinados crit\u00e9rios de elegibilidade. Esses crit\u00e9rios incluem a inscri\u00e7\u00e3o no <strong>Cadastro \u00danico para Programas Sociais do Governo Federal<\/strong>, al\u00e9m de uma renda familiar per capita espec\u00edfica. Dessa forma, o governo garante que o benef\u00edcio chegue \u00e0queles que realmente necessitam de apoio.<\/p>\n\n\n\n<h2 class=\"wp-block-heading\">Quem pode se beneficiar da Tarifa Social de Energia El\u00e9trica?<\/h2>\n\n\n<div class=\"wp-block-image\">\n<figure class=\"aligncenter size-large\"><img loading=\"lazy\" decoding=\"async\" width=\"1024\" height=\"576\" src=\"https:\/\/www.em.com.br\/emfoco\/wp-content\/uploads\/2025\/06\/pais_1749223248432-1024x576.jpg\" alt=\"\" class=\"wp-image-57205\" srcset=\"https:\/\/www.em.com.br\/emfoco\/wp-content\/uploads\/2025\/06\/pais_1749223248432-1024x576.jpg 1024w, https:\/\/www.em.com.br\/emfoco\/wp-content\/uploads\/2025\/06\/pais_1749223248432-300x169.jpg 300w, https:\/\/www.em.com.br\/emfoco\/wp-content\/uploads\/2025\/06\/pais_1749223248432-768x432.jpg 768w, https:\/\/www.em.com.br\/emfoco\/wp-content\/uploads\/2025\/06\/pais_1749223248432-750x422.jpg 750w, https:\/\/www.em.com.br\/emfoco\/wp-content\/uploads\/2025\/06\/pais_1749223248432-1140x641.jpg 1140w, https:\/\/www.em.com.br\/emfoco\/wp-content\/uploads\/2025\/06\/pais_1749223248432.jpg 1280w\" sizes=\"auto, (max-width: 1024px) 100vw, 1024px\" \/><figcaption class=\"wp-element-caption\">Fam\u00edlia &#8211; Cr\u00e9ditos: depositphotos.com \/ EdZbarzhyvetsky<\/figcaption><\/figure><\/div>\n\n\n<p>Para acessar o desconto proporcionado pela <strong>Tarifa Social<\/strong>, as fam\u00edlias precisam se enquadrar em uma das seguintes categorias:<\/p>\n\n\n\n<ul class=\"wp-block-list\">\n<li>Familiares inscritos no <strong>Cadastro \u00danico<\/strong> com renda mensal por pessoa menor ou igual a meio sal\u00e1rio m\u00ednimo;<\/li>\n\n\n\n<li>Idosos com 65 anos ou mais que recebam o <strong>Benef\u00edcio de Presta\u00e7\u00e3o Continuada da Assist\u00eancia Social<\/strong> (<a href=\"https:\/\/www.gov.br\/mds\/pt-br\/acoes-e-programas\/suas\/beneficios-assistenciais\/beneficio-assistencial-ao-idoso-e-a-pessoa-com-deficiencia-bpc\" target=\"_blank\" rel=\"noreferrer noopener\">BPC<\/a>);<\/li>\n\n\n\n<li>Pessoas com defici\u00eancia que tamb\u00e9m recebam o <strong>BPC<\/strong>;<\/li>\n\n\n\n<li>Fam\u00edlias ind\u00edgenas ou quilombolas benefici\u00e1rias de programas sociais federais.<\/li>\n<\/ul>\n\n\n\n<p>Essas condi\u00e7\u00f5es atendem eficazmente aos segmentos mais vulner\u00e1veis da popula\u00e7\u00e3o. Al\u00e9m disso, \u00e9 importante lembrar:<\/p>\n\n\n\n<ul class=\"wp-block-list\">\n<li>O titular da fatura de energia ou algum membro do grupo familiar deve atender a pelo menos uma dessas condi\u00e7\u00f5es;<\/li>\n\n\n\n<li>Estar com o <strong>Cadastro \u00danico<\/strong> atualizado aumenta a agilidade na aprova\u00e7\u00e3o do pedido;<\/li>\n\n\n\n<li>O desconto \u00e9 aplicado automaticamente ap\u00f3s valida\u00e7\u00e3o das informa\u00e7\u00f5es, proporcionando uma economia mensal significativa.<\/li>\n<\/ul>\n\n\n\n<h2 class=\"wp-block-heading\">Como \u00e9 calculado o desconto na conta de luz?<\/h2>\n\n\n\n<p>O desconto na <strong><a href=\"https:\/\/www.gov.br\/mds\/pt-br\/acoes-e-programas\/suas\/beneficios-assistenciais\/tarifa-social-de-energia\" target=\"_blank\" rel=\"noreferrer noopener\">Tarifa Social de Energia El\u00e9trica<\/a><\/strong> \u00e9 progressivo: quanto menor o consumo de energia da resid\u00eancia, maior o desconto. O programa incentiva o uso consciente e respons\u00e1vel da energia el\u00e9trica. Veja como funciona a estrutura de descontos:<\/p>\n\n\n\n<ul class=\"wp-block-list\">\n<li><strong>At\u00e9 30 kWh\/m\u00eas:<\/strong> 65% de desconto.<\/li>\n\n\n\n<li><strong>De 31 a 100 kWh\/m\u00eas:<\/strong> 40% de desconto.<\/li>\n\n\n\n<li><strong>De 101 a 220 kWh\/m\u00eas:<\/strong> 10% de desconto.<\/li>\n\n\n\n<li><strong>Acima de 220 kWh\/m\u00eas:<\/strong> N\u00e3o h\u00e1 desconto.<\/li>\n<\/ul>\n\n\n\n<p>Al\u00e9m disso, para fam\u00edlias ind\u00edgenas e quilombolas inscritas no <strong>Cadastro \u00danico<\/strong>, o desconto pode ser maior em parte da faixa de consumo, refor\u00e7ando o compromisso de inclus\u00e3o do programa. Os descontos favorecem lares que mant\u00eam um baixo consumo mensal e promovem pr\u00e1ticas mais sustent\u00e1veis.<\/p>\n\n\n\n<h2 class=\"wp-block-heading\">Como solicitar a Tarifa Social de Energia El\u00e9trica?<\/h2>\n\n\n\n<p>Para se inscrever no programa e obter o benef\u00edcio da <strong>Tarifa Social de Energia El\u00e9trica<\/strong>, a fam\u00edlia interessada deve seguir estes passos:<\/p>\n\n\n\n<ul class=\"wp-block-list\">\n<li>Procurar a distribuidora de energia el\u00e9trica de sua regi\u00e3o (presencialmente, pelo site ou aplicativo, quando dispon\u00edvel);<\/li>\n\n\n\n<li>Apresentar documentos como <strong>CPF, RG e o N\u00famero de Identifica\u00e7\u00e3o Social<\/strong> (NIS);<\/li>\n\n\n\n<li>Informar o n\u00famero do benef\u00edcio caso seja benefici\u00e1rio do <strong>BPC<\/strong>;<\/li>\n\n\n\n<li>Manter os dados atualizados no <strong>Cadastro \u00danico<\/strong>. Muitas distribuidoras tamb\u00e9m aceitam solicita\u00e7\u00f5es pelo telefone ou canais digitais.<\/li>\n<\/ul>\n\n\n\n<p>Ap\u00f3s a solicita\u00e7\u00e3o, a concession\u00e1ria de energia realiza a verifica\u00e7\u00e3o junto ao <strong>Cadastro \u00danico<\/strong> ou ao <strong>BPC<\/strong>. Se aprovado, o desconto passa a valer j\u00e1 na fatura subsequente, facilitando o or\u00e7amento dom\u00e9stico de milhares de fam\u00edlias brasileiras.<\/p>\n\n\n\n<h2 class=\"wp-block-heading\">A import\u00e2ncia do programa para a sociedade<\/h2>\n\n\n\n<p>A <strong>Tarifa Social de Energia El\u00e9trica<\/strong> gera impactos positivos significativos para a sociedade. Entre seus principais benef\u00edcios, destacam-se:<\/p>\n\n\n\n<ul class=\"wp-block-list\">\n<li>Estimula o uso consciente de energia e pr\u00e1ticas mais sustent\u00e1veis;<\/li>\n\n\n\n<li>Contribui para a inclus\u00e3o social e redu\u00e7\u00e3o das desigualdades;<\/li>\n\n\n\n<li>Permite que fam\u00edlias direcionem recursos para outras necessidades b\u00e1sicas, como alimenta\u00e7\u00e3o, sa\u00fade e educa\u00e7\u00e3o;<\/li>\n\n\n\n<li>Promove maior dignidade, especialmente em tempos de instabilidade econ\u00f4mica.<\/li>\n<\/ul>\n\n\n\n<p>Com crit\u00e9rios bem definidos, transpar\u00eancia no processo e fiscaliza\u00e7\u00e3o, o programa se consolidou como uma estrat\u00e9gia eficaz de apoio \u00e0s fam\u00edlias em situa\u00e7\u00e3o de vulnerabilidade. Al\u00e9m de oferecer al\u00edvio no or\u00e7amento, incentiva o uso respons\u00e1vel dos recursos energ\u00e9ticos, trazendo vantagens para toda a sociedade.<\/p>\n","protected":false},"excerpt":{"rendered":"<p>No cen\u00e1rio econ\u00f4mico atual, muitos brasileiros enfrentam dificuldades para arcar com os custos das contas de energia el\u00e9trica. Nesse contexto, a Tarifa Social de Energia El\u00e9trica emerge como um importante programa de assist\u00eancia, oferecendo um desconto significativo nas contas de luz. Destinada a fam\u00edlias de baixa renda, essa iniciativa visa aliviar o impacto financeiro desse [&hellip;]<\/p>\n","protected":false},"author":20,"featured_media":57981,"comment_status":"open","ping_status":"open","sticky":false,"template":"","format":"standard","meta":{"jnews-multi-image_gallery":[],"jnews_single_post":{"format":"standard"},"jnews_primary_category":[],"jnews_social_meta":[],"jnews_override_counter":[],"footnotes":""},"categories":[28,1],"tags":[656,1018,11841],"class_list":["post-73141","post","type-post","status-publish","format-standard","has-post-thumbnail","hentry","category-economia","category-noticias","tag-cadastro-unico","tag-conta-de-luz","tag-tarifa-social-de-energia"],"yoast_head":"<!-- This site is optimized with the Yoast SEO plugin v23.8 - https:\/\/yoast.com\/wordpress\/plugins\/seo\/ -->\n<title>Saiba se sua fam\u00edlia tem direito \u00e0 tarifa social e economize na conta! - Estado de Minas - Em foco<\/title>\n<meta name=\"description\" content=\"Saiba quem tem direito \u00e0 Tarifa Social de Energia El\u00e9trica, quais s\u00e3o os crit\u00e9rios de elegibilidade e como garantir o desconto na conta de luz.\" \/>\n<meta name=\"robots\" content=\"index, follow, max-snippet:-1, max-image-preview:large, max-video-preview:-1\" \/>\n<link rel=\"canonical\" href=\"https:\/\/www.em.com.br\/emfoco\/2025\/07\/10\/saiba-se-sua-familia-tem-direito-a-tarifa-social-e-economize-na-conta\/\" \/>\n<meta property=\"og:locale\" content=\"pt_BR\" \/>\n<meta property=\"og:type\" content=\"article\" \/>\n<meta property=\"og:title\" content=\"Saiba se sua fam\u00edlia tem direito \u00e0 tarifa social e economize na conta! - Estado de Minas - Em foco\" \/>\n<meta property=\"og:description\" content=\"Saiba quem tem direito \u00e0 Tarifa Social de Energia El\u00e9trica, quais s\u00e3o os crit\u00e9rios de elegibilidade e como garantir o desconto na conta de luz.\" \/>\n<meta property=\"og:url\" content=\"https:\/\/www.em.com.br\/emfoco\/2025\/07\/10\/saiba-se-sua-familia-tem-direito-a-tarifa-social-e-economize-na-conta\/\" \/>\n<meta property=\"og:site_name\" content=\"Estado de Minas - Em foco\" \/>\n<meta property=\"article:published_time\" content=\"2025-07-10T16:38:00+00:00\" \/>\n<meta property=\"article:modified_time\" content=\"2025-07-09T03:37:51+00:00\" \/>\n<meta property=\"og:image\" content=\"https:\/\/www.em.com.br\/emfoco\/wp-content\/uploads\/2025\/06\/contas_1749504196955.jpg\" \/>\n\t<meta property=\"og:image:width\" content=\"1280\" \/>\n\t<meta property=\"og:image:height\" content=\"720\" \/>\n\t<meta property=\"og:image:type\" content=\"image\/jpeg\" \/>\n<meta name=\"author\" content=\"Ingrid Diniz\" \/>\n<meta name=\"twitter:card\" content=\"summary_large_image\" \/>\n<meta name=\"twitter:label1\" content=\"Escrito por\" \/>\n\t<meta name=\"twitter:data1\" content=\"Ingrid Diniz\" \/>\n\t<meta name=\"twitter:label2\" content=\"Est. tempo de leitura\" \/>\n\t<meta name=\"twitter:data2\" content=\"4 minutos\" \/>\n<!-- \/ Yoast SEO plugin. -->","yoast_head_json":{"title":"Saiba se sua fam\u00edlia tem direito \u00e0 tarifa social e economize na conta! - Estado de Minas - Em foco","description":"Saiba quem tem direito \u00e0 Tarifa Social de Energia El\u00e9trica, quais s\u00e3o os crit\u00e9rios de elegibilidade e como garantir o desconto na conta de luz.","robots":{"index":"index","follow":"follow","max-snippet":"max-snippet:-1","max-image-preview":"max-image-preview:large","max-video-preview":"max-video-preview:-1"},"canonical":"https:\/\/www.em.com.br\/emfoco\/2025\/07\/10\/saiba-se-sua-familia-tem-direito-a-tarifa-social-e-economize-na-conta\/","og_locale":"pt_BR","og_type":"article","og_title":"Saiba se sua fam\u00edlia tem direito \u00e0 tarifa social e economize na conta! - Estado de Minas - Em foco","og_description":"Saiba quem tem direito \u00e0 Tarifa Social de Energia El\u00e9trica, quais s\u00e3o os crit\u00e9rios de elegibilidade e como garantir o desconto na conta de luz.","og_url":"https:\/\/www.em.com.br\/emfoco\/2025\/07\/10\/saiba-se-sua-familia-tem-direito-a-tarifa-social-e-economize-na-conta\/","og_site_name":"Estado de Minas - Em foco","article_published_time":"2025-07-10T16:38:00+00:00","article_modified_time":"2025-07-09T03:37:51+00:00","og_image":[{"width":1280,"height":720,"url":"https:\/\/www.em.com.br\/emfoco\/wp-content\/uploads\/2025\/06\/contas_1749504196955.jpg","type":"image\/jpeg"}],"author":"Ingrid Diniz","twitter_card":"summary_large_image","twitter_misc":{"Escrito por":"Ingrid Diniz","Est. tempo de leitura":"4 minutos"},"schema":{"@context":"https:\/\/schema.org","@graph":[{"@type":"WebPage","@id":"https:\/\/www.em.com.br\/emfoco\/2025\/07\/10\/saiba-se-sua-familia-tem-direito-a-tarifa-social-e-economize-na-conta\/","url":"https:\/\/www.em.com.br\/emfoco\/2025\/07\/10\/saiba-se-sua-familia-tem-direito-a-tarifa-social-e-economize-na-conta\/","name":"Saiba se sua fam\u00edlia tem direito \u00e0 tarifa social e economize na conta! - Estado de Minas - Em foco","isPartOf":{"@id":"https:\/\/www.em.com.br\/emfoco\/#website"},"primaryImageOfPage":{"@id":"https:\/\/www.em.com.br\/emfoco\/2025\/07\/10\/saiba-se-sua-familia-tem-direito-a-tarifa-social-e-economize-na-conta\/#primaryimage"},"image":{"@id":"https:\/\/www.em.com.br\/emfoco\/2025\/07\/10\/saiba-se-sua-familia-tem-direito-a-tarifa-social-e-economize-na-conta\/#primaryimage"},"thumbnailUrl":"https:\/\/www.em.com.br\/emfoco\/wp-content\/uploads\/2025\/06\/contas_1749504196955.jpg","datePublished":"2025-07-10T16:38:00+00:00","dateModified":"2025-07-09T03:37:51+00:00","author":{"@id":"https:\/\/www.em.com.br\/emfoco\/#\/schema\/person\/649e610b4eb8fff87ff394e54fe17b2b"},"description":"Saiba quem tem direito \u00e0 Tarifa Social de Energia El\u00e9trica, quais s\u00e3o os crit\u00e9rios de elegibilidade e como garantir o desconto na conta de luz.","breadcrumb":{"@id":"https:\/\/www.em.com.br\/emfoco\/2025\/07\/10\/saiba-se-sua-familia-tem-direito-a-tarifa-social-e-economize-na-conta\/#breadcrumb"},"inLanguage":"pt-BR","potentialAction":[{"@type":"ReadAction","target":["https:\/\/www.em.com.br\/emfoco\/2025\/07\/10\/saiba-se-sua-familia-tem-direito-a-tarifa-social-e-economize-na-conta\/"]}]},{"@type":"ImageObject","inLanguage":"pt-BR","@id":"https:\/\/www.em.com.br\/emfoco\/2025\/07\/10\/saiba-se-sua-familia-tem-direito-a-tarifa-social-e-economize-na-conta\/#primaryimage","url":"https:\/\/www.em.com.br\/emfoco\/wp-content\/uploads\/2025\/06\/contas_1749504196955.jpg","contentUrl":"https:\/\/www.em.com.br\/emfoco\/wp-content\/uploads\/2025\/06\/contas_1749504196955.jpg","width":1280,"height":720,"caption":"Desconto na conta de \u00e1gua que alivia o m\u00eas - Cr\u00e9ditos: depositphotos.com \/ Ischukigor"},{"@type":"BreadcrumbList","@id":"https:\/\/www.em.com.br\/emfoco\/2025\/07\/10\/saiba-se-sua-familia-tem-direito-a-tarifa-social-e-economize-na-conta\/#breadcrumb","itemListElement":[{"@type":"ListItem","position":1,"name":"In\u00edcio","item":"https:\/\/www.em.com.br\/emfoco\/"},{"@type":"ListItem","position":2,"name":"Saiba se sua fam\u00edlia tem direito \u00e0 tarifa social e economize na conta!"}]},{"@type":"WebSite","@id":"https:\/\/www.em.com.br\/emfoco\/#website","url":"https:\/\/www.em.com.br\/emfoco\/","name":"Estado de Minas - Em foco","description":"Acompanhe as \u00faltimas not\u00edcias e fique bem informado sobre tudo o que acontece em Minas Gerais, Brasil e no mundo.","potentialAction":[{"@type":"SearchAction","target":{"@type":"EntryPoint","urlTemplate":"https:\/\/www.em.com.br\/emfoco\/?s={search_term_string}"},"query-input":{"@type":"PropertyValueSpecification","valueRequired":true,"valueName":"search_term_string"}}],"inLanguage":"pt-BR"},{"@type":"Person","@id":"https:\/\/www.em.com.br\/emfoco\/#\/schema\/person\/649e610b4eb8fff87ff394e54fe17b2b","name":"Ingrid Diniz","image":{"@type":"ImageObject","inLanguage":"pt-BR","@id":"https:\/\/www.em.com.br\/emfoco\/#\/schema\/person\/image\/","url":"https:\/\/secure.gravatar.com\/avatar\/a3baa1449ec5c39b4c42babc9d4f3951?s=96&d=mm&r=g","contentUrl":"https:\/\/secure.gravatar.com\/avatar\/a3baa1449ec5c39b4c42babc9d4f3951?s=96&d=mm&r=g","caption":"Ingrid Diniz"},"sameAs":["https:\/\/www.em.com.br\/"],"url":"https:\/\/www.em.com.br\/emfoco\/author\/ingridmyth\/"}]}},"_links":{"self":[{"href":"https:\/\/www.em.com.br\/emfoco\/wp-json\/wp\/v2\/posts\/73141","targetHints":{"allow":["GET"]}}],"collection":[{"href":"https:\/\/www.em.com.br\/emfoco\/wp-json\/wp\/v2\/posts"}],"about":[{"href":"https:\/\/www.em.com.br\/emfoco\/wp-json\/wp\/v2\/types\/post"}],"author":[{"embeddable":true,"href":"https:\/\/www.em.com.br\/emfoco\/wp-json\/wp\/v2\/users\/20"}],"replies":[{"embeddable":true,"href":"https:\/\/www.em.com.br\/emfoco\/wp-json\/wp\/v2\/comments?post=73141"}],"version-history":[{"count":1,"href":"https:\/\/www.em.com.br\/emfoco\/wp-json\/wp\/v2\/posts\/73141\/revisions"}],"predecessor-version":[{"id":73169,"href":"https:\/\/www.em.com.br\/emfoco\/wp-json\/wp\/v2\/posts\/73141\/revisions\/73169"}],"wp:featuredmedia":[{"embeddable":true,"href":"https:\/\/www.em.com.br\/emfoco\/wp-json\/wp\/v2\/media\/57981"}],"wp:attachment":[{"href":"https:\/\/www.em.com.br\/emfoco\/wp-json\/wp\/v2\/media?parent=73141"}],"wp:term":[{"taxonomy":"category","embeddable":true,"href":"https:\/\/www.em.com.br\/emfoco\/wp-json\/wp\/v2\/categories?post=73141"},{"taxonomy":"post_tag","embeddable":true,"href":"https:\/\/www.em.com.br\/emfoco\/wp-json\/wp\/v2\/tags?post=73141"}],"curies":[{"name":"wp","href":"https:\/\/api.w.org\/{rel}","templated":true}]}}