{"id":73102,"date":"2025-07-09T18:58:00","date_gmt":"2025-07-09T21:58:00","guid":{"rendered":"https:\/\/www.em.com.br\/emfoco\/?p=73102"},"modified":"2025-07-08T22:13:24","modified_gmt":"2025-07-09T01:13:24","slug":"novo-cronograma-do-inss-muda-planejamento-de-aposentados","status":"publish","type":"post","link":"https:\/\/www.em.com.br\/emfoco\/2025\/07\/09\/novo-cronograma-do-inss-muda-planejamento-de-aposentados\/","title":{"rendered":"Novo cronograma do INSS muda planejamento de aposentados"},"content":{"rendered":"\n<p>Os benefici\u00e1rios do <strong>Instituto Nacional do Seguro Social<\/strong> (<a href=\"https:\/\/www.em.com.br\/emfoco\/2025\/06\/21\/veja-5-beneficios-que-voce-so-recebe-se-estiver-cadastrado-no-cadunico\/\" target=\"_blank\" rel=\"noreferrer noopener\">INSS<\/a>) devem ficar atentos \u00e0s datas de pagamento de seus benef\u00edcios. Essas datas variam conforme o pen\u00faltimo n\u00famero do benef\u00edcio, desconsiderando o d\u00edgito ap\u00f3s o tra\u00e7o. Essa informa\u00e7\u00e3o \u00e9 crucial para garantir que o segurado receba seu pagamento sem atrasos.<\/p>\n\n\n\n<p>Para maior comodidade, o <strong>INSS <\/strong>disponibiliza informa\u00e7\u00f5es detalhadas e servi\u00e7os online atrav\u00e9s do site oficial e do aplicativo &#8220;<strong>Meu INSS<\/strong>&#8220;. Com o uso do <strong>CPF <\/strong>e da senha cadastrada na plataforma <strong>Gov.br<\/strong>, \u00e9 poss\u00edvel verificar o extrato de pagamento, atualizar dados cadastrais e usar diversos outros servi\u00e7os.<\/p>\n\n\n\n<h2 class=\"wp-block-heading\">Como consultar as datas de pagamento do INSS?<\/h2>\n\n\n<div class=\"wp-block-image\">\n<figure class=\"aligncenter size-large\"><img loading=\"lazy\" decoding=\"async\" width=\"1024\" height=\"576\" src=\"https:\/\/www.em.com.br\/emfoco\/wp-content\/uploads\/2025\/06\/idoso-com-dinheiro-reais_1743473065115-1024x576.jpg\" alt=\"Trabalhadores j\u00e1 contam os dias para o 13\u00ba no fim do ano\" class=\"wp-image-54991\" srcset=\"https:\/\/www.em.com.br\/emfoco\/wp-content\/uploads\/2025\/06\/idoso-com-dinheiro-reais_1743473065115-1024x576.jpg 1024w, https:\/\/www.em.com.br\/emfoco\/wp-content\/uploads\/2025\/06\/idoso-com-dinheiro-reais_1743473065115-300x169.jpg 300w, https:\/\/www.em.com.br\/emfoco\/wp-content\/uploads\/2025\/06\/idoso-com-dinheiro-reais_1743473065115-768x432.jpg 768w, https:\/\/www.em.com.br\/emfoco\/wp-content\/uploads\/2025\/06\/idoso-com-dinheiro-reais_1743473065115-750x422.jpg 750w, https:\/\/www.em.com.br\/emfoco\/wp-content\/uploads\/2025\/06\/idoso-com-dinheiro-reais_1743473065115-1140x641.jpg 1140w, https:\/\/www.em.com.br\/emfoco\/wp-content\/uploads\/2025\/06\/idoso-com-dinheiro-reais_1743473065115.jpg 1280w\" sizes=\"auto, (max-width: 1024px) 100vw, 1024px\" \/><figcaption class=\"wp-element-caption\">Pagamento &#8211; Cr\u00e9ditos: depositphotos.com \/ AngelaMacario<\/figcaption><\/figure><\/div>\n\n\n<p>As datas de pagamento dos benef\u00edcios podem ser consultadas de forma pr\u00e1tica por meio da plataforma &#8220;<strong><a href=\"https:\/\/meu.inss.gov.br\/\" target=\"_blank\" rel=\"noreferrer noopener\">Meu INSS<\/a><\/strong>&#8220;. A interface intuitiva permite que o benefici\u00e1rio obtenha informa\u00e7\u00f5es sobre datas futuras e passadas, bem como obtenha o hist\u00f3rico de recebimentos.<\/p>\n\n\n\n<p>Caso haja d\u00favidas, a <strong>Central 135<\/strong> est\u00e1 dispon\u00edvel, oferecendo atendimento automatizado diariamente. O suporte com atendentes ocorre em hor\u00e1rio comercial, prestando aux\u00edlio para qualquer quest\u00e3o relacionada aos servi\u00e7os do <strong>INSS<\/strong>. O benefici\u00e1rio deve ter em m\u00e3os o n\u00famero do benef\u00edcio e documentos pessoais ao ligar.<\/p>\n\n\n\n<h2 class=\"wp-block-heading\">Quais s\u00e3o as datas de pagamento para benef\u00edcios de at\u00e9 um sal\u00e1rio m\u00ednimo?<\/h2>\n\n\n\n<ul class=\"wp-block-list\">\n<li>Final 1: 25 de julho<\/li>\n\n\n\n<li>Final 2: 28 de julho<\/li>\n\n\n\n<li>Final 3: 29 de julho<\/li>\n\n\n\n<li>Final 4: 30 de julho<\/li>\n\n\n\n<li>Final 5: 31 de julho<\/li>\n\n\n\n<li>Final 6: 1\u00ba de agosto<\/li>\n\n\n\n<li>Final 7: 4 de agosto<\/li>\n\n\n\n<li>Final 8: 5 de agosto<\/li>\n\n\n\n<li>Final 9: 6 de agosto<\/li>\n\n\n\n<li>Final 0: 7 de agosto<\/li>\n<\/ul>\n\n\n\n<p>O calend\u00e1rio de pagamentos do <strong>INSS <\/strong>para quem recebe at\u00e9 um sal\u00e1rio m\u00ednimo \u00e9 organizado para evitar ac\u00famulos nas ag\u00eancias e dar mais conforto ao benefici\u00e1rio. \u00c9 fundamental observar o n\u00famero final do benef\u00edcio para saber exatamente quando o valor estar\u00e1 dispon\u00edvel.<\/p>\n\n\n\n<p>Para evitar qualquer tipo de atraso ou bloqueio, mantenha seus dados atualizados nos canais oficiais do <strong>INSS<\/strong>, pois as informa\u00e7\u00f5es cadastrais corretas garantem o recebimento sem complica\u00e7\u00f5es. Benefici\u00e1rios que t\u00eam conta corrente vinculada ao pagamento tamb\u00e9m podem receber diretamente no banco indicado.<\/p>\n\n\n\n<h2 class=\"wp-block-heading\">Quais s\u00e3o as datas de pagamento para benef\u00edcios acima do sal\u00e1rio m\u00ednimo?<\/h2>\n\n\n\n<ul class=\"wp-block-list\">\n<li>Finais 1 e 6: 1\u00ba de agosto<\/li>\n\n\n\n<li>Finais 2 e 7: 4 de agosto<\/li>\n\n\n\n<li>Finais 3 e 8: 5 de agosto<\/li>\n\n\n\n<li>Finais 4 e 9: 6 de agosto<\/li>\n\n\n\n<li>Finais 5 e 0: 7 de agosto<\/li>\n<\/ul>\n\n\n\n<p>Os segurados que recebem valores acima do sal\u00e1rio m\u00ednimo tamb\u00e9m devem seguir um calend\u00e1rio espec\u00edfico, que possui datas diferentes em rela\u00e7\u00e3o aos benef\u00edcios de menor valor. Observar com aten\u00e7\u00e3o o d\u00edgito final do benef\u00edcio \u00e9 essencial para n\u00e3o perder a data correta de saque.<\/p>\n\n\n\n<p>Al\u00e9m do pagamento em ag\u00eancias banc\u00e1rias, muitos bancos oferecem servi\u00e7os digitais que permitem acompanhar o dep\u00f3sito do benef\u00edcio em tempo real. Dessa forma, o benefici\u00e1rio pode monitorar a conta e planejar seus gastos de maneira mais eficiente.<\/p>\n\n\n\n<h2 class=\"wp-block-heading\">Quais servi\u00e7os est\u00e3o dispon\u00edveis no site e no aplicativo Meu INSS?<\/h2>\n\n\n\n<p>A plataforma &#8220;<strong>Meu INSS<\/strong>&#8221; foi criada para facilitar o acesso dos segurados a diversas funcionalidades, como consulta de extratos, agendamentos, solicita\u00e7\u00f5es de aposentadoria e atualiza\u00e7\u00e3o cadastral. O site e o aplicativo re\u00fanem todas as informa\u00e7\u00f5es necess\u00e1rias em um s\u00f3 lugar, de forma gratuita.<\/p>\n\n\n\n<p>Por meio da integra\u00e7\u00e3o com o <strong>Gov.br<\/strong>, a autentica\u00e7\u00e3o \u00e9 segura e protegida, possibilitando inclusive a solicita\u00e7\u00e3o de novos benef\u00edcios sem a necessidade de ir at\u00e9 uma ag\u00eancia f\u00edsica. O servi\u00e7o permanece dispon\u00edvel 24 horas por dia, trazendo comodidade ao segurado que pode acessar quando e onde quiser.<\/p>\n\n\n\n<h2 class=\"wp-block-heading\">Dicas para organizar o recebimento do benef\u00edcio e evitar problemas<\/h2>\n\n\n\n<p>Seguir o calend\u00e1rio de pagamentos do <strong>INSS <\/strong>\u00e9 importante para evitar transtornos na hora de receber o benef\u00edcio. Al\u00e9m disso, recomenda-se agendar lembretes para garantir que o saque ser\u00e1 feito na data correta, evitando filas e aglomera\u00e7\u00f5es nas ag\u00eancias banc\u00e1rias, principalmente em per\u00edodos de alta demanda.<\/p>\n\n\n\n<p>Mantenha sempre seus dados atualizados, cadastre-se para receber notifica\u00e7\u00f5es por <strong>SMS <\/strong>ou e-mail pelo portal <strong>Meu INSS<\/strong> e evite compartilhar dados pessoais com terceiros. Consultar frequentemente essas plataformas garante ao benefici\u00e1rio estar sempre informado sobre suas movimenta\u00e7\u00f5es financeiras e preparado para eventuais mudan\u00e7as no calend\u00e1rio de pagamentos.<\/p>\n","protected":false},"excerpt":{"rendered":"<p>Os benefici\u00e1rios do Instituto Nacional do Seguro Social (INSS) devem ficar atentos \u00e0s datas de pagamento de seus benef\u00edcios. Essas datas variam conforme o pen\u00faltimo n\u00famero do benef\u00edcio, desconsiderando o d\u00edgito ap\u00f3s o tra\u00e7o. Essa informa\u00e7\u00e3o \u00e9 crucial para garantir que o segurado receba seu pagamento sem atrasos. Para maior comodidade, o INSS disponibiliza informa\u00e7\u00f5es [&hellip;]<\/p>\n","protected":false},"author":20,"featured_media":55001,"comment_status":"open","ping_status":"open","sticky":false,"template":"","format":"standard","meta":{"jnews-multi-image_gallery":[],"jnews_single_post":{"format":"standard"},"jnews_primary_category":[],"jnews_social_meta":[],"jnews_override_counter":[],"footnotes":""},"categories":[28,1],"tags":[702,174],"class_list":["post-73102","post","type-post","status-publish","format-standard","has-post-thumbnail","hentry","category-economia","category-noticias","tag-calendario-de-pagamento","tag-inss"],"yoast_head":"<!-- This site is optimized with the Yoast SEO plugin v23.8 - https:\/\/yoast.com\/wordpress\/plugins\/seo\/ -->\n<title>Novo cronograma do INSS muda planejamento de aposentados - Estado de Minas - Em foco<\/title>\n<meta name=\"description\" content=\"Confira o calend\u00e1rio de pagamentos do INSS e saiba como usar o app para evitar filas. Benefici\u00e1rios j\u00e1 se organizam para receber.\" \/>\n<meta name=\"robots\" content=\"index, follow, max-snippet:-1, max-image-preview:large, max-video-preview:-1\" \/>\n<link rel=\"canonical\" href=\"https:\/\/www.em.com.br\/emfoco\/2025\/07\/09\/novo-cronograma-do-inss-muda-planejamento-de-aposentados\/\" \/>\n<meta property=\"og:locale\" content=\"pt_BR\" \/>\n<meta property=\"og:type\" content=\"article\" \/>\n<meta property=\"og:title\" content=\"Novo cronograma do INSS muda planejamento de aposentados - Estado de Minas - Em foco\" \/>\n<meta property=\"og:description\" content=\"Confira o calend\u00e1rio de pagamentos do INSS e saiba como usar o app para evitar filas. Benefici\u00e1rios j\u00e1 se organizam para receber.\" \/>\n<meta property=\"og:url\" content=\"https:\/\/www.em.com.br\/emfoco\/2025\/07\/09\/novo-cronograma-do-inss-muda-planejamento-de-aposentados\/\" \/>\n<meta property=\"og:site_name\" content=\"Estado de Minas - Em foco\" \/>\n<meta property=\"article:published_time\" content=\"2025-07-09T21:58:00+00:00\" \/>\n<meta property=\"article:modified_time\" content=\"2025-07-09T01:13:24+00:00\" \/>\n<meta property=\"og:image\" content=\"https:\/\/www.em.com.br\/emfoco\/wp-content\/uploads\/2025\/06\/dinheiro-re_1748976514366.jpg\" \/>\n\t<meta property=\"og:image:width\" content=\"1280\" \/>\n\t<meta property=\"og:image:height\" content=\"720\" \/>\n\t<meta property=\"og:image:type\" content=\"image\/jpeg\" \/>\n<meta name=\"author\" content=\"Ingrid Diniz\" \/>\n<meta name=\"twitter:card\" content=\"summary_large_image\" \/>\n<meta name=\"twitter:label1\" content=\"Escrito por\" \/>\n\t<meta name=\"twitter:data1\" content=\"Ingrid Diniz\" \/>\n\t<meta name=\"twitter:label2\" content=\"Est. tempo de leitura\" \/>\n\t<meta name=\"twitter:data2\" content=\"5 minutos\" \/>\n<!-- \/ Yoast SEO plugin. -->","yoast_head_json":{"title":"Novo cronograma do INSS muda planejamento de aposentados - Estado de Minas - Em foco","description":"Confira o calend\u00e1rio de pagamentos do INSS e saiba como usar o app para evitar filas. Benefici\u00e1rios j\u00e1 se organizam para receber.","robots":{"index":"index","follow":"follow","max-snippet":"max-snippet:-1","max-image-preview":"max-image-preview:large","max-video-preview":"max-video-preview:-1"},"canonical":"https:\/\/www.em.com.br\/emfoco\/2025\/07\/09\/novo-cronograma-do-inss-muda-planejamento-de-aposentados\/","og_locale":"pt_BR","og_type":"article","og_title":"Novo cronograma do INSS muda planejamento de aposentados - Estado de Minas - Em foco","og_description":"Confira o calend\u00e1rio de pagamentos do INSS e saiba como usar o app para evitar filas. Benefici\u00e1rios j\u00e1 se organizam para receber.","og_url":"https:\/\/www.em.com.br\/emfoco\/2025\/07\/09\/novo-cronograma-do-inss-muda-planejamento-de-aposentados\/","og_site_name":"Estado de Minas - Em foco","article_published_time":"2025-07-09T21:58:00+00:00","article_modified_time":"2025-07-09T01:13:24+00:00","og_image":[{"width":1280,"height":720,"url":"https:\/\/www.em.com.br\/emfoco\/wp-content\/uploads\/2025\/06\/dinheiro-re_1748976514366.jpg","type":"image\/jpeg"}],"author":"Ingrid Diniz","twitter_card":"summary_large_image","twitter_misc":{"Escrito por":"Ingrid Diniz","Est. tempo de leitura":"5 minutos"},"schema":{"@context":"https:\/\/schema.org","@graph":[{"@type":"WebPage","@id":"https:\/\/www.em.com.br\/emfoco\/2025\/07\/09\/novo-cronograma-do-inss-muda-planejamento-de-aposentados\/","url":"https:\/\/www.em.com.br\/emfoco\/2025\/07\/09\/novo-cronograma-do-inss-muda-planejamento-de-aposentados\/","name":"Novo cronograma do INSS muda planejamento de aposentados - Estado de Minas - Em foco","isPartOf":{"@id":"https:\/\/www.em.com.br\/emfoco\/#website"},"primaryImageOfPage":{"@id":"https:\/\/www.em.com.br\/emfoco\/2025\/07\/09\/novo-cronograma-do-inss-muda-planejamento-de-aposentados\/#primaryimage"},"image":{"@id":"https:\/\/www.em.com.br\/emfoco\/2025\/07\/09\/novo-cronograma-do-inss-muda-planejamento-de-aposentados\/#primaryimage"},"thumbnailUrl":"https:\/\/www.em.com.br\/emfoco\/wp-content\/uploads\/2025\/06\/dinheiro-re_1748976514366.jpg","datePublished":"2025-07-09T21:58:00+00:00","dateModified":"2025-07-09T01:13:24+00:00","author":{"@id":"https:\/\/www.em.com.br\/emfoco\/#\/schema\/person\/649e610b4eb8fff87ff394e54fe17b2b"},"description":"Confira o calend\u00e1rio de pagamentos do INSS e saiba como usar o app para evitar filas. Benefici\u00e1rios j\u00e1 se organizam para receber.","breadcrumb":{"@id":"https:\/\/www.em.com.br\/emfoco\/2025\/07\/09\/novo-cronograma-do-inss-muda-planejamento-de-aposentados\/#breadcrumb"},"inLanguage":"pt-BR","potentialAction":[{"@type":"ReadAction","target":["https:\/\/www.em.com.br\/emfoco\/2025\/07\/09\/novo-cronograma-do-inss-muda-planejamento-de-aposentados\/"]}]},{"@type":"ImageObject","inLanguage":"pt-BR","@id":"https:\/\/www.em.com.br\/emfoco\/2025\/07\/09\/novo-cronograma-do-inss-muda-planejamento-de-aposentados\/#primaryimage","url":"https:\/\/www.em.com.br\/emfoco\/wp-content\/uploads\/2025\/06\/dinheiro-re_1748976514366.jpg","contentUrl":"https:\/\/www.em.com.br\/emfoco\/wp-content\/uploads\/2025\/06\/dinheiro-re_1748976514366.jpg","width":1280,"height":720,"caption":"Direito ao 13\u00ba sal\u00e1rio e como calcular o valor - Cr\u00e9ditos: depositphotos.com \/ vectorlab"},{"@type":"BreadcrumbList","@id":"https:\/\/www.em.com.br\/emfoco\/2025\/07\/09\/novo-cronograma-do-inss-muda-planejamento-de-aposentados\/#breadcrumb","itemListElement":[{"@type":"ListItem","position":1,"name":"In\u00edcio","item":"https:\/\/www.em.com.br\/emfoco\/"},{"@type":"ListItem","position":2,"name":"Novo cronograma do INSS muda planejamento de aposentados"}]},{"@type":"WebSite","@id":"https:\/\/www.em.com.br\/emfoco\/#website","url":"https:\/\/www.em.com.br\/emfoco\/","name":"Estado de Minas - Em foco","description":"Acompanhe as \u00faltimas not\u00edcias e fique bem informado sobre tudo o que acontece em Minas Gerais, Brasil e no mundo.","potentialAction":[{"@type":"SearchAction","target":{"@type":"EntryPoint","urlTemplate":"https:\/\/www.em.com.br\/emfoco\/?s={search_term_string}"},"query-input":{"@type":"PropertyValueSpecification","valueRequired":true,"valueName":"search_term_string"}}],"inLanguage":"pt-BR"},{"@type":"Person","@id":"https:\/\/www.em.com.br\/emfoco\/#\/schema\/person\/649e610b4eb8fff87ff394e54fe17b2b","name":"Ingrid Diniz","image":{"@type":"ImageObject","inLanguage":"pt-BR","@id":"https:\/\/www.em.com.br\/emfoco\/#\/schema\/person\/image\/","url":"https:\/\/secure.gravatar.com\/avatar\/a3baa1449ec5c39b4c42babc9d4f3951?s=96&d=mm&r=g","contentUrl":"https:\/\/secure.gravatar.com\/avatar\/a3baa1449ec5c39b4c42babc9d4f3951?s=96&d=mm&r=g","caption":"Ingrid Diniz"},"sameAs":["https:\/\/www.em.com.br\/"],"url":"https:\/\/www.em.com.br\/emfoco\/author\/ingridmyth\/"}]}},"_links":{"self":[{"href":"https:\/\/www.em.com.br\/emfoco\/wp-json\/wp\/v2\/posts\/73102","targetHints":{"allow":["GET"]}}],"collection":[{"href":"https:\/\/www.em.com.br\/emfoco\/wp-json\/wp\/v2\/posts"}],"about":[{"href":"https:\/\/www.em.com.br\/emfoco\/wp-json\/wp\/v2\/types\/post"}],"author":[{"embeddable":true,"href":"https:\/\/www.em.com.br\/emfoco\/wp-json\/wp\/v2\/users\/20"}],"replies":[{"embeddable":true,"href":"https:\/\/www.em.com.br\/emfoco\/wp-json\/wp\/v2\/comments?post=73102"}],"version-history":[{"count":1,"href":"https:\/\/www.em.com.br\/emfoco\/wp-json\/wp\/v2\/posts\/73102\/revisions"}],"predecessor-version":[{"id":73123,"href":"https:\/\/www.em.com.br\/emfoco\/wp-json\/wp\/v2\/posts\/73102\/revisions\/73123"}],"wp:featuredmedia":[{"embeddable":true,"href":"https:\/\/www.em.com.br\/emfoco\/wp-json\/wp\/v2\/media\/55001"}],"wp:attachment":[{"href":"https:\/\/www.em.com.br\/emfoco\/wp-json\/wp\/v2\/media?parent=73102"}],"wp:term":[{"taxonomy":"category","embeddable":true,"href":"https:\/\/www.em.com.br\/emfoco\/wp-json\/wp\/v2\/categories?post=73102"},{"taxonomy":"post_tag","embeddable":true,"href":"https:\/\/www.em.com.br\/emfoco\/wp-json\/wp\/v2\/tags?post=73102"}],"curies":[{"name":"wp","href":"https:\/\/api.w.org\/{rel}","templated":true}]}}