{"id":7309,"date":"2025-01-05T08:40:00","date_gmt":"2025-01-05T11:40:00","guid":{"rendered":"https:\/\/www.em.com.br\/emfoco\/?p=7309"},"modified":"2024-12-28T14:58:19","modified_gmt":"2024-12-28T17:58:19","slug":"calendario-bpc-2025-confira-as-datas-e-saiba-como-se-preparar","status":"publish","type":"post","link":"https:\/\/www.em.com.br\/emfoco\/2025\/01\/05\/calendario-bpc-2025-confira-as-datas-e-saiba-como-se-preparar\/","title":{"rendered":"Calend\u00e1rio BPC 2025: Confira as datas e saiba como se preparar"},"content":{"rendered":"\n<p>O cronograma de pagamentos do Benef\u00edcio de Presta\u00e7\u00e3o Continuada (BPC) para o ano de 2025 foi anunciado pelo Instituto Nacional do Seguro Social (INSS). O BPC \u00e9 um apoio financeiro crucial oferecido a idosos e pessoas com defici\u00eancia que atendem a determinados crit\u00e9rios socioecon\u00f4micos. Embora a administra\u00e7\u00e3o do benef\u00edcio esteja sob a al\u00e7ada do Minist\u00e9rio do Desenvolvimento Social, o INSS \u00e9 respons\u00e1vel pela execu\u00e7\u00e3o dos pagamentos.<\/p>\n\n\n\n<p>Os benefici\u00e1rios que recebem valores no montante do piso salarial nacional devem atentar-se ao calend\u00e1rio estipulado para o in\u00edcio do ano. Os dep\u00f3sitos iniciam em 27 de janeiro de 2025 e acontecem de acordo com o pen\u00faltimo d\u00edgito do <strong><a href=\"https:\/\/www.sirc.gov.br\/guias\/guia-sirc-cartorios\/menu-consultas-auxiliares\/consulta-de-numero-de-beneficio\/\" target=\"_blank\" rel=\"noreferrer noopener\">N\u00famero de Benef\u00edcio<\/a><\/strong> (NB), garantindo organiza\u00e7\u00e3o e previsibilidade.<\/p>\n\n\n\n<h2 class=\"wp-block-heading\">Funcionamento do Calend\u00e1rio de Pagamento<\/h2>\n\n\n\n<p>O BPC come\u00e7a a ser pago em 27 de janeiro de 2025, come\u00e7ando pelos benefici\u00e1rios cujo pen\u00faltimo d\u00edgito do NB \u00e9 &#8216;1&#8217;. As datas subsequentes seguem essa l\u00f3gica at\u00e9 7 de fevereiro, quando benefici\u00e1rios com pen\u00faltimo d\u00edgito \u20180\u2019 receber\u00e3o seus benef\u00edcios. Os benefici\u00e1rios podem consultar o portal Meu INSS para verificar suas datas espec\u00edficas de dep\u00f3sito, sendo necess\u00e1rio uso do login do GOV.BR.<\/p>\n\n\n\n<figure class=\"wp-block-image size-large\"><img loading=\"lazy\" decoding=\"async\" width=\"1024\" height=\"576\" src=\"https:\/\/www.em.com.br\/emfoco\/wp-content\/uploads\/2024\/12\/Dinheiro-brazil_1734018274111-1024x576.jpg\" alt=\"13\u00ba Sal\u00e1rio: Gasto Consciente e Consumo Estrat\u00e9gico no Fim de Ano!\" class=\"wp-image-4554\" srcset=\"https:\/\/www.em.com.br\/emfoco\/wp-content\/uploads\/2024\/12\/Dinheiro-brazil_1734018274111-1024x576.jpg 1024w, https:\/\/www.em.com.br\/emfoco\/wp-content\/uploads\/2024\/12\/Dinheiro-brazil_1734018274111-300x169.jpg 300w, https:\/\/www.em.com.br\/emfoco\/wp-content\/uploads\/2024\/12\/Dinheiro-brazil_1734018274111-768x432.jpg 768w, https:\/\/www.em.com.br\/emfoco\/wp-content\/uploads\/2024\/12\/Dinheiro-brazil_1734018274111-750x422.jpg 750w, https:\/\/www.em.com.br\/emfoco\/wp-content\/uploads\/2024\/12\/Dinheiro-brazil_1734018274111-1140x641.jpg 1140w, https:\/\/www.em.com.br\/emfoco\/wp-content\/uploads\/2024\/12\/Dinheiro-brazil_1734018274111.jpg 1280w\" sizes=\"auto, (max-width: 1024px) 100vw, 1024px\" \/><figcaption class=\"wp-element-caption\">Dinheiro &#8211; Cr\u00e9ditos: depositphotos.com \/ rmcarvalhobsb<\/figcaption><\/figure>\n\n\n\n<h2 class=\"wp-block-heading\">Novas Regras para o BPC em 2025<\/h2>\n\n\n\n<p>Para o ano de <strong><a href=\"https:\/\/www.em.com.br\/emfoco\/2024\/12\/01\/as-5-melhores-cidades-de-minas-gerais-para-criar-filhos-em-2025\/\" target=\"_blank\" rel=\"noreferrer noopener\">2025<\/a><\/strong>, o BPC pode sofrer modifica\u00e7\u00f5es, caso propostas aprovadas pelo Congresso sejam sancionadas. Estas propostas incluem o uso de cadastro biom\u00e9trico e a exig\u00eancia de atualiza\u00e7\u00e3o de dados a cada dois anos nos centros de assist\u00eancia social locais. Pessoas com defici\u00eancia precisar\u00e3o passar por uma avalia\u00e7\u00e3o para determinar a gravidade de sua condi\u00e7\u00e3o, com categorias variando de \u201cmoderado\u201d a \u201cgrave\u201d.<\/p>\n\n\n\n<h2 class=\"wp-block-heading\">Requisitos para Elegibilidade<\/h2>\n\n\n\n<p>Para ser benefici\u00e1rio do BPC, o solicitante deve ser idoso, com mais de 65 anos, ou possuir alguma defici\u00eancia, independente de idade. Outro crit\u00e9rio essencial \u00e9 que a renda per capita do grupo familiar n\u00e3o ultrapasse um quarto do sal\u00e1rio m\u00ednimo vigente. Mais de um membro da mesma fam\u00edlia pode receber o benef\u00edcio, contanto que todos atendam aos crit\u00e9rios especificados.<\/p>\n\n\n\n<h2 class=\"wp-block-heading\">Datas Espec\u00edficas de Pagamento para Janeiro de 2025<\/h2>\n\n\n\n<ul class=\"wp-block-list\">\n<li>Pen\u00faltimo d\u00edgito 1: 27 de janeiro de 2025<\/li>\n\n\n\n<li>Pen\u00faltimo d\u00edgito 2: 28 de janeiro de 2025<\/li>\n\n\n\n<li>Pen\u00faltimo d\u00edgito 3: 29 de janeiro de 2025<\/li>\n\n\n\n<li>Pen\u00faltimo d\u00edgito 4: 30 de janeiro de 2025<\/li>\n\n\n\n<li>Pen\u00faltimo d\u00edgito 5: 31 de janeiro de 2025<\/li>\n\n\n\n<li>Pen\u00faltimo d\u00edgito 6: 3 de fevereiro de 2025<\/li>\n\n\n\n<li>Pen\u00faltimo d\u00edgito 7: 4 de fevereiro de 2025<\/li>\n\n\n\n<li>Pen\u00faltimo d\u00edgito 8: 5 de fevereiro de 2025<\/li>\n\n\n\n<li>Pen\u00faltimo d\u00edgito 9: 6 de fevereiro de 2025<\/li>\n\n\n\n<li>Pen\u00faltimo d\u00edgito 0: 7 de fevereiro de 2025<\/li>\n<\/ul>\n\n\n\n<p>Para assegurar o recebimento adequado e cont\u00ednuo do benef\u00edcio, \u00e9 essencial que os benefici\u00e1rios mantenham suas informa\u00e7\u00f5es atualizadas e sigam as diretrizes estipuladas. Monitorar essas datas e regras \u00e9 crucial para o bom planejamento financeiro ao longo do ano.<\/p>\n","protected":false},"excerpt":{"rendered":"<p>O cronograma de pagamentos do Benef\u00edcio de Presta\u00e7\u00e3o Continuada (BPC) para o ano de 2025 foi anunciado pelo Instituto Nacional do Seguro Social (INSS). O BPC \u00e9 um apoio financeiro crucial oferecido a idosos e pessoas com defici\u00eancia que atendem a determinados crit\u00e9rios socioecon\u00f4micos. Embora a administra\u00e7\u00e3o do benef\u00edcio esteja sob a al\u00e7ada do Minist\u00e9rio [&hellip;]<\/p>\n","protected":false},"author":5,"featured_media":7311,"comment_status":"open","ping_status":"open","sticky":false,"template":"","format":"standard","meta":{"jnews-multi-image_gallery":[],"jnews_single_post":{"format":"standard"},"jnews_primary_category":[],"jnews_social_meta":[],"jnews_override_counter":[],"footnotes":""},"categories":[28,1],"tags":[1113,257,702,658],"class_list":["post-7309","post","type-post","status-publish","format-standard","has-post-thumbnail","hentry","category-economia","category-noticias","tag-beneficio-de-prestacao-continuada","tag-bpc","tag-calendario-de-pagamento","tag-pagamentos"],"yoast_head":"<!-- This site is optimized with the Yoast SEO plugin v23.8 - https:\/\/yoast.com\/wordpress\/plugins\/seo\/ -->\n<title>Calend\u00e1rio BPC 2025: Confira as datas e saiba como se preparar - Estado de Minas - Em foco<\/title>\n<meta name=\"description\" content=\"Tudo sobre o Benef\u00edcio de Presta\u00e7\u00e3o Continuada: requisitos, valores e como consultar o calend\u00e1rio de pagamentos.\" \/>\n<meta name=\"robots\" content=\"index, follow, max-snippet:-1, max-image-preview:large, max-video-preview:-1\" \/>\n<link rel=\"canonical\" href=\"https:\/\/www.em.com.br\/emfoco\/2025\/01\/05\/calendario-bpc-2025-confira-as-datas-e-saiba-como-se-preparar\/\" \/>\n<meta property=\"og:locale\" content=\"pt_BR\" \/>\n<meta property=\"og:type\" content=\"article\" \/>\n<meta property=\"og:title\" content=\"Calend\u00e1rio BPC 2025: Confira as datas e saiba como se preparar - Estado de Minas - Em foco\" \/>\n<meta property=\"og:description\" content=\"Tudo sobre o Benef\u00edcio de Presta\u00e7\u00e3o Continuada: requisitos, valores e como consultar o calend\u00e1rio de pagamentos.\" \/>\n<meta property=\"og:url\" content=\"https:\/\/www.em.com.br\/emfoco\/2025\/01\/05\/calendario-bpc-2025-confira-as-datas-e-saiba-como-se-preparar\/\" \/>\n<meta property=\"og:site_name\" content=\"Estado de Minas - Em foco\" \/>\n<meta property=\"article:published_time\" content=\"2025-01-05T11:40:00+00:00\" \/>\n<meta property=\"article:modified_time\" content=\"2024-12-28T17:58:19+00:00\" \/>\n<meta property=\"og:image\" content=\"https:\/\/www.em.com.br\/emfoco\/wp-content\/uploads\/2024\/12\/calendario_1735408571215.jpg\" \/>\n\t<meta property=\"og:image:width\" content=\"1280\" \/>\n\t<meta property=\"og:image:height\" content=\"720\" \/>\n\t<meta property=\"og:image:type\" content=\"image\/jpeg\" \/>\n<meta name=\"author\" content=\"N\u00fabia Rangel\" \/>\n<meta name=\"twitter:card\" content=\"summary_large_image\" \/>\n<meta name=\"twitter:label1\" content=\"Escrito por\" \/>\n\t<meta name=\"twitter:data1\" content=\"N\u00fabia Rangel\" \/>\n\t<meta name=\"twitter:label2\" content=\"Est. tempo de leitura\" \/>\n\t<meta name=\"twitter:data2\" content=\"3 minutos\" \/>\n<!-- \/ Yoast SEO plugin. -->","yoast_head_json":{"title":"Calend\u00e1rio BPC 2025: Confira as datas e saiba como se preparar - Estado de Minas - Em foco","description":"Tudo sobre o Benef\u00edcio de Presta\u00e7\u00e3o Continuada: requisitos, valores e como consultar o calend\u00e1rio de pagamentos.","robots":{"index":"index","follow":"follow","max-snippet":"max-snippet:-1","max-image-preview":"max-image-preview:large","max-video-preview":"max-video-preview:-1"},"canonical":"https:\/\/www.em.com.br\/emfoco\/2025\/01\/05\/calendario-bpc-2025-confira-as-datas-e-saiba-como-se-preparar\/","og_locale":"pt_BR","og_type":"article","og_title":"Calend\u00e1rio BPC 2025: Confira as datas e saiba como se preparar - Estado de Minas - Em foco","og_description":"Tudo sobre o Benef\u00edcio de Presta\u00e7\u00e3o Continuada: requisitos, valores e como consultar o calend\u00e1rio de pagamentos.","og_url":"https:\/\/www.em.com.br\/emfoco\/2025\/01\/05\/calendario-bpc-2025-confira-as-datas-e-saiba-como-se-preparar\/","og_site_name":"Estado de Minas - Em foco","article_published_time":"2025-01-05T11:40:00+00:00","article_modified_time":"2024-12-28T17:58:19+00:00","og_image":[{"width":1280,"height":720,"url":"https:\/\/www.em.com.br\/emfoco\/wp-content\/uploads\/2024\/12\/calendario_1735408571215.jpg","type":"image\/jpeg"}],"author":"N\u00fabia Rangel","twitter_card":"summary_large_image","twitter_misc":{"Escrito por":"N\u00fabia Rangel","Est. tempo de leitura":"3 minutos"},"schema":{"@context":"https:\/\/schema.org","@graph":[{"@type":"WebPage","@id":"https:\/\/www.em.com.br\/emfoco\/2025\/01\/05\/calendario-bpc-2025-confira-as-datas-e-saiba-como-se-preparar\/","url":"https:\/\/www.em.com.br\/emfoco\/2025\/01\/05\/calendario-bpc-2025-confira-as-datas-e-saiba-como-se-preparar\/","name":"Calend\u00e1rio BPC 2025: Confira as datas e saiba como se preparar - Estado de Minas - Em foco","isPartOf":{"@id":"https:\/\/www.em.com.br\/emfoco\/#website"},"primaryImageOfPage":{"@id":"https:\/\/www.em.com.br\/emfoco\/2025\/01\/05\/calendario-bpc-2025-confira-as-datas-e-saiba-como-se-preparar\/#primaryimage"},"image":{"@id":"https:\/\/www.em.com.br\/emfoco\/2025\/01\/05\/calendario-bpc-2025-confira-as-datas-e-saiba-como-se-preparar\/#primaryimage"},"thumbnailUrl":"https:\/\/www.em.com.br\/emfoco\/wp-content\/uploads\/2024\/12\/calendario_1735408571215.jpg","datePublished":"2025-01-05T11:40:00+00:00","dateModified":"2024-12-28T17:58:19+00:00","author":{"@id":"https:\/\/www.em.com.br\/emfoco\/#\/schema\/person\/524437ef54f8a5d32591b143307f2e20"},"description":"Tudo sobre o Benef\u00edcio de Presta\u00e7\u00e3o Continuada: requisitos, valores e como consultar o calend\u00e1rio de pagamentos.","breadcrumb":{"@id":"https:\/\/www.em.com.br\/emfoco\/2025\/01\/05\/calendario-bpc-2025-confira-as-datas-e-saiba-como-se-preparar\/#breadcrumb"},"inLanguage":"pt-BR","potentialAction":[{"@type":"ReadAction","target":["https:\/\/www.em.com.br\/emfoco\/2025\/01\/05\/calendario-bpc-2025-confira-as-datas-e-saiba-como-se-preparar\/"]}]},{"@type":"ImageObject","inLanguage":"pt-BR","@id":"https:\/\/www.em.com.br\/emfoco\/2025\/01\/05\/calendario-bpc-2025-confira-as-datas-e-saiba-como-se-preparar\/#primaryimage","url":"https:\/\/www.em.com.br\/emfoco\/wp-content\/uploads\/2024\/12\/calendario_1735408571215.jpg","contentUrl":"https:\/\/www.em.com.br\/emfoco\/wp-content\/uploads\/2024\/12\/calendario_1735408571215.jpg","width":1280,"height":720,"caption":"Imagem Ilustrativa de Calendario - Cr\u00e9ditos: depositphotos.com \/ gena96"},{"@type":"BreadcrumbList","@id":"https:\/\/www.em.com.br\/emfoco\/2025\/01\/05\/calendario-bpc-2025-confira-as-datas-e-saiba-como-se-preparar\/#breadcrumb","itemListElement":[{"@type":"ListItem","position":1,"name":"In\u00edcio","item":"https:\/\/www.em.com.br\/emfoco\/"},{"@type":"ListItem","position":2,"name":"Calend\u00e1rio BPC 2025: Confira as datas e saiba como se preparar"}]},{"@type":"WebSite","@id":"https:\/\/www.em.com.br\/emfoco\/#website","url":"https:\/\/www.em.com.br\/emfoco\/","name":"Estado de Minas - Em foco","description":"Acompanhe as \u00faltimas not\u00edcias e fique bem informado sobre tudo o que acontece em Minas Gerais, Brasil e no mundo.","potentialAction":[{"@type":"SearchAction","target":{"@type":"EntryPoint","urlTemplate":"https:\/\/www.em.com.br\/emfoco\/?s={search_term_string}"},"query-input":{"@type":"PropertyValueSpecification","valueRequired":true,"valueName":"search_term_string"}}],"inLanguage":"pt-BR"},{"@type":"Person","@id":"https:\/\/www.em.com.br\/emfoco\/#\/schema\/person\/524437ef54f8a5d32591b143307f2e20","name":"N\u00fabia Rangel","image":{"@type":"ImageObject","inLanguage":"pt-BR","@id":"https:\/\/www.em.com.br\/emfoco\/#\/schema\/person\/image\/","url":"https:\/\/secure.gravatar.com\/avatar\/47cff2827a5ba23c37e8068c86817ea4?s=96&d=mm&r=g","contentUrl":"https:\/\/secure.gravatar.com\/avatar\/47cff2827a5ba23c37e8068c86817ea4?s=96&d=mm&r=g","caption":"N\u00fabia Rangel"},"sameAs":["https:\/\/www.em.com.br\/emfoco\/"],"url":"https:\/\/www.em.com.br\/emfoco\/author\/nubiamyth\/"}]}},"_links":{"self":[{"href":"https:\/\/www.em.com.br\/emfoco\/wp-json\/wp\/v2\/posts\/7309","targetHints":{"allow":["GET"]}}],"collection":[{"href":"https:\/\/www.em.com.br\/emfoco\/wp-json\/wp\/v2\/posts"}],"about":[{"href":"https:\/\/www.em.com.br\/emfoco\/wp-json\/wp\/v2\/types\/post"}],"author":[{"embeddable":true,"href":"https:\/\/www.em.com.br\/emfoco\/wp-json\/wp\/v2\/users\/5"}],"replies":[{"embeddable":true,"href":"https:\/\/www.em.com.br\/emfoco\/wp-json\/wp\/v2\/comments?post=7309"}],"version-history":[{"count":2,"href":"https:\/\/www.em.com.br\/emfoco\/wp-json\/wp\/v2\/posts\/7309\/revisions"}],"predecessor-version":[{"id":7312,"href":"https:\/\/www.em.com.br\/emfoco\/wp-json\/wp\/v2\/posts\/7309\/revisions\/7312"}],"wp:featuredmedia":[{"embeddable":true,"href":"https:\/\/www.em.com.br\/emfoco\/wp-json\/wp\/v2\/media\/7311"}],"wp:attachment":[{"href":"https:\/\/www.em.com.br\/emfoco\/wp-json\/wp\/v2\/media?parent=7309"}],"wp:term":[{"taxonomy":"category","embeddable":true,"href":"https:\/\/www.em.com.br\/emfoco\/wp-json\/wp\/v2\/categories?post=7309"},{"taxonomy":"post_tag","embeddable":true,"href":"https:\/\/www.em.com.br\/emfoco\/wp-json\/wp\/v2\/tags?post=7309"}],"curies":[{"name":"wp","href":"https:\/\/api.w.org\/{rel}","templated":true}]}}