{"id":73087,"date":"2025-07-10T06:38:15","date_gmt":"2025-07-10T09:38:15","guid":{"rendered":"https:\/\/www.em.com.br\/emfoco\/?p=73087"},"modified":"2025-07-09T17:53:13","modified_gmt":"2025-07-09T20:53:13","slug":"7-efeitos-surpreendentes-da-lua-na-saude-que-poucos-conhecem","status":"publish","type":"post","link":"https:\/\/www.em.com.br\/emfoco\/2025\/07\/10\/7-efeitos-surpreendentes-da-lua-na-saude-que-poucos-conhecem\/","title":{"rendered":"7 efeitos surpreendentes da lua na sa\u00fade que poucos conhecem"},"content":{"rendered":"\n<p>H\u00e1 muito tempo, as fases da <a href=\"https:\/\/www.nationalgeographicbrasil.com\/ciencia\/2024\/08\/a-lua-pode-influenciar-a-saude-humana-uma-nova-pesquisa-sugere-que-sim\" target=\"_blank\" rel=\"noreferrer noopener\"><strong>Lua<\/strong> <\/a>fascinam a humanidade, inspirando lendas e cren\u00e7as sobre seu impacto na sa\u00fade e no comportamento humano. Com base em estudos recentes, cientistas t\u00eam investigado se h\u00e1 uma rela\u00e7\u00e3o de fato entre a <a href=\"https:\/\/www.em.com.br\/emfoco\/2025\/07\/08\/melhor-fase-da-lua-para-plantar-guia-pratico-da-jardinagem-lunar\/\" target=\"_blank\" rel=\"noreferrer noopener\">Lua <\/a>e a sa\u00fade humana, uma quest\u00e3o que desperta a curiosidade de muitos. Neste artigo, vamos explorar essa conex\u00e3o, avaliando lendas, pesquisas cient\u00edficas e o que os especialistas t\u00eam a dizer sobre o assunto.<\/p>\n\n\n\n<h2 class=\"wp-block-heading\">As lendas ao redor da lua e a sa\u00fade<\/h2>\n\n\n\n<p>Historicamente, v\u00e1rias culturas atribu\u00edram \u00e0 Lua influ\u00eancias poderosas sobre quest\u00f5es terrestres, incluindo a sa\u00fade dos indiv\u00edduos. Muitos acreditavam que a fase lunar poderia afetar tudo, desde o crescimento das plantas at\u00e9 o comportamento humano. A cren\u00e7a na \u201cloucura lunar\u201d ou \u201c<strong>lunatismo<\/strong>\u201d, por exemplo, remonta a tempos antigos e sugere que a Lua cheia poderia desencadear comportamentos irracionais. Documentos hist\u00f3ricos da <strong>Roma Antiga<\/strong> e de sociedades como a <strong>Gr\u00e9cia Antiga<\/strong> j\u00e1 mencionavam preocupa\u00e7\u00e3o com as fases lunares.<\/p>\n\n\n\n<p>Outras lendas falam da influ\u00eancia lunar na fertilidade e at\u00e9 mesmo nos ciclos menstruais das mulheres, acreditando-se que a sincronia entre estes ciclos e as fases lunares n\u00e3o seria mera coincid\u00eancia. Essas tradi\u00e7\u00f5es refletem como as sociedades antigas observavam a Lua e integravam suas fases em explica\u00e7\u00f5es sobre o corpo humano e seu funcionamento.<\/p>\n\n\n\n<h2 class=\"wp-block-heading\">Pesquisas cient\u00edficas desafiam as lendas<\/h2>\n\n\n\n<p>No campo da ci\u00eancia, os estudiosos t\u00eam se dedicado a investigar se essas antigas cren\u00e7as t\u00eam algum fundamento. Estudos recentes analisam, por exemplo, se a Lua pode realmente influenciar os padr\u00f5es de sono. Algumas pesquisas sugerem um ligeiro aumento das dificuldades para dormir durante a lua cheia, atribu\u00eddo a uma poss\u00edvel influ\u00eancia do brilho lunar.<\/p>\n\n\n\n<p>Entretanto, muitas dessas descobertas enfrentam limita\u00e7\u00f5es em termos de amostra e metodologia, o que leva a comunidade cient\u00edfica a debater se h\u00e1 uma influ\u00eancia significativa ou se outros fatores n\u00e3o controlados poderiam ser respons\u00e1veis por esses achados. Desta forma, embora algumas pesquisas ofere\u00e7am ind\u00edcios intrigantes, ainda n\u00e3o h\u00e1 consenso sobre os efeitos diretos da Lua nas condi\u00e7\u00f5es de sa\u00fade. Em <strong>2023<\/strong>, por exemplo, uma an\u00e1lise da <strong>Universidade de Genebra<\/strong> revisitou algumas dessas pesquisas, ressaltando a necessidade de mais experimentos controlados.<\/p>\n\n\n\n<figure class=\"wp-block-image size-large\"><img loading=\"lazy\" decoding=\"async\" width=\"1024\" height=\"576\" src=\"https:\/\/www.em.com.br\/emfoco\/wp-content\/uploads\/2025\/07\/lua_1752022189070-1024x576.jpg\" alt=\"7 efeitos surpreendentes da lua na sa\u00fade que poucos conhecem\" class=\"wp-image-73090\" srcset=\"https:\/\/www.em.com.br\/emfoco\/wp-content\/uploads\/2025\/07\/lua_1752022189070-1024x576.jpg 1024w, https:\/\/www.em.com.br\/emfoco\/wp-content\/uploads\/2025\/07\/lua_1752022189070-300x169.jpg 300w, https:\/\/www.em.com.br\/emfoco\/wp-content\/uploads\/2025\/07\/lua_1752022189070-768x432.jpg 768w, https:\/\/www.em.com.br\/emfoco\/wp-content\/uploads\/2025\/07\/lua_1752022189070-750x422.jpg 750w, https:\/\/www.em.com.br\/emfoco\/wp-content\/uploads\/2025\/07\/lua_1752022189070-1140x641.jpg 1140w, https:\/\/www.em.com.br\/emfoco\/wp-content\/uploads\/2025\/07\/lua_1752022189070.jpg 1280w\" sizes=\"auto, (max-width: 1024px) 100vw, 1024px\" \/><figcaption class=\"wp-element-caption\">Lua cheia &#8211; Cr\u00e9ditos: depositphotos.com \/ klagyivik<\/figcaption><\/figure>\n\n\n\n<h2 class=\"wp-block-heading\">O que dizem os cientistas sobre a rela\u00e7\u00e3o lua e sa\u00fade?<\/h2>\n\n\n\n<p>Apesar do fasc\u00ednio sobre uma poss\u00edvel liga\u00e7\u00e3o entre as fases da Lua e a sa\u00fade, a maioria dos cientistas convida a cautela. Pesquisadores apontam que muitos dos efeitos atribu\u00eddos \u00e0 Lua podem ser explicados por efeitos psicol\u00f3gicos e autocumprimentos de profecias. Quando as pessoas sabem que a Lua est\u00e1 cheia, podem interpretar eventos comuns como sendo causados pela Lua.<\/p>\n\n\n\n<p>Cientistas tamb\u00e9m ressaltam o fato de que a luz el\u00e9trica moderna reduz o impacto da luz lunar em ambientes urbanos, sugerindo que se houvesse uma influ\u00eancia direta e significativa da Lua, essa teria se atenuado nas sociedades modernas. No entanto, a pesquisa continua, e novos estudos buscam esclarecer qualquer potencial rela\u00e7\u00e3o entre as fases lunares e a sa\u00fade humana. Especialistas do <strong>Instituto Nacional de Pesquisas Espaciais<\/strong> tamb\u00e9m revisaram estudos ao longo da <strong>d\u00e9cada de 2020<\/strong>, destacando a import\u00e2ncia de considerar fatores culturais em futuras an\u00e1lises.<\/p>\n\n\n\n<h2 class=\"wp-block-heading\">A lua e o bem-estar emocional<\/h2>\n\n\n\n<p>Al\u00e9m das investiga\u00e7\u00f5es sobre sa\u00fade f\u00edsica, a Lua tamb\u00e9m \u00e9 objeto de estudo no que tange ao bem-estar emocional. Algumas teorias indicam que a Lua pode afetar nosso humor, influenciando emo\u00e7\u00f5es e at\u00e9 mesmo nossa percep\u00e7\u00e3o de n\u00f3s mesmos. No entanto, tal como ocorre com a sa\u00fade f\u00edsica, n\u00e3o h\u00e1 comprova\u00e7\u00f5es definitivas sobre estas afirma\u00e7\u00f5es.<\/p>\n\n\n\n<p>Scholars t\u00eam investigado condi\u00e7\u00f5es como ansiedade e humor depressivo em rela\u00e7\u00e3o ao ciclo lunar. Embora algumas pessoas relatem sentir flutua\u00e7\u00f5es emocionais, os estudos geralmente n\u00e3o t\u00eam encontrado evid\u00eancias s\u00f3lidas que comprovem altera\u00e7\u00f5es emocionais significativas devido \u00e0s fases da Lua. Assim, enquanto essa conex\u00e3o continua a ser explorada, o impacto emocional lunar permanece incerto. Em uma pesquisa conduzida em <strong>Nova York<\/strong> em parceria com a <strong>Universidade Columbia<\/strong>, os achados refor\u00e7aram essa falta de consenso ao comparar popula\u00e7\u00f5es urbanas e rurais.<\/p>\n\n\n\n<h2 class=\"wp-block-heading\">Perguntas e respostas<\/h2>\n\n\n\n<ol class=\"wp-block-list\">\n<li><strong>A Lua pode afetar todos os seres vivos?<\/strong> <br>As respostas variam, mas muitos dizem que sim, especialmente nos ciclos reprodutivos de certos animais, como algumas esp\u00e9cies em <strong>recifes de corais da Austr\u00e1lia<\/strong>.<\/li>\n\n\n\n<li><strong>O que \u00e9 lunatismo?<\/strong> <br>\u00c9 a cren\u00e7a de que a Lua cheia pode causar altera\u00e7\u00f5es no comportamento humano, como ins\u00f4nia ou comportamentos irracionais.<\/li>\n\n\n\n<li><strong>Os ciclos menstruais realmente sincronizam com a Lua?<\/strong> <br>N\u00e3o h\u00e1 evid\u00eancias cient\u00edficas consistentes deste fen\u00f4meno, embora culturalmente essa cren\u00e7a seja recorrente.<\/li>\n\n\n\n<li><strong>A modernidade mudou como a Lua nos afeta?<\/strong> <br>A vida urbana e o uso de luz artificial certamente influenciam menos impactos diretos da luz lunar nos dias atuais.<\/li>\n\n\n\n<li><strong>Por que as pessoas ainda acreditam na influ\u00eancia lunar?<\/strong> <br>As tradi\u00e7\u00f5es culturais e a fascinante presen\u00e7a da Lua no c\u00e9u continuam a alimentar as cren\u00e7as e as narrativas sobre sua influ\u00eancia.<\/li>\n<\/ol>\n","protected":false},"excerpt":{"rendered":"<p>H\u00e1 muito tempo, as fases da Lua fascinam a humanidade, inspirando lendas e cren\u00e7as sobre seu impacto na sa\u00fade e no comportamento humano. Com base em estudos recentes, cientistas t\u00eam investigado se h\u00e1 uma rela\u00e7\u00e3o de fato entre a Lua e a sa\u00fade humana, uma quest\u00e3o que desperta a curiosidade de muitos. Neste artigo, vamos [&hellip;]<\/p>\n","protected":false},"author":18,"featured_media":73089,"comment_status":"open","ping_status":"open","sticky":false,"template":"","format":"standard","meta":{"jnews-multi-image_gallery":[],"jnews_single_post":{"format":"standard"},"jnews_primary_category":[],"jnews_social_meta":[],"jnews_override_counter":[],"footnotes":""},"categories":[8819],"tags":[6765,11832,3938,415],"class_list":["post-73087","post","type-post","status-publish","format-standard","has-post-thumbnail","hentry","category-curiosidades","tag-fases-da-lua","tag-influencia-da-lua","tag-lua","tag-saude"],"yoast_head":"<!-- This site is optimized with the Yoast SEO plugin v23.8 - https:\/\/yoast.com\/wordpress\/plugins\/seo\/ -->\n<title>7 efeitos surpreendentes da lua na sa\u00fade que poucos conhecem - Estado de Minas - Em foco<\/title>\n<meta name=\"description\" content=\"A rela\u00e7\u00e3o entre lua e sa\u00fade ainda intriga cientistas. Veja o que estudos revelam sobre sono, humor e outros poss\u00edveis impactos no corpo humano.\" \/>\n<meta name=\"robots\" content=\"index, follow, max-snippet:-1, max-image-preview:large, max-video-preview:-1\" \/>\n<link rel=\"canonical\" href=\"https:\/\/www.em.com.br\/emfoco\/2025\/07\/10\/7-efeitos-surpreendentes-da-lua-na-saude-que-poucos-conhecem\/\" \/>\n<meta property=\"og:locale\" content=\"pt_BR\" \/>\n<meta property=\"og:type\" content=\"article\" \/>\n<meta property=\"og:title\" content=\"7 efeitos surpreendentes da lua na sa\u00fade que poucos conhecem - Estado de Minas - Em foco\" \/>\n<meta property=\"og:description\" content=\"A rela\u00e7\u00e3o entre lua e sa\u00fade ainda intriga cientistas. Veja o que estudos revelam sobre sono, humor e outros poss\u00edveis impactos no corpo humano.\" \/>\n<meta property=\"og:url\" content=\"https:\/\/www.em.com.br\/emfoco\/2025\/07\/10\/7-efeitos-surpreendentes-da-lua-na-saude-que-poucos-conhecem\/\" \/>\n<meta property=\"og:site_name\" content=\"Estado de Minas - Em foco\" \/>\n<meta property=\"article:published_time\" content=\"2025-07-10T09:38:15+00:00\" \/>\n<meta property=\"article:modified_time\" content=\"2025-07-09T20:53:13+00:00\" \/>\n<meta property=\"og:image\" content=\"https:\/\/www.em.com.br\/emfoco\/wp-content\/uploads\/2025\/07\/lua_1752022145188.jpg\" \/>\n\t<meta property=\"og:image:width\" content=\"1280\" \/>\n\t<meta property=\"og:image:height\" content=\"720\" \/>\n\t<meta property=\"og:image:type\" content=\"image\/jpeg\" \/>\n<meta name=\"author\" content=\"Julio Cesar\" \/>\n<meta name=\"twitter:card\" content=\"summary_large_image\" \/>\n<meta name=\"twitter:label1\" content=\"Escrito por\" \/>\n\t<meta name=\"twitter:data1\" content=\"Julio Cesar\" \/>\n\t<meta name=\"twitter:label2\" content=\"Est. tempo de leitura\" \/>\n\t<meta name=\"twitter:data2\" content=\"5 minutos\" \/>\n<!-- \/ Yoast SEO plugin. -->","yoast_head_json":{"title":"7 efeitos surpreendentes da lua na sa\u00fade que poucos conhecem - Estado de Minas - Em foco","description":"A rela\u00e7\u00e3o entre lua e sa\u00fade ainda intriga cientistas. Veja o que estudos revelam sobre sono, humor e outros poss\u00edveis impactos no corpo humano.","robots":{"index":"index","follow":"follow","max-snippet":"max-snippet:-1","max-image-preview":"max-image-preview:large","max-video-preview":"max-video-preview:-1"},"canonical":"https:\/\/www.em.com.br\/emfoco\/2025\/07\/10\/7-efeitos-surpreendentes-da-lua-na-saude-que-poucos-conhecem\/","og_locale":"pt_BR","og_type":"article","og_title":"7 efeitos surpreendentes da lua na sa\u00fade que poucos conhecem - Estado de Minas - Em foco","og_description":"A rela\u00e7\u00e3o entre lua e sa\u00fade ainda intriga cientistas. Veja o que estudos revelam sobre sono, humor e outros poss\u00edveis impactos no corpo humano.","og_url":"https:\/\/www.em.com.br\/emfoco\/2025\/07\/10\/7-efeitos-surpreendentes-da-lua-na-saude-que-poucos-conhecem\/","og_site_name":"Estado de Minas - Em foco","article_published_time":"2025-07-10T09:38:15+00:00","article_modified_time":"2025-07-09T20:53:13+00:00","og_image":[{"width":1280,"height":720,"url":"https:\/\/www.em.com.br\/emfoco\/wp-content\/uploads\/2025\/07\/lua_1752022145188.jpg","type":"image\/jpeg"}],"author":"Julio Cesar","twitter_card":"summary_large_image","twitter_misc":{"Escrito por":"Julio Cesar","Est. tempo de leitura":"5 minutos"},"schema":{"@context":"https:\/\/schema.org","@graph":[{"@type":"WebPage","@id":"https:\/\/www.em.com.br\/emfoco\/2025\/07\/10\/7-efeitos-surpreendentes-da-lua-na-saude-que-poucos-conhecem\/","url":"https:\/\/www.em.com.br\/emfoco\/2025\/07\/10\/7-efeitos-surpreendentes-da-lua-na-saude-que-poucos-conhecem\/","name":"7 efeitos surpreendentes da lua na sa\u00fade que poucos conhecem - Estado de Minas - Em foco","isPartOf":{"@id":"https:\/\/www.em.com.br\/emfoco\/#website"},"primaryImageOfPage":{"@id":"https:\/\/www.em.com.br\/emfoco\/2025\/07\/10\/7-efeitos-surpreendentes-da-lua-na-saude-que-poucos-conhecem\/#primaryimage"},"image":{"@id":"https:\/\/www.em.com.br\/emfoco\/2025\/07\/10\/7-efeitos-surpreendentes-da-lua-na-saude-que-poucos-conhecem\/#primaryimage"},"thumbnailUrl":"https:\/\/www.em.com.br\/emfoco\/wp-content\/uploads\/2025\/07\/lua_1752022145188.jpg","datePublished":"2025-07-10T09:38:15+00:00","dateModified":"2025-07-09T20:53:13+00:00","author":{"@id":"https:\/\/www.em.com.br\/emfoco\/#\/schema\/person\/08c4a03e38018bbab9038d5f788321fc"},"description":"A rela\u00e7\u00e3o entre lua e sa\u00fade ainda intriga cientistas. Veja o que estudos revelam sobre sono, humor e outros poss\u00edveis impactos no corpo humano.","breadcrumb":{"@id":"https:\/\/www.em.com.br\/emfoco\/2025\/07\/10\/7-efeitos-surpreendentes-da-lua-na-saude-que-poucos-conhecem\/#breadcrumb"},"inLanguage":"pt-BR","potentialAction":[{"@type":"ReadAction","target":["https:\/\/www.em.com.br\/emfoco\/2025\/07\/10\/7-efeitos-surpreendentes-da-lua-na-saude-que-poucos-conhecem\/"]}]},{"@type":"ImageObject","inLanguage":"pt-BR","@id":"https:\/\/www.em.com.br\/emfoco\/2025\/07\/10\/7-efeitos-surpreendentes-da-lua-na-saude-que-poucos-conhecem\/#primaryimage","url":"https:\/\/www.em.com.br\/emfoco\/wp-content\/uploads\/2025\/07\/lua_1752022145188.jpg","contentUrl":"https:\/\/www.em.com.br\/emfoco\/wp-content\/uploads\/2025\/07\/lua_1752022145188.jpg","width":1280,"height":720,"caption":"Lua - Cr\u00e9ditos: depositphotos.com \/ Vadim4eg"},{"@type":"BreadcrumbList","@id":"https:\/\/www.em.com.br\/emfoco\/2025\/07\/10\/7-efeitos-surpreendentes-da-lua-na-saude-que-poucos-conhecem\/#breadcrumb","itemListElement":[{"@type":"ListItem","position":1,"name":"In\u00edcio","item":"https:\/\/www.em.com.br\/emfoco\/"},{"@type":"ListItem","position":2,"name":"7 efeitos surpreendentes da lua na sa\u00fade que poucos conhecem"}]},{"@type":"WebSite","@id":"https:\/\/www.em.com.br\/emfoco\/#website","url":"https:\/\/www.em.com.br\/emfoco\/","name":"Estado de Minas - Em foco","description":"Acompanhe as \u00faltimas not\u00edcias e fique bem informado sobre tudo o que acontece em Minas Gerais, Brasil e no mundo.","potentialAction":[{"@type":"SearchAction","target":{"@type":"EntryPoint","urlTemplate":"https:\/\/www.em.com.br\/emfoco\/?s={search_term_string}"},"query-input":{"@type":"PropertyValueSpecification","valueRequired":true,"valueName":"search_term_string"}}],"inLanguage":"pt-BR"},{"@type":"Person","@id":"https:\/\/www.em.com.br\/emfoco\/#\/schema\/person\/08c4a03e38018bbab9038d5f788321fc","name":"Julio Cesar","image":{"@type":"ImageObject","inLanguage":"pt-BR","@id":"https:\/\/www.em.com.br\/emfoco\/#\/schema\/person\/image\/","url":"https:\/\/secure.gravatar.com\/avatar\/ab1ea64f0d4f4c1385f8ef10d5a6e758?s=96&d=mm&r=g","contentUrl":"https:\/\/secure.gravatar.com\/avatar\/ab1ea64f0d4f4c1385f8ef10d5a6e758?s=96&d=mm&r=g","caption":"Julio Cesar"},"url":"https:\/\/www.em.com.br\/emfoco\/author\/juliomyth\/"}]}},"_links":{"self":[{"href":"https:\/\/www.em.com.br\/emfoco\/wp-json\/wp\/v2\/posts\/73087","targetHints":{"allow":["GET"]}}],"collection":[{"href":"https:\/\/www.em.com.br\/emfoco\/wp-json\/wp\/v2\/posts"}],"about":[{"href":"https:\/\/www.em.com.br\/emfoco\/wp-json\/wp\/v2\/types\/post"}],"author":[{"embeddable":true,"href":"https:\/\/www.em.com.br\/emfoco\/wp-json\/wp\/v2\/users\/18"}],"replies":[{"embeddable":true,"href":"https:\/\/www.em.com.br\/emfoco\/wp-json\/wp\/v2\/comments?post=73087"}],"version-history":[{"count":2,"href":"https:\/\/www.em.com.br\/emfoco\/wp-json\/wp\/v2\/posts\/73087\/revisions"}],"predecessor-version":[{"id":73093,"href":"https:\/\/www.em.com.br\/emfoco\/wp-json\/wp\/v2\/posts\/73087\/revisions\/73093"}],"wp:featuredmedia":[{"embeddable":true,"href":"https:\/\/www.em.com.br\/emfoco\/wp-json\/wp\/v2\/media\/73089"}],"wp:attachment":[{"href":"https:\/\/www.em.com.br\/emfoco\/wp-json\/wp\/v2\/media?parent=73087"}],"wp:term":[{"taxonomy":"category","embeddable":true,"href":"https:\/\/www.em.com.br\/emfoco\/wp-json\/wp\/v2\/categories?post=73087"},{"taxonomy":"post_tag","embeddable":true,"href":"https:\/\/www.em.com.br\/emfoco\/wp-json\/wp\/v2\/tags?post=73087"}],"curies":[{"name":"wp","href":"https:\/\/api.w.org\/{rel}","templated":true}]}}