{"id":73077,"date":"2025-07-09T13:38:00","date_gmt":"2025-07-09T16:38:00","guid":{"rendered":"https:\/\/www.em.com.br\/emfoco\/?p=73077"},"modified":"2025-07-08T21:29:38","modified_gmt":"2025-07-09T00:29:38","slug":"valor-inesperado-no-fgts-faz-demissao-ficar-mais-cara","status":"publish","type":"post","link":"https:\/\/www.em.com.br\/emfoco\/2025\/07\/09\/valor-inesperado-no-fgts-faz-demissao-ficar-mais-cara\/","title":{"rendered":"Valor inesperado no FGTS faz demiss\u00e3o ficar mais cara"},"content":{"rendered":"\n<p>Quando um trabalhador \u00e9 demitido sem justa causa, ele possui alguns direitos assegurados por lei. Entre esses direitos, a multa de 40% sobre o <strong>Fundo de Garantia do Tempo de Servi\u00e7o<\/strong> (<a href=\"https:\/\/www.em.com.br\/emfoco\/2025\/07\/08\/uma-forma-pratica-de-usar-o-fgts-e-planejar-o-futuro\/\" target=\"_blank\" rel=\"noreferrer noopener\">FGTS<\/a>) desempenha um papel crucial ao proporcionar uma compensa\u00e7\u00e3o financeira significativa ao trabalhador. Esse benef\u00edcio busca mitigar os impactos imediatos da perda de emprego, fornecendo uma quantia adicional que pode ser usada para o replanejamento financeiro ou como reserva de emerg\u00eancia.<\/p>\n\n\n\n<ul class=\"wp-block-list\">\n<li><strong>Compensa\u00e7\u00e3o financeira:<\/strong> Ajuda o trabalhador a enfrentar despesas imediatas ap\u00f3s a demiss\u00e3o.<\/li>\n\n\n\n<li><strong>Refor\u00e7o ao planejamento:<\/strong> Oferece suporte para o trabalhador reorganizar sua situa\u00e7\u00e3o financeira.<\/li>\n<\/ul>\n\n\n\n<p>O c\u00e1lculo da multa sobre o <strong>FGTS <\/strong>\u00e9 simples. O valor corresponde a 40% de tudo que o empregador depositou no fundo ao longo do contrato de trabalho. \u00c9 importante ressaltar que a multa n\u00e3o incide sobre o saldo total do <strong>FGTS <\/strong>do trabalhador, mas apenas sobre o valor depositado pela empresa que est\u00e1 realizando a demiss\u00e3o sem justa causa.<\/p>\n\n\n\n<h2 class=\"wp-block-heading\">Por que existe a multa de 40% sobre o FGTS?<\/h2>\n\n\n<div class=\"wp-block-image\">\n<figure class=\"aligncenter size-large\"><img loading=\"lazy\" decoding=\"async\" width=\"1024\" height=\"576\" src=\"https:\/\/www.em.com.br\/emfoco\/wp-content\/uploads\/2025\/07\/emprestimo_1751653688295-1024x576.jpg\" alt=\"\" class=\"wp-image-71516\" srcset=\"https:\/\/www.em.com.br\/emfoco\/wp-content\/uploads\/2025\/07\/emprestimo_1751653688295-1024x576.jpg 1024w, https:\/\/www.em.com.br\/emfoco\/wp-content\/uploads\/2025\/07\/emprestimo_1751653688295-300x169.jpg 300w, https:\/\/www.em.com.br\/emfoco\/wp-content\/uploads\/2025\/07\/emprestimo_1751653688295-768x432.jpg 768w, https:\/\/www.em.com.br\/emfoco\/wp-content\/uploads\/2025\/07\/emprestimo_1751653688295-750x422.jpg 750w, https:\/\/www.em.com.br\/emfoco\/wp-content\/uploads\/2025\/07\/emprestimo_1751653688295-1140x641.jpg 1140w, https:\/\/www.em.com.br\/emfoco\/wp-content\/uploads\/2025\/07\/emprestimo_1751653688295.jpg 1280w\" sizes=\"auto, (max-width: 1024px) 100vw, 1024px\" \/><figcaption class=\"wp-element-caption\">Contrato &#8211; Cr\u00e9ditos: depositphotos.com \/ AndrewLozovyi<\/figcaption><\/figure><\/div>\n\n\n<p>O governo instituiu esse dispositivo legal para proteger os trabalhadores brasileiros de demiss\u00f5es arbitr\u00e1rias. Com isso, voc\u00ea garante uma prote\u00e7\u00e3o m\u00ednima em um momento potencialmente vulner\u00e1vel do ponto de vista econ\u00f4mico. Al\u00e9m disso, a multa de 40% incentiva as empresas a ponderarem mais antes de realizar demiss\u00f5es injustificadas, promovendo mais estabilidade no mercado de trabalho.<\/p>\n\n\n\n<ul class=\"wp-block-list\">\n<li><strong>Evita demiss\u00f5es arbitr\u00e1rias:<\/strong> Desestimula desligamentos sem motivo justo.<\/li>\n\n\n\n<li><strong>Garante receita extra para o trabalhador:<\/strong> Ajuda a enfrentar o per\u00edodo de recoloca\u00e7\u00e3o.<\/li>\n\n\n\n<li><strong>Promove estabilidade:<\/strong> As empresas pensam duas vezes antes de demitir, reduzindo rotatividade.<\/li>\n<\/ul>\n\n\n\n<h2 class=\"wp-block-heading\">Como \u00e9 realizado o c\u00e1lculo dessa multa?<\/h2>\n\n\n\n<p>O c\u00e1lculo segue um passo a passo direto:<\/p>\n\n\n\n<ul class=\"wp-block-list\">\n<li>1. Some o valor total depositado na conta do <strong>FGTS <\/strong>durante o v\u00ednculo com a empresa (8% do sal\u00e1rio bruto do trabalhador a cada m\u00eas).<\/li>\n\n\n\n<li>2. Calcule 40% desse total. Esse ser\u00e1 o valor pago ao trabalhador como multa rescis\u00f3ria.<\/li>\n<\/ul>\n\n\n\n<p>Desta maneira, o trabalhador consegue checar se o valor recebido est\u00e1 correto ao conferir todos os dep\u00f3sitos feitos ao longo do contrato.<\/p>\n\n\n\n<h2 class=\"wp-block-heading\">Como o trabalhador pode acessar o valor?<\/h2>\n\n\n\n<p>Depois da demiss\u00e3o sem justa causa, o trabalhador garante o direito de sacar o saldo integral do <strong>FGTS<\/strong>, incluindo a multa de 40%. Para isso, siga este passo a passo:<\/p>\n\n\n\n<ul class=\"wp-block-list\">\n<li>Solicite \u00e0 empresa os documentos como o <strong>Termo de Rescis\u00e3o do Contrato de Trabalho<\/strong> (TRCT).<\/li>\n\n\n\n<li>V\u00e1 at\u00e9 uma ag\u00eancia da <strong><a href=\"https:\/\/www.caixa.gov.br\/beneficios-trabalhador\/fgts\/Paginas\/default.aspx\" target=\"_blank\" rel=\"noreferrer noopener\">Caixa Econ\u00f4mica Federal<\/a><\/strong> com a documenta\u00e7\u00e3o em m\u00e3os.<\/li>\n\n\n\n<li>Solicite o saque integral do <strong>FGTS <\/strong>e da multa de 40%.<\/li>\n<\/ul>\n\n\n\n<p>O acesso r\u00e1pido a esse valor ajuda o trabalhador a atravessar a fase de transi\u00e7\u00e3o com menos dificuldades.<\/p>\n\n\n\n<h2 class=\"wp-block-heading\">Quais outros direitos acompanham a demiss\u00e3o sem justa causa?<\/h2>\n\n\n\n<p>Al\u00e9m da multa do <strong>FGTS<\/strong>, a demiss\u00e3o sem justa causa confere ao trabalhador uma s\u00e9rie de outros direitos, como:<\/p>\n\n\n\n<ul class=\"wp-block-list\">\n<li><strong>Aviso pr\u00e9vio:<\/strong> Pode ser trabalhado ou indenizado pela empresa, correspondendo a um m\u00eas extra de sal\u00e1rio.<\/li>\n\n\n\n<li><strong>Seguro-desemprego:<\/strong> Aux\u00edlio financeiro tempor\u00e1rio, conforme os crit\u00e9rios legais.<\/li>\n\n\n\n<li><strong>13\u00ba sal\u00e1rio proporcional:<\/strong> Pagamento do valor proporcional referente ao tempo trabalhado no ano.<\/li>\n\n\n\n<li><strong>F\u00e9rias proporcionais:<\/strong> Remunera\u00e7\u00e3o das f\u00e9rias n\u00e3o usufru\u00eddas, acrescidas de um ter\u00e7o.<\/li>\n\n\n\n<li><strong>Saldo de sal\u00e1rio:<\/strong> Recebimento dos dias trabalhados at\u00e9 a demiss\u00e3o que ainda n\u00e3o foram pagos.<\/li>\n<\/ul>\n\n\n\n<p>Ter conhecimento dos seus direitos trabalhistas \u00e9 fundamental para que voc\u00ea possa defender seus interesses em situa\u00e7\u00f5es de dispensa. Saber os detalhes da multa de <strong>40% sobre o FGTS<\/strong> e os demais direitos assegurados em caso de demiss\u00e3o sem justa causa garante uma transi\u00e7\u00e3o mais segura e informada para a pr\u00f3xima etapa da sua vida profissional.<\/p>\n","protected":false},"excerpt":{"rendered":"<p>Quando um trabalhador \u00e9 demitido sem justa causa, ele possui alguns direitos assegurados por lei. Entre esses direitos, a multa de 40% sobre o Fundo de Garantia do Tempo de Servi\u00e7o (FGTS) desempenha um papel crucial ao proporcionar uma compensa\u00e7\u00e3o financeira significativa ao trabalhador. Esse benef\u00edcio busca mitigar os impactos imediatos da perda de emprego, [&hellip;]<\/p>\n","protected":false},"author":20,"featured_media":56493,"comment_status":"open","ping_status":"open","sticky":false,"template":"","format":"standard","meta":{"jnews-multi-image_gallery":[],"jnews_single_post":{"format":"standard"},"jnews_primary_category":[],"jnews_social_meta":[],"jnews_override_counter":[],"footnotes":""},"categories":[28,1],"tags":[9782,1036,641],"class_list":["post-73077","post","type-post","status-publish","format-standard","has-post-thumbnail","hentry","category-economia","category-noticias","tag-demissao-sem-justa-causa","tag-fgts","tag-trabalhador"],"yoast_head":"<!-- This site is optimized with the Yoast SEO plugin v23.8 - https:\/\/yoast.com\/wordpress\/plugins\/seo\/ -->\n<title>Valor inesperado no FGTS faz demiss\u00e3o ficar mais cara - Estado de Minas - Em foco<\/title>\n<meta name=\"description\" content=\"A multa de 40% no FGTS ajuda a garantir estabilidade e receita extra ao trabalhador. Entenda como funciona sem complica\u00e7\u00e3o.\" \/>\n<meta name=\"robots\" content=\"index, follow, max-snippet:-1, max-image-preview:large, max-video-preview:-1\" \/>\n<link rel=\"canonical\" href=\"https:\/\/www.em.com.br\/emfoco\/2025\/07\/09\/valor-inesperado-no-fgts-faz-demissao-ficar-mais-cara\/\" \/>\n<meta property=\"og:locale\" content=\"pt_BR\" \/>\n<meta property=\"og:type\" content=\"article\" \/>\n<meta property=\"og:title\" content=\"Valor inesperado no FGTS faz demiss\u00e3o ficar mais cara - Estado de Minas - Em foco\" \/>\n<meta property=\"og:description\" content=\"A multa de 40% no FGTS ajuda a garantir estabilidade e receita extra ao trabalhador. Entenda como funciona sem complica\u00e7\u00e3o.\" \/>\n<meta property=\"og:url\" content=\"https:\/\/www.em.com.br\/emfoco\/2025\/07\/09\/valor-inesperado-no-fgts-faz-demissao-ficar-mais-cara\/\" \/>\n<meta property=\"og:site_name\" content=\"Estado de Minas - Em foco\" \/>\n<meta property=\"article:published_time\" content=\"2025-07-09T16:38:00+00:00\" \/>\n<meta property=\"article:modified_time\" content=\"2025-07-09T00:29:38+00:00\" \/>\n<meta property=\"og:image\" content=\"https:\/\/www.em.com.br\/emfoco\/wp-content\/uploads\/2025\/06\/Bubble_speech_with_cut_out_phrase_fgts_in_the_paper.jpg\" \/>\n\t<meta property=\"og:image:width\" content=\"1279\" \/>\n\t<meta property=\"og:image:height\" content=\"720\" \/>\n\t<meta property=\"og:image:type\" content=\"image\/jpeg\" \/>\n<meta name=\"author\" content=\"Ingrid Diniz\" \/>\n<meta name=\"twitter:card\" content=\"summary_large_image\" \/>\n<meta name=\"twitter:label1\" content=\"Escrito por\" \/>\n\t<meta name=\"twitter:data1\" content=\"Ingrid Diniz\" \/>\n\t<meta name=\"twitter:label2\" content=\"Est. tempo de leitura\" \/>\n\t<meta name=\"twitter:data2\" content=\"4 minutos\" \/>\n<!-- \/ Yoast SEO plugin. -->","yoast_head_json":{"title":"Valor inesperado no FGTS faz demiss\u00e3o ficar mais cara - Estado de Minas - Em foco","description":"A multa de 40% no FGTS ajuda a garantir estabilidade e receita extra ao trabalhador. Entenda como funciona sem complica\u00e7\u00e3o.","robots":{"index":"index","follow":"follow","max-snippet":"max-snippet:-1","max-image-preview":"max-image-preview:large","max-video-preview":"max-video-preview:-1"},"canonical":"https:\/\/www.em.com.br\/emfoco\/2025\/07\/09\/valor-inesperado-no-fgts-faz-demissao-ficar-mais-cara\/","og_locale":"pt_BR","og_type":"article","og_title":"Valor inesperado no FGTS faz demiss\u00e3o ficar mais cara - Estado de Minas - Em foco","og_description":"A multa de 40% no FGTS ajuda a garantir estabilidade e receita extra ao trabalhador. Entenda como funciona sem complica\u00e7\u00e3o.","og_url":"https:\/\/www.em.com.br\/emfoco\/2025\/07\/09\/valor-inesperado-no-fgts-faz-demissao-ficar-mais-cara\/","og_site_name":"Estado de Minas - Em foco","article_published_time":"2025-07-09T16:38:00+00:00","article_modified_time":"2025-07-09T00:29:38+00:00","og_image":[{"width":1279,"height":720,"url":"https:\/\/www.em.com.br\/emfoco\/wp-content\/uploads\/2025\/06\/Bubble_speech_with_cut_out_phrase_fgts_in_the_paper.jpg","type":"image\/jpeg"}],"author":"Ingrid Diniz","twitter_card":"summary_large_image","twitter_misc":{"Escrito por":"Ingrid Diniz","Est. tempo de leitura":"4 minutos"},"schema":{"@context":"https:\/\/schema.org","@graph":[{"@type":"WebPage","@id":"https:\/\/www.em.com.br\/emfoco\/2025\/07\/09\/valor-inesperado-no-fgts-faz-demissao-ficar-mais-cara\/","url":"https:\/\/www.em.com.br\/emfoco\/2025\/07\/09\/valor-inesperado-no-fgts-faz-demissao-ficar-mais-cara\/","name":"Valor inesperado no FGTS faz demiss\u00e3o ficar mais cara - Estado de Minas - Em foco","isPartOf":{"@id":"https:\/\/www.em.com.br\/emfoco\/#website"},"primaryImageOfPage":{"@id":"https:\/\/www.em.com.br\/emfoco\/2025\/07\/09\/valor-inesperado-no-fgts-faz-demissao-ficar-mais-cara\/#primaryimage"},"image":{"@id":"https:\/\/www.em.com.br\/emfoco\/2025\/07\/09\/valor-inesperado-no-fgts-faz-demissao-ficar-mais-cara\/#primaryimage"},"thumbnailUrl":"https:\/\/www.em.com.br\/emfoco\/wp-content\/uploads\/2025\/06\/Bubble_speech_with_cut_out_phrase_fgts_in_the_paper.jpg","datePublished":"2025-07-09T16:38:00+00:00","dateModified":"2025-07-09T00:29:38+00:00","author":{"@id":"https:\/\/www.em.com.br\/emfoco\/#\/schema\/person\/649e610b4eb8fff87ff394e54fe17b2b"},"description":"A multa de 40% no FGTS ajuda a garantir estabilidade e receita extra ao trabalhador. Entenda como funciona sem complica\u00e7\u00e3o.","breadcrumb":{"@id":"https:\/\/www.em.com.br\/emfoco\/2025\/07\/09\/valor-inesperado-no-fgts-faz-demissao-ficar-mais-cara\/#breadcrumb"},"inLanguage":"pt-BR","potentialAction":[{"@type":"ReadAction","target":["https:\/\/www.em.com.br\/emfoco\/2025\/07\/09\/valor-inesperado-no-fgts-faz-demissao-ficar-mais-cara\/"]}]},{"@type":"ImageObject","inLanguage":"pt-BR","@id":"https:\/\/www.em.com.br\/emfoco\/2025\/07\/09\/valor-inesperado-no-fgts-faz-demissao-ficar-mais-cara\/#primaryimage","url":"https:\/\/www.em.com.br\/emfoco\/wp-content\/uploads\/2025\/06\/Bubble_speech_with_cut_out_phrase_fgts_in_the_paper.jpg","contentUrl":"https:\/\/www.em.com.br\/emfoco\/wp-content\/uploads\/2025\/06\/Bubble_speech_with_cut_out_phrase_fgts_in_the_paper.jpg","width":1279,"height":720,"caption":"Golpe do FGTS avan\u00e7a e deixa trabalhadores sem saber como o dinheiro sumiu - Cr\u00e9ditos: depositphotos.com \/ fernandokazuo"},{"@type":"BreadcrumbList","@id":"https:\/\/www.em.com.br\/emfoco\/2025\/07\/09\/valor-inesperado-no-fgts-faz-demissao-ficar-mais-cara\/#breadcrumb","itemListElement":[{"@type":"ListItem","position":1,"name":"In\u00edcio","item":"https:\/\/www.em.com.br\/emfoco\/"},{"@type":"ListItem","position":2,"name":"Valor inesperado no FGTS faz demiss\u00e3o ficar mais cara"}]},{"@type":"WebSite","@id":"https:\/\/www.em.com.br\/emfoco\/#website","url":"https:\/\/www.em.com.br\/emfoco\/","name":"Estado de Minas - Em foco","description":"Acompanhe as \u00faltimas not\u00edcias e fique bem informado sobre tudo o que acontece em Minas Gerais, Brasil e no mundo.","potentialAction":[{"@type":"SearchAction","target":{"@type":"EntryPoint","urlTemplate":"https:\/\/www.em.com.br\/emfoco\/?s={search_term_string}"},"query-input":{"@type":"PropertyValueSpecification","valueRequired":true,"valueName":"search_term_string"}}],"inLanguage":"pt-BR"},{"@type":"Person","@id":"https:\/\/www.em.com.br\/emfoco\/#\/schema\/person\/649e610b4eb8fff87ff394e54fe17b2b","name":"Ingrid Diniz","image":{"@type":"ImageObject","inLanguage":"pt-BR","@id":"https:\/\/www.em.com.br\/emfoco\/#\/schema\/person\/image\/","url":"https:\/\/secure.gravatar.com\/avatar\/a3baa1449ec5c39b4c42babc9d4f3951?s=96&d=mm&r=g","contentUrl":"https:\/\/secure.gravatar.com\/avatar\/a3baa1449ec5c39b4c42babc9d4f3951?s=96&d=mm&r=g","caption":"Ingrid Diniz"},"sameAs":["https:\/\/www.em.com.br\/"],"url":"https:\/\/www.em.com.br\/emfoco\/author\/ingridmyth\/"}]}},"_links":{"self":[{"href":"https:\/\/www.em.com.br\/emfoco\/wp-json\/wp\/v2\/posts\/73077","targetHints":{"allow":["GET"]}}],"collection":[{"href":"https:\/\/www.em.com.br\/emfoco\/wp-json\/wp\/v2\/posts"}],"about":[{"href":"https:\/\/www.em.com.br\/emfoco\/wp-json\/wp\/v2\/types\/post"}],"author":[{"embeddable":true,"href":"https:\/\/www.em.com.br\/emfoco\/wp-json\/wp\/v2\/users\/20"}],"replies":[{"embeddable":true,"href":"https:\/\/www.em.com.br\/emfoco\/wp-json\/wp\/v2\/comments?post=73077"}],"version-history":[{"count":1,"href":"https:\/\/www.em.com.br\/emfoco\/wp-json\/wp\/v2\/posts\/73077\/revisions"}],"predecessor-version":[{"id":73085,"href":"https:\/\/www.em.com.br\/emfoco\/wp-json\/wp\/v2\/posts\/73077\/revisions\/73085"}],"wp:featuredmedia":[{"embeddable":true,"href":"https:\/\/www.em.com.br\/emfoco\/wp-json\/wp\/v2\/media\/56493"}],"wp:attachment":[{"href":"https:\/\/www.em.com.br\/emfoco\/wp-json\/wp\/v2\/media?parent=73077"}],"wp:term":[{"taxonomy":"category","embeddable":true,"href":"https:\/\/www.em.com.br\/emfoco\/wp-json\/wp\/v2\/categories?post=73077"},{"taxonomy":"post_tag","embeddable":true,"href":"https:\/\/www.em.com.br\/emfoco\/wp-json\/wp\/v2\/tags?post=73077"}],"curies":[{"name":"wp","href":"https:\/\/api.w.org\/{rel}","templated":true}]}}