{"id":73040,"date":"2025-07-08T21:30:00","date_gmt":"2025-07-09T00:30:00","guid":{"rendered":"https:\/\/www.em.com.br\/emfoco\/?p=73040"},"modified":"2025-07-08T18:16:39","modified_gmt":"2025-07-08T21:16:39","slug":"como-vencer-as-dores-ao-ficar-em-pe-e-retomar-sua-rotina-com-leveza","status":"publish","type":"post","link":"https:\/\/www.em.com.br\/emfoco\/2025\/07\/08\/como-vencer-as-dores-ao-ficar-em-pe-e-retomar-sua-rotina-com-leveza\/","title":{"rendered":"Como vencer as dores ao ficar em p\u00e9 e retomar sua rotina com leveza"},"content":{"rendered":"\n<p>Ficar em p\u00e9 por longos per\u00edodos, seja no ambiente profissional, social ou at\u00e9 mesmo dentro de casa, \u00e9 uma realidade para boa parte das pessoas e pode desencadear dores em diferentes partes do corpo. O impacto dessa rotina afeta especialmente trabalhadores de setores como com\u00e9rcio, sa\u00fade e servi\u00e7os, mas n\u00e3o se limita a eles, sendo uma queixa comum tamb\u00e9m durante eventos, tarefas dom\u00e9sticas ou situa\u00e7\u00f5es cotidianas. O desconforto relacionado \u00e0 <strong>dor ao ficar em p\u00e9<\/strong> pode interferir diretamente na qualidade de vida e no rendimento das atividades di\u00e1rias, segundo <a href=\"https:\/\/clinicaavanttos.com.br\/ficar-muito-tempo-em-pe-esta-te-causando-dor-veja-o-que-fazer\/\" target=\"_blank\" rel=\"noreferrer noopener\">a Cl\u00ednica Avanttos.<\/a><\/p>\n\n\n\n<p>As manifesta\u00e7\u00f5es desse inc\u00f4modo geralmente aparecem nas pernas, p\u00e9s e regi\u00e3o lombar, mas podem atingir outras \u00e1reas, dependendo das condi\u00e7\u00f5es de sa\u00fade e h\u00e1bitos de cada pessoa. Os sintomas variam desde cansa\u00e7o e peso nas pernas at\u00e9 dores mais agudas, que dificultam movimentos, provocam sensa\u00e7\u00e3o de queima\u00e7\u00e3o e, em alguns casos, obrigam a pausas para repouso. O agravamento dessas dores pode ser ind\u00edcio de condi\u00e7\u00f5es cl\u00ednicas que v\u00e3o al\u00e9m do simples desconforto postural.<\/p>\n\n\n\n<h2 class=\"wp-block-heading\">O que influencia na dor ao ficar em p\u00e9?<\/h2>\n\n\n\n<p>Manter-se em p\u00e9 prolongadamente coloca em a\u00e7\u00e3o diversos <a href=\"https:\/\/www.em.com.br\/emfoco\/2025\/07\/06\/voce-acorda-com-dor-nas-costas-pode-ser-isso-que-esta-te-prejudicando\/\" target=\"_blank\" rel=\"noreferrer noopener\">sistemas<\/a> do corpo, como musculatura, articula\u00e7\u00f5es e vasos sangu\u00edneos. Entre os fatores que contribuem para o surgimento da dor est\u00e3o o uso de cal\u00e7ados inadequados, superf\u00edcies r\u00edgidas, postura incorreta e falta de intervalos para descanso. Al\u00e9m disso, pessoas com sobrepeso, sedentarismo ou doen\u00e7as pr\u00e9-existentes possuem maior tend\u00eancia ao desenvolvimento desse sintoma. Sapatos sem amortecimento ou salto alto, por exemplo, intensificam o impacto sobre os p\u00e9s e as articula\u00e7\u00f5es.<\/p>\n\n\n\n<p>A perman\u00eancia nessa posi\u00e7\u00e3o tamb\u00e9m dificulta o retorno venoso, principalmente nos membros inferiores, favorecendo o ac\u00famulo de sangue e l\u00edquidos, o que pode desencadear incha\u00e7o e sensa\u00e7\u00e3o de formigamento. Problemas circulat\u00f3rios ou altera\u00e7\u00f5es ortop\u00e9dicas amplificam esse quadro e contribuem para o surgimento de les\u00f5es e dores cr\u00f4nicas, refor\u00e7ando a import\u00e2ncia dos cuidados preventivos.<\/p>\n\n\n\n<h2 class=\"wp-block-heading\">Quais s\u00e3o as condi\u00e7\u00f5es de sa\u00fade associadas \u00e0 dor ao ficar em p\u00e9?<\/h2>\n\n\n\n<p>Sentir dor ao permanecer em p\u00e9 pode estar relacionado a uma s\u00e9rie de diagn\u00f3sticos m\u00e9dicos. Entre os mais frequentes est\u00e3o:<\/p>\n\n\n\n<ul class=\"wp-block-list\">\n<li><strong>Varizes:<\/strong> vasos sangu\u00edneos dilatados que causam dor e sensa\u00e7\u00e3o de peso nas pernas.<\/li>\n\n\n\n<li><strong>Fascite plantar:<\/strong> inflama\u00e7\u00e3o na sola do p\u00e9, aumentando o desconforto ao caminhar ou ficar parado.<\/li>\n\n\n\n<li><strong>Lombalgias:<\/strong> dores na regi\u00e3o lombar, frequentemente agravadas por m\u00e1 postura.<\/li>\n\n\n\n<li><strong>Altera\u00e7\u00f5es no arco plantar:<\/strong> p\u00e9s planos ou altera\u00e7\u00f5es estruturais levam a dores frequentes.<\/li>\n\n\n\n<li><strong>Problemas nos joelhos:<\/strong> como condromal\u00e1cia patelar, que promove dor ao elevar a carga nas articula\u00e7\u00f5es.<\/li>\n<\/ul>\n\n\n\n<p>Esses problemas de sa\u00fade podem ser agravados conforme o tempo em p\u00e9 aumenta, principalmente sem os cuidados necess\u00e1rios. O acompanhamento m\u00e9dico \u00e9 fundamental quando as dores persistem, t\u00eam in\u00edcio s\u00fabito ou provocam outros sintomas, como incha\u00e7o, dorm\u00eancia ou altera\u00e7\u00e3o de cor dos membros inferiores.<\/p>\n\n\n<div class=\"wp-block-image\">\n<figure class=\"aligncenter size-large\"><img loading=\"lazy\" decoding=\"async\" width=\"1024\" height=\"576\" src=\"https:\/\/www.em.com.br\/emfoco\/wp-content\/uploads\/2025\/07\/dor-costas_1752009022656-1024x576.jpg\" alt=\"Como vencer as dores ao ficar em p\u00e9 e retomar sua rotina com leveza\" class=\"wp-image-73044\" srcset=\"https:\/\/www.em.com.br\/emfoco\/wp-content\/uploads\/2025\/07\/dor-costas_1752009022656-1024x576.jpg 1024w, https:\/\/www.em.com.br\/emfoco\/wp-content\/uploads\/2025\/07\/dor-costas_1752009022656-300x169.jpg 300w, https:\/\/www.em.com.br\/emfoco\/wp-content\/uploads\/2025\/07\/dor-costas_1752009022656-768x432.jpg 768w, https:\/\/www.em.com.br\/emfoco\/wp-content\/uploads\/2025\/07\/dor-costas_1752009022656-750x422.jpg 750w, https:\/\/www.em.com.br\/emfoco\/wp-content\/uploads\/2025\/07\/dor-costas_1752009022656-1140x641.jpg 1140w, https:\/\/www.em.com.br\/emfoco\/wp-content\/uploads\/2025\/07\/dor-costas_1752009022656.jpg 1280w\" sizes=\"auto, (max-width: 1024px) 100vw, 1024px\" \/><figcaption class=\"wp-element-caption\">Dores (Cr\u00e9ditos: depositphotos.com \/ AndrewLozovyi)<\/figcaption><\/figure><\/div>\n\n\n<h2 class=\"wp-block-heading\">Como minimizar e prevenir dores ao ficar em p\u00e9 por muito tempo?<\/h2>\n\n\n\n<p>Para reduzir o desconforto, algumas medidas simples podem ser inseridas na rotina, promovendo al\u00edvio aos sintomas e preven\u00e7\u00e3o de complica\u00e7\u00f5es:<\/p>\n\n\n\n<ol class=\"wp-block-list\">\n<li><strong>Realizar intervalos durante o dia:<\/strong> \u00c9 importante alternar o tempo em p\u00e9 com momentos de descanso ou caminhada leve.<\/li>\n\n\n\n<li><strong>Escolher cal\u00e7ados apropriados:<\/strong> Sapatos anat\u00f4micos, com boa absor\u00e7\u00e3o de impacto, diminuem a sobrecarga nas articula\u00e7\u00f5es.<\/li>\n\n\n\n<li><strong>Incorporar alongamentos e exerc\u00edcios de fortalecimento:<\/strong> Movimentos regulares estimulam a circula\u00e7\u00e3o sangu\u00ednea e a flexibilidade dos m\u00fasculos.<\/li>\n\n\n\n<li><strong>Mudar a posi\u00e7\u00e3o dos p\u00e9s:<\/strong> Alternar o apoio ou elevar os membros inferiores pode aliviar a press\u00e3o na coluna e nas pernas.<\/li>\n\n\n\n<li><strong>Hidrata\u00e7\u00e3o adequada:<\/strong> Ingerir l\u00edquidos auxilia na manuten\u00e7\u00e3o da sa\u00fade circulat\u00f3ria e muscular.<\/li>\n<\/ol>\n\n\n\n<p>Al\u00e9m dessas recomenda\u00e7\u00f5es, pr\u00e1ticas como massagens relaxantes ao final do dia, uso de palmilhas ortop\u00e9dicas e meias de compress\u00e3o \u2014 sob orienta\u00e7\u00e3o profissional \u2014 tamb\u00e9m s\u00e3o recursos v\u00e1lidos. A busca por h\u00e1bitos saud\u00e1veis e o acompanhamento regular com especialistas, como fisioterapeutas e ortopedistas, podem auxiliar na identifica\u00e7\u00e3o de causas espec\u00edficas e no tratamento adequado para os casos persistentes.<\/p>\n\n\n\n<h2 class=\"wp-block-heading\">Quando a dor ao ficar em p\u00e9 requer avalia\u00e7\u00e3o m\u00e9dica?<\/h2>\n\n\n\n<p>O quadro de dor ao permanecer em p\u00e9 merece aten\u00e7\u00e3o especial quando apresenta sinais como intensifica\u00e7\u00e3o progressiva, limita\u00e7\u00e3o de movimentos, presen\u00e7a de incha\u00e7o, dorm\u00eancia ou outros sintomas que n\u00e3o melhoram com as adapta\u00e7\u00f5es de rotina. Em situa\u00e7\u00f5es assim, a an\u00e1lise detalhada feita por um m\u00e9dico \u00e9 indispens\u00e1vel para investigar causas subjacentes e indicar poss\u00edveis tratamentos.<\/p>\n\n\n\n<p>Prestar aten\u00e7\u00e3o \u00e0s respostas do corpo e adotar estrat\u00e9gias para preservar a sa\u00fade musculoesquel\u00e9tica s\u00e3o passos fundamentais para evitar preju\u00edzos \u00e0 rotina. Com pequenas mudan\u00e7as e cuidados observados diariamente, \u00e9 poss\u00edvel enfrentar o desafio de per\u00edodos prolongados em p\u00e9 de forma mais segura e confort\u00e1vel.<\/p>\n","protected":false},"excerpt":{"rendered":"<p>Ficar em p\u00e9 por longos per\u00edodos, seja no ambiente profissional, social ou at\u00e9 mesmo dentro de casa, \u00e9 uma realidade para boa parte das pessoas e pode desencadear dores em diferentes partes do corpo. O impacto dessa rotina afeta especialmente trabalhadores de setores como com\u00e9rcio, sa\u00fade e servi\u00e7os, mas n\u00e3o se limita a eles, sendo [&hellip;]<\/p>\n","protected":false},"author":10,"featured_media":73043,"comment_status":"open","ping_status":"open","sticky":false,"template":"","format":"standard","meta":{"jnews-multi-image_gallery":[],"jnews_single_post":{"format":"standard"},"jnews_primary_category":[],"jnews_social_meta":[],"jnews_override_counter":[],"footnotes":""},"categories":[1,9053],"tags":[9560,9688,11689],"class_list":["post-73040","post","type-post","status-publish","format-standard","has-post-thumbnail","hentry","category-noticias","category-saude","tag-dor-nas-costas","tag-dores","tag-ficar-em-pe"],"yoast_head":"<!-- This site is optimized with the Yoast SEO plugin v23.8 - https:\/\/yoast.com\/wordpress\/plugins\/seo\/ -->\n<title>Como vencer as dores ao ficar em p\u00e9 e retomar sua rotina com leveza - Estado de Minas - Em foco<\/title>\n<meta name=\"description\" content=\"Dor nas pernas e costas ao ficar em p\u00e9 \u00e9 mais comum do que se pensa. Entenda o que causa, como tratar e quais sinais indicam aten\u00e7\u00e3o m\u00e9dica.\" \/>\n<meta name=\"robots\" content=\"index, follow, max-snippet:-1, max-image-preview:large, max-video-preview:-1\" \/>\n<link rel=\"canonical\" href=\"https:\/\/www.em.com.br\/emfoco\/2025\/07\/08\/como-vencer-as-dores-ao-ficar-em-pe-e-retomar-sua-rotina-com-leveza\/\" \/>\n<meta property=\"og:locale\" content=\"pt_BR\" \/>\n<meta property=\"og:type\" content=\"article\" \/>\n<meta property=\"og:title\" content=\"Como vencer as dores ao ficar em p\u00e9 e retomar sua rotina com leveza - Estado de Minas - Em foco\" \/>\n<meta property=\"og:description\" content=\"Dor nas pernas e costas ao ficar em p\u00e9 \u00e9 mais comum do que se pensa. Entenda o que causa, como tratar e quais sinais indicam aten\u00e7\u00e3o m\u00e9dica.\" \/>\n<meta property=\"og:url\" content=\"https:\/\/www.em.com.br\/emfoco\/2025\/07\/08\/como-vencer-as-dores-ao-ficar-em-pe-e-retomar-sua-rotina-com-leveza\/\" \/>\n<meta property=\"og:site_name\" content=\"Estado de Minas - Em foco\" \/>\n<meta property=\"article:published_time\" content=\"2025-07-09T00:30:00+00:00\" \/>\n<meta property=\"article:modified_time\" content=\"2025-07-08T21:16:39+00:00\" \/>\n<meta property=\"og:image\" content=\"https:\/\/www.em.com.br\/emfoco\/wp-content\/uploads\/2025\/07\/dor-costas_1752008996566.jpg\" \/>\n\t<meta property=\"og:image:width\" content=\"1280\" \/>\n\t<meta property=\"og:image:height\" content=\"720\" \/>\n\t<meta property=\"og:image:type\" content=\"image\/jpeg\" \/>\n<meta name=\"author\" content=\"Patryck Reinehr\" \/>\n<meta name=\"twitter:card\" content=\"summary_large_image\" \/>\n<meta name=\"twitter:label1\" content=\"Escrito por\" \/>\n\t<meta name=\"twitter:data1\" content=\"Patryck Reinehr\" \/>\n\t<meta name=\"twitter:label2\" content=\"Est. tempo de leitura\" \/>\n\t<meta name=\"twitter:data2\" content=\"5 minutos\" \/>\n<!-- \/ Yoast SEO plugin. -->","yoast_head_json":{"title":"Como vencer as dores ao ficar em p\u00e9 e retomar sua rotina com leveza - Estado de Minas - Em foco","description":"Dor nas pernas e costas ao ficar em p\u00e9 \u00e9 mais comum do que se pensa. Entenda o que causa, como tratar e quais sinais indicam aten\u00e7\u00e3o m\u00e9dica.","robots":{"index":"index","follow":"follow","max-snippet":"max-snippet:-1","max-image-preview":"max-image-preview:large","max-video-preview":"max-video-preview:-1"},"canonical":"https:\/\/www.em.com.br\/emfoco\/2025\/07\/08\/como-vencer-as-dores-ao-ficar-em-pe-e-retomar-sua-rotina-com-leveza\/","og_locale":"pt_BR","og_type":"article","og_title":"Como vencer as dores ao ficar em p\u00e9 e retomar sua rotina com leveza - Estado de Minas - Em foco","og_description":"Dor nas pernas e costas ao ficar em p\u00e9 \u00e9 mais comum do que se pensa. Entenda o que causa, como tratar e quais sinais indicam aten\u00e7\u00e3o m\u00e9dica.","og_url":"https:\/\/www.em.com.br\/emfoco\/2025\/07\/08\/como-vencer-as-dores-ao-ficar-em-pe-e-retomar-sua-rotina-com-leveza\/","og_site_name":"Estado de Minas - Em foco","article_published_time":"2025-07-09T00:30:00+00:00","article_modified_time":"2025-07-08T21:16:39+00:00","og_image":[{"width":1280,"height":720,"url":"https:\/\/www.em.com.br\/emfoco\/wp-content\/uploads\/2025\/07\/dor-costas_1752008996566.jpg","type":"image\/jpeg"}],"author":"Patryck Reinehr","twitter_card":"summary_large_image","twitter_misc":{"Escrito por":"Patryck Reinehr","Est. tempo de leitura":"5 minutos"},"schema":{"@context":"https:\/\/schema.org","@graph":[{"@type":"WebPage","@id":"https:\/\/www.em.com.br\/emfoco\/2025\/07\/08\/como-vencer-as-dores-ao-ficar-em-pe-e-retomar-sua-rotina-com-leveza\/","url":"https:\/\/www.em.com.br\/emfoco\/2025\/07\/08\/como-vencer-as-dores-ao-ficar-em-pe-e-retomar-sua-rotina-com-leveza\/","name":"Como vencer as dores ao ficar em p\u00e9 e retomar sua rotina com leveza - Estado de Minas - Em foco","isPartOf":{"@id":"https:\/\/www.em.com.br\/emfoco\/#website"},"primaryImageOfPage":{"@id":"https:\/\/www.em.com.br\/emfoco\/2025\/07\/08\/como-vencer-as-dores-ao-ficar-em-pe-e-retomar-sua-rotina-com-leveza\/#primaryimage"},"image":{"@id":"https:\/\/www.em.com.br\/emfoco\/2025\/07\/08\/como-vencer-as-dores-ao-ficar-em-pe-e-retomar-sua-rotina-com-leveza\/#primaryimage"},"thumbnailUrl":"https:\/\/www.em.com.br\/emfoco\/wp-content\/uploads\/2025\/07\/dor-costas_1752008996566.jpg","datePublished":"2025-07-09T00:30:00+00:00","dateModified":"2025-07-08T21:16:39+00:00","author":{"@id":"https:\/\/www.em.com.br\/emfoco\/#\/schema\/person\/43407752bebcbbb4d0ec79deedc0d7ce"},"description":"Dor nas pernas e costas ao ficar em p\u00e9 \u00e9 mais comum do que se pensa. Entenda o que causa, como tratar e quais sinais indicam aten\u00e7\u00e3o m\u00e9dica.","breadcrumb":{"@id":"https:\/\/www.em.com.br\/emfoco\/2025\/07\/08\/como-vencer-as-dores-ao-ficar-em-pe-e-retomar-sua-rotina-com-leveza\/#breadcrumb"},"inLanguage":"pt-BR","potentialAction":[{"@type":"ReadAction","target":["https:\/\/www.em.com.br\/emfoco\/2025\/07\/08\/como-vencer-as-dores-ao-ficar-em-pe-e-retomar-sua-rotina-com-leveza\/"]}]},{"@type":"ImageObject","inLanguage":"pt-BR","@id":"https:\/\/www.em.com.br\/emfoco\/2025\/07\/08\/como-vencer-as-dores-ao-ficar-em-pe-e-retomar-sua-rotina-com-leveza\/#primaryimage","url":"https:\/\/www.em.com.br\/emfoco\/wp-content\/uploads\/2025\/07\/dor-costas_1752008996566.jpg","contentUrl":"https:\/\/www.em.com.br\/emfoco\/wp-content\/uploads\/2025\/07\/dor-costas_1752008996566.jpg","width":1280,"height":720,"caption":"Dor nas costas (Cr\u00e9ditos: depositphotos.com \/ IgorVetushko)"},{"@type":"BreadcrumbList","@id":"https:\/\/www.em.com.br\/emfoco\/2025\/07\/08\/como-vencer-as-dores-ao-ficar-em-pe-e-retomar-sua-rotina-com-leveza\/#breadcrumb","itemListElement":[{"@type":"ListItem","position":1,"name":"In\u00edcio","item":"https:\/\/www.em.com.br\/emfoco\/"},{"@type":"ListItem","position":2,"name":"Como vencer as dores ao ficar em p\u00e9 e retomar sua rotina com leveza"}]},{"@type":"WebSite","@id":"https:\/\/www.em.com.br\/emfoco\/#website","url":"https:\/\/www.em.com.br\/emfoco\/","name":"Estado de Minas - Em foco","description":"Acompanhe as \u00faltimas not\u00edcias e fique bem informado sobre tudo o que acontece em Minas Gerais, Brasil e no mundo.","potentialAction":[{"@type":"SearchAction","target":{"@type":"EntryPoint","urlTemplate":"https:\/\/www.em.com.br\/emfoco\/?s={search_term_string}"},"query-input":{"@type":"PropertyValueSpecification","valueRequired":true,"valueName":"search_term_string"}}],"inLanguage":"pt-BR"},{"@type":"Person","@id":"https:\/\/www.em.com.br\/emfoco\/#\/schema\/person\/43407752bebcbbb4d0ec79deedc0d7ce","name":"Patryck Reinehr","image":{"@type":"ImageObject","inLanguage":"pt-BR","@id":"https:\/\/www.em.com.br\/emfoco\/#\/schema\/person\/image\/","url":"https:\/\/secure.gravatar.com\/avatar\/570c7fb2898c0e2df0823196891bea88?s=96&d=mm&r=g","contentUrl":"https:\/\/secure.gravatar.com\/avatar\/570c7fb2898c0e2df0823196891bea88?s=96&d=mm&r=g","caption":"Patryck Reinehr"},"url":"https:\/\/www.em.com.br\/emfoco\/author\/patryckmyth\/"}]}},"_links":{"self":[{"href":"https:\/\/www.em.com.br\/emfoco\/wp-json\/wp\/v2\/posts\/73040","targetHints":{"allow":["GET"]}}],"collection":[{"href":"https:\/\/www.em.com.br\/emfoco\/wp-json\/wp\/v2\/posts"}],"about":[{"href":"https:\/\/www.em.com.br\/emfoco\/wp-json\/wp\/v2\/types\/post"}],"author":[{"embeddable":true,"href":"https:\/\/www.em.com.br\/emfoco\/wp-json\/wp\/v2\/users\/10"}],"replies":[{"embeddable":true,"href":"https:\/\/www.em.com.br\/emfoco\/wp-json\/wp\/v2\/comments?post=73040"}],"version-history":[{"count":1,"href":"https:\/\/www.em.com.br\/emfoco\/wp-json\/wp\/v2\/posts\/73040\/revisions"}],"predecessor-version":[{"id":73046,"href":"https:\/\/www.em.com.br\/emfoco\/wp-json\/wp\/v2\/posts\/73040\/revisions\/73046"}],"wp:featuredmedia":[{"embeddable":true,"href":"https:\/\/www.em.com.br\/emfoco\/wp-json\/wp\/v2\/media\/73043"}],"wp:attachment":[{"href":"https:\/\/www.em.com.br\/emfoco\/wp-json\/wp\/v2\/media?parent=73040"}],"wp:term":[{"taxonomy":"category","embeddable":true,"href":"https:\/\/www.em.com.br\/emfoco\/wp-json\/wp\/v2\/categories?post=73040"},{"taxonomy":"post_tag","embeddable":true,"href":"https:\/\/www.em.com.br\/emfoco\/wp-json\/wp\/v2\/tags?post=73040"}],"curies":[{"name":"wp","href":"https:\/\/api.w.org\/{rel}","templated":true}]}}