{"id":72913,"date":"2025-07-11T11:48:00","date_gmt":"2025-07-11T14:48:00","guid":{"rendered":"https:\/\/www.em.com.br\/emfoco\/?p=72913"},"modified":"2025-07-08T19:35:54","modified_gmt":"2025-07-08T22:35:54","slug":"o-enigma-dos-moais-pode-mudar-tudo-que-sabemos-sobre-civilizacoes-antigas","status":"publish","type":"post","link":"https:\/\/www.em.com.br\/emfoco\/2025\/07\/11\/o-enigma-dos-moais-pode-mudar-tudo-que-sabemos-sobre-civilizacoes-antigas\/","title":{"rendered":"O enigma dos Moais pode mudar tudo que sabemos sobre civiliza\u00e7\u00f5es antigas"},"content":{"rendered":"\n<p>A<strong> Ilha de P\u00e1scoa<\/strong>, localizada no <strong>Oceano Pac\u00edfico<\/strong> a cerca de 3.700 km da costa chilena, \u00e9 famosa por suas impressionantes est\u00e1tuas de pedra conhecidas como Moais. Essas enigm\u00e1ticas figuras foram esculpidas pelo povo Rapa Nui, mas os motivos que levaram \u00e0 sua cria\u00e7\u00e3o e \u00e0 sua coloca\u00e7\u00e3o em locais espec\u00edficos continuam sendo um mist\u00e9rio. Diversos pesquisadores t\u00eam se dedicado a desvendar as origens e a fun\u00e7\u00e3o desses colossos de at\u00e9 10 metros de altura, que intrigam tanto pela sua impon\u00eancia quanto pelos desafios log\u00edsticos que sua constru\u00e7\u00e3o e transporte representaram.<\/p>\n\n\n\n<p>As est\u00e1tuas, feitas de tufo vulc\u00e2nico, material predominante na ilha, acumulam teorias sobre sua finalidade. Alguns estudiosos acreditam que elas serviam como representa\u00e7\u00e3o dos antepassados sagrados dos Rapa Nui, enquanto outros prop\u00f5em que desempenhavam pap\u00e9is de sentinelas cerimoniais voltadas para o interior da ilha. A continuidade das investiga\u00e7\u00f5es busca n\u00e3o apenas resolver o mist\u00e9rio de sua fun\u00e7\u00e3o, mas tamb\u00e9m entender como um povo com recursos limitados e tecnologias rudimentares conseguiu erguer tais monumentos. Pesquisas recentes sugerem ainda que fatores sociais, como competi\u00e7\u00e3o entre cl\u00e3s, podem ter impulsionado o ritmo da produ\u00e7\u00e3o dos Moais.<\/p>\n\n\n\n<h2 class=\"wp-block-heading\">Quais t\u00e9cnicas os Rapa Nui usaram para transportar os Moais?<\/h2>\n\n\n\n<p><strong>Um dos aspectos mais intrigantes sobre os Moais da Ilha de P\u00e1scoa \u00e9 o m\u00e9todo utilizado para o seu transporte.<\/strong> O terreno acidentado da ilha, somado ao peso impressionante das est\u00e1tuas, torna a quest\u00e3o de como elas foram movidas do local de escava\u00e7\u00e3o para as plataformas de exibi\u00e7\u00e3o um verdadeiro enigma. Durante muitos anos, imaginou-se que os<strong><a href=\"https:\/\/www.historiadomundo.com.br\/rapa-nui\" target=\"_blank\" rel=\"noreferrer noopener\"> Rapa Nui <\/a><\/strong>utilizaram troncos de \u00e1rvores como rolos para deslocar os colossos de pedra, mas escava\u00e7\u00f5es arqueol\u00f3gicas n\u00e3o encontraram evid\u00eancias claras que suportam essa teoria.<\/p>\n\n\n\n<p><strong>Outra hip\u00f3tese amplamente debatida sugere que as est\u00e1tuas &#8220;andavam&#8221; de alguma forma, empregando um m\u00e9todo de balan\u00e7o e giro que necessitava de uma coordena\u00e7\u00e3o coletiva.<\/strong> Experimentos modernos reproduziram essa t\u00e9cnica com r\u00e9plicas em menor escala, mostrando que pequenos grupos poderiam mover as est\u00e1tuas lentamente com cordas amarradas estrategicamente. <strong>Embora essa teoria tenha ganhado for\u00e7a, permanece a quest\u00e3o de como uma popula\u00e7\u00e3o que enfrentou grandes desafios ambientais e sociais conseguiria manter tal esfor\u00e7o coordenado em uma escala t\u00e3o significativa.<\/strong> H\u00e1 ainda evid\u00eancias recentes levantando a possibilidade de que trilhas com res\u00edduos de ferramentas espec\u00edficas possam indicar adapta\u00e7\u00f5es locais nos m\u00e9todos de transporte.<\/p>\n\n\n\n<figure class=\"wp-block-image size-large\"><img loading=\"lazy\" decoding=\"async\" width=\"1024\" height=\"576\" src=\"https:\/\/www.em.com.br\/emfoco\/wp-content\/uploads\/2025\/07\/Ilha-de-Pascoa_1752013999457-1024x576.jpg\" alt=\"O enigma dos Moais pode mudar tudo que sabemos sobre civiliza\u00e7\u00f5es antigas\" class=\"wp-image-73072\" srcset=\"https:\/\/www.em.com.br\/emfoco\/wp-content\/uploads\/2025\/07\/Ilha-de-Pascoa_1752013999457-1024x576.jpg 1024w, https:\/\/www.em.com.br\/emfoco\/wp-content\/uploads\/2025\/07\/Ilha-de-Pascoa_1752013999457-300x169.jpg 300w, https:\/\/www.em.com.br\/emfoco\/wp-content\/uploads\/2025\/07\/Ilha-de-Pascoa_1752013999457-768x432.jpg 768w, https:\/\/www.em.com.br\/emfoco\/wp-content\/uploads\/2025\/07\/Ilha-de-Pascoa_1752013999457-750x422.jpg 750w, https:\/\/www.em.com.br\/emfoco\/wp-content\/uploads\/2025\/07\/Ilha-de-Pascoa_1752013999457-1140x641.jpg 1140w, https:\/\/www.em.com.br\/emfoco\/wp-content\/uploads\/2025\/07\/Ilha-de-Pascoa_1752013999457.jpg 1280w\" sizes=\"auto, (max-width: 1024px) 100vw, 1024px\" \/><figcaption class=\"wp-element-caption\">Ilha de P\u00e1scoa &#8211; Cr\u00e9ditos: depositphotos.com \/ f11photo<\/figcaption><\/figure>\n\n\n\n<h2 class=\"wp-block-heading\">Por que os Moais s\u00e3o voltados para o interior da ilha?<\/h2>\n\n\n\n<p><strong>Uma das caracter\u00edsticas distintivas dos Moais \u00e9 a sua orienta\u00e7\u00e3o majoritariamente voltada para o interior da Ilha de P\u00e1scoa.<\/strong> Este fato leva \u00e0 infer\u00eancia de que as est\u00e1tuas n\u00e3o eram simples pe\u00e7as ornamentais, mas possu\u00edam fun\u00e7\u00f5es espec\u00edficas relacionadas \u00e0 cultura e organiza\u00e7\u00e3o social dos Rapa Nui. <strong>Uma hip\u00f3tese comum \u00e9 que elas serviam de prote\u00e7\u00e3o simb\u00f3lica para as aldeias, agindo como guardi\u00f5es espirituais que acolhiam e protegiam a comunidade.<\/strong><\/p>\n\n\n\n<p><strong>Outro aspecto intrigante da orienta\u00e7\u00e3o \u00e9 o alinhamento com \u00e1reas agr\u00edcolas.<\/strong> Alguns arque\u00f3logos acreditam que essa disposi\u00e7\u00e3o tivesse uma conota\u00e7\u00e3o espiritual ou mesmo pr\u00e1tica, representando uma integra\u00e7\u00e3o entre a devo\u00e7\u00e3o religiosa e a gest\u00e3o dos recursos naturais. Embora essas ideias elucidem parte da hist\u00f3ria, as raz\u00f5es exatas por tr\u00e1s desta escolha de orienta\u00e7\u00e3o continuam envoltas em mist\u00e9rio e curiosidade cient\u00edfica. Pesquisas atuais tamb\u00e9m exploram a possibilidade de que a orienta\u00e7\u00e3o dos Moais poderia se relacionar com observa\u00e7\u00f5es astron\u00f4micas locais, embora faltam evid\u00eancias conclusivas para essa teoria.<\/p>\n\n\n\n<h2 class=\"wp-block-heading\">Como as mudan\u00e7as ambientais afetaram a popula\u00e7\u00e3o Rapa Nui?<\/h2>\n\n\n\n<p><strong>A Ilha de P\u00e1scoa n\u00e3o est\u00e1 isolada entre os estudos de civiliza\u00e7\u00f5es antigas que sofreram colapsos ambientais.<\/strong> Durante os per\u00edodos de constru\u00e7\u00e3o dos Moais, a ilha experimentou significativa press\u00e3o sobre seus recursos naturais, devido \u00e0 crescente popula\u00e7\u00e3o e aos densos projetos de constru\u00e7\u00e3o. <strong>Desmatamento em massa e escassez de alimentos s\u00e3o aspectos frequentemente mencionados quando se analisa o decl\u00ednio da civiliza\u00e7\u00e3o Rapa Nui.<\/strong><\/p>\n\n\n\n<p><strong>Essas press\u00f5es ecol\u00f3gicas teriam contribu\u00eddo para o enfraquecimento das estruturas sociais que possibilitaram a cria\u00e7\u00e3o e a manuten\u00e7\u00e3o dos Moais.<\/strong> Arque\u00f3logos sugerem que os pr\u00f3prios monumentos podem ter sido testemunhas silenciosas de um tempo de transi\u00e7\u00e3o e dificuldade. Com os recursos em decl\u00ednio, o foco cultural do povo Rapa Nui pode ter mudado, levando ao abandono de suas pr\u00e1ticas monumentais, conforme pressionados pela necessidade de sobreviv\u00eancia. Descobertas recentes tamb\u00e9m sugerem que pr\u00e1ticas sustent\u00e1veis, como a constru\u00e7\u00e3o de jardins de pedra para cultivo de alimentos, foram tentativas dos Rapa Nui para mitigar a degrada\u00e7\u00e3o ambiental da ilha.<\/p>\n\n\n\n<h2 class=\"wp-block-heading\">O que o futuro reserva para as pesquisas sobre os Moais?<\/h2>\n\n\n\n<p><strong>Embora d\u00e9cadas de pesquisa tenham esclarecido muitos aspectos da cria\u00e7\u00e3o e fun\u00e7\u00e3o dos Moais, ainda h\u00e1 muito o que descobrir sobre essas imponentes est\u00e1tuas.<\/strong> As t\u00e9cnicas modernas de <strong><a href=\"https:\/\/www.em.com.br\/emfoco\/2025\/04\/08\/descoberta-milenar-no-parque-nacional-do-itatiaia-muda-historia-da-arqueologia-brasileira\/\" target=\"_blank\" rel=\"noreferrer noopener\">arqueologia<\/a><\/strong>, incluindo an\u00e1lises qu\u00edmicas avan\u00e7adas e mapeamento por drones, est\u00e3o abrindo novas perspectivas sobre a hist\u00f3ria da Ilha de P\u00e1scoa. Essas tecnologias podem revelar informa\u00e7\u00f5es antes inacess\u00edveis, como detalhes sobre a composi\u00e7\u00e3o das ferramentas utilizadas, ou mesmo pistas sobre a intera\u00e7\u00e3o cultural entre tribos dentro e fora da ilha. O estudo do DNA e marcadores gen\u00e9ticos tamb\u00e9m desponta como um novo caminho para desvendar a origem dos povos e suas poss\u00edveis migra\u00e7\u00f5es.<\/p>\n\n\n\n<p><strong>Al\u00e9m disso, o turismo crescente e o interesse global podem fomentar a preserva\u00e7\u00e3o e explora\u00e7\u00e3o cient\u00edficas, oferecendo oportunidades \u00fanicas para novas descobertas.<\/strong> Com as quest\u00f5es culturais e ambientais ganhando destaque no cen\u00e1rio mundial, a continuidade das investiga\u00e7\u00f5es na Ilha de P\u00e1scoa n\u00e3o apenas tem o potencial de responder perguntas antigas, mas tamb\u00e9m de inspirar solu\u00e7\u00f5es inovadoras para os desafios contempor\u00e2neos enfrentados pelas sociedades insulares em todo o mundo.<\/p>\n","protected":false},"excerpt":{"rendered":"<p>A Ilha de P\u00e1scoa, localizada no Oceano Pac\u00edfico a cerca de 3.700 km da costa chilena, \u00e9 famosa por suas impressionantes est\u00e1tuas de pedra conhecidas como Moais. Essas enigm\u00e1ticas figuras foram esculpidas pelo povo Rapa Nui, mas os motivos que levaram \u00e0 sua cria\u00e7\u00e3o e \u00e0 sua coloca\u00e7\u00e3o em locais espec\u00edficos continuam sendo um mist\u00e9rio. [&hellip;]<\/p>\n","protected":false},"author":13,"featured_media":73071,"comment_status":"open","ping_status":"open","sticky":false,"template":"","format":"standard","meta":{"jnews-multi-image_gallery":[],"jnews_single_post":{"format":"standard"},"jnews_primary_category":[],"jnews_social_meta":[],"jnews_override_counter":[],"footnotes":""},"categories":[8819,1],"tags":[675,11816,11817,11818],"class_list":["post-72913","post","type-post","status-publish","format-standard","has-post-thumbnail","hentry","category-curiosidades","category-noticias","tag-arqueologia","tag-ilha-de-pascoa","tag-moais","tag-rapa-nui"],"yoast_head":"<!-- This site is optimized with the Yoast SEO plugin v23.8 - https:\/\/yoast.com\/wordpress\/plugins\/seo\/ -->\n<title>O enigma dos Moais pode mudar tudo que sabemos sobre civiliza\u00e7\u00f5es antigas - Estado de Minas - Em foco<\/title>\n<meta name=\"description\" content=\"Os Moais da Ilha de P\u00e1scoa guardam segredos milenares sobre a cultura Rapa Nui. Novas descobertas podem mudar tudo.\" \/>\n<meta name=\"robots\" content=\"index, follow, max-snippet:-1, max-image-preview:large, max-video-preview:-1\" \/>\n<link rel=\"canonical\" href=\"https:\/\/www.em.com.br\/emfoco\/2025\/07\/11\/o-enigma-dos-moais-pode-mudar-tudo-que-sabemos-sobre-civilizacoes-antigas\/\" \/>\n<meta property=\"og:locale\" content=\"pt_BR\" \/>\n<meta property=\"og:type\" content=\"article\" \/>\n<meta property=\"og:title\" content=\"O enigma dos Moais pode mudar tudo que sabemos sobre civiliza\u00e7\u00f5es antigas - Estado de Minas - Em foco\" \/>\n<meta property=\"og:description\" content=\"Os Moais da Ilha de P\u00e1scoa guardam segredos milenares sobre a cultura Rapa Nui. Novas descobertas podem mudar tudo.\" \/>\n<meta property=\"og:url\" content=\"https:\/\/www.em.com.br\/emfoco\/2025\/07\/11\/o-enigma-dos-moais-pode-mudar-tudo-que-sabemos-sobre-civilizacoes-antigas\/\" \/>\n<meta property=\"og:site_name\" content=\"Estado de Minas - Em foco\" \/>\n<meta property=\"article:published_time\" content=\"2025-07-11T14:48:00+00:00\" \/>\n<meta property=\"article:modified_time\" content=\"2025-07-08T22:35:54+00:00\" \/>\n<meta property=\"og:image\" content=\"https:\/\/www.em.com.br\/emfoco\/wp-content\/uploads\/2025\/07\/Ilha-de-Pascoa_1752013970869.jpg\" \/>\n\t<meta property=\"og:image:width\" content=\"1280\" \/>\n\t<meta property=\"og:image:height\" content=\"720\" \/>\n\t<meta property=\"og:image:type\" content=\"image\/jpeg\" \/>\n<meta name=\"author\" content=\"Gabriel Martins\" \/>\n<meta name=\"twitter:card\" content=\"summary_large_image\" \/>\n<meta name=\"twitter:label1\" content=\"Escrito por\" \/>\n\t<meta name=\"twitter:data1\" content=\"Gabriel Martins\" \/>\n\t<meta name=\"twitter:label2\" content=\"Est. tempo de leitura\" \/>\n\t<meta name=\"twitter:data2\" content=\"6 minutos\" \/>\n<!-- \/ Yoast SEO plugin. -->","yoast_head_json":{"title":"O enigma dos Moais pode mudar tudo que sabemos sobre civiliza\u00e7\u00f5es antigas - Estado de Minas - Em foco","description":"Os Moais da Ilha de P\u00e1scoa guardam segredos milenares sobre a cultura Rapa Nui. Novas descobertas podem mudar tudo.","robots":{"index":"index","follow":"follow","max-snippet":"max-snippet:-1","max-image-preview":"max-image-preview:large","max-video-preview":"max-video-preview:-1"},"canonical":"https:\/\/www.em.com.br\/emfoco\/2025\/07\/11\/o-enigma-dos-moais-pode-mudar-tudo-que-sabemos-sobre-civilizacoes-antigas\/","og_locale":"pt_BR","og_type":"article","og_title":"O enigma dos Moais pode mudar tudo que sabemos sobre civiliza\u00e7\u00f5es antigas - Estado de Minas - Em foco","og_description":"Os Moais da Ilha de P\u00e1scoa guardam segredos milenares sobre a cultura Rapa Nui. Novas descobertas podem mudar tudo.","og_url":"https:\/\/www.em.com.br\/emfoco\/2025\/07\/11\/o-enigma-dos-moais-pode-mudar-tudo-que-sabemos-sobre-civilizacoes-antigas\/","og_site_name":"Estado de Minas - Em foco","article_published_time":"2025-07-11T14:48:00+00:00","article_modified_time":"2025-07-08T22:35:54+00:00","og_image":[{"width":1280,"height":720,"url":"https:\/\/www.em.com.br\/emfoco\/wp-content\/uploads\/2025\/07\/Ilha-de-Pascoa_1752013970869.jpg","type":"image\/jpeg"}],"author":"Gabriel Martins","twitter_card":"summary_large_image","twitter_misc":{"Escrito por":"Gabriel Martins","Est. tempo de leitura":"6 minutos"},"schema":{"@context":"https:\/\/schema.org","@graph":[{"@type":"WebPage","@id":"https:\/\/www.em.com.br\/emfoco\/2025\/07\/11\/o-enigma-dos-moais-pode-mudar-tudo-que-sabemos-sobre-civilizacoes-antigas\/","url":"https:\/\/www.em.com.br\/emfoco\/2025\/07\/11\/o-enigma-dos-moais-pode-mudar-tudo-que-sabemos-sobre-civilizacoes-antigas\/","name":"O enigma dos Moais pode mudar tudo que sabemos sobre civiliza\u00e7\u00f5es antigas - Estado de Minas - Em foco","isPartOf":{"@id":"https:\/\/www.em.com.br\/emfoco\/#website"},"primaryImageOfPage":{"@id":"https:\/\/www.em.com.br\/emfoco\/2025\/07\/11\/o-enigma-dos-moais-pode-mudar-tudo-que-sabemos-sobre-civilizacoes-antigas\/#primaryimage"},"image":{"@id":"https:\/\/www.em.com.br\/emfoco\/2025\/07\/11\/o-enigma-dos-moais-pode-mudar-tudo-que-sabemos-sobre-civilizacoes-antigas\/#primaryimage"},"thumbnailUrl":"https:\/\/www.em.com.br\/emfoco\/wp-content\/uploads\/2025\/07\/Ilha-de-Pascoa_1752013970869.jpg","datePublished":"2025-07-11T14:48:00+00:00","dateModified":"2025-07-08T22:35:54+00:00","author":{"@id":"https:\/\/www.em.com.br\/emfoco\/#\/schema\/person\/1c9ddeab18b98abeffef834667bcf08a"},"description":"Os Moais da Ilha de P\u00e1scoa guardam segredos milenares sobre a cultura Rapa Nui. Novas descobertas podem mudar tudo.","breadcrumb":{"@id":"https:\/\/www.em.com.br\/emfoco\/2025\/07\/11\/o-enigma-dos-moais-pode-mudar-tudo-que-sabemos-sobre-civilizacoes-antigas\/#breadcrumb"},"inLanguage":"pt-BR","potentialAction":[{"@type":"ReadAction","target":["https:\/\/www.em.com.br\/emfoco\/2025\/07\/11\/o-enigma-dos-moais-pode-mudar-tudo-que-sabemos-sobre-civilizacoes-antigas\/"]}]},{"@type":"ImageObject","inLanguage":"pt-BR","@id":"https:\/\/www.em.com.br\/emfoco\/2025\/07\/11\/o-enigma-dos-moais-pode-mudar-tudo-que-sabemos-sobre-civilizacoes-antigas\/#primaryimage","url":"https:\/\/www.em.com.br\/emfoco\/wp-content\/uploads\/2025\/07\/Ilha-de-Pascoa_1752013970869.jpg","contentUrl":"https:\/\/www.em.com.br\/emfoco\/wp-content\/uploads\/2025\/07\/Ilha-de-Pascoa_1752013970869.jpg","width":1280,"height":720,"caption":"Ilha de P\u00e1scoas - Cr\u00e9ditos: depositphotos.com \/ thakala"},{"@type":"BreadcrumbList","@id":"https:\/\/www.em.com.br\/emfoco\/2025\/07\/11\/o-enigma-dos-moais-pode-mudar-tudo-que-sabemos-sobre-civilizacoes-antigas\/#breadcrumb","itemListElement":[{"@type":"ListItem","position":1,"name":"In\u00edcio","item":"https:\/\/www.em.com.br\/emfoco\/"},{"@type":"ListItem","position":2,"name":"O enigma dos Moais pode mudar tudo que sabemos sobre civiliza\u00e7\u00f5es antigas"}]},{"@type":"WebSite","@id":"https:\/\/www.em.com.br\/emfoco\/#website","url":"https:\/\/www.em.com.br\/emfoco\/","name":"Estado de Minas - Em foco","description":"Acompanhe as \u00faltimas not\u00edcias e fique bem informado sobre tudo o que acontece em Minas Gerais, Brasil e no mundo.","potentialAction":[{"@type":"SearchAction","target":{"@type":"EntryPoint","urlTemplate":"https:\/\/www.em.com.br\/emfoco\/?s={search_term_string}"},"query-input":{"@type":"PropertyValueSpecification","valueRequired":true,"valueName":"search_term_string"}}],"inLanguage":"pt-BR"},{"@type":"Person","@id":"https:\/\/www.em.com.br\/emfoco\/#\/schema\/person\/1c9ddeab18b98abeffef834667bcf08a","name":"Gabriel Martins","image":{"@type":"ImageObject","inLanguage":"pt-BR","@id":"https:\/\/www.em.com.br\/emfoco\/#\/schema\/person\/image\/","url":"https:\/\/secure.gravatar.com\/avatar\/f0f1e2efdfd88f1ad2cb08c5c2731e50?s=96&d=mm&r=g","contentUrl":"https:\/\/secure.gravatar.com\/avatar\/f0f1e2efdfd88f1ad2cb08c5c2731e50?s=96&d=mm&r=g","caption":"Gabriel Martins"},"sameAs":["https:\/\/www.em.com.br\/emfoco\/"],"url":"https:\/\/www.em.com.br\/emfoco\/author\/gabrielmartinsmyth\/"}]}},"_links":{"self":[{"href":"https:\/\/www.em.com.br\/emfoco\/wp-json\/wp\/v2\/posts\/72913","targetHints":{"allow":["GET"]}}],"collection":[{"href":"https:\/\/www.em.com.br\/emfoco\/wp-json\/wp\/v2\/posts"}],"about":[{"href":"https:\/\/www.em.com.br\/emfoco\/wp-json\/wp\/v2\/types\/post"}],"author":[{"embeddable":true,"href":"https:\/\/www.em.com.br\/emfoco\/wp-json\/wp\/v2\/users\/13"}],"replies":[{"embeddable":true,"href":"https:\/\/www.em.com.br\/emfoco\/wp-json\/wp\/v2\/comments?post=72913"}],"version-history":[{"count":2,"href":"https:\/\/www.em.com.br\/emfoco\/wp-json\/wp\/v2\/posts\/72913\/revisions"}],"predecessor-version":[{"id":73073,"href":"https:\/\/www.em.com.br\/emfoco\/wp-json\/wp\/v2\/posts\/72913\/revisions\/73073"}],"wp:featuredmedia":[{"embeddable":true,"href":"https:\/\/www.em.com.br\/emfoco\/wp-json\/wp\/v2\/media\/73071"}],"wp:attachment":[{"href":"https:\/\/www.em.com.br\/emfoco\/wp-json\/wp\/v2\/media?parent=72913"}],"wp:term":[{"taxonomy":"category","embeddable":true,"href":"https:\/\/www.em.com.br\/emfoco\/wp-json\/wp\/v2\/categories?post=72913"},{"taxonomy":"post_tag","embeddable":true,"href":"https:\/\/www.em.com.br\/emfoco\/wp-json\/wp\/v2\/tags?post=72913"}],"curies":[{"name":"wp","href":"https:\/\/api.w.org\/{rel}","templated":true}]}}