{"id":72893,"date":"2025-07-09T21:08:13","date_gmt":"2025-07-10T00:08:13","guid":{"rendered":"https:\/\/www.em.com.br\/emfoco\/?p=72893"},"modified":"2025-07-08T17:21:38","modified_gmt":"2025-07-08T20:21:38","slug":"por-que-a-unha-de-vidro-francesa-e-a-nova-queridinha-dos-saloes-de-beleza","status":"publish","type":"post","link":"https:\/\/www.em.com.br\/emfoco\/2025\/07\/09\/por-que-a-unha-de-vidro-francesa-e-a-nova-queridinha-dos-saloes-de-beleza\/","title":{"rendered":"Por que a unha de vidro francesa \u00e9 a nova queridinha dos sal\u00f5es de beleza"},"content":{"rendered":"\n<p>O mundo da moda est\u00e1 em constante evolu\u00e7\u00e3o, trazendo novas tend\u00eancias que rapidamente conquistam os cora\u00e7\u00f5es dos apaixonados por estilo. Uma dessas inova\u00e7\u00f5es recentes \u00e9 a unha de vidro francesa, uma varia\u00e7\u00e3o moderna e sofisticada da cl\u00e1ssica unha francesa que tem chamado a aten\u00e7\u00e3o em eventos de alto perfil, como o <strong>Festival de Karlovy Vary<\/strong>. Em um evento repleto de glamour, celebridades como <strong>Dakota Johnson<\/strong> mostraram ao p\u00fablico como um toque minimalista e elegante pode transformar completamente um look.<\/p>\n\n\n\n<p>A unha de vidro francesa difere da tradicional por seu acabamento quase transparente e brilhante, que oferece uma apar\u00eancia fresca e bem cuidada \u00e0s unhas. Em vez de destacar somente a ponta branca caracter\u00edstica, este estilo aposta em um leito ungueal de rosa suave, criando um efeito transl\u00facido que remete a finas camadas de vidro. Essa t\u00e9cnica, al\u00e9m de garantir um visual moderno, \u00e9 ideal tanto para ocasi\u00f5es especiais quanto para o uso cotidiano, permitindo que qualquer um adote o chique minimalista com facilidade. A <a href=\"https:\/\/www.em.com.br\/emfoco\/2025\/07\/08\/a-tendencia-simples-e-elegante-que-esta-dominando-o-litoral-brasileiro\/\" target=\"_blank\" rel=\"noopener\">tend\u00eancia<\/a> j\u00e1 se espalhou por sal\u00f5es renomados de cidades como <strong>Nova York<\/strong> e <strong>Paris<\/strong>, e ganhou destaque nas redes sociais, especialmente no <strong>Instagram<\/strong>.<\/p>\n\n\n\n<h2 class=\"wp-block-heading\">Como a unha de vidro francesa se destaca?<\/h2>\n\n\n\n<p>A principal caracter\u00edstica da unha de vidro francesa \u00e9 sua capacidade de incorporar elementos de versatilidade e eleg\u00e2ncia em um design simples. Diferentemente da unha francesa tradicional, que muitas vezes envolve um contraste marcante entre o rosa do leito ungueal e as pontas brancas, a vers\u00e3o de vidro oferece uma transi\u00e7\u00e3o mais sutil e um brilho intenso. O resultado \u00e9 uma apar\u00eancia que parece ter sido selada com uma camada fina e transparente, garantindo um acabamento polido e natural.<\/p>\n\n\n<div class=\"wp-block-image\">\n<figure class=\"aligncenter size-large\"><img loading=\"lazy\" decoding=\"async\" width=\"1024\" height=\"576\" src=\"https:\/\/www.em.com.br\/emfoco\/wp-content\/uploads\/2025\/06\/francesinha-unha_1749822921179-1024x576.jpg\" alt=\"\" class=\"wp-image-59950\" srcset=\"https:\/\/www.em.com.br\/emfoco\/wp-content\/uploads\/2025\/06\/francesinha-unha_1749822921179-1024x576.jpg 1024w, https:\/\/www.em.com.br\/emfoco\/wp-content\/uploads\/2025\/06\/francesinha-unha_1749822921179-300x169.jpg 300w, https:\/\/www.em.com.br\/emfoco\/wp-content\/uploads\/2025\/06\/francesinha-unha_1749822921179-768x432.jpg 768w, https:\/\/www.em.com.br\/emfoco\/wp-content\/uploads\/2025\/06\/francesinha-unha_1749822921179-750x422.jpg 750w, https:\/\/www.em.com.br\/emfoco\/wp-content\/uploads\/2025\/06\/francesinha-unha_1749822921179-1140x641.jpg 1140w, https:\/\/www.em.com.br\/emfoco\/wp-content\/uploads\/2025\/06\/francesinha-unha_1749822921179.jpg 1280w\" sizes=\"auto, (max-width: 1024px) 100vw, 1024px\" \/><figcaption class=\"wp-element-caption\">Unhas &#8211; Cr\u00e9ditos: depositphotos.com \/ AllaSerebrina<\/figcaption><\/figure><\/div>\n\n\n<h2 class=\"wp-block-heading\">Quais s\u00e3o os passos para recriar essa unha em casa?<\/h2>\n\n\n\n<p>Recriar a unha de vidro inspirada em figuras como Dakota Johnson \u00e9 surpreendentemente simples e pode ser alcan\u00e7ado com poucos produtos. O processo come\u00e7a com a aplica\u00e7\u00e3o de um esmalte rosa leitoso como base. Ao secar completamente, procede-se \u00e0 aplica\u00e7\u00e3o cuidadosa de um esmalte branco suave apenas nas pontas das <a href=\"https:\/\/br.pinterest.com\/search\/pins\/?q=unhas&amp;rs=typed\" target=\"_blank\" rel=\"noreferrer noopener\">unhas<\/a>. Para finalizar, um top coat de alto brilho \u00e9 crucial para assegurar o aspecto v\u00edtreo e a durabilidade do design. Dessa forma, \u00e9 poss\u00edvel capturar a ess\u00eancia da tend\u00eancia sem necessidade de t\u00e9cnicas complexas ou produtos especializados. Profissionais em cidades como Nova York recomendam o uso de produtos de marcas l\u00edderes, como <strong>OPI<\/strong> e <strong>Sally Hansen<\/strong>, para um resultado ainda mais duradouro.<\/p>\n\n\n\n<h2 class=\"wp-block-heading\">Por que essa tend\u00eancia se tornou t\u00e3o popular?<\/h2>\n\n\n\n<p>A popularidade da unha de vidro francesa n\u00e3o se deve apenas \u00e0 sua est\u00e9tica atraente, mas tamb\u00e9m \u00e0 sua capacidade de complementar uma variedade de estilos e ocasi\u00f5es. A abordagem simples e sofisticada atende \u00e0 crescente demanda por beleza minimalista que valoriza a naturalidade e a eleg\u00e2ncia discreta. Al\u00e9m disso, o fato de ser uma tend\u00eancia facilmente replic\u00e1vel em casa aumenta ainda mais seu apelo entre aqueles que desejam experimentar as novidades da moda sem comprometer a praticidade. Outro fator que impulsiona a popularidade s\u00e3o os tutoriais viralizados no Instagram e no <strong>YouTube<\/strong>, facilitando o acesso para o p\u00fablico de diferentes pa\u00edses, como <strong>Brasil<\/strong> e <strong>Estados Unidos<\/strong>.<\/p>\n\n\n\n<p>No contexto atual em que a moda se mistura constantemente avan\u00e7ando em novas dire\u00e7\u00f5es, a unha de vidro francesa se destaca como um exemplo brilhante de como cl\u00e1ssicos podem ser reimaginados para atender aos gostos contempor\u00e2neos. A combina\u00e7\u00e3o de simplicidade e sofistica\u00e7\u00e3o faz com que essa tend\u00eancia se estabele\u00e7a como uma escolha popular, trazendo um toque de modernidade ao visual tradicional. Assim, ela se consolida como uma op\u00e7\u00e3o de estilo pr\u00e1tica e elegante, refletindo o esp\u00edrito inovador que define o mundo da beleza hoje.<\/p>\n","protected":false},"excerpt":{"rendered":"<p>O mundo da moda est\u00e1 em constante evolu\u00e7\u00e3o, trazendo novas tend\u00eancias que rapidamente conquistam os cora\u00e7\u00f5es dos apaixonados por estilo. Uma dessas inova\u00e7\u00f5es recentes \u00e9 a unha de vidro francesa, uma varia\u00e7\u00e3o moderna e sofisticada da cl\u00e1ssica unha francesa que tem chamado a aten\u00e7\u00e3o em eventos de alto perfil, como o Festival de Karlovy Vary. [&hellip;]<\/p>\n","protected":false},"author":9,"featured_media":55400,"comment_status":"open","ping_status":"open","sticky":false,"template":"","format":"standard","meta":{"jnews-multi-image_gallery":[],"jnews_single_post":{"format":"standard"},"jnews_primary_category":[],"jnews_social_meta":[],"jnews_override_counter":[],"footnotes":""},"categories":[29,1],"tags":[11815,4977,6717,5354],"class_list":["post-72893","post","type-post","status-publish","format-standard","has-post-thumbnail","hentry","category-entretenimento","category-noticias","tag-manicure-francesa","tag-moda","tag-tendencias-de-beleza","tag-unhas"],"yoast_head":"<!-- This site is optimized with the Yoast SEO plugin v23.8 - https:\/\/yoast.com\/wordpress\/plugins\/seo\/ -->\n<title>Por que a unha de vidro francesa \u00e9 a nova queridinha dos sal\u00f5es de beleza<\/title>\n<meta name=\"description\" content=\"Unhas com efeito vidro e acabamento brilhante est\u00e3o em alta entre celebridades e prometem dominar os sal\u00f5es com sofistica\u00e7\u00e3o minimalista.\" \/>\n<meta name=\"robots\" content=\"index, follow, max-snippet:-1, max-image-preview:large, max-video-preview:-1\" \/>\n<link rel=\"canonical\" href=\"https:\/\/www.em.com.br\/emfoco\/2025\/07\/09\/por-que-a-unha-de-vidro-francesa-e-a-nova-queridinha-dos-saloes-de-beleza\/\" \/>\n<meta property=\"og:locale\" content=\"pt_BR\" \/>\n<meta property=\"og:type\" content=\"article\" \/>\n<meta property=\"og:title\" content=\"Por que a unha de vidro francesa \u00e9 a nova queridinha dos sal\u00f5es de beleza\" \/>\n<meta property=\"og:description\" content=\"Unhas com efeito vidro e acabamento brilhante est\u00e3o em alta entre celebridades e prometem dominar os sal\u00f5es com sofistica\u00e7\u00e3o minimalista.\" \/>\n<meta property=\"og:url\" content=\"https:\/\/www.em.com.br\/emfoco\/2025\/07\/09\/por-que-a-unha-de-vidro-francesa-e-a-nova-queridinha-dos-saloes-de-beleza\/\" \/>\n<meta property=\"og:site_name\" content=\"Estado de Minas - Em foco\" \/>\n<meta property=\"article:published_time\" content=\"2025-07-10T00:08:13+00:00\" \/>\n<meta property=\"article:modified_time\" content=\"2025-07-08T20:21:38+00:00\" \/>\n<meta property=\"og:image\" content=\"https:\/\/www.em.com.br\/emfoco\/wp-content\/uploads\/2025\/06\/unhas-em-gel_1749043371491.jpg\" \/>\n\t<meta property=\"og:image:width\" content=\"1280\" \/>\n\t<meta property=\"og:image:height\" content=\"720\" \/>\n\t<meta property=\"og:image:type\" content=\"image\/jpeg\" \/>\n<meta name=\"author\" content=\"Daniely Cardoso\" \/>\n<meta name=\"twitter:card\" content=\"summary_large_image\" \/>\n<meta name=\"twitter:label1\" content=\"Escrito por\" \/>\n\t<meta name=\"twitter:data1\" content=\"Daniely Cardoso\" \/>\n\t<meta name=\"twitter:label2\" content=\"Est. tempo de leitura\" \/>\n\t<meta name=\"twitter:data2\" content=\"4 minutos\" \/>\n<!-- \/ Yoast SEO plugin. -->","yoast_head_json":{"title":"Por que a unha de vidro francesa \u00e9 a nova queridinha dos sal\u00f5es de beleza","description":"Unhas com efeito vidro e acabamento brilhante est\u00e3o em alta entre celebridades e prometem dominar os sal\u00f5es com sofistica\u00e7\u00e3o minimalista.","robots":{"index":"index","follow":"follow","max-snippet":"max-snippet:-1","max-image-preview":"max-image-preview:large","max-video-preview":"max-video-preview:-1"},"canonical":"https:\/\/www.em.com.br\/emfoco\/2025\/07\/09\/por-que-a-unha-de-vidro-francesa-e-a-nova-queridinha-dos-saloes-de-beleza\/","og_locale":"pt_BR","og_type":"article","og_title":"Por que a unha de vidro francesa \u00e9 a nova queridinha dos sal\u00f5es de beleza","og_description":"Unhas com efeito vidro e acabamento brilhante est\u00e3o em alta entre celebridades e prometem dominar os sal\u00f5es com sofistica\u00e7\u00e3o minimalista.","og_url":"https:\/\/www.em.com.br\/emfoco\/2025\/07\/09\/por-que-a-unha-de-vidro-francesa-e-a-nova-queridinha-dos-saloes-de-beleza\/","og_site_name":"Estado de Minas - Em foco","article_published_time":"2025-07-10T00:08:13+00:00","article_modified_time":"2025-07-08T20:21:38+00:00","og_image":[{"width":1280,"height":720,"url":"https:\/\/www.em.com.br\/emfoco\/wp-content\/uploads\/2025\/06\/unhas-em-gel_1749043371491.jpg","type":"image\/jpeg"}],"author":"Daniely Cardoso","twitter_card":"summary_large_image","twitter_misc":{"Escrito por":"Daniely Cardoso","Est. tempo de leitura":"4 minutos"},"schema":{"@context":"https:\/\/schema.org","@graph":[{"@type":"WebPage","@id":"https:\/\/www.em.com.br\/emfoco\/2025\/07\/09\/por-que-a-unha-de-vidro-francesa-e-a-nova-queridinha-dos-saloes-de-beleza\/","url":"https:\/\/www.em.com.br\/emfoco\/2025\/07\/09\/por-que-a-unha-de-vidro-francesa-e-a-nova-queridinha-dos-saloes-de-beleza\/","name":"Por que a unha de vidro francesa \u00e9 a nova queridinha dos sal\u00f5es de beleza","isPartOf":{"@id":"https:\/\/www.em.com.br\/emfoco\/#website"},"primaryImageOfPage":{"@id":"https:\/\/www.em.com.br\/emfoco\/2025\/07\/09\/por-que-a-unha-de-vidro-francesa-e-a-nova-queridinha-dos-saloes-de-beleza\/#primaryimage"},"image":{"@id":"https:\/\/www.em.com.br\/emfoco\/2025\/07\/09\/por-que-a-unha-de-vidro-francesa-e-a-nova-queridinha-dos-saloes-de-beleza\/#primaryimage"},"thumbnailUrl":"https:\/\/www.em.com.br\/emfoco\/wp-content\/uploads\/2025\/06\/unhas-em-gel_1749043371491.jpg","datePublished":"2025-07-10T00:08:13+00:00","dateModified":"2025-07-08T20:21:38+00:00","author":{"@id":"https:\/\/www.em.com.br\/emfoco\/#\/schema\/person\/0a8186d72f2c3a5c6276d90b41f271a0"},"description":"Unhas com efeito vidro e acabamento brilhante est\u00e3o em alta entre celebridades e prometem dominar os sal\u00f5es com sofistica\u00e7\u00e3o minimalista.","breadcrumb":{"@id":"https:\/\/www.em.com.br\/emfoco\/2025\/07\/09\/por-que-a-unha-de-vidro-francesa-e-a-nova-queridinha-dos-saloes-de-beleza\/#breadcrumb"},"inLanguage":"pt-BR","potentialAction":[{"@type":"ReadAction","target":["https:\/\/www.em.com.br\/emfoco\/2025\/07\/09\/por-que-a-unha-de-vidro-francesa-e-a-nova-queridinha-dos-saloes-de-beleza\/"]}]},{"@type":"ImageObject","inLanguage":"pt-BR","@id":"https:\/\/www.em.com.br\/emfoco\/2025\/07\/09\/por-que-a-unha-de-vidro-francesa-e-a-nova-queridinha-dos-saloes-de-beleza\/#primaryimage","url":"https:\/\/www.em.com.br\/emfoco\/wp-content\/uploads\/2025\/06\/unhas-em-gel_1749043371491.jpg","contentUrl":"https:\/\/www.em.com.br\/emfoco\/wp-content\/uploads\/2025\/06\/unhas-em-gel_1749043371491.jpg","width":1280,"height":720,"caption":"Unhas em gel - Cr\u00e9ditos: depositphotos.com \/ different_nata"},{"@type":"BreadcrumbList","@id":"https:\/\/www.em.com.br\/emfoco\/2025\/07\/09\/por-que-a-unha-de-vidro-francesa-e-a-nova-queridinha-dos-saloes-de-beleza\/#breadcrumb","itemListElement":[{"@type":"ListItem","position":1,"name":"In\u00edcio","item":"https:\/\/www.em.com.br\/emfoco\/"},{"@type":"ListItem","position":2,"name":"Por que a unha de vidro francesa \u00e9 a nova queridinha dos sal\u00f5es de beleza"}]},{"@type":"WebSite","@id":"https:\/\/www.em.com.br\/emfoco\/#website","url":"https:\/\/www.em.com.br\/emfoco\/","name":"Estado de Minas - Em foco","description":"Acompanhe as \u00faltimas not\u00edcias e fique bem informado sobre tudo o que acontece em Minas Gerais, Brasil e no mundo.","potentialAction":[{"@type":"SearchAction","target":{"@type":"EntryPoint","urlTemplate":"https:\/\/www.em.com.br\/emfoco\/?s={search_term_string}"},"query-input":{"@type":"PropertyValueSpecification","valueRequired":true,"valueName":"search_term_string"}}],"inLanguage":"pt-BR"},{"@type":"Person","@id":"https:\/\/www.em.com.br\/emfoco\/#\/schema\/person\/0a8186d72f2c3a5c6276d90b41f271a0","name":"Daniely Cardoso","image":{"@type":"ImageObject","inLanguage":"pt-BR","@id":"https:\/\/www.em.com.br\/emfoco\/#\/schema\/person\/image\/","url":"https:\/\/secure.gravatar.com\/avatar\/4b80ddbd124d1f071b626d52d62e5dff?s=96&d=mm&r=g","contentUrl":"https:\/\/secure.gravatar.com\/avatar\/4b80ddbd124d1f071b626d52d62e5dff?s=96&d=mm&r=g","caption":"Daniely Cardoso"},"url":"https:\/\/www.em.com.br\/emfoco\/author\/danielymyth\/"}]}},"_links":{"self":[{"href":"https:\/\/www.em.com.br\/emfoco\/wp-json\/wp\/v2\/posts\/72893","targetHints":{"allow":["GET"]}}],"collection":[{"href":"https:\/\/www.em.com.br\/emfoco\/wp-json\/wp\/v2\/posts"}],"about":[{"href":"https:\/\/www.em.com.br\/emfoco\/wp-json\/wp\/v2\/types\/post"}],"author":[{"embeddable":true,"href":"https:\/\/www.em.com.br\/emfoco\/wp-json\/wp\/v2\/users\/9"}],"replies":[{"embeddable":true,"href":"https:\/\/www.em.com.br\/emfoco\/wp-json\/wp\/v2\/comments?post=72893"}],"version-history":[{"count":2,"href":"https:\/\/www.em.com.br\/emfoco\/wp-json\/wp\/v2\/posts\/72893\/revisions"}],"predecessor-version":[{"id":72902,"href":"https:\/\/www.em.com.br\/emfoco\/wp-json\/wp\/v2\/posts\/72893\/revisions\/72902"}],"wp:featuredmedia":[{"embeddable":true,"href":"https:\/\/www.em.com.br\/emfoco\/wp-json\/wp\/v2\/media\/55400"}],"wp:attachment":[{"href":"https:\/\/www.em.com.br\/emfoco\/wp-json\/wp\/v2\/media?parent=72893"}],"wp:term":[{"taxonomy":"category","embeddable":true,"href":"https:\/\/www.em.com.br\/emfoco\/wp-json\/wp\/v2\/categories?post=72893"},{"taxonomy":"post_tag","embeddable":true,"href":"https:\/\/www.em.com.br\/emfoco\/wp-json\/wp\/v2\/tags?post=72893"}],"curies":[{"name":"wp","href":"https:\/\/api.w.org\/{rel}","templated":true}]}}