{"id":72811,"date":"2025-07-10T15:28:00","date_gmt":"2025-07-10T18:28:00","guid":{"rendered":"https:\/\/www.em.com.br\/emfoco\/?p=72811"},"modified":"2025-07-09T18:40:50","modified_gmt":"2025-07-09T21:40:50","slug":"acabando-com-o-legado-de-tony-stark-coracao-de-ferro-estreia-na-disney-e-acaba-causando-polemicas-entre-os-grandes-fas","status":"publish","type":"post","link":"https:\/\/www.em.com.br\/emfoco\/2025\/07\/10\/acabando-com-o-legado-de-tony-stark-coracao-de-ferro-estreia-na-disney-e-acaba-causando-polemicas-entre-os-grandes-fas\/","title":{"rendered":"Acabando com o legado de Tony Stark? Cora\u00e7\u00e3o de Ferro estreia na Disney+ e acaba causando pol\u00eamicas entre os grandes f\u00e3s"},"content":{"rendered":"\n<p>A s\u00e9rie &#8220;<strong>Cora\u00e7\u00e3o de Ferro<\/strong>&#8221; centra-se em<strong> Riri Williams<\/strong>, uma jovem prod\u00edgio da tecnologia que constr\u00f3i uma armadura poderosa baseada nas cria\u00e7\u00f5es de Tony Stark. Interpretada por <strong>Dominique Thorne<\/strong>, Riri transforma-se em uma figura heroica, simbolizando uma nova era de inventores no<a href=\"https:\/\/www.marvel.com\/movies\" target=\"_blank\" rel=\"noreferrer noopener\"> <strong>Universo Cinematogr\u00e1fico Marvel (MCU)<\/strong><\/a>. Desde a sua primeira apari\u00e7\u00e3o, a personagem foi vista como uma promessa de continuidade do legado de Stark, com hist\u00f3rias que destacam suas habilidades tecnol\u00f3gicas e desafios pessoais.<\/p>\n\n\n\n<p>Com um elenco diversificado, a s\u00e9rie traz <strong>Anthony Ramos<\/strong> no papel do antagonista <strong>Capuz<\/strong>, enquanto<strong> Alden Ehrenreich<\/strong> e <strong>Sacha Baron<\/strong> <strong>Cohen<\/strong> prometem pap\u00e9is impactantes, ampliando ainda mais o universo da hero\u00edna. As expectativas s\u00e3o altas, j\u00e1 que &#8220;Cora\u00e7\u00e3o de Ferro&#8221; \u00e9 o pr\u00f3ximo passo de uma saga de inova\u00e7\u00e3o e coragem. A personagem busca n\u00e3o s\u00f3 preencher grandes sapatos, mas tamb\u00e9m criar seu pr\u00f3prio caminho, oferecendo ao p\u00fablico novas perspectivas dentro do MCU. Rumores indicam que a s\u00e9rie pode explorar mais profundamente a origem do Capuz e trazer apari\u00e7\u00f5es especiais de personagens conhecidos, como Shuri e James Rhodes, o que pode intensificar ainda mais a liga\u00e7\u00e3o de Riri com os personagens cl\u00e1ssicos do universo <strong>Marvel<\/strong>.<\/p>\n\n\n\n<h2 class=\"wp-block-heading\">Quem \u00e9 Riri Williams e qual seu papel no MCU?<\/h2>\n\n\n\n<p><strong>Riri Williams \u00e9 uma jovem com uma intelig\u00eancia excepcional, conhecida por sua habilidade em engenharia e inven\u00e7\u00f5es.<\/strong> No MCU, sua trajet\u00f3ria come\u00e7a com uma introdu\u00e7\u00e3o ligeira, mas marca o in\u00edcio de um cap\u00edtulo que muitos f\u00e3s aguardam ansiosamente. <strong>Com sua armadura \u00fanica e forte determina\u00e7\u00e3o, Riri representa um novo tipo de hero\u00edsmo, centrado n\u00e3o apenas na bravura, mas na capacidade de inova\u00e7\u00e3o tecnol\u00f3gica.<\/strong> Sua hist\u00f3ria proporciona ao MCU a oportunidade de explorar temas contempor\u00e2neos como a evolu\u00e7\u00e3o tecnol\u00f3gica e a responsabilidade que vem com o poder. Al\u00e9m disso, sua rela\u00e7\u00e3o com o legado de <strong><a href=\"https:\/\/www.em.com.br\/emfoco\/2024\/12\/04\/robert-downey-jr-vida-e-fortuna-do-icone-de-vingadores\/\" target=\"_blank\" rel=\"noreferrer noopener\">Tony Stark<\/a><\/strong>, especialmente ap\u00f3s a sua intera\u00e7\u00e3o com Wakanda em &#8220;Pantera Negra: Wakanda Para Sempre&#8221;, abre novas possibilidades para o desenvolvimento de tecnologias e alian\u00e7as dentro do universo cinematogr\u00e1fico.<\/p>\n\n\n\n<figure class=\"wp-block-embed is-type-video is-provider-youtube wp-block-embed-youtube wp-embed-aspect-16-9 wp-has-aspect-ratio\"><div class=\"wp-block-embed__wrapper\">\n<div class=\"jeg_video_container jeg_video_content\"><iframe loading=\"lazy\" title=\"Marvel Television&#039;s Ironheart | Official Trailer | Disney+\" width=\"500\" height=\"281\" src=\"https:\/\/www.youtube.com\/embed\/WpW36ldAqnM?feature=oembed\" frameborder=\"0\" allow=\"accelerometer; autoplay; clipboard-write; encrypted-media; gyroscope; picture-in-picture; web-share\" referrerpolicy=\"strict-origin-when-cross-origin\" allowfullscreen><\/iframe><\/div>\n<\/div><\/figure>\n\n\n\n<h2 class=\"wp-block-heading\">Quais s\u00e3o os desafios enfrentados por &#8220;Cora\u00e7\u00e3o de Ferro&#8221;?<\/h2>\n\n\n\n<p><strong>Um dos grandes desafios para a s\u00e9rie \u00e9 a transi\u00e7\u00e3o da personagem de uma novata a uma hero\u00edna estabelecida no universo Marvel.<\/strong> Ap\u00f3s a introdu\u00e7\u00e3o no filme &#8220;Pantera Negra: Wakanda Para Sempre&#8221;, Riri Williams precisa conquistar o cora\u00e7\u00e3o dos espectadores e mostrar que sua hist\u00f3ria pode ser t\u00e3o envolvente quanto a de seus predecessores. A s\u00e9rie tamb\u00e9m precisa equilibrar a\u00e7\u00e3o e narrativa de forma a garantir que a inova\u00e7\u00e3o tecnol\u00f3gica permane\u00e7a central, sem perder de vista as quest\u00f5es emocionais que tornam os personagens da Marvel t\u00e3o relat\u00e1veis. Outro desafio \u00e9 criar antagonistas complexos, como o Capuz, que tragam amea\u00e7as reais e relevantes \u00e0 protagonista, al\u00e9m de explorar o impacto social e moral das inven\u00e7\u00f5es de Riri em um contexto global.<\/p>\n\n\n\n<h2 class=\"wp-block-heading\">O que o futuro reserva para Riri Williams e a s\u00e9rie?<\/h2>\n\n\n\n<p><strong>Se &#8220;Cora\u00e7\u00e3o de Ferro&#8221; alcan\u00e7ar o sucesso esperado, Riri pode consolidar sua posi\u00e7\u00e3o como uma figura crucial nas futuras fases do MCU.<\/strong> A s\u00e9rie tem potencial n\u00e3o apenas para expandir o legado do Homem de Ferro, mas para estabelecer uma nova gera\u00e7\u00e3o de hist\u00f3rias e personagens. Com temas de responsabilidade, identidade e evolu\u00e7\u00e3o pessoal, a narrativa promete capturar o interesse dos f\u00e3s enquanto abre novas portas no vasto universo cinematogr\u00e1fico. Assim, &#8220;Cora\u00e7\u00e3o de Ferro&#8221; n\u00e3o s\u00f3 homenageia o passado, mas tamb\u00e9m projeta um futuro repleto de possibilidades e desafios inovadores. Dependendo da recep\u00e7\u00e3o, Riri Williams pode at\u00e9 participar de futuras equipes, como os Jovens Vingadores, tornando-se pe\u00e7a-chave em grandes eventos do MCU e solidificando ainda mais sua import\u00e2ncia para a franquia.<\/p>\n","protected":false},"excerpt":{"rendered":"<p>A s\u00e9rie &#8220;Cora\u00e7\u00e3o de Ferro&#8221; centra-se em Riri Williams, uma jovem prod\u00edgio da tecnologia que constr\u00f3i uma armadura poderosa baseada nas cria\u00e7\u00f5es de Tony Stark. Interpretada por Dominique Thorne, Riri transforma-se em uma figura heroica, simbolizando uma nova era de inventores no Universo Cinematogr\u00e1fico Marvel (MCU). Desde a sua primeira apari\u00e7\u00e3o, a personagem foi vista [&hellip;]<\/p>\n","protected":false},"author":13,"featured_media":72813,"comment_status":"open","ping_status":"open","sticky":false,"template":"","format":"standard","meta":{"jnews-multi-image_gallery":[],"jnews_single_post":{"format":"standard"},"jnews_primary_category":[],"jnews_social_meta":[],"jnews_override_counter":[],"footnotes":""},"categories":[29,1,136],"tags":[11797,999,11798,11799],"class_list":["post-72811","post","type-post","status-publish","format-standard","has-post-thumbnail","hentry","category-entretenimento","category-noticias","category-series","tag-coracao-de-ferro","tag-marvel","tag-riri-williams","tag-tony-stark"],"yoast_head":"<!-- This site is optimized with the Yoast SEO plugin v23.8 - https:\/\/yoast.com\/wordpress\/plugins\/seo\/ -->\n<title>Acabando com o legado de Tony Stark? Cora\u00e7\u00e3o de Ferro estreia na Disney+ e acaba causando pol\u00eamicas entre os grandes f\u00e3s - Estado de Minas - Em foco<\/title>\n<meta name=\"description\" content=\"A nova hero\u00edna da Marvel une genialidade e coragem. Veja por que Cora\u00e7\u00e3o de Ferro promete ser um marco no MCU.\" \/>\n<meta name=\"robots\" content=\"index, follow, max-snippet:-1, max-image-preview:large, max-video-preview:-1\" \/>\n<link rel=\"canonical\" href=\"https:\/\/www.em.com.br\/emfoco\/2025\/07\/10\/acabando-com-o-legado-de-tony-stark-coracao-de-ferro-estreia-na-disney-e-acaba-causando-polemicas-entre-os-grandes-fas\/\" \/>\n<meta property=\"og:locale\" content=\"pt_BR\" \/>\n<meta property=\"og:type\" content=\"article\" \/>\n<meta property=\"og:title\" content=\"Acabando com o legado de Tony Stark? Cora\u00e7\u00e3o de Ferro estreia na Disney+ e acaba causando pol\u00eamicas entre os grandes f\u00e3s - Estado de Minas - Em foco\" \/>\n<meta property=\"og:description\" content=\"A nova hero\u00edna da Marvel une genialidade e coragem. Veja por que Cora\u00e7\u00e3o de Ferro promete ser um marco no MCU.\" \/>\n<meta property=\"og:url\" content=\"https:\/\/www.em.com.br\/emfoco\/2025\/07\/10\/acabando-com-o-legado-de-tony-stark-coracao-de-ferro-estreia-na-disney-e-acaba-causando-polemicas-entre-os-grandes-fas\/\" \/>\n<meta property=\"og:site_name\" content=\"Estado de Minas - Em foco\" \/>\n<meta property=\"article:published_time\" content=\"2025-07-10T18:28:00+00:00\" \/>\n<meta property=\"article:modified_time\" content=\"2025-07-09T21:40:50+00:00\" \/>\n<meta property=\"og:image\" content=\"https:\/\/www.em.com.br\/emfoco\/wp-content\/uploads\/2025\/07\/ad-18.jpg\" \/>\n\t<meta property=\"og:image:width\" content=\"1280\" \/>\n\t<meta property=\"og:image:height\" content=\"720\" \/>\n\t<meta property=\"og:image:type\" content=\"image\/jpeg\" \/>\n<meta name=\"author\" content=\"Gabriel Martins\" \/>\n<meta name=\"twitter:card\" content=\"summary_large_image\" \/>\n<meta name=\"twitter:label1\" content=\"Escrito por\" \/>\n\t<meta name=\"twitter:data1\" content=\"Gabriel Martins\" \/>\n\t<meta name=\"twitter:label2\" content=\"Est. tempo de leitura\" \/>\n\t<meta name=\"twitter:data2\" content=\"4 minutos\" \/>\n<!-- \/ Yoast SEO plugin. -->","yoast_head_json":{"title":"Acabando com o legado de Tony Stark? Cora\u00e7\u00e3o de Ferro estreia na Disney+ e acaba causando pol\u00eamicas entre os grandes f\u00e3s - Estado de Minas - Em foco","description":"A nova hero\u00edna da Marvel une genialidade e coragem. Veja por que Cora\u00e7\u00e3o de Ferro promete ser um marco no MCU.","robots":{"index":"index","follow":"follow","max-snippet":"max-snippet:-1","max-image-preview":"max-image-preview:large","max-video-preview":"max-video-preview:-1"},"canonical":"https:\/\/www.em.com.br\/emfoco\/2025\/07\/10\/acabando-com-o-legado-de-tony-stark-coracao-de-ferro-estreia-na-disney-e-acaba-causando-polemicas-entre-os-grandes-fas\/","og_locale":"pt_BR","og_type":"article","og_title":"Acabando com o legado de Tony Stark? Cora\u00e7\u00e3o de Ferro estreia na Disney+ e acaba causando pol\u00eamicas entre os grandes f\u00e3s - Estado de Minas - Em foco","og_description":"A nova hero\u00edna da Marvel une genialidade e coragem. Veja por que Cora\u00e7\u00e3o de Ferro promete ser um marco no MCU.","og_url":"https:\/\/www.em.com.br\/emfoco\/2025\/07\/10\/acabando-com-o-legado-de-tony-stark-coracao-de-ferro-estreia-na-disney-e-acaba-causando-polemicas-entre-os-grandes-fas\/","og_site_name":"Estado de Minas - Em foco","article_published_time":"2025-07-10T18:28:00+00:00","article_modified_time":"2025-07-09T21:40:50+00:00","og_image":[{"width":1280,"height":720,"url":"https:\/\/www.em.com.br\/emfoco\/wp-content\/uploads\/2025\/07\/ad-18.jpg","type":"image\/jpeg"}],"author":"Gabriel Martins","twitter_card":"summary_large_image","twitter_misc":{"Escrito por":"Gabriel Martins","Est. tempo de leitura":"4 minutos"},"schema":{"@context":"https:\/\/schema.org","@graph":[{"@type":"WebPage","@id":"https:\/\/www.em.com.br\/emfoco\/2025\/07\/10\/acabando-com-o-legado-de-tony-stark-coracao-de-ferro-estreia-na-disney-e-acaba-causando-polemicas-entre-os-grandes-fas\/","url":"https:\/\/www.em.com.br\/emfoco\/2025\/07\/10\/acabando-com-o-legado-de-tony-stark-coracao-de-ferro-estreia-na-disney-e-acaba-causando-polemicas-entre-os-grandes-fas\/","name":"Acabando com o legado de Tony Stark? Cora\u00e7\u00e3o de Ferro estreia na Disney+ e acaba causando pol\u00eamicas entre os grandes f\u00e3s - Estado de Minas - Em foco","isPartOf":{"@id":"https:\/\/www.em.com.br\/emfoco\/#website"},"primaryImageOfPage":{"@id":"https:\/\/www.em.com.br\/emfoco\/2025\/07\/10\/acabando-com-o-legado-de-tony-stark-coracao-de-ferro-estreia-na-disney-e-acaba-causando-polemicas-entre-os-grandes-fas\/#primaryimage"},"image":{"@id":"https:\/\/www.em.com.br\/emfoco\/2025\/07\/10\/acabando-com-o-legado-de-tony-stark-coracao-de-ferro-estreia-na-disney-e-acaba-causando-polemicas-entre-os-grandes-fas\/#primaryimage"},"thumbnailUrl":"https:\/\/www.em.com.br\/emfoco\/wp-content\/uploads\/2025\/07\/ad-18.jpg","datePublished":"2025-07-10T18:28:00+00:00","dateModified":"2025-07-09T21:40:50+00:00","author":{"@id":"https:\/\/www.em.com.br\/emfoco\/#\/schema\/person\/1c9ddeab18b98abeffef834667bcf08a"},"description":"A nova hero\u00edna da Marvel une genialidade e coragem. Veja por que Cora\u00e7\u00e3o de Ferro promete ser um marco no MCU.","breadcrumb":{"@id":"https:\/\/www.em.com.br\/emfoco\/2025\/07\/10\/acabando-com-o-legado-de-tony-stark-coracao-de-ferro-estreia-na-disney-e-acaba-causando-polemicas-entre-os-grandes-fas\/#breadcrumb"},"inLanguage":"pt-BR","potentialAction":[{"@type":"ReadAction","target":["https:\/\/www.em.com.br\/emfoco\/2025\/07\/10\/acabando-com-o-legado-de-tony-stark-coracao-de-ferro-estreia-na-disney-e-acaba-causando-polemicas-entre-os-grandes-fas\/"]}]},{"@type":"ImageObject","inLanguage":"pt-BR","@id":"https:\/\/www.em.com.br\/emfoco\/2025\/07\/10\/acabando-com-o-legado-de-tony-stark-coracao-de-ferro-estreia-na-disney-e-acaba-causando-polemicas-entre-os-grandes-fas\/#primaryimage","url":"https:\/\/www.em.com.br\/emfoco\/wp-content\/uploads\/2025\/07\/ad-18.jpg","contentUrl":"https:\/\/www.em.com.br\/emfoco\/wp-content\/uploads\/2025\/07\/ad-18.jpg","width":1280,"height":720,"caption":"Cora\u00e7\u00e3o de Ferro - Cr\u00e9ditos: Disney+ e Marvel Studios\/Divulga\u00e7\u00e3o"},{"@type":"BreadcrumbList","@id":"https:\/\/www.em.com.br\/emfoco\/2025\/07\/10\/acabando-com-o-legado-de-tony-stark-coracao-de-ferro-estreia-na-disney-e-acaba-causando-polemicas-entre-os-grandes-fas\/#breadcrumb","itemListElement":[{"@type":"ListItem","position":1,"name":"In\u00edcio","item":"https:\/\/www.em.com.br\/emfoco\/"},{"@type":"ListItem","position":2,"name":"Acabando com o legado de Tony Stark? Cora\u00e7\u00e3o de Ferro estreia na Disney+ e acaba causando pol\u00eamicas entre os grandes f\u00e3s"}]},{"@type":"WebSite","@id":"https:\/\/www.em.com.br\/emfoco\/#website","url":"https:\/\/www.em.com.br\/emfoco\/","name":"Estado de Minas - Em foco","description":"Acompanhe as \u00faltimas not\u00edcias e fique bem informado sobre tudo o que acontece em Minas Gerais, Brasil e no mundo.","potentialAction":[{"@type":"SearchAction","target":{"@type":"EntryPoint","urlTemplate":"https:\/\/www.em.com.br\/emfoco\/?s={search_term_string}"},"query-input":{"@type":"PropertyValueSpecification","valueRequired":true,"valueName":"search_term_string"}}],"inLanguage":"pt-BR"},{"@type":"Person","@id":"https:\/\/www.em.com.br\/emfoco\/#\/schema\/person\/1c9ddeab18b98abeffef834667bcf08a","name":"Gabriel Martins","image":{"@type":"ImageObject","inLanguage":"pt-BR","@id":"https:\/\/www.em.com.br\/emfoco\/#\/schema\/person\/image\/","url":"https:\/\/secure.gravatar.com\/avatar\/f0f1e2efdfd88f1ad2cb08c5c2731e50?s=96&d=mm&r=g","contentUrl":"https:\/\/secure.gravatar.com\/avatar\/f0f1e2efdfd88f1ad2cb08c5c2731e50?s=96&d=mm&r=g","caption":"Gabriel Martins"},"sameAs":["https:\/\/www.em.com.br\/emfoco\/"],"url":"https:\/\/www.em.com.br\/emfoco\/author\/gabrielmartinsmyth\/"}]}},"_links":{"self":[{"href":"https:\/\/www.em.com.br\/emfoco\/wp-json\/wp\/v2\/posts\/72811","targetHints":{"allow":["GET"]}}],"collection":[{"href":"https:\/\/www.em.com.br\/emfoco\/wp-json\/wp\/v2\/posts"}],"about":[{"href":"https:\/\/www.em.com.br\/emfoco\/wp-json\/wp\/v2\/types\/post"}],"author":[{"embeddable":true,"href":"https:\/\/www.em.com.br\/emfoco\/wp-json\/wp\/v2\/users\/13"}],"replies":[{"embeddable":true,"href":"https:\/\/www.em.com.br\/emfoco\/wp-json\/wp\/v2\/comments?post=72811"}],"version-history":[{"count":3,"href":"https:\/\/www.em.com.br\/emfoco\/wp-json\/wp\/v2\/posts\/72811\/revisions"}],"predecessor-version":[{"id":73542,"href":"https:\/\/www.em.com.br\/emfoco\/wp-json\/wp\/v2\/posts\/72811\/revisions\/73542"}],"wp:featuredmedia":[{"embeddable":true,"href":"https:\/\/www.em.com.br\/emfoco\/wp-json\/wp\/v2\/media\/72813"}],"wp:attachment":[{"href":"https:\/\/www.em.com.br\/emfoco\/wp-json\/wp\/v2\/media?parent=72811"}],"wp:term":[{"taxonomy":"category","embeddable":true,"href":"https:\/\/www.em.com.br\/emfoco\/wp-json\/wp\/v2\/categories?post=72811"},{"taxonomy":"post_tag","embeddable":true,"href":"https:\/\/www.em.com.br\/emfoco\/wp-json\/wp\/v2\/tags?post=72811"}],"curies":[{"name":"wp","href":"https:\/\/api.w.org\/{rel}","templated":true}]}}