{"id":72767,"date":"2025-07-10T18:08:00","date_gmt":"2025-07-10T21:08:00","guid":{"rendered":"https:\/\/www.em.com.br\/emfoco\/?p=72767"},"modified":"2025-07-09T18:41:36","modified_gmt":"2025-07-09T21:41:36","slug":"voce-sente-cansaco-e-desanimo-a-resposta-pode-estar-na-sua-postura","status":"publish","type":"post","link":"https:\/\/www.em.com.br\/emfoco\/2025\/07\/10\/voce-sente-cansaco-e-desanimo-a-resposta-pode-estar-na-sua-postura\/","title":{"rendered":"Voc\u00ea sente cansa\u00e7o e des\u00e2nimo? A resposta pode estar na sua postura"},"content":{"rendered":"\n<p>A postura f\u00edsica tem um impacto significativo sobre como as pessoas se sentem ao longo do dia. Embora muitas vezes passe despercebida, a maneira como o corpo \u00e9 posicionado pode influenciar diretamente as emo\u00e7\u00f5es e o estado de esp\u00edrito. Estudos sugerem que a postura correta n\u00e3o s\u00f3 melhora a sa\u00fade f\u00edsica, mas tamb\u00e9m est\u00e1 associada a um aumento da confian\u00e7a e a uma perspectiva mais otimista da vida.<\/p>\n\n\n\n<p>De fato, o simples ato de levantar-se ereto n\u00e3o serve apenas para alinhamento corporal. Quando algu\u00e9m mant\u00e9m uma postura adequada, h\u00e1 uma melhor circula\u00e7\u00e3o sangu\u00ednea, maior capacidade respirat\u00f3ria e menor incid\u00eancia de dores. Esses benef\u00edcios f\u00edsicos podem se traduzir em um estado mental mais equilibrado e positivo. Al\u00e9m disso, manter a postura correta pode prevenir les\u00f5es a longo prazo e contribuir para um envelhecimento mais saud\u00e1vel.<\/p>\n\n\n\n<h2 class=\"wp-block-heading\">Como a postura errada pode impactar seu dia-a-dia sem que voc\u00ea perceba?<\/h2>\n\n\n\n<p><strong>A postura inadequada pode levar a uma s\u00e9rie de complica\u00e7\u00f5es, algumas delas percept\u00edveis, outras nem tanto.<\/strong> Frequentemente, indiv\u00edduos com m\u00e1 postura relatam sentir-se mais cansados, mesmo ap\u00f3s <strong><a href=\"https:\/\/www.em.com.br\/emfoco\/2025\/06\/16\/praticar-atividades-fisicas-pode-trazer-mais-beneficios-contra-a-depressao-do-que-remedios\/\" target=\"_blank\" rel=\"noreferrer noopener\">atividades f\u00edsicas<\/a><\/strong> leves. <strong>Este cansa\u00e7o pode ser atribu\u00eddo ao fato de que m\u00fasculos e articula\u00e7\u00f5es est\u00e3o constantemente sobrecarregados, o que acaba influenciando diretamente o n\u00edvel de energia e toler\u00e2ncia ao estresse di\u00e1rio.<\/strong> Novos estudos tamb\u00e9m sugerem que a m\u00e1 postura pode impactar negativamente a digest\u00e3o e at\u00e9 mesmo a concentra\u00e7\u00e3o durante tarefas intelectuais.<\/p>\n\n\n\n<p><strong>Al\u00e9m disso, posturas erradas, como estender o pesco\u00e7o para frente ao olhar para uma tela, podem resultar em dores de cabe\u00e7a e tens\u00e3o muscular.<\/strong> <strong>Estes sintomas, ao se tornarem cr\u00f4nicos, geram uma sensa\u00e7\u00e3o de irritabilidade e baixa disposi\u00e7\u00e3o, afetando a forma como se lida com desafios di\u00e1rios.<\/strong><\/p>\n\n\n\n<figure class=\"wp-block-image size-large\"><img loading=\"lazy\" decoding=\"async\" width=\"1024\" height=\"576\" src=\"https:\/\/www.em.com.br\/emfoco\/wp-content\/uploads\/2025\/06\/sentar_1750345664074-1024x576.jpg\" alt=\"Entenda como a postura ao sentar afeta seu humor, sua respira\u00e7\u00e3o e at\u00e9 sua concentra\u00e7\u00e3o\" class=\"wp-image-63908\" srcset=\"https:\/\/www.em.com.br\/emfoco\/wp-content\/uploads\/2025\/06\/sentar_1750345664074-1024x576.jpg 1024w, https:\/\/www.em.com.br\/emfoco\/wp-content\/uploads\/2025\/06\/sentar_1750345664074-300x169.jpg 300w, https:\/\/www.em.com.br\/emfoco\/wp-content\/uploads\/2025\/06\/sentar_1750345664074-768x432.jpg 768w, https:\/\/www.em.com.br\/emfoco\/wp-content\/uploads\/2025\/06\/sentar_1750345664074-750x422.jpg 750w, https:\/\/www.em.com.br\/emfoco\/wp-content\/uploads\/2025\/06\/sentar_1750345664074-1140x641.jpg 1140w, https:\/\/www.em.com.br\/emfoco\/wp-content\/uploads\/2025\/06\/sentar_1750345664074.jpg 1280w\" sizes=\"auto, (max-width: 1024px) 100vw, 1024px\" \/><figcaption class=\"wp-element-caption\">Homem sentado no sof\u00e1 &#8211; Cr\u00e9ditos: depositphotos.com \/ Ischukigor<\/figcaption><\/figure>\n\n\n\n<h2 class=\"wp-block-heading\">Voc\u00ea sabia que a postura pode influenciar sua autoconfian\u00e7a?<\/h2>\n\n\n\n<p><strong>Adotar uma postura adequada pode servir como uma poderosa ferramenta para aumentar a autoconfian\u00e7a.<\/strong> <strong>Estudos psicol\u00f3gicos revelam que indiv\u00edduos que mant\u00eam posturas abertas e expansivas tendem a apresentar n\u00edveis mais altos de confian\u00e7a.<\/strong> Isso n\u00e3o se deve apenas \u00e0 apar\u00eancia, mas \u00e0 forma como o corpo comunica ao c\u00e9rebro sensa\u00e7\u00f5es de autoefic\u00e1cia e adequa\u00e7\u00e3o.<\/p>\n\n\n\n<p><strong>Al\u00e9m disso, essa melhoria na confian\u00e7a n\u00e3o afeta apenas os indiv\u00edduos internamente.<\/strong> <strong>Em intera\u00e7\u00f5es sociais, pessoas com postura assertiva s\u00e3o geralmente vistas como mais competentes e competidoras, o que pode trazer benef\u00edcios no ambiente de trabalho ou em outras \u00e1reas da vida.<\/strong> Manter uma postura ereta pode at\u00e9 mesmo melhorar a percep\u00e7\u00e3o de lideran\u00e7a durante apresenta\u00e7\u00f5es profissionais ou reuni\u00f5es importantes.<\/p>\n\n\n\n<h2 class=\"wp-block-heading\">Quem poderia imaginar que mudar a postura afetaria o humor?<\/h2>\n\n\n\n<p><strong>Posturas f\u00edsicas podem alterar significativamente o estado emocional.<\/strong> <strong>Sentar-se com ombros ca\u00eddos e de cabe\u00e7a baixa pode involuntariamente induzir sentimentos de tristeza e des\u00e2nimo.<\/strong> <strong>Em contraste, a pr\u00e1tica de manter uma postura mais aberta e relaxada pode trazer uma sensa\u00e7\u00e3o espont\u00e2nea de felicidade e motiva\u00e7\u00e3o.<\/strong> Novas abordagens em psicologia recomendam pequenos ajustes posturais como parte do tratamento para transtornos leves de humor.<\/p>\n\n\n\n<p><strong>As endorfinas, conhecidas como horm\u00f4nios da felicidade, podem ser mais eficazes ao se adotar uma postura correta.<\/strong> <strong>Isso porque uma postura melhorada ajuda na redu\u00e7\u00e3o da produ\u00e7\u00e3o de <a href=\"https:\/\/blog.sabin.com.br\/saude\/o-que-faz-o-hormonio-cortisol\/\" target=\"_blank\" rel=\"noreferrer noopener\">horm\u00f4nios do estresse<\/a>, contribuindo ainda mais para o equil\u00edbrio emocional.<\/strong><\/p>\n\n\n\n<h2 class=\"wp-block-heading\">O que a pesquisa cient\u00edfica diz sobre a rela\u00e7\u00e3o entre postura e humor?<\/h2>\n\n\n\n<p><strong>Diversos estudos cient\u00edficos refor\u00e7am a liga\u00e7\u00e3o entre a postura e a emo\u00e7\u00e3o.<\/strong> <strong>Pesquisas indicaram que as pessoas que mant\u00eam posturas relaxadas s\u00e3o menos propensas a sofrer com sintomas de depress\u00e3o ou ansiedade.<\/strong> A libera\u00e7\u00e3o de cortisol, o horm\u00f4nio do estresse, \u00e9 aumentada com posturas de encurtamento, o que demonstra a relev\u00e2ncia da postura na gest\u00e3o do bem-estar mental.<\/p>\n\n\n\n<p><strong>Outro estudo interessante analisou a import\u00e2ncia da postura em ambientes de trabalho estressantes e revelou que aqueles que adotavam uma posi\u00e7\u00e3o ereta apresentavam menores n\u00edveis de fadiga mental e maior produtividade.<\/strong> <strong>Isto sugere que a postura, al\u00e9m de afetar o humor, pode igualmente influenciar o desempenho e a satisfa\u00e7\u00e3o no trabalho.<\/strong> Esses achados refor\u00e7am o papel dos programas corporativos de ergonomia na preven\u00e7\u00e3o de dist\u00farbios emocionais.<\/p>\n\n\n\n<h2 class=\"wp-block-heading\">Curiosidades sobre como a postura molda suas intera\u00e7\u00f5es sociais?<\/h2>\n\n\n\n<p><strong>A postura n\u00e3o apenas afeta o humor interno, mas tamb\u00e9m molda a forma como os indiv\u00edduos s\u00e3o percebidos em contextos sociais.<\/strong> Manter uma postura confiante ao interagir com outras pessoas pode aumentar a atratividade de um indiv\u00edduo, facilitando rela\u00e7\u00f5es mais positivas e produtivas. <strong>Al\u00e9m disso, as express\u00f5es corporais abertas tendem a estimular intera\u00e7\u00f5es amig\u00e1veis e acolhedoras.<\/strong><\/p>\n\n\n\n<p><strong>Curiosamente, o ajuste da postura pessoal pode influenciar o humor daqueles ao redor.<\/strong> Demonstrar abertura e receptividade em posturas n\u00e3o s\u00f3 melhora a percep\u00e7\u00e3o pessoal como tamb\u00e9m incentiva os outros a responderem de maneira semelhante, promovendo um ambiente mais harmonioso e colaborativo.<\/p>\n","protected":false},"excerpt":{"rendered":"<p>A postura f\u00edsica tem um impacto significativo sobre como as pessoas se sentem ao longo do dia. Embora muitas vezes passe despercebida, a maneira como o corpo \u00e9 posicionado pode influenciar diretamente as emo\u00e7\u00f5es e o estado de esp\u00edrito. Estudos sugerem que a postura correta n\u00e3o s\u00f3 melhora a sa\u00fade f\u00edsica, mas tamb\u00e9m est\u00e1 associada [&hellip;]<\/p>\n","protected":false},"author":13,"featured_media":63909,"comment_status":"open","ping_status":"open","sticky":false,"template":"","format":"standard","meta":{"jnews-multi-image_gallery":[],"jnews_single_post":{"format":"standard"},"jnews_primary_category":[],"jnews_social_meta":[],"jnews_override_counter":[],"footnotes":""},"categories":[8691,1],"tags":[5742,1060,5287,410],"class_list":["post-72767","post","type-post","status-publish","format-standard","has-post-thumbnail","hentry","category-bem-estar","category-noticias","tag-autoconfianca","tag-emocoes","tag-postura","tag-saude-mental"],"yoast_head":"<!-- This site is optimized with the Yoast SEO plugin v23.8 - https:\/\/yoast.com\/wordpress\/plugins\/seo\/ -->\n<title>Voc\u00ea sente cansa\u00e7o e des\u00e2nimo? A resposta pode estar na sua postura - Estado de Minas - Em foco<\/title>\n<meta name=\"description\" content=\"Sua postura afeta mais que a coluna. Estudos mostram que ela influencia seu humor, confian\u00e7a e at\u00e9 sua produtividade.\" \/>\n<meta name=\"robots\" content=\"index, follow, max-snippet:-1, max-image-preview:large, max-video-preview:-1\" \/>\n<link rel=\"canonical\" href=\"https:\/\/www.em.com.br\/emfoco\/2025\/07\/10\/voce-sente-cansaco-e-desanimo-a-resposta-pode-estar-na-sua-postura\/\" \/>\n<meta property=\"og:locale\" content=\"pt_BR\" \/>\n<meta property=\"og:type\" content=\"article\" \/>\n<meta property=\"og:title\" content=\"Voc\u00ea sente cansa\u00e7o e des\u00e2nimo? A resposta pode estar na sua postura - Estado de Minas - Em foco\" \/>\n<meta property=\"og:description\" content=\"Sua postura afeta mais que a coluna. Estudos mostram que ela influencia seu humor, confian\u00e7a e at\u00e9 sua produtividade.\" \/>\n<meta property=\"og:url\" content=\"https:\/\/www.em.com.br\/emfoco\/2025\/07\/10\/voce-sente-cansaco-e-desanimo-a-resposta-pode-estar-na-sua-postura\/\" \/>\n<meta property=\"og:site_name\" content=\"Estado de Minas - Em foco\" \/>\n<meta property=\"article:published_time\" content=\"2025-07-10T21:08:00+00:00\" \/>\n<meta property=\"article:modified_time\" content=\"2025-07-09T21:41:36+00:00\" \/>\n<meta property=\"og:image\" content=\"https:\/\/www.em.com.br\/emfoco\/wp-content\/uploads\/2025\/06\/sentar_1750345701925.jpg\" \/>\n\t<meta property=\"og:image:width\" content=\"1280\" \/>\n\t<meta property=\"og:image:height\" content=\"720\" \/>\n\t<meta property=\"og:image:type\" content=\"image\/jpeg\" \/>\n<meta name=\"author\" content=\"Gabriel Martins\" \/>\n<meta name=\"twitter:card\" content=\"summary_large_image\" \/>\n<meta name=\"twitter:label1\" content=\"Escrito por\" \/>\n\t<meta name=\"twitter:data1\" content=\"Gabriel Martins\" \/>\n\t<meta name=\"twitter:label2\" content=\"Est. tempo de leitura\" \/>\n\t<meta name=\"twitter:data2\" content=\"5 minutos\" \/>\n<!-- \/ Yoast SEO plugin. -->","yoast_head_json":{"title":"Voc\u00ea sente cansa\u00e7o e des\u00e2nimo? A resposta pode estar na sua postura - Estado de Minas - Em foco","description":"Sua postura afeta mais que a coluna. Estudos mostram que ela influencia seu humor, confian\u00e7a e at\u00e9 sua produtividade.","robots":{"index":"index","follow":"follow","max-snippet":"max-snippet:-1","max-image-preview":"max-image-preview:large","max-video-preview":"max-video-preview:-1"},"canonical":"https:\/\/www.em.com.br\/emfoco\/2025\/07\/10\/voce-sente-cansaco-e-desanimo-a-resposta-pode-estar-na-sua-postura\/","og_locale":"pt_BR","og_type":"article","og_title":"Voc\u00ea sente cansa\u00e7o e des\u00e2nimo? A resposta pode estar na sua postura - Estado de Minas - Em foco","og_description":"Sua postura afeta mais que a coluna. Estudos mostram que ela influencia seu humor, confian\u00e7a e at\u00e9 sua produtividade.","og_url":"https:\/\/www.em.com.br\/emfoco\/2025\/07\/10\/voce-sente-cansaco-e-desanimo-a-resposta-pode-estar-na-sua-postura\/","og_site_name":"Estado de Minas - Em foco","article_published_time":"2025-07-10T21:08:00+00:00","article_modified_time":"2025-07-09T21:41:36+00:00","og_image":[{"width":1280,"height":720,"url":"https:\/\/www.em.com.br\/emfoco\/wp-content\/uploads\/2025\/06\/sentar_1750345701925.jpg","type":"image\/jpeg"}],"author":"Gabriel Martins","twitter_card":"summary_large_image","twitter_misc":{"Escrito por":"Gabriel Martins","Est. tempo de leitura":"5 minutos"},"schema":{"@context":"https:\/\/schema.org","@graph":[{"@type":"WebPage","@id":"https:\/\/www.em.com.br\/emfoco\/2025\/07\/10\/voce-sente-cansaco-e-desanimo-a-resposta-pode-estar-na-sua-postura\/","url":"https:\/\/www.em.com.br\/emfoco\/2025\/07\/10\/voce-sente-cansaco-e-desanimo-a-resposta-pode-estar-na-sua-postura\/","name":"Voc\u00ea sente cansa\u00e7o e des\u00e2nimo? A resposta pode estar na sua postura - Estado de Minas - Em foco","isPartOf":{"@id":"https:\/\/www.em.com.br\/emfoco\/#website"},"primaryImageOfPage":{"@id":"https:\/\/www.em.com.br\/emfoco\/2025\/07\/10\/voce-sente-cansaco-e-desanimo-a-resposta-pode-estar-na-sua-postura\/#primaryimage"},"image":{"@id":"https:\/\/www.em.com.br\/emfoco\/2025\/07\/10\/voce-sente-cansaco-e-desanimo-a-resposta-pode-estar-na-sua-postura\/#primaryimage"},"thumbnailUrl":"https:\/\/www.em.com.br\/emfoco\/wp-content\/uploads\/2025\/06\/sentar_1750345701925.jpg","datePublished":"2025-07-10T21:08:00+00:00","dateModified":"2025-07-09T21:41:36+00:00","author":{"@id":"https:\/\/www.em.com.br\/emfoco\/#\/schema\/person\/1c9ddeab18b98abeffef834667bcf08a"},"description":"Sua postura afeta mais que a coluna. Estudos mostram que ela influencia seu humor, confian\u00e7a e at\u00e9 sua produtividade.","breadcrumb":{"@id":"https:\/\/www.em.com.br\/emfoco\/2025\/07\/10\/voce-sente-cansaco-e-desanimo-a-resposta-pode-estar-na-sua-postura\/#breadcrumb"},"inLanguage":"pt-BR","potentialAction":[{"@type":"ReadAction","target":["https:\/\/www.em.com.br\/emfoco\/2025\/07\/10\/voce-sente-cansaco-e-desanimo-a-resposta-pode-estar-na-sua-postura\/"]}]},{"@type":"ImageObject","inLanguage":"pt-BR","@id":"https:\/\/www.em.com.br\/emfoco\/2025\/07\/10\/voce-sente-cansaco-e-desanimo-a-resposta-pode-estar-na-sua-postura\/#primaryimage","url":"https:\/\/www.em.com.br\/emfoco\/wp-content\/uploads\/2025\/06\/sentar_1750345701925.jpg","contentUrl":"https:\/\/www.em.com.br\/emfoco\/wp-content\/uploads\/2025\/06\/sentar_1750345701925.jpg","width":1280,"height":720,"caption":"Mulher sentada - Cr\u00e9ditos: depositphotos.com \/ HayDmitriy"},{"@type":"BreadcrumbList","@id":"https:\/\/www.em.com.br\/emfoco\/2025\/07\/10\/voce-sente-cansaco-e-desanimo-a-resposta-pode-estar-na-sua-postura\/#breadcrumb","itemListElement":[{"@type":"ListItem","position":1,"name":"In\u00edcio","item":"https:\/\/www.em.com.br\/emfoco\/"},{"@type":"ListItem","position":2,"name":"Voc\u00ea sente cansa\u00e7o e des\u00e2nimo? A resposta pode estar na sua postura"}]},{"@type":"WebSite","@id":"https:\/\/www.em.com.br\/emfoco\/#website","url":"https:\/\/www.em.com.br\/emfoco\/","name":"Estado de Minas - Em foco","description":"Acompanhe as \u00faltimas not\u00edcias e fique bem informado sobre tudo o que acontece em Minas Gerais, Brasil e no mundo.","potentialAction":[{"@type":"SearchAction","target":{"@type":"EntryPoint","urlTemplate":"https:\/\/www.em.com.br\/emfoco\/?s={search_term_string}"},"query-input":{"@type":"PropertyValueSpecification","valueRequired":true,"valueName":"search_term_string"}}],"inLanguage":"pt-BR"},{"@type":"Person","@id":"https:\/\/www.em.com.br\/emfoco\/#\/schema\/person\/1c9ddeab18b98abeffef834667bcf08a","name":"Gabriel Martins","image":{"@type":"ImageObject","inLanguage":"pt-BR","@id":"https:\/\/www.em.com.br\/emfoco\/#\/schema\/person\/image\/","url":"https:\/\/secure.gravatar.com\/avatar\/f0f1e2efdfd88f1ad2cb08c5c2731e50?s=96&d=mm&r=g","contentUrl":"https:\/\/secure.gravatar.com\/avatar\/f0f1e2efdfd88f1ad2cb08c5c2731e50?s=96&d=mm&r=g","caption":"Gabriel Martins"},"sameAs":["https:\/\/www.em.com.br\/emfoco\/"],"url":"https:\/\/www.em.com.br\/emfoco\/author\/gabrielmartinsmyth\/"}]}},"_links":{"self":[{"href":"https:\/\/www.em.com.br\/emfoco\/wp-json\/wp\/v2\/posts\/72767","targetHints":{"allow":["GET"]}}],"collection":[{"href":"https:\/\/www.em.com.br\/emfoco\/wp-json\/wp\/v2\/posts"}],"about":[{"href":"https:\/\/www.em.com.br\/emfoco\/wp-json\/wp\/v2\/types\/post"}],"author":[{"embeddable":true,"href":"https:\/\/www.em.com.br\/emfoco\/wp-json\/wp\/v2\/users\/13"}],"replies":[{"embeddable":true,"href":"https:\/\/www.em.com.br\/emfoco\/wp-json\/wp\/v2\/comments?post=72767"}],"version-history":[{"count":2,"href":"https:\/\/www.em.com.br\/emfoco\/wp-json\/wp\/v2\/posts\/72767\/revisions"}],"predecessor-version":[{"id":72781,"href":"https:\/\/www.em.com.br\/emfoco\/wp-json\/wp\/v2\/posts\/72767\/revisions\/72781"}],"wp:featuredmedia":[{"embeddable":true,"href":"https:\/\/www.em.com.br\/emfoco\/wp-json\/wp\/v2\/media\/63909"}],"wp:attachment":[{"href":"https:\/\/www.em.com.br\/emfoco\/wp-json\/wp\/v2\/media?parent=72767"}],"wp:term":[{"taxonomy":"category","embeddable":true,"href":"https:\/\/www.em.com.br\/emfoco\/wp-json\/wp\/v2\/categories?post=72767"},{"taxonomy":"post_tag","embeddable":true,"href":"https:\/\/www.em.com.br\/emfoco\/wp-json\/wp\/v2\/tags?post=72767"}],"curies":[{"name":"wp","href":"https:\/\/api.w.org\/{rel}","templated":true}]}}