{"id":72744,"date":"2025-07-09T06:28:00","date_gmt":"2025-07-09T09:28:00","guid":{"rendered":"https:\/\/www.em.com.br\/emfoco\/?p=72744"},"modified":"2025-07-08T15:42:00","modified_gmt":"2025-07-08T18:42:00","slug":"o-clima-vai-virar-de-ponta-cabeca-na-regiao-sudeste-e-ja-tem-data-marcada","status":"publish","type":"post","link":"https:\/\/www.em.com.br\/emfoco\/2025\/07\/09\/o-clima-vai-virar-de-ponta-cabeca-na-regiao-sudeste-e-ja-tem-data-marcada\/","title":{"rendered":"O clima vai virar de ponta cabe\u00e7a na regi\u00e3o Sudeste e j\u00e1 tem data marcada"},"content":{"rendered":"\n<p>O impacto das <a href=\"https:\/\/brasil.un.org\/pt-br\/175180-o-que-s%C3%A3o-mudan%C3%A7as-clim%C3%A1ticas#:~:text=Sobre%20a%20campanha-,As%20mudan%C3%A7as%20clim%C3%A1ticas%20s%C3%A3o%20transforma%C3%A7%C3%B5es%20a%20longo%20prazo%20nos%20padr%C3%B5es,de%20varia%C3%A7%C3%B5es%20no%20ciclo%20solar.\" target=\"_blank\" rel=\"noreferrer noopener\">mudan\u00e7as clim\u00e1ticas<\/a> na regi\u00e3o Sudeste do Brasil tem sido significativo, afetando a din\u00e2mica do clima de diversas maneiras. Estas altera\u00e7\u00f5es se manifestam por meio de varia\u00e7\u00f5es nos padr\u00f5es de chuva, aumentos na temperatura m\u00e9dia e maior frequ\u00eancia de eventos extremos, como tempestades intensas e secas prolongadas. No contexto atual, compreender como essas mudan\u00e7as afetam o clima local \u00e9 crucial para adapta\u00e7\u00e3o e mitiga\u00e7\u00e3o de seus efeitos nocivos nas atividades econ\u00f4micas e no cotidiano das comunidades. Regi\u00f5es como\u00a0<strong>S\u00e3o Paulo<\/strong>,\u00a0<strong>Rio de Janeiro<\/strong>,\u00a0<strong>Esp\u00edrito Santo<\/strong>\u00a0e\u00a0<strong><a href=\"https:\/\/www.em.com.br\/emfoco\/2025\/07\/07\/por-que-minas-gerais-tem-mais-de-800-cidades-com-nomes-terminados-em-opolis-burgo-e-eira\/\" target=\"_blank\" rel=\"noreferrer noopener\">Minas Gerais<\/a><\/strong>\u00a0t\u00eam apresentado exemplos claros deste cen\u00e1rio ao longo dos \u00faltimos anos.<\/p>\n\n\n\n<p>A an\u00e1lise da previs\u00e3o do tempo na regi\u00e3o Sudeste, especialmente em&nbsp;<strong>Minas Gerais<\/strong>, para os dias&nbsp;<strong>9 e 10 de junho de 2025<\/strong>, revela detalhes importantes sobre as condi\u00e7\u00f5es clim\u00e1ticas esperadas.<\/p>\n\n\n\n<h2 class=\"wp-block-heading\">Como ficar\u00e1 a temperatura na regi\u00e3o Sudeste entre 09 e 10\/06\/2025?<\/h2>\n\n\n\n<ul class=\"wp-block-list\">\n<li><strong>S\u00e3o Paulo<\/strong>: Temperatura m\u00e1xima de 25\u00b0C e m\u00ednima de 15\u00b0C.<\/li>\n\n\n\n<li><strong>Rio de Janeiro<\/strong>: Temperatura m\u00e1xima de 28\u00b0C e m\u00ednima de 20\u00b0C.<\/li>\n\n\n\n<li><strong>Esp\u00edrito Santo<\/strong>: Temperatura m\u00e1xima de 30\u00b0C e m\u00ednima de 22\u00b0C.<\/li>\n\n\n\n<li><strong>Minas Gerais<\/strong>: Temperatura m\u00e1xima de 27\u00b0C e m\u00ednima de 16\u00b0C (varia conforme a cidade).<\/li>\n<\/ul>\n\n\n\n<h2 class=\"wp-block-heading\">Quais as previs\u00f5es para as temperaturas em Belo Horizonte?<\/h2>\n\n\n\n<ul class=\"wp-block-list\">\n<li><strong>09\/06\/2025:<\/strong>&nbsp;M\u00e1xima de 24\u00b0C e m\u00ednima de 14\u00b0C.<\/li>\n\n\n\n<li>10\/06\/2025: M\u00e1xima de 25\u00b0C e m\u00ednima de 15\u00b0C.<\/li>\n<\/ul>\n\n\n\n<figure class=\"wp-block-image\"><img decoding=\"async\" src=\"https:\/\/www.em.com.br\/emfoco\/wp-content\/uploads\/2025\/04\/clima-frio_1744910714650-1024x576.jpg\" alt=\"\"\/><figcaption class=\"wp-element-caption\">clima frio &#8211; Cr\u00e9ditos: depositphotos.com \/ ifeelstock<\/figcaption><\/figure>\n\n\n\n<h2 class=\"wp-block-heading\">Qual \u00e9 a previs\u00e3o para as cidades de Minas Gerais?<\/h2>\n\n\n\n<ul class=\"wp-block-list\">\n<li><strong>Uberl\u00e2ndia<\/strong>: M\u00e1xima de 26\u00b0C e m\u00ednima de 18\u00b0C.<\/li>\n\n\n\n<li><strong>Juiz de Fora<\/strong>: M\u00e1xima de 23\u00b0C e m\u00ednima de 13\u00b0C.<\/li>\n\n\n\n<li><strong>Montes Claros<\/strong>: M\u00e1xima de 28\u00b0C e m\u00ednima de 19\u00b0C.<\/li>\n\n\n\n<li><strong>Divin\u00f3polis<\/strong>: M\u00e1xima de 25\u00b0C e m\u00ednima de 16\u00b0C.<\/li>\n<\/ul>\n\n\n\n<h2 class=\"wp-block-heading\">O que esperar das condi\u00e7\u00f5es clim\u00e1ticas com a frente fria e possibilidade de chuva?<\/h2>\n\n\n\n<ul class=\"wp-block-list\">\n<li><strong>S\u00e3o Paulo<\/strong>: 50% de chance de chuva com temperaturas em decl\u00ednio devido \u00e0 frente fria.<\/li>\n\n\n\n<li><strong>Rio de Janeiro<\/strong>: Sol entre nuvens e 30% de chuva isolada.<\/li>\n\n\n\n<li><strong>Esp\u00edrito Santo<\/strong>: Predom\u00ednio de sol com baixa possibilidade de chuva, cerca de 20%.<\/li>\n\n\n\n<li><strong>Minas Gerais<\/strong>: Varia entre 40% a 60% de possibilidade de chuva, dependendo da localiza\u00e7\u00e3o.<\/li>\n<\/ul>\n\n\n\n<h2 class=\"wp-block-heading\">Quais s\u00e3o as cidades mais frias do per\u00edodo?<\/h2>\n\n\n\n<ol class=\"wp-block-list\">\n<li><strong>Juiz de Fora<\/strong>: 13\u00b0C a m\u00ednima.<\/li>\n\n\n\n<li><strong>Belo Horizonte<\/strong>: 14\u00b0C a m\u00ednima.<\/li>\n\n\n\n<li><strong>Pouso Alegre<\/strong>: 15\u00b0C a m\u00ednima.<\/li>\n\n\n\n<li><strong>Po\u00e7os de Caldas<\/strong>: 15\u00b0C a m\u00ednima.<\/li>\n\n\n\n<li><strong>Vi\u00e7osa<\/strong>: 16\u00b0C a m\u00ednima.<\/li>\n\n\n\n<li><strong>Ouro Preto<\/strong>: 17\u00b0C a m\u00ednima.<\/li>\n\n\n\n<li><strong>Lavras<\/strong>: 17\u00b0C a m\u00ednima.<\/li>\n\n\n\n<li><strong>Itabira<\/strong>: 18\u00b0C a m\u00ednima.<\/li>\n<\/ol>\n\n\n\n<h2 class=\"wp-block-heading\">O que dizem os sites especializados na previs\u00e3o do tempo?<\/h2>\n\n\n\n<p>Em geral, sites especializados em meteorologia, como o&nbsp;<strong>Climatempo<\/strong>&nbsp;e o&nbsp;<strong>INMET<\/strong>, preveem condi\u00e7\u00f5es clim\u00e1ticas relativamente est\u00e1veis, com algumas altera\u00e7\u00f5es previstas devido \u00e0 atua\u00e7\u00e3o de frentes frias. Essas plataformas destacam a import\u00e2ncia de se preparar para poss\u00edveis chuvas que podem impactar principalmente \u00e1reas urbanas. O uso de ferramentas digitais, como o&nbsp;<strong>Weather Channel<\/strong>&nbsp;e aplicativos para smartphones, tem facilitado o acesso a previs\u00f5es em tempo real, possibilitando maior precis\u00e3o e planejamento n\u00e3o s\u00f3 em grandes cidades, mas tamb\u00e9m em pequenas localidades do Sudeste.<\/p>\n\n\n\n<h2 class=\"wp-block-heading\">Como interpretar a previs\u00e3o do tempo? Confira dicas pr\u00e1ticas<\/h2>\n\n\n\n<p>Para interpretar corretamente a previs\u00e3o do tempo, algumas dicas s\u00e3o essenciais. Primeiramente, \u00e9 importante verificar as atualiza\u00e7\u00f5es di\u00e1rias, pois as condi\u00e7\u00f5es clim\u00e1ticas podem mudar rapidamente. Al\u00e9m disso, observar os indicadores de probabilidade de chuva ou sol pode auxiliar na programa\u00e7\u00e3o de atividades ao ar livre. Compreender as informa\u00e7\u00f5es que est\u00e3o al\u00e9m dos n\u00fameros, como a sensa\u00e7\u00e3o t\u00e9rmica e dire\u00e7\u00e3o dos ventos, tamb\u00e9m proporciona uma vis\u00e3o mais completa do que est\u00e1 por vir. Para uma abordagem mais detalhada, recomenda-se o acompanhamento frequente em sites confi\u00e1veis e aplicativos, aproveitando o avan\u00e7o das tecnologias dispon\u00edveis.<\/p>\n","protected":false},"excerpt":{"rendered":"<p>O impacto das mudan\u00e7as clim\u00e1ticas na regi\u00e3o Sudeste do Brasil tem sido significativo, afetando a din\u00e2mica do clima de diversas maneiras. Estas altera\u00e7\u00f5es se manifestam por meio de varia\u00e7\u00f5es nos padr\u00f5es de chuva, aumentos na temperatura m\u00e9dia e maior frequ\u00eancia de eventos extremos, como tempestades intensas e secas prolongadas. No contexto atual, compreender como essas [&hellip;]<\/p>\n","protected":false},"author":11,"featured_media":48927,"comment_status":"open","ping_status":"open","sticky":false,"template":"","format":"standard","meta":{"jnews-multi-image_gallery":[],"jnews_single_post":{"format":"standard"},"jnews_primary_category":[],"jnews_social_meta":[],"jnews_override_counter":[],"footnotes":""},"categories":[30,1],"tags":[152,1192,249],"class_list":["post-72744","post","type-post","status-publish","format-standard","has-post-thumbnail","hentry","category-clima","category-noticias","tag-clima","tag-sudeste","tag-temperatura"],"yoast_head":"<!-- This site is optimized with the Yoast SEO plugin v23.8 - https:\/\/yoast.com\/wordpress\/plugins\/seo\/ -->\n<title>O clima vai virar de ponta cabe\u00e7a na regi\u00e3o Sudeste e j\u00e1 tem data marcada - Estado de Minas - Em foco<\/title>\n<meta name=\"description\" content=\"O clima vai virar no Sudeste e Minas j\u00e1 sente os primeiros efeitos. Veja o que esperar dos pr\u00f3ximos dias e prepare-se para mudan\u00e7as bruscas.\" \/>\n<meta name=\"robots\" content=\"index, follow, max-snippet:-1, max-image-preview:large, max-video-preview:-1\" \/>\n<link rel=\"canonical\" href=\"https:\/\/www.em.com.br\/emfoco\/2025\/07\/09\/o-clima-vai-virar-de-ponta-cabeca-na-regiao-sudeste-e-ja-tem-data-marcada\/\" \/>\n<meta property=\"og:locale\" content=\"pt_BR\" \/>\n<meta property=\"og:type\" content=\"article\" \/>\n<meta property=\"og:title\" content=\"O clima vai virar de ponta cabe\u00e7a na regi\u00e3o Sudeste e j\u00e1 tem data marcada - Estado de Minas - Em foco\" \/>\n<meta property=\"og:description\" content=\"O clima vai virar no Sudeste e Minas j\u00e1 sente os primeiros efeitos. Veja o que esperar dos pr\u00f3ximos dias e prepare-se para mudan\u00e7as bruscas.\" \/>\n<meta property=\"og:url\" content=\"https:\/\/www.em.com.br\/emfoco\/2025\/07\/09\/o-clima-vai-virar-de-ponta-cabeca-na-regiao-sudeste-e-ja-tem-data-marcada\/\" \/>\n<meta property=\"og:site_name\" content=\"Estado de Minas - Em foco\" \/>\n<meta property=\"article:published_time\" content=\"2025-07-09T09:28:00+00:00\" \/>\n<meta property=\"article:modified_time\" content=\"2025-07-08T18:42:00+00:00\" \/>\n<meta property=\"og:image\" content=\"https:\/\/www.em.com.br\/emfoco\/wp-content\/uploads\/2025\/05\/Olhando-a-previsao-do-tempo_1747756216415.jpg\" \/>\n\t<meta property=\"og:image:width\" content=\"1280\" \/>\n\t<meta property=\"og:image:height\" content=\"720\" \/>\n\t<meta property=\"og:image:type\" content=\"image\/jpeg\" \/>\n<meta name=\"author\" content=\"Andre\u0301 Rangel\u00a0\" \/>\n<meta name=\"twitter:card\" content=\"summary_large_image\" \/>\n<meta name=\"twitter:label1\" content=\"Escrito por\" \/>\n\t<meta name=\"twitter:data1\" content=\"Andre\u0301 Rangel\u00a0\" \/>\n\t<meta name=\"twitter:label2\" content=\"Est. tempo de leitura\" \/>\n\t<meta name=\"twitter:data2\" content=\"4 minutos\" \/>\n<!-- \/ Yoast SEO plugin. -->","yoast_head_json":{"title":"O clima vai virar de ponta cabe\u00e7a na regi\u00e3o Sudeste e j\u00e1 tem data marcada - Estado de Minas - Em foco","description":"O clima vai virar no Sudeste e Minas j\u00e1 sente os primeiros efeitos. Veja o que esperar dos pr\u00f3ximos dias e prepare-se para mudan\u00e7as bruscas.","robots":{"index":"index","follow":"follow","max-snippet":"max-snippet:-1","max-image-preview":"max-image-preview:large","max-video-preview":"max-video-preview:-1"},"canonical":"https:\/\/www.em.com.br\/emfoco\/2025\/07\/09\/o-clima-vai-virar-de-ponta-cabeca-na-regiao-sudeste-e-ja-tem-data-marcada\/","og_locale":"pt_BR","og_type":"article","og_title":"O clima vai virar de ponta cabe\u00e7a na regi\u00e3o Sudeste e j\u00e1 tem data marcada - Estado de Minas - Em foco","og_description":"O clima vai virar no Sudeste e Minas j\u00e1 sente os primeiros efeitos. Veja o que esperar dos pr\u00f3ximos dias e prepare-se para mudan\u00e7as bruscas.","og_url":"https:\/\/www.em.com.br\/emfoco\/2025\/07\/09\/o-clima-vai-virar-de-ponta-cabeca-na-regiao-sudeste-e-ja-tem-data-marcada\/","og_site_name":"Estado de Minas - Em foco","article_published_time":"2025-07-09T09:28:00+00:00","article_modified_time":"2025-07-08T18:42:00+00:00","og_image":[{"width":1280,"height":720,"url":"https:\/\/www.em.com.br\/emfoco\/wp-content\/uploads\/2025\/05\/Olhando-a-previsao-do-tempo_1747756216415.jpg","type":"image\/jpeg"}],"author":"Andre\u0301 Rangel\u00a0","twitter_card":"summary_large_image","twitter_misc":{"Escrito por":"Andre\u0301 Rangel\u00a0","Est. tempo de leitura":"4 minutos"},"schema":{"@context":"https:\/\/schema.org","@graph":[{"@type":"WebPage","@id":"https:\/\/www.em.com.br\/emfoco\/2025\/07\/09\/o-clima-vai-virar-de-ponta-cabeca-na-regiao-sudeste-e-ja-tem-data-marcada\/","url":"https:\/\/www.em.com.br\/emfoco\/2025\/07\/09\/o-clima-vai-virar-de-ponta-cabeca-na-regiao-sudeste-e-ja-tem-data-marcada\/","name":"O clima vai virar de ponta cabe\u00e7a na regi\u00e3o Sudeste e j\u00e1 tem data marcada - Estado de Minas - Em foco","isPartOf":{"@id":"https:\/\/www.em.com.br\/emfoco\/#website"},"primaryImageOfPage":{"@id":"https:\/\/www.em.com.br\/emfoco\/2025\/07\/09\/o-clima-vai-virar-de-ponta-cabeca-na-regiao-sudeste-e-ja-tem-data-marcada\/#primaryimage"},"image":{"@id":"https:\/\/www.em.com.br\/emfoco\/2025\/07\/09\/o-clima-vai-virar-de-ponta-cabeca-na-regiao-sudeste-e-ja-tem-data-marcada\/#primaryimage"},"thumbnailUrl":"https:\/\/www.em.com.br\/emfoco\/wp-content\/uploads\/2025\/05\/Olhando-a-previsao-do-tempo_1747756216415.jpg","datePublished":"2025-07-09T09:28:00+00:00","dateModified":"2025-07-08T18:42:00+00:00","author":{"@id":"https:\/\/www.em.com.br\/emfoco\/#\/schema\/person\/60eda09c1fedf0d6891f4cef4b60b8b8"},"description":"O clima vai virar no Sudeste e Minas j\u00e1 sente os primeiros efeitos. Veja o que esperar dos pr\u00f3ximos dias e prepare-se para mudan\u00e7as bruscas.","breadcrumb":{"@id":"https:\/\/www.em.com.br\/emfoco\/2025\/07\/09\/o-clima-vai-virar-de-ponta-cabeca-na-regiao-sudeste-e-ja-tem-data-marcada\/#breadcrumb"},"inLanguage":"pt-BR","potentialAction":[{"@type":"ReadAction","target":["https:\/\/www.em.com.br\/emfoco\/2025\/07\/09\/o-clima-vai-virar-de-ponta-cabeca-na-regiao-sudeste-e-ja-tem-data-marcada\/"]}]},{"@type":"ImageObject","inLanguage":"pt-BR","@id":"https:\/\/www.em.com.br\/emfoco\/2025\/07\/09\/o-clima-vai-virar-de-ponta-cabeca-na-regiao-sudeste-e-ja-tem-data-marcada\/#primaryimage","url":"https:\/\/www.em.com.br\/emfoco\/wp-content\/uploads\/2025\/05\/Olhando-a-previsao-do-tempo_1747756216415.jpg","contentUrl":"https:\/\/www.em.com.br\/emfoco\/wp-content\/uploads\/2025\/05\/Olhando-a-previsao-do-tempo_1747756216415.jpg","width":1280,"height":720,"caption":"Olhando a previs\u00e3o do tempo - Cr\u00e9ditos: depositphotos.com \/ carballo"},{"@type":"BreadcrumbList","@id":"https:\/\/www.em.com.br\/emfoco\/2025\/07\/09\/o-clima-vai-virar-de-ponta-cabeca-na-regiao-sudeste-e-ja-tem-data-marcada\/#breadcrumb","itemListElement":[{"@type":"ListItem","position":1,"name":"In\u00edcio","item":"https:\/\/www.em.com.br\/emfoco\/"},{"@type":"ListItem","position":2,"name":"O clima vai virar de ponta cabe\u00e7a na regi\u00e3o Sudeste e j\u00e1 tem data marcada"}]},{"@type":"WebSite","@id":"https:\/\/www.em.com.br\/emfoco\/#website","url":"https:\/\/www.em.com.br\/emfoco\/","name":"Estado de Minas - Em foco","description":"Acompanhe as \u00faltimas not\u00edcias e fique bem informado sobre tudo o que acontece em Minas Gerais, Brasil e no mundo.","potentialAction":[{"@type":"SearchAction","target":{"@type":"EntryPoint","urlTemplate":"https:\/\/www.em.com.br\/emfoco\/?s={search_term_string}"},"query-input":{"@type":"PropertyValueSpecification","valueRequired":true,"valueName":"search_term_string"}}],"inLanguage":"pt-BR"},{"@type":"Person","@id":"https:\/\/www.em.com.br\/emfoco\/#\/schema\/person\/60eda09c1fedf0d6891f4cef4b60b8b8","name":"Andre\u0301 Rangel\u00a0","image":{"@type":"ImageObject","inLanguage":"pt-BR","@id":"https:\/\/www.em.com.br\/emfoco\/#\/schema\/person\/image\/","url":"https:\/\/secure.gravatar.com\/avatar\/6234dc814c77c8ef6d8bba622c787efc?s=96&d=mm&r=g","contentUrl":"https:\/\/secure.gravatar.com\/avatar\/6234dc814c77c8ef6d8bba622c787efc?s=96&d=mm&r=g","caption":"Andre\u0301 Rangel\u00a0"},"url":"https:\/\/www.em.com.br\/emfoco\/author\/luizmyth\/"}]}},"_links":{"self":[{"href":"https:\/\/www.em.com.br\/emfoco\/wp-json\/wp\/v2\/posts\/72744","targetHints":{"allow":["GET"]}}],"collection":[{"href":"https:\/\/www.em.com.br\/emfoco\/wp-json\/wp\/v2\/posts"}],"about":[{"href":"https:\/\/www.em.com.br\/emfoco\/wp-json\/wp\/v2\/types\/post"}],"author":[{"embeddable":true,"href":"https:\/\/www.em.com.br\/emfoco\/wp-json\/wp\/v2\/users\/11"}],"replies":[{"embeddable":true,"href":"https:\/\/www.em.com.br\/emfoco\/wp-json\/wp\/v2\/comments?post=72744"}],"version-history":[{"count":5,"href":"https:\/\/www.em.com.br\/emfoco\/wp-json\/wp\/v2\/posts\/72744\/revisions"}],"predecessor-version":[{"id":72926,"href":"https:\/\/www.em.com.br\/emfoco\/wp-json\/wp\/v2\/posts\/72744\/revisions\/72926"}],"wp:featuredmedia":[{"embeddable":true,"href":"https:\/\/www.em.com.br\/emfoco\/wp-json\/wp\/v2\/media\/48927"}],"wp:attachment":[{"href":"https:\/\/www.em.com.br\/emfoco\/wp-json\/wp\/v2\/media?parent=72744"}],"wp:term":[{"taxonomy":"category","embeddable":true,"href":"https:\/\/www.em.com.br\/emfoco\/wp-json\/wp\/v2\/categories?post=72744"},{"taxonomy":"post_tag","embeddable":true,"href":"https:\/\/www.em.com.br\/emfoco\/wp-json\/wp\/v2\/tags?post=72744"}],"curies":[{"name":"wp","href":"https:\/\/api.w.org\/{rel}","templated":true}]}}