{"id":72657,"date":"2025-07-09T06:18:00","date_gmt":"2025-07-09T09:18:00","guid":{"rendered":"https:\/\/www.em.com.br\/emfoco\/?p=72657"},"modified":"2025-07-08T17:32:05","modified_gmt":"2025-07-08T20:32:05","slug":"nova-regra-da-aposentadoria-por-idade-deixa-muita-gente-surpresa","status":"publish","type":"post","link":"https:\/\/www.em.com.br\/emfoco\/2025\/07\/09\/nova-regra-da-aposentadoria-por-idade-deixa-muita-gente-surpresa\/","title":{"rendered":"Nova regra da aposentadoria por idade deixa muita gente surpresa!"},"content":{"rendered":"\n<p>A aposentadoria por idade \u00e9 uma tem\u00e1tica frequentemente abordada, especialmente considerando a constante evolu\u00e7\u00e3o das legisla\u00e7\u00f5es previdenci\u00e1rias e as especificidades para homens e mulheres. Entender essas nuances \u00e9 essencial para aqueles que planejam o futuro financeiro de maneira eficiente. <\/p>\n\n\n\n<h2 class=\"wp-block-heading\">O que \u00e9 a aposentadoria por idade no Brasil?<\/h2>\n\n\n\n<p>A aposentadoria por idade \u00e9 um dos benef\u00edcios concedidos pela <strong><a href=\"https:\/\/www.gov.br\/previdencia\/pt-br\" target=\"_blank\" rel=\"noreferrer noopener\">Previd\u00eancia Social no Brasil<\/a><\/strong>. Ela destina-se a trabalhadores que atingem uma certa idade m\u00ednima, al\u00e9m de cumprir um per\u00edodo de contribui\u00e7\u00e3o determinado. A principal caracter\u00edstica desse tipo de aposentadoria \u00e9 que prioriza o crit\u00e9rio et\u00e1rio como concess\u00e3o do benef\u00edcio, em oposi\u00e7\u00e3o \u00e0 aposentadoria por tempo de contribui\u00e7\u00e3o.<\/p>\n\n\n\n<p>Esse tipo de aposentadoria busca garantir um amparo financeiro durante a inatividade laboral. A legisla\u00e7\u00e3o brasileira, altamente complexa, sofre altera\u00e7\u00f5es frequentes, principalmente ap\u00f3s reformas na <strong>Previd\u00eancia<\/strong>. Por isso, manter-se informado sobre as mudan\u00e7as \u00e9 fundamental para quem busca garantir esse direito.<\/p>\n\n\n\n<ul class=\"wp-block-list\">\n<li><strong>Vantagens<\/strong>: Facilidade no planejamento da aposentadoria;<\/li>\n\n\n\n<li><strong>Desvantagens<\/strong>: Depend\u00eancia das mudan\u00e7as na legisla\u00e7\u00e3o, que podem impactar requisitos e valores.<\/li>\n<\/ul>\n\n\n<div class=\"wp-block-image\">\n<figure class=\"aligncenter size-large\"><img loading=\"lazy\" decoding=\"async\" width=\"1024\" height=\"576\" src=\"https:\/\/www.em.com.br\/emfoco\/wp-content\/uploads\/2025\/06\/aposentado-dinheiro-reais_1743473135543-1024x576.jpg\" alt=\"O que muda na aposentadoria por idade este ano\" class=\"wp-image-54988\" srcset=\"https:\/\/www.em.com.br\/emfoco\/wp-content\/uploads\/2025\/06\/aposentado-dinheiro-reais_1743473135543-1024x576.jpg 1024w, https:\/\/www.em.com.br\/emfoco\/wp-content\/uploads\/2025\/06\/aposentado-dinheiro-reais_1743473135543-300x169.jpg 300w, https:\/\/www.em.com.br\/emfoco\/wp-content\/uploads\/2025\/06\/aposentado-dinheiro-reais_1743473135543-768x432.jpg 768w, https:\/\/www.em.com.br\/emfoco\/wp-content\/uploads\/2025\/06\/aposentado-dinheiro-reais_1743473135543-750x422.jpg 750w, https:\/\/www.em.com.br\/emfoco\/wp-content\/uploads\/2025\/06\/aposentado-dinheiro-reais_1743473135543-1140x641.jpg 1140w, https:\/\/www.em.com.br\/emfoco\/wp-content\/uploads\/2025\/06\/aposentado-dinheiro-reais_1743473135543.jpg 1280w\" sizes=\"auto, (max-width: 1024px) 100vw, 1024px\" \/><figcaption class=\"wp-element-caption\">Idosa colocando dinheiro na bolsa &#8211; Cr\u00e9ditos: depositphotos.com \/ rochu_2008<\/figcaption><\/figure><\/div>\n\n\n<h2 class=\"wp-block-heading\">Quais s\u00e3o as regras para a aposentadoria por idade para homens?<\/h2>\n\n\n\n<p>Para os homens que desejam solicitar a aposentadoria por idade, a regra b\u00e1sica exige que o indiv\u00edduo tenha pelo menos 65 anos de idade. Al\u00e9m disso, \u00e9 necess\u00e1rio ter contribu\u00eddo com a <strong>Previd\u00eancia Social<\/strong> por um per\u00edodo m\u00ednimo de 15 anos, chamado de car\u00eancia.<\/p>\n\n\n\n<ul class=\"wp-block-list\">\n<li><strong>Idade m\u00ednima:<\/strong> 65 anos;<\/li>\n\n\n\n<li><strong>Tempo m\u00ednimo de contribui\u00e7\u00e3o:<\/strong> 15 anos (car\u00eancia);<\/li>\n\n\n\n<li><strong>Dica:<\/strong> Consulte o <strong>CNIS <\/strong>(<a href=\"https:\/\/www.em.com.br\/emfoco\/2025\/06\/29\/nova-portaria-do-cnis-promete-facilitar-beneficios-para-trabalhadores\/\" target=\"_blank\" rel=\"noreferrer noopener\">Cadastro Nacional de Informa\u00e7\u00f5es Sociais<\/a>) periodicamente para garantir que todas as contribui\u00e7\u00f5es est\u00e3o registradas corretamente.<\/li>\n<\/ul>\n\n\n\n<p>Com as reformas da previd\u00eancia, especialmente a mais recente (<strong>Reforma de 2019<\/strong>), pode haver ajustes nesses crit\u00e9rios. Ficar atento a cada altera\u00e7\u00e3o legal \u00e9 crucial para n\u00e3o ser surpreendido na hora de solicitar o benef\u00edcio.<\/p>\n\n\n\n<h2 class=\"wp-block-heading\">Quais s\u00e3o as regras para a aposentadoria por idade para mulheres?<\/h2>\n\n\n\n<p>Para as mulheres, as regras consideram aspectos sociais e hist\u00f3ricos. A idade m\u00ednima para a aposentadoria por idade \u00e9 de 62 anos, com car\u00eancia de 15 anos de contribui\u00e7\u00e3o.<\/p>\n\n\n\n<ul class=\"wp-block-list\">\n<li><strong>Idade m\u00ednima:<\/strong> 62 anos (ap\u00f3s a Reforma da Previd\u00eancia);<\/li>\n\n\n\n<li><strong>Tempo m\u00ednimo de contribui\u00e7\u00e3o:<\/strong> 15 anos;<\/li>\n\n\n\n<li><strong>Aten\u00e7\u00e3o:<\/strong> Mulheres podem ter direito a regras de transi\u00e7\u00e3o, dependendo do tempo de contribui\u00e7\u00e3o e da data de entrada no sistema.<\/li>\n<\/ul>\n\n\n\n<p>Al\u00e9m disso, a cada reforma previdenci\u00e1ria, pode ocorrer o aumento gradual da idade m\u00ednima. Por isso, acompanhar as legisla\u00e7\u00f5es atuais e futuras \u00e9 indispens\u00e1vel para um bom planejamento.<\/p>\n\n\n\n<h2 class=\"wp-block-heading\">Como as reformas previdenci\u00e1rias afetam a aposentadoria por idade?<\/h2>\n\n\n\n<p>As reformas previdenci\u00e1rias t\u00eam o objetivo de garantir a sustentabilidade do sistema e costumam alterar requisitos para a aposentadoria. As principais mudan\u00e7as que voc\u00ea pode encontrar s\u00e3o:<\/p>\n\n\n\n<ul class=\"wp-block-list\">\n<li>Ajuste na idade m\u00ednima;<\/li>\n\n\n\n<li>Aumento do tempo de contribui\u00e7\u00e3o obrigat\u00f3rio;<\/li>\n\n\n\n<li>Novas regras de transi\u00e7\u00e3o para quem j\u00e1 estava no mercado;<\/li>\n\n\n\n<li>Altera\u00e7\u00e3o nos c\u00e1lculos do valor do benef\u00edcio.<\/li>\n<\/ul>\n\n\n\n<p>Essas altera\u00e7\u00f5es impactam especialmente quem est\u00e1 pr\u00f3ximo de se aposentar. Sempre busque informa\u00e7\u00f5es confi\u00e1veis, consulte profissionais especializados e utilize simuladores oficiais dispon\u00edveis no site do <strong>INSS <\/strong>para calcular sua situa\u00e7\u00e3o individual.<\/p>\n\n\n\n<h2 class=\"wp-block-heading\">Qual a import\u00e2ncia do planejamento financeiro para a aposentadoria?<\/h2>\n\n\n\n<p>O planejamento financeiro \u00e9 fundamental para uma vida tranquila na aposentadoria. Passos importantes incluem:<\/p>\n\n\n\n<ul class=\"wp-block-list\">\n<li>Estimar as despesas mensais e futuros gastos m\u00e9dicos;<\/li>\n\n\n\n<li>Adotar reservas financeiras al\u00e9m da previd\u00eancia p\u00fablica, como previd\u00eancia privada ou outros investimentos;<\/li>\n\n\n\n<li>Revisar frequentemente o plano financeiro \u00e0 luz de mudan\u00e7as legais e acontecimentos pessoais;<\/li>\n\n\n\n<li>Buscar orienta\u00e7\u00e3o de especialistas em previd\u00eancia e finan\u00e7as.<\/li>\n<\/ul>\n\n\n\n<p>Comece a planejar o quanto antes! Com o aumento da expectativa de vida e potenciais mudan\u00e7as na legisla\u00e7\u00e3o, um bom planejamento traz seguran\u00e7a e tranquilidade ao final da vida laboral.<\/p>\n","protected":false},"excerpt":{"rendered":"<p>A aposentadoria por idade \u00e9 uma tem\u00e1tica frequentemente abordada, especialmente considerando a constante evolu\u00e7\u00e3o das legisla\u00e7\u00f5es previdenci\u00e1rias e as especificidades para homens e mulheres. Entender essas nuances \u00e9 essencial para aqueles que planejam o futuro financeiro de maneira eficiente. O que \u00e9 a aposentadoria por idade no Brasil? A aposentadoria por idade \u00e9 um dos [&hellip;]<\/p>\n","protected":false},"author":20,"featured_media":54993,"comment_status":"open","ping_status":"open","sticky":false,"template":"","format":"standard","meta":{"jnews-multi-image_gallery":[],"jnews_single_post":{"format":"standard"},"jnews_primary_category":[],"jnews_social_meta":[],"jnews_override_counter":[],"footnotes":""},"categories":[28,1],"tags":[11642,174,1010],"class_list":["post-72657","post","type-post","status-publish","format-standard","has-post-thumbnail","hentry","category-economia","category-noticias","tag-aposentadoria-por-idade","tag-inss","tag-previdencia"],"yoast_head":"<!-- This site is optimized with the Yoast SEO plugin v23.8 - https:\/\/yoast.com\/wordpress\/plugins\/seo\/ -->\n<title>Nova regra da aposentadoria por idade deixa muita gente surpresa! - Estado de Minas - Em foco<\/title>\n<meta name=\"description\" content=\"Aposentadoria por idade garante amparo a quem atinge a idade m\u00ednima. Veja regras e evite surpresas ao planejar seu futuro.\" \/>\n<meta name=\"robots\" content=\"index, follow, max-snippet:-1, max-image-preview:large, max-video-preview:-1\" \/>\n<link rel=\"canonical\" href=\"https:\/\/www.em.com.br\/emfoco\/2025\/07\/09\/nova-regra-da-aposentadoria-por-idade-deixa-muita-gente-surpresa\/\" \/>\n<meta property=\"og:locale\" content=\"pt_BR\" \/>\n<meta property=\"og:type\" content=\"article\" \/>\n<meta property=\"og:title\" content=\"Nova regra da aposentadoria por idade deixa muita gente surpresa! - Estado de Minas - Em foco\" \/>\n<meta property=\"og:description\" content=\"Aposentadoria por idade garante amparo a quem atinge a idade m\u00ednima. Veja regras e evite surpresas ao planejar seu futuro.\" \/>\n<meta property=\"og:url\" content=\"https:\/\/www.em.com.br\/emfoco\/2025\/07\/09\/nova-regra-da-aposentadoria-por-idade-deixa-muita-gente-surpresa\/\" \/>\n<meta property=\"og:site_name\" content=\"Estado de Minas - Em foco\" \/>\n<meta property=\"article:published_time\" content=\"2025-07-09T09:18:00+00:00\" \/>\n<meta property=\"article:modified_time\" content=\"2025-07-08T20:32:05+00:00\" \/>\n<meta property=\"og:image\" content=\"https:\/\/www.em.com.br\/emfoco\/wp-content\/uploads\/2025\/06\/idoso-computador_1744372840329.jpg\" \/>\n\t<meta property=\"og:image:width\" content=\"1280\" \/>\n\t<meta property=\"og:image:height\" content=\"720\" \/>\n\t<meta property=\"og:image:type\" content=\"image\/jpeg\" \/>\n<meta name=\"author\" content=\"Ingrid Diniz\" \/>\n<meta name=\"twitter:card\" content=\"summary_large_image\" \/>\n<meta name=\"twitter:label1\" content=\"Escrito por\" \/>\n\t<meta name=\"twitter:data1\" content=\"Ingrid Diniz\" \/>\n\t<meta name=\"twitter:label2\" content=\"Est. tempo de leitura\" \/>\n\t<meta name=\"twitter:data2\" content=\"4 minutos\" \/>\n<!-- \/ Yoast SEO plugin. -->","yoast_head_json":{"title":"Nova regra da aposentadoria por idade deixa muita gente surpresa! - Estado de Minas - Em foco","description":"Aposentadoria por idade garante amparo a quem atinge a idade m\u00ednima. Veja regras e evite surpresas ao planejar seu futuro.","robots":{"index":"index","follow":"follow","max-snippet":"max-snippet:-1","max-image-preview":"max-image-preview:large","max-video-preview":"max-video-preview:-1"},"canonical":"https:\/\/www.em.com.br\/emfoco\/2025\/07\/09\/nova-regra-da-aposentadoria-por-idade-deixa-muita-gente-surpresa\/","og_locale":"pt_BR","og_type":"article","og_title":"Nova regra da aposentadoria por idade deixa muita gente surpresa! - Estado de Minas - Em foco","og_description":"Aposentadoria por idade garante amparo a quem atinge a idade m\u00ednima. Veja regras e evite surpresas ao planejar seu futuro.","og_url":"https:\/\/www.em.com.br\/emfoco\/2025\/07\/09\/nova-regra-da-aposentadoria-por-idade-deixa-muita-gente-surpresa\/","og_site_name":"Estado de Minas - Em foco","article_published_time":"2025-07-09T09:18:00+00:00","article_modified_time":"2025-07-08T20:32:05+00:00","og_image":[{"width":1280,"height":720,"url":"https:\/\/www.em.com.br\/emfoco\/wp-content\/uploads\/2025\/06\/idoso-computador_1744372840329.jpg","type":"image\/jpeg"}],"author":"Ingrid Diniz","twitter_card":"summary_large_image","twitter_misc":{"Escrito por":"Ingrid Diniz","Est. tempo de leitura":"4 minutos"},"schema":{"@context":"https:\/\/schema.org","@graph":[{"@type":"WebPage","@id":"https:\/\/www.em.com.br\/emfoco\/2025\/07\/09\/nova-regra-da-aposentadoria-por-idade-deixa-muita-gente-surpresa\/","url":"https:\/\/www.em.com.br\/emfoco\/2025\/07\/09\/nova-regra-da-aposentadoria-por-idade-deixa-muita-gente-surpresa\/","name":"Nova regra da aposentadoria por idade deixa muita gente surpresa! - Estado de Minas - Em foco","isPartOf":{"@id":"https:\/\/www.em.com.br\/emfoco\/#website"},"primaryImageOfPage":{"@id":"https:\/\/www.em.com.br\/emfoco\/2025\/07\/09\/nova-regra-da-aposentadoria-por-idade-deixa-muita-gente-surpresa\/#primaryimage"},"image":{"@id":"https:\/\/www.em.com.br\/emfoco\/2025\/07\/09\/nova-regra-da-aposentadoria-por-idade-deixa-muita-gente-surpresa\/#primaryimage"},"thumbnailUrl":"https:\/\/www.em.com.br\/emfoco\/wp-content\/uploads\/2025\/06\/idoso-computador_1744372840329.jpg","datePublished":"2025-07-09T09:18:00+00:00","dateModified":"2025-07-08T20:32:05+00:00","author":{"@id":"https:\/\/www.em.com.br\/emfoco\/#\/schema\/person\/649e610b4eb8fff87ff394e54fe17b2b"},"description":"Aposentadoria por idade garante amparo a quem atinge a idade m\u00ednima. Veja regras e evite surpresas ao planejar seu futuro.","breadcrumb":{"@id":"https:\/\/www.em.com.br\/emfoco\/2025\/07\/09\/nova-regra-da-aposentadoria-por-idade-deixa-muita-gente-surpresa\/#breadcrumb"},"inLanguage":"pt-BR","potentialAction":[{"@type":"ReadAction","target":["https:\/\/www.em.com.br\/emfoco\/2025\/07\/09\/nova-regra-da-aposentadoria-por-idade-deixa-muita-gente-surpresa\/"]}]},{"@type":"ImageObject","inLanguage":"pt-BR","@id":"https:\/\/www.em.com.br\/emfoco\/2025\/07\/09\/nova-regra-da-aposentadoria-por-idade-deixa-muita-gente-surpresa\/#primaryimage","url":"https:\/\/www.em.com.br\/emfoco\/wp-content\/uploads\/2025\/06\/idoso-computador_1744372840329.jpg","contentUrl":"https:\/\/www.em.com.br\/emfoco\/wp-content\/uploads\/2025\/06\/idoso-computador_1744372840329.jpg","width":1280,"height":720,"caption":"Benef\u00edcios do Estatuto 2025 para quem tem 60+ - Cr\u00e9ditos: depositphotos.com \/ HayDmitriy"},{"@type":"BreadcrumbList","@id":"https:\/\/www.em.com.br\/emfoco\/2025\/07\/09\/nova-regra-da-aposentadoria-por-idade-deixa-muita-gente-surpresa\/#breadcrumb","itemListElement":[{"@type":"ListItem","position":1,"name":"In\u00edcio","item":"https:\/\/www.em.com.br\/emfoco\/"},{"@type":"ListItem","position":2,"name":"Nova regra da aposentadoria por idade deixa muita gente surpresa!"}]},{"@type":"WebSite","@id":"https:\/\/www.em.com.br\/emfoco\/#website","url":"https:\/\/www.em.com.br\/emfoco\/","name":"Estado de Minas - Em foco","description":"Acompanhe as \u00faltimas not\u00edcias e fique bem informado sobre tudo o que acontece em Minas Gerais, Brasil e no mundo.","potentialAction":[{"@type":"SearchAction","target":{"@type":"EntryPoint","urlTemplate":"https:\/\/www.em.com.br\/emfoco\/?s={search_term_string}"},"query-input":{"@type":"PropertyValueSpecification","valueRequired":true,"valueName":"search_term_string"}}],"inLanguage":"pt-BR"},{"@type":"Person","@id":"https:\/\/www.em.com.br\/emfoco\/#\/schema\/person\/649e610b4eb8fff87ff394e54fe17b2b","name":"Ingrid Diniz","image":{"@type":"ImageObject","inLanguage":"pt-BR","@id":"https:\/\/www.em.com.br\/emfoco\/#\/schema\/person\/image\/","url":"https:\/\/secure.gravatar.com\/avatar\/a3baa1449ec5c39b4c42babc9d4f3951?s=96&d=mm&r=g","contentUrl":"https:\/\/secure.gravatar.com\/avatar\/a3baa1449ec5c39b4c42babc9d4f3951?s=96&d=mm&r=g","caption":"Ingrid Diniz"},"sameAs":["https:\/\/www.em.com.br\/"],"url":"https:\/\/www.em.com.br\/emfoco\/author\/ingridmyth\/"}]}},"_links":{"self":[{"href":"https:\/\/www.em.com.br\/emfoco\/wp-json\/wp\/v2\/posts\/72657","targetHints":{"allow":["GET"]}}],"collection":[{"href":"https:\/\/www.em.com.br\/emfoco\/wp-json\/wp\/v2\/posts"}],"about":[{"href":"https:\/\/www.em.com.br\/emfoco\/wp-json\/wp\/v2\/types\/post"}],"author":[{"embeddable":true,"href":"https:\/\/www.em.com.br\/emfoco\/wp-json\/wp\/v2\/users\/20"}],"replies":[{"embeddable":true,"href":"https:\/\/www.em.com.br\/emfoco\/wp-json\/wp\/v2\/comments?post=72657"}],"version-history":[{"count":2,"href":"https:\/\/www.em.com.br\/emfoco\/wp-json\/wp\/v2\/posts\/72657\/revisions"}],"predecessor-version":[{"id":73004,"href":"https:\/\/www.em.com.br\/emfoco\/wp-json\/wp\/v2\/posts\/72657\/revisions\/73004"}],"wp:featuredmedia":[{"embeddable":true,"href":"https:\/\/www.em.com.br\/emfoco\/wp-json\/wp\/v2\/media\/54993"}],"wp:attachment":[{"href":"https:\/\/www.em.com.br\/emfoco\/wp-json\/wp\/v2\/media?parent=72657"}],"wp:term":[{"taxonomy":"category","embeddable":true,"href":"https:\/\/www.em.com.br\/emfoco\/wp-json\/wp\/v2\/categories?post=72657"},{"taxonomy":"post_tag","embeddable":true,"href":"https:\/\/www.em.com.br\/emfoco\/wp-json\/wp\/v2\/tags?post=72657"}],"curies":[{"name":"wp","href":"https:\/\/api.w.org\/{rel}","templated":true}]}}