{"id":72648,"date":"2025-07-08T22:38:00","date_gmt":"2025-07-09T01:38:00","guid":{"rendered":"https:\/\/www.em.com.br\/emfoco\/?p=72648"},"modified":"2025-07-07T23:45:23","modified_gmt":"2025-07-08T02:45:23","slug":"bpc-comeca-a-ser-pago-dia-25-com-novo-calendario-confirmado-pelo-inss","status":"publish","type":"post","link":"https:\/\/www.em.com.br\/emfoco\/2025\/07\/08\/bpc-comeca-a-ser-pago-dia-25-com-novo-calendario-confirmado-pelo-inss\/","title":{"rendered":"BPC come\u00e7a a ser pago dia 25 com novo calend\u00e1rio confirmado pelo INSS"},"content":{"rendered":"\n<p>O <strong>Benef\u00edcio de Presta\u00e7\u00e3o Continuada<\/strong> (<a href=\"https:\/\/www.em.com.br\/emfoco\/2025\/07\/05\/o-que-poucos-sabem-sobre-aposentadoria-e-bpc-para-autistas\/\" target=\"_blank\" rel=\"noreferrer noopener\">BPC<\/a>) \u00e9 uma assist\u00eancia financeira oferecida pelo governo brasileiro a indiv\u00edduos idosos e pessoas com defici\u00eancia (PcDs). Diferente de uma aposentadoria, este aux\u00edlio tem car\u00e1ter exclusivamente assistencial e destina-se a cidad\u00e3os com 65 anos ou mais e PcDs de qualquer idade. Para ter direito, \u00e9 necess\u00e1rio atender ao crit\u00e9rio de renda familiar per capita n\u00e3o superior a um quarto do sal\u00e1rio m\u00ednimo. Mantendo os dados do <strong>Cadastro \u00danico para Programas Sociais do Governo Federal<\/strong> (<a href=\"https:\/\/www.gov.br\/pt-br\/servicos\/consultar-dados-do-cadastro-unico-cadunico\" target=\"_blank\" rel=\"noreferrer noopener\">Cad\u00danico<\/a>) atualizados a cada 24 meses, os solicitantes podem fazer seu pedido atrav\u00e9s do site ou aplicativo <strong>Meu INSS<\/strong>.<\/p>\n\n\n\n<p>Para enviar a solicita\u00e7\u00e3o, \u00e9 preciso acessar o portal com os dados do <strong>CPF <\/strong>e senha associados ao <strong>GOV.BR<\/strong>. Ao acessar a busca, os interessados devem selecionar entre as op\u00e7\u00f5es de &#8220;<strong>Benef\u00edcio de Assist\u00eancia para Pessoa com Defici\u00eancia<\/strong>&#8221; ou &#8220;<strong>Benef\u00edcio de Assist\u00eancia para Pessoa Idosa<\/strong>&#8220;. Ap\u00f3s preencher todas as informa\u00e7\u00f5es necess\u00e1rias e submeter o pedido, o <strong>Instituto Nacional do Seguro Social<\/strong> (<a href=\"https:\/\/meu.inss.gov.br\/\" target=\"_blank\" rel=\"noreferrer noopener\">INSS<\/a>) dar\u00e1 in\u00edcio \u00e0 an\u00e1lise administrativa e, para o caso de <strong>PcDs<\/strong>, tamb\u00e9m a uma avalia\u00e7\u00e3o m\u00e9dica.<\/p>\n\n\n\n<h2 class=\"wp-block-heading\">Qual \u00e9 o calend\u00e1rio de pagamento do BPC?<\/h2>\n\n\n<div class=\"wp-block-image\">\n<figure class=\"aligncenter size-large\"><img loading=\"lazy\" decoding=\"async\" width=\"1024\" height=\"576\" src=\"https:\/\/www.em.com.br\/emfoco\/wp-content\/uploads\/2025\/06\/dinheiro-re_1748976514366-1024x576.jpg\" alt=\"Calend\u00e1rio do INSS 2025 j\u00e1 est\u00e1 dispon\u00edvel e pagamentos come\u00e7am este m\u00eas\" class=\"wp-image-55001\" srcset=\"https:\/\/www.em.com.br\/emfoco\/wp-content\/uploads\/2025\/06\/dinheiro-re_1748976514366-1024x576.jpg 1024w, https:\/\/www.em.com.br\/emfoco\/wp-content\/uploads\/2025\/06\/dinheiro-re_1748976514366-300x169.jpg 300w, https:\/\/www.em.com.br\/emfoco\/wp-content\/uploads\/2025\/06\/dinheiro-re_1748976514366-768x432.jpg 768w, https:\/\/www.em.com.br\/emfoco\/wp-content\/uploads\/2025\/06\/dinheiro-re_1748976514366-750x422.jpg 750w, https:\/\/www.em.com.br\/emfoco\/wp-content\/uploads\/2025\/06\/dinheiro-re_1748976514366-1140x641.jpg 1140w, https:\/\/www.em.com.br\/emfoco\/wp-content\/uploads\/2025\/06\/dinheiro-re_1748976514366.jpg 1280w\" sizes=\"auto, (max-width: 1024px) 100vw, 1024px\" \/><figcaption class=\"wp-element-caption\">Calend\u00e1rio de pagamento &#8211; Cr\u00e9ditos: depositphotos.com \/ vectorlab<\/figcaption><\/figure><\/div>\n\n\n<p>O cronograma de pagamentos do <strong>BPC <\/strong>\u00e9 estabelecido pelo <strong>INSS<\/strong>, com os dep\u00f3sitos de julho programados para iniciar em 25\/7 e finalizarem em 7\/8. Os pagamentos seguem a ordem do pen\u00faltimo d\u00edgito do <strong>N\u00famero de Benef\u00edcio<\/strong> (NB), indo do 1 ao 0 de forma crescente. Assim se garante um fluxo organizado e previs\u00edvel para os benefici\u00e1rios, alinhado com as datas definidas para outros segurados que recebem o valor do sal\u00e1rio m\u00ednimo.<\/p>\n\n\n\n<ul class=\"wp-block-list\">\n<li>Pen\u00faltimo d\u00edgito 1: 25 de julho<\/li>\n\n\n\n<li>Pen\u00faltimo d\u00edgito 2: 28 de julho<\/li>\n\n\n\n<li>Pen\u00faltimo d\u00edgito 3: 29 de julho<\/li>\n\n\n\n<li>Pen\u00faltimo d\u00edgito 4: 30 de julho<\/li>\n\n\n\n<li>Pen\u00faltimo d\u00edgito 5: 31 de julho<\/li>\n\n\n\n<li>Pen\u00faltimo d\u00edgito 6: 1 de agosto<\/li>\n\n\n\n<li>Pen\u00faltimo d\u00edgito 7: 4 de agosto<\/li>\n\n\n\n<li>Pen\u00faltimo d\u00edgito 8: 5 de agosto<\/li>\n\n\n\n<li>Pen\u00faltimo d\u00edgito 9: 6 de agosto<\/li>\n\n\n\n<li>Pen\u00faltimo d\u00edgito 0: 7 de agosto<\/li>\n<\/ul>\n\n\n\n<h2 class=\"wp-block-heading\">Qual \u00e9 o valor do BPC?<\/h2>\n\n\n\n<p>O valor do <strong>BPC <\/strong>n\u00e3o sofreu reajuste recente e permanece em R$ 1.518,00, correspondente ao sal\u00e1rio m\u00ednimo nacional vigente. Este padr\u00e3o permanecer\u00e1 at\u00e9 que haja nova atualiza\u00e7\u00e3o do piso salarial. Portanto, os benefici\u00e1rios podem esperar receber esse montante para o m\u00eas de julho.<\/p>\n\n\n\n<h2 class=\"wp-block-heading\">Como obter mais informa\u00e7\u00f5es?<\/h2>\n\n\n\n<p>Para d\u00favidas adicionais relacionadas ao <strong>BPC<\/strong>, os benefici\u00e1rios podem contatar o <strong>Disque Social do MDS<\/strong> pelo n\u00famero 121. Al\u00e9m disso, a <strong>Central de Atendimento<\/strong> do <strong>INSS <\/strong>est\u00e1 dispon\u00edvel no telefone 135, operando 24 horas por dia para servi\u00e7os autom\u00e1ticos e oferecendo atendimento humano de segunda a s\u00e1bado, das 7h \u00e0s 22h. Essa disponibilidade cont\u00ednua garante que os benefici\u00e1rios possam receber suporte quando necess\u00e1rio.<\/p>\n","protected":false},"excerpt":{"rendered":"<p>O Benef\u00edcio de Presta\u00e7\u00e3o Continuada (BPC) \u00e9 uma assist\u00eancia financeira oferecida pelo governo brasileiro a indiv\u00edduos idosos e pessoas com defici\u00eancia (PcDs). Diferente de uma aposentadoria, este aux\u00edlio tem car\u00e1ter exclusivamente assistencial e destina-se a cidad\u00e3os com 65 anos ou mais e PcDs de qualquer idade. Para ter direito, \u00e9 necess\u00e1rio atender ao crit\u00e9rio de [&hellip;]<\/p>\n","protected":false},"author":20,"featured_media":54989,"comment_status":"open","ping_status":"open","sticky":false,"template":"","format":"standard","meta":{"jnews-multi-image_gallery":[],"jnews_single_post":{"format":"standard"},"jnews_primary_category":[],"jnews_social_meta":[],"jnews_override_counter":[],"footnotes":""},"categories":[28,1],"tags":[257,614,8577],"class_list":["post-72648","post","type-post","status-publish","format-standard","has-post-thumbnail","hentry","category-economia","category-noticias","tag-bpc","tag-cadunico","tag-meu-inss"],"yoast_head":"<!-- This site is optimized with the Yoast SEO plugin v23.8 - https:\/\/yoast.com\/wordpress\/plugins\/seo\/ -->\n<title>BPC come\u00e7a a ser pago dia 25 com novo calend\u00e1rio confirmado pelo INSS - Estado de Minas - Em foco<\/title>\n<meta name=\"description\" content=\"Pagamentos do BPC em julho come\u00e7am no dia 25 e seguem o pen\u00faltimo d\u00edgito do NB. Veja como fica o calend\u00e1rio oficial do INSS.\" \/>\n<meta name=\"robots\" content=\"index, follow, max-snippet:-1, max-image-preview:large, max-video-preview:-1\" \/>\n<link rel=\"canonical\" href=\"https:\/\/www.em.com.br\/emfoco\/2025\/07\/08\/bpc-comeca-a-ser-pago-dia-25-com-novo-calendario-confirmado-pelo-inss\/\" \/>\n<meta property=\"og:locale\" content=\"pt_BR\" \/>\n<meta property=\"og:type\" content=\"article\" \/>\n<meta property=\"og:title\" content=\"BPC come\u00e7a a ser pago dia 25 com novo calend\u00e1rio confirmado pelo INSS - Estado de Minas - Em foco\" \/>\n<meta property=\"og:description\" content=\"Pagamentos do BPC em julho come\u00e7am no dia 25 e seguem o pen\u00faltimo d\u00edgito do NB. Veja como fica o calend\u00e1rio oficial do INSS.\" \/>\n<meta property=\"og:url\" content=\"https:\/\/www.em.com.br\/emfoco\/2025\/07\/08\/bpc-comeca-a-ser-pago-dia-25-com-novo-calendario-confirmado-pelo-inss\/\" \/>\n<meta property=\"og:site_name\" content=\"Estado de Minas - Em foco\" \/>\n<meta property=\"article:published_time\" content=\"2025-07-09T01:38:00+00:00\" \/>\n<meta property=\"article:modified_time\" content=\"2025-07-08T02:45:23+00:00\" \/>\n<meta property=\"og:image\" content=\"https:\/\/www.em.com.br\/emfoco\/wp-content\/uploads\/2025\/06\/aposentado-dinheiro-reais_1743473149469.jpg\" \/>\n\t<meta property=\"og:image:width\" content=\"1280\" \/>\n\t<meta property=\"og:image:height\" content=\"720\" \/>\n\t<meta property=\"og:image:type\" content=\"image\/jpeg\" \/>\n<meta name=\"author\" content=\"Ingrid Diniz\" \/>\n<meta name=\"twitter:card\" content=\"summary_large_image\" \/>\n<meta name=\"twitter:label1\" content=\"Escrito por\" \/>\n\t<meta name=\"twitter:data1\" content=\"Ingrid Diniz\" \/>\n\t<meta name=\"twitter:label2\" content=\"Est. tempo de leitura\" \/>\n\t<meta name=\"twitter:data2\" content=\"3 minutos\" \/>\n<!-- \/ Yoast SEO plugin. -->","yoast_head_json":{"title":"BPC come\u00e7a a ser pago dia 25 com novo calend\u00e1rio confirmado pelo INSS - Estado de Minas - Em foco","description":"Pagamentos do BPC em julho come\u00e7am no dia 25 e seguem o pen\u00faltimo d\u00edgito do NB. Veja como fica o calend\u00e1rio oficial do INSS.","robots":{"index":"index","follow":"follow","max-snippet":"max-snippet:-1","max-image-preview":"max-image-preview:large","max-video-preview":"max-video-preview:-1"},"canonical":"https:\/\/www.em.com.br\/emfoco\/2025\/07\/08\/bpc-comeca-a-ser-pago-dia-25-com-novo-calendario-confirmado-pelo-inss\/","og_locale":"pt_BR","og_type":"article","og_title":"BPC come\u00e7a a ser pago dia 25 com novo calend\u00e1rio confirmado pelo INSS - Estado de Minas - Em foco","og_description":"Pagamentos do BPC em julho come\u00e7am no dia 25 e seguem o pen\u00faltimo d\u00edgito do NB. Veja como fica o calend\u00e1rio oficial do INSS.","og_url":"https:\/\/www.em.com.br\/emfoco\/2025\/07\/08\/bpc-comeca-a-ser-pago-dia-25-com-novo-calendario-confirmado-pelo-inss\/","og_site_name":"Estado de Minas - Em foco","article_published_time":"2025-07-09T01:38:00+00:00","article_modified_time":"2025-07-08T02:45:23+00:00","og_image":[{"width":1280,"height":720,"url":"https:\/\/www.em.com.br\/emfoco\/wp-content\/uploads\/2025\/06\/aposentado-dinheiro-reais_1743473149469.jpg","type":"image\/jpeg"}],"author":"Ingrid Diniz","twitter_card":"summary_large_image","twitter_misc":{"Escrito por":"Ingrid Diniz","Est. tempo de leitura":"3 minutos"},"schema":{"@context":"https:\/\/schema.org","@graph":[{"@type":"WebPage","@id":"https:\/\/www.em.com.br\/emfoco\/2025\/07\/08\/bpc-comeca-a-ser-pago-dia-25-com-novo-calendario-confirmado-pelo-inss\/","url":"https:\/\/www.em.com.br\/emfoco\/2025\/07\/08\/bpc-comeca-a-ser-pago-dia-25-com-novo-calendario-confirmado-pelo-inss\/","name":"BPC come\u00e7a a ser pago dia 25 com novo calend\u00e1rio confirmado pelo INSS - Estado de Minas - Em foco","isPartOf":{"@id":"https:\/\/www.em.com.br\/emfoco\/#website"},"primaryImageOfPage":{"@id":"https:\/\/www.em.com.br\/emfoco\/2025\/07\/08\/bpc-comeca-a-ser-pago-dia-25-com-novo-calendario-confirmado-pelo-inss\/#primaryimage"},"image":{"@id":"https:\/\/www.em.com.br\/emfoco\/2025\/07\/08\/bpc-comeca-a-ser-pago-dia-25-com-novo-calendario-confirmado-pelo-inss\/#primaryimage"},"thumbnailUrl":"https:\/\/www.em.com.br\/emfoco\/wp-content\/uploads\/2025\/06\/aposentado-dinheiro-reais_1743473149469.jpg","datePublished":"2025-07-09T01:38:00+00:00","dateModified":"2025-07-08T02:45:23+00:00","author":{"@id":"https:\/\/www.em.com.br\/emfoco\/#\/schema\/person\/649e610b4eb8fff87ff394e54fe17b2b"},"description":"Pagamentos do BPC em julho come\u00e7am no dia 25 e seguem o pen\u00faltimo d\u00edgito do NB. Veja como fica o calend\u00e1rio oficial do INSS.","breadcrumb":{"@id":"https:\/\/www.em.com.br\/emfoco\/2025\/07\/08\/bpc-comeca-a-ser-pago-dia-25-com-novo-calendario-confirmado-pelo-inss\/#breadcrumb"},"inLanguage":"pt-BR","potentialAction":[{"@type":"ReadAction","target":["https:\/\/www.em.com.br\/emfoco\/2025\/07\/08\/bpc-comeca-a-ser-pago-dia-25-com-novo-calendario-confirmado-pelo-inss\/"]}]},{"@type":"ImageObject","inLanguage":"pt-BR","@id":"https:\/\/www.em.com.br\/emfoco\/2025\/07\/08\/bpc-comeca-a-ser-pago-dia-25-com-novo-calendario-confirmado-pelo-inss\/#primaryimage","url":"https:\/\/www.em.com.br\/emfoco\/wp-content\/uploads\/2025\/06\/aposentado-dinheiro-reais_1743473149469.jpg","contentUrl":"https:\/\/www.em.com.br\/emfoco\/wp-content\/uploads\/2025\/06\/aposentado-dinheiro-reais_1743473149469.jpg","width":1280,"height":720,"caption":"Mudan\u00e7as do MEI 2026 que alteram pre\u00e7os e emiss\u00e3o de notas - Cr\u00e9ditos: depositphotos.com \/ verganifotografia"},{"@type":"BreadcrumbList","@id":"https:\/\/www.em.com.br\/emfoco\/2025\/07\/08\/bpc-comeca-a-ser-pago-dia-25-com-novo-calendario-confirmado-pelo-inss\/#breadcrumb","itemListElement":[{"@type":"ListItem","position":1,"name":"In\u00edcio","item":"https:\/\/www.em.com.br\/emfoco\/"},{"@type":"ListItem","position":2,"name":"BPC come\u00e7a a ser pago dia 25 com novo calend\u00e1rio confirmado pelo INSS"}]},{"@type":"WebSite","@id":"https:\/\/www.em.com.br\/emfoco\/#website","url":"https:\/\/www.em.com.br\/emfoco\/","name":"Estado de Minas - Em foco","description":"Acompanhe as \u00faltimas not\u00edcias e fique bem informado sobre tudo o que acontece em Minas Gerais, Brasil e no mundo.","potentialAction":[{"@type":"SearchAction","target":{"@type":"EntryPoint","urlTemplate":"https:\/\/www.em.com.br\/emfoco\/?s={search_term_string}"},"query-input":{"@type":"PropertyValueSpecification","valueRequired":true,"valueName":"search_term_string"}}],"inLanguage":"pt-BR"},{"@type":"Person","@id":"https:\/\/www.em.com.br\/emfoco\/#\/schema\/person\/649e610b4eb8fff87ff394e54fe17b2b","name":"Ingrid Diniz","image":{"@type":"ImageObject","inLanguage":"pt-BR","@id":"https:\/\/www.em.com.br\/emfoco\/#\/schema\/person\/image\/","url":"https:\/\/secure.gravatar.com\/avatar\/a3baa1449ec5c39b4c42babc9d4f3951?s=96&d=mm&r=g","contentUrl":"https:\/\/secure.gravatar.com\/avatar\/a3baa1449ec5c39b4c42babc9d4f3951?s=96&d=mm&r=g","caption":"Ingrid Diniz"},"sameAs":["https:\/\/www.em.com.br\/"],"url":"https:\/\/www.em.com.br\/emfoco\/author\/ingridmyth\/"}]}},"_links":{"self":[{"href":"https:\/\/www.em.com.br\/emfoco\/wp-json\/wp\/v2\/posts\/72648","targetHints":{"allow":["GET"]}}],"collection":[{"href":"https:\/\/www.em.com.br\/emfoco\/wp-json\/wp\/v2\/posts"}],"about":[{"href":"https:\/\/www.em.com.br\/emfoco\/wp-json\/wp\/v2\/types\/post"}],"author":[{"embeddable":true,"href":"https:\/\/www.em.com.br\/emfoco\/wp-json\/wp\/v2\/users\/20"}],"replies":[{"embeddable":true,"href":"https:\/\/www.em.com.br\/emfoco\/wp-json\/wp\/v2\/comments?post=72648"}],"version-history":[{"count":1,"href":"https:\/\/www.em.com.br\/emfoco\/wp-json\/wp\/v2\/posts\/72648\/revisions"}],"predecessor-version":[{"id":72656,"href":"https:\/\/www.em.com.br\/emfoco\/wp-json\/wp\/v2\/posts\/72648\/revisions\/72656"}],"wp:featuredmedia":[{"embeddable":true,"href":"https:\/\/www.em.com.br\/emfoco\/wp-json\/wp\/v2\/media\/54989"}],"wp:attachment":[{"href":"https:\/\/www.em.com.br\/emfoco\/wp-json\/wp\/v2\/media?parent=72648"}],"wp:term":[{"taxonomy":"category","embeddable":true,"href":"https:\/\/www.em.com.br\/emfoco\/wp-json\/wp\/v2\/categories?post=72648"},{"taxonomy":"post_tag","embeddable":true,"href":"https:\/\/www.em.com.br\/emfoco\/wp-json\/wp\/v2\/tags?post=72648"}],"curies":[{"name":"wp","href":"https:\/\/api.w.org\/{rel}","templated":true}]}}