{"id":72555,"date":"2025-07-08T13:50:00","date_gmt":"2025-07-08T16:50:00","guid":{"rendered":"https:\/\/www.em.com.br\/emfoco\/?p=72555"},"modified":"2025-07-07T22:37:25","modified_gmt":"2025-07-08T01:37:25","slug":"dra-ana-beatriz-barbosa-psiquiatra-melhor-coisa-a-se-fazer-quando-nao-tiver-solucao-para-nada","status":"publish","type":"post","link":"https:\/\/www.em.com.br\/emfoco\/2025\/07\/08\/dra-ana-beatriz-barbosa-psiquiatra-melhor-coisa-a-se-fazer-quando-nao-tiver-solucao-para-nada\/","title":{"rendered":"Dra. Ana Beatriz Barbosa, psiquiatra: \u201cMelhor coisa a se fazer quando n\u00e3o tiver solu\u00e7\u00e3o para nada\u201d"},"content":{"rendered":"\n<p>Em momentos de desespero ou quando parece que nada tem solu\u00e7\u00e3o, a Dra. Ana Beatriz Barbosa, psiquiatra com mais de 6,1 milh\u00f5es de seguidores no Instagram (@anabeatriz11), prop\u00f5e um exerc\u00edcio poderoso: refletir sobre a pr\u00f3pria morte. Longe de algo m\u00f3rbido, ela defende que pensar sobre o fim da vida pode funcionar como um instrumento de avalia\u00e7\u00e3o \u2014 uma forma de checar se voc\u00ea est\u00e1, de fato, vivendo com sentido.<\/p>\n\n\n\n<p>Autora, palestrante e conhecida pelo trabalho de educa\u00e7\u00e3o emocional, ela convida as pessoas a usarem essa perspectiva como um guia. A pergunta-chave, segundo ela, \u00e9: \u201cSe a morte chegasse hoje, ela me encontraria feliz?\u201d<\/p>\n\n\n\n<h2 class=\"wp-block-heading\">O que significa usar a morte como b\u00fassola emocional?<\/h2>\n\n\n\n<p>Para a Dra. Ana Beatriz, a ideia n\u00e3o \u00e9 se fixar no fim da vida com medo ou ang\u00fastia, mas sim como uma ferramenta de autoan\u00e1lise. Pensar na morte permite avaliar se a vida que estamos levando vale a pena.<\/p>\n\n\n\n<p>A reflex\u00e3o traz clareza sobre o que realmente importa. Em vez de se prender a problemas sem solu\u00e7\u00e3o imediata, voc\u00ea passa a filtrar melhor suas a\u00e7\u00f5es, rela\u00e7\u00f5es e decis\u00f5es. A morte, nesse contexto, ajuda a ajustar a rota quando o caminho parece perdido.<\/p>\n\n\n\n<h2 class=\"wp-block-heading\">Por que esse pensamento pode trazer al\u00edvio em momentos dif\u00edceis?<\/h2>\n\n\n\n<p>Nos dias em que tudo parece sem sa\u00edda, imaginar a finitude pode colocar os problemas em perspectiva. Muitas vezes, o que hoje parece insuport\u00e1vel, se visto sob o olhar da brevidade da vida, perde o peso.<\/p>\n\n\n\n<p>Esse pensamento ajuda a focar no essencial, a resgatar o presente e a buscar uma vida que fa\u00e7a sentido \u2014 ainda que com falhas e imperfei\u00e7\u00f5es. \u00c9 uma forma de redirecionar a mente para o que realmente importa.<\/p>\n\n\n\n<h2 class=\"wp-block-heading\">A reflex\u00e3o sobre a morte pode melhorar a sa\u00fade mental?<\/h2>\n\n\n\n<p>Sim. Diversos estudos em psicologia e filosofia existencial mostram que refletir sobre a morte pode aumentar o senso de prop\u00f3sito, reduzir ansiedade e fortalecer a conex\u00e3o com valores pessoais.<\/p>\n\n\n<div class=\"wp-block-image\">\n<figure class=\"aligncenter size-large\"><img loading=\"lazy\" decoding=\"async\" width=\"1024\" height=\"576\" src=\"https:\/\/www.em.com.br\/emfoco\/wp-content\/uploads\/2025\/07\/saude-mental_1751937060848-1024x576.jpg\" alt=\"\" class=\"wp-image-72630\" srcset=\"https:\/\/www.em.com.br\/emfoco\/wp-content\/uploads\/2025\/07\/saude-mental_1751937060848-1024x576.jpg 1024w, https:\/\/www.em.com.br\/emfoco\/wp-content\/uploads\/2025\/07\/saude-mental_1751937060848-300x169.jpg 300w, https:\/\/www.em.com.br\/emfoco\/wp-content\/uploads\/2025\/07\/saude-mental_1751937060848-768x432.jpg 768w, https:\/\/www.em.com.br\/emfoco\/wp-content\/uploads\/2025\/07\/saude-mental_1751937060848-750x422.jpg 750w, https:\/\/www.em.com.br\/emfoco\/wp-content\/uploads\/2025\/07\/saude-mental_1751937060848-1140x641.jpg 1140w, https:\/\/www.em.com.br\/emfoco\/wp-content\/uploads\/2025\/07\/saude-mental_1751937060848.jpg 1280w\" sizes=\"auto, (max-width: 1024px) 100vw, 1024px\" \/><figcaption class=\"wp-element-caption\">Mulher sentada e deprimida &#8211; Cr\u00e9ditos: depositphotos.com \/ AndrewLozovyi<\/figcaption><\/figure><\/div>\n\n\n<p>Ao pensar que a morte pode chegar a qualquer momento, a tend\u00eancia \u00e9 buscar mais significado nas a\u00e7\u00f5es cotidianas, fortalecendo v\u00ednculos e aumentando o senso de presen\u00e7a.<\/p>\n\n\n\n<h2 class=\"wp-block-heading\">Como aplicar essa ideia no dia a dia sem pesar?<\/h2>\n\n\n\n<p>O segredo est\u00e1 em fazer dessa reflex\u00e3o um momento de pausa e reconex\u00e3o. Pergunte-se com frequ\u00eancia: \u201cSe eu morresse hoje, estaria feliz com minha \u00faltima semana de vida?\u201d Essa simples pergunta pode mudar decis\u00f5es, reconduzir relacionamentos e resgatar sua ess\u00eancia.<\/p>\n\n\n\n<blockquote class=\"instagram-media\" data-instgrm-captioned data-instgrm-permalink=\"https:\/\/www.instagram.com\/reel\/DLs3atnMxw1\/?utm_source=ig_embed&amp;utm_campaign=loading\" data-instgrm-version=\"14\" style=\" background:#FFF; border:0; border-radius:3px; box-shadow:0 0 1px 0 rgba(0,0,0,0.5),0 1px 10px 0 rgba(0,0,0,0.15); margin: 1px; max-width:540px; min-width:326px; padding:0; width:99.375%; width:-webkit-calc(100% - 2px); width:calc(100% - 2px);\"><div style=\"padding:16px;\"> <a href=\"https:\/\/www.instagram.com\/reel\/DLs3atnMxw1\/?utm_source=ig_embed&amp;utm_campaign=loading\" style=\" background:#FFFFFF; line-height:0; padding:0 0; text-align:center; text-decoration:none; width:100%;\" target=\"_blank\"> <div style=\" display: flex; flex-direction: row; align-items: center;\"> <div style=\"background-color: #F4F4F4; border-radius: 50%; flex-grow: 0; height: 40px; margin-right: 14px; width: 40px;\"><\/div> <div style=\"display: flex; flex-direction: column; flex-grow: 1; justify-content: center;\"> <div style=\" background-color: #F4F4F4; border-radius: 4px; flex-grow: 0; height: 14px; margin-bottom: 6px; width: 100px;\"><\/div> <div style=\" background-color: #F4F4F4; border-radius: 4px; flex-grow: 0; height: 14px; width: 60px;\"><\/div><\/div><\/div><div style=\"padding: 19% 0;\"><\/div> <div style=\"display:block; height:50px; margin:0 auto 12px; width:50px;\"><svg width=\"50px\" height=\"50px\" viewBox=\"0 0 60 60\" version=\"1.1\" xmlns=\"https:\/\/www.w3.org\/2000\/svg\" xmlns:xlink=\"https:\/\/www.w3.org\/1999\/xlink\"><g stroke=\"none\" stroke-width=\"1\" fill=\"none\" fill-rule=\"evenodd\"><g transform=\"translate(-511.000000, -20.000000)\" fill=\"#000000\"><g><path d=\"M556.869,30.41 C554.814,30.41 553.148,32.076 553.148,34.131 C553.148,36.186 554.814,37.852 556.869,37.852 C558.924,37.852 560.59,36.186 560.59,34.131 C560.59,32.076 558.924,30.41 556.869,30.41 M541,60.657 C535.114,60.657 530.342,55.887 530.342,50 C530.342,44.114 535.114,39.342 541,39.342 C546.887,39.342 551.658,44.114 551.658,50 C551.658,55.887 546.887,60.657 541,60.657 M541,33.886 C532.1,33.886 524.886,41.1 524.886,50 C524.886,58.899 532.1,66.113 541,66.113 C549.9,66.113 557.115,58.899 557.115,50 C557.115,41.1 549.9,33.886 541,33.886 M565.378,62.101 C565.244,65.022 564.756,66.606 564.346,67.663 C563.803,69.06 563.154,70.057 562.106,71.106 C561.058,72.155 560.06,72.803 558.662,73.347 C557.607,73.757 556.021,74.244 553.102,74.378 C549.944,74.521 548.997,74.552 541,74.552 C533.003,74.552 532.056,74.521 528.898,74.378 C525.979,74.244 524.393,73.757 523.338,73.347 C521.94,72.803 520.942,72.155 519.894,71.106 C518.846,70.057 518.197,69.06 517.654,67.663 C517.244,66.606 516.755,65.022 516.623,62.101 C516.479,58.943 516.448,57.996 516.448,50 C516.448,42.003 516.479,41.056 516.623,37.899 C516.755,34.978 517.244,33.391 517.654,32.338 C518.197,30.938 518.846,29.942 519.894,28.894 C520.942,27.846 521.94,27.196 523.338,26.654 C524.393,26.244 525.979,25.756 528.898,25.623 C532.057,25.479 533.004,25.448 541,25.448 C548.997,25.448 549.943,25.479 553.102,25.623 C556.021,25.756 557.607,26.244 558.662,26.654 C560.06,27.196 561.058,27.846 562.106,28.894 C563.154,29.942 563.803,30.938 564.346,32.338 C564.756,33.391 565.244,34.978 565.378,37.899 C565.522,41.056 565.552,42.003 565.552,50 C565.552,57.996 565.522,58.943 565.378,62.101 M570.82,37.631 C570.674,34.438 570.167,32.258 569.425,30.349 C568.659,28.377 567.633,26.702 565.965,25.035 C564.297,23.368 562.623,22.342 560.652,21.575 C558.743,20.834 556.562,20.326 553.369,20.18 C550.169,20.033 549.148,20 541,20 C532.853,20 531.831,20.033 528.631,20.18 C525.438,20.326 523.257,20.834 521.349,21.575 C519.376,22.342 517.703,23.368 516.035,25.035 C514.368,26.702 513.342,28.377 512.574,30.349 C511.834,32.258 511.326,34.438 511.181,37.631 C511.035,40.831 511,41.851 511,50 C511,58.147 511.035,59.17 511.181,62.369 C511.326,65.562 511.834,67.743 512.574,69.651 C513.342,71.625 514.368,73.296 516.035,74.965 C517.703,76.634 519.376,77.658 521.349,78.425 C523.257,79.167 525.438,79.673 528.631,79.82 C531.831,79.965 532.853,80.001 541,80.001 C549.148,80.001 550.169,79.965 553.369,79.82 C556.562,79.673 558.743,79.167 560.652,78.425 C562.623,77.658 564.297,76.634 565.965,74.965 C567.633,73.296 568.659,71.625 569.425,69.651 C570.167,67.743 570.674,65.562 570.82,62.369 C570.966,59.17 571,58.147 571,50 C571,41.851 570.966,40.831 570.82,37.631\"><\/path><\/g><\/g><\/g><\/svg><\/div><div style=\"padding-top: 8px;\"> <div style=\" color:#3897f0; font-family:Arial,sans-serif; font-size:14px; font-style:normal; font-weight:550; line-height:18px;\">Ver essa foto no Instagram<\/div><\/div><div style=\"padding: 12.5% 0;\"><\/div> <div style=\"display: flex; flex-direction: row; margin-bottom: 14px; align-items: center;\"><div> <div style=\"background-color: #F4F4F4; border-radius: 50%; height: 12.5px; width: 12.5px; transform: translateX(0px) translateY(7px);\"><\/div> <div style=\"background-color: #F4F4F4; height: 12.5px; transform: rotate(-45deg) translateX(3px) translateY(1px); width: 12.5px; flex-grow: 0; margin-right: 14px; margin-left: 2px;\"><\/div> <div style=\"background-color: #F4F4F4; border-radius: 50%; height: 12.5px; width: 12.5px; transform: translateX(9px) translateY(-18px);\"><\/div><\/div><div style=\"margin-left: 8px;\"> <div style=\" background-color: #F4F4F4; border-radius: 50%; flex-grow: 0; height: 20px; width: 20px;\"><\/div> <div style=\" width: 0; height: 0; border-top: 2px solid transparent; border-left: 6px solid #f4f4f4; border-bottom: 2px solid transparent; transform: translateX(16px) translateY(-4px) rotate(30deg)\"><\/div><\/div><div style=\"margin-left: auto;\"> <div style=\" width: 0px; border-top: 8px solid #F4F4F4; border-right: 8px solid transparent; transform: translateY(16px);\"><\/div> <div style=\" background-color: #F4F4F4; flex-grow: 0; height: 12px; width: 16px; transform: translateY(-4px);\"><\/div> <div style=\" width: 0; height: 0; border-top: 8px solid #F4F4F4; border-left: 8px solid transparent; transform: translateY(-4px) translateX(8px);\"><\/div><\/div><\/div> <div style=\"display: flex; flex-direction: column; flex-grow: 1; justify-content: center; margin-bottom: 24px;\"> <div style=\" background-color: #F4F4F4; border-radius: 4px; flex-grow: 0; height: 14px; margin-bottom: 6px; width: 224px;\"><\/div> <div style=\" background-color: #F4F4F4; border-radius: 4px; flex-grow: 0; height: 14px; width: 144px;\"><\/div><\/div><\/a><p style=\" color:#c9c8cd; font-family:Arial,sans-serif; font-size:14px; line-height:17px; margin-bottom:0; margin-top:8px; overflow:hidden; padding:8px 0 7px; text-align:center; text-overflow:ellipsis; white-space:nowrap;\"><a href=\"https:\/\/www.instagram.com\/reel\/DLs3atnMxw1\/?utm_source=ig_embed&amp;utm_campaign=loading\" style=\" color:#c9c8cd; font-family:Arial,sans-serif; font-size:14px; font-style:normal; font-weight:normal; line-height:17px; text-decoration:none;\" target=\"_blank\">Uma publica\u00e7\u00e3o compartilhada por Ana Beatriz Barbosa \/ PodPeople (@anabeatriz11)<\/a><\/p><\/div><\/blockquote>\n<script async src=\"\/\/www.instagram.com\/embed.js\"><\/script>\n\n\n\n<p>A morte, nesse caso, n\u00e3o \u00e9 uma amea\u00e7a. \u00c9 uma b\u00fassola. Um lembrete de que o tempo \u00e9 precioso e que a vida precisa ser vivida com inteireza.<\/p>\n\n\n\n<h2 class=\"wp-block-heading\">Quando essa reflex\u00e3o se torna um sinal de alerta?<\/h2>\n\n\n\n<p>Pensar sobre a morte de forma pontual, como guia de prop\u00f3sito, \u00e9 saud\u00e1vel. Mas quando essa ideia se transforma em tristeza constante, pensamentos repetitivos ou des\u00e2nimo prolongado, pode ser um sinal de alerta para procurar ajuda profissional.<\/p>\n\n\n\n<p>A pr\u00f3pria Dra. Ana Beatriz \u00e9 defensora da escuta profissional e do cuidado com a sa\u00fade mental como forma de garantir bem-estar duradouro.<\/p>\n\n\n\n<h2 class=\"wp-block-heading\">Fontes confi\u00e1veis utilizadas neste conte\u00fado<\/h2>\n\n\n\n<p>As reflex\u00f5es da Dra. Ana Beatriz Barbosa est\u00e3o alinhadas com princ\u00edpios de sa\u00fade emocional respaldados por institui\u00e7\u00f5es de refer\u00eancia:<\/p>\n\n\n\n<ul class=\"wp-block-list\">\n<li>Minist\u00e9rio da Sa\u00fade \u2013 <a href=\"http:\/\/www.gov.br\/saude\" target=\"_blank\" rel=\"noreferrer noopener\">www.gov.br\/saude<\/a><\/li>\n\n\n\n<li>Organiza\u00e7\u00e3o Mundial da Sa\u00fade (OMS) \u2013 <a href=\"http:\/\/www.who.int\" target=\"_blank\" rel=\"noreferrer noopener\">www.who.int<\/a><\/li>\n\n\n\n<li>PubMed \u2013 <a href=\"http:\/\/www.ncbi.nlm.nih.gov\/pubmed\" target=\"_blank\" rel=\"noreferrer noopener\">www.ncbi.nlm.nih.gov\/pubmed<\/a><\/li>\n\n\n\n<li>Sociedade Brasileira de Psiquiatria \u2013 <a href=\"http:\/\/www.abp.org.br\" target=\"_blank\" rel=\"noreferrer noopener\">www.abp.org.br<\/a><\/li>\n\n\n\n<li>Psychology Today \u2013 <a href=\"http:\/\/www.psychologytoday.com\" target=\"_blank\" rel=\"noreferrer noopener\">www.psychologytoday.com<\/a><\/li>\n\n\n\n<li>Stanford Center for Compassion and Altruism Research \u2013 <a href=\"http:\/\/www.ccare.stanford.edu\" target=\"_blank\" rel=\"noreferrer noopener\">www.ccare.stanford.edu<\/a><\/li>\n<\/ul>\n","protected":false},"excerpt":{"rendered":"<p>Em momentos de desespero ou quando parece que nada tem solu\u00e7\u00e3o, a Dra. Ana Beatriz Barbosa, psiquiatra com mais de 6,1 milh\u00f5es de seguidores no Instagram (@anabeatriz11), prop\u00f5e um exerc\u00edcio poderoso: refletir sobre a pr\u00f3pria morte. Longe de algo m\u00f3rbido, ela defende que pensar sobre o fim da vida pode funcionar como um instrumento de [&hellip;]<\/p>\n","protected":false},"author":17,"featured_media":72644,"comment_status":"open","ping_status":"open","sticky":false,"template":"","format":"standard","meta":{"jnews-multi-image_gallery":[],"jnews_single_post":{"format":"standard"},"jnews_primary_category":[],"jnews_social_meta":[],"jnews_override_counter":[],"footnotes":""},"categories":[9053],"tags":[415],"class_list":["post-72555","post","type-post","status-publish","format-standard","has-post-thumbnail","hentry","category-saude","tag-saude"],"yoast_head":"<!-- This site is optimized with the Yoast SEO plugin v23.8 - https:\/\/yoast.com\/wordpress\/plugins\/seo\/ -->\n<title>Dra. Ana Beatriz Barbosa, psiquiatra: \u201cMelhor coisa a se fazer quando n\u00e3o tiver solu\u00e7\u00e3o para nada\u201d - Estado de Minas - Em foco<\/title>\n<meta name=\"description\" content=\"Quando tudo parece sem sa\u00edda, usar a morte como b\u00fassola pode trazer clareza e al\u00edvio. Veja como essa ideia vem ajudando tantas pessoas.\" \/>\n<meta name=\"robots\" content=\"index, follow, max-snippet:-1, max-image-preview:large, max-video-preview:-1\" \/>\n<link rel=\"canonical\" href=\"https:\/\/www.em.com.br\/emfoco\/2025\/07\/08\/dra-ana-beatriz-barbosa-psiquiatra-melhor-coisa-a-se-fazer-quando-nao-tiver-solucao-para-nada\/\" \/>\n<meta property=\"og:locale\" content=\"pt_BR\" \/>\n<meta property=\"og:type\" content=\"article\" \/>\n<meta property=\"og:title\" content=\"Dra. Ana Beatriz Barbosa, psiquiatra: \u201cMelhor coisa a se fazer quando n\u00e3o tiver solu\u00e7\u00e3o para nada\u201d - Estado de Minas - Em foco\" \/>\n<meta property=\"og:description\" content=\"Quando tudo parece sem sa\u00edda, usar a morte como b\u00fassola pode trazer clareza e al\u00edvio. Veja como essa ideia vem ajudando tantas pessoas.\" \/>\n<meta property=\"og:url\" content=\"https:\/\/www.em.com.br\/emfoco\/2025\/07\/08\/dra-ana-beatriz-barbosa-psiquiatra-melhor-coisa-a-se-fazer-quando-nao-tiver-solucao-para-nada\/\" \/>\n<meta property=\"og:site_name\" content=\"Estado de Minas - Em foco\" \/>\n<meta property=\"article:published_time\" content=\"2025-07-08T16:50:00+00:00\" \/>\n<meta property=\"article:modified_time\" content=\"2025-07-08T01:37:25+00:00\" \/>\n<meta property=\"og:image\" content=\"https:\/\/www.em.com.br\/emfoco\/wp-content\/uploads\/2025\/07\/dra-ana-beatriz-sobre-pensar-que-nada-funciona.jpg\" \/>\n\t<meta property=\"og:image:width\" content=\"1200\" \/>\n\t<meta property=\"og:image:height\" content=\"628\" \/>\n\t<meta property=\"og:image:type\" content=\"image\/jpeg\" \/>\n<meta name=\"author\" content=\"Lucas Sampaio\" \/>\n<meta name=\"twitter:card\" content=\"summary_large_image\" \/>\n<meta name=\"twitter:label1\" content=\"Escrito por\" \/>\n\t<meta name=\"twitter:data1\" content=\"Lucas Sampaio\" \/>\n\t<meta name=\"twitter:label2\" content=\"Est. tempo de leitura\" \/>\n\t<meta name=\"twitter:data2\" content=\"4 minutos\" \/>\n<!-- \/ Yoast SEO plugin. -->","yoast_head_json":{"title":"Dra. Ana Beatriz Barbosa, psiquiatra: \u201cMelhor coisa a se fazer quando n\u00e3o tiver solu\u00e7\u00e3o para nada\u201d - Estado de Minas - Em foco","description":"Quando tudo parece sem sa\u00edda, usar a morte como b\u00fassola pode trazer clareza e al\u00edvio. Veja como essa ideia vem ajudando tantas pessoas.","robots":{"index":"index","follow":"follow","max-snippet":"max-snippet:-1","max-image-preview":"max-image-preview:large","max-video-preview":"max-video-preview:-1"},"canonical":"https:\/\/www.em.com.br\/emfoco\/2025\/07\/08\/dra-ana-beatriz-barbosa-psiquiatra-melhor-coisa-a-se-fazer-quando-nao-tiver-solucao-para-nada\/","og_locale":"pt_BR","og_type":"article","og_title":"Dra. Ana Beatriz Barbosa, psiquiatra: \u201cMelhor coisa a se fazer quando n\u00e3o tiver solu\u00e7\u00e3o para nada\u201d - Estado de Minas - Em foco","og_description":"Quando tudo parece sem sa\u00edda, usar a morte como b\u00fassola pode trazer clareza e al\u00edvio. Veja como essa ideia vem ajudando tantas pessoas.","og_url":"https:\/\/www.em.com.br\/emfoco\/2025\/07\/08\/dra-ana-beatriz-barbosa-psiquiatra-melhor-coisa-a-se-fazer-quando-nao-tiver-solucao-para-nada\/","og_site_name":"Estado de Minas - Em foco","article_published_time":"2025-07-08T16:50:00+00:00","article_modified_time":"2025-07-08T01:37:25+00:00","og_image":[{"width":1200,"height":628,"url":"https:\/\/www.em.com.br\/emfoco\/wp-content\/uploads\/2025\/07\/dra-ana-beatriz-sobre-pensar-que-nada-funciona.jpg","type":"image\/jpeg"}],"author":"Lucas Sampaio","twitter_card":"summary_large_image","twitter_misc":{"Escrito por":"Lucas Sampaio","Est. tempo de leitura":"4 minutos"},"schema":{"@context":"https:\/\/schema.org","@graph":[{"@type":"WebPage","@id":"https:\/\/www.em.com.br\/emfoco\/2025\/07\/08\/dra-ana-beatriz-barbosa-psiquiatra-melhor-coisa-a-se-fazer-quando-nao-tiver-solucao-para-nada\/","url":"https:\/\/www.em.com.br\/emfoco\/2025\/07\/08\/dra-ana-beatriz-barbosa-psiquiatra-melhor-coisa-a-se-fazer-quando-nao-tiver-solucao-para-nada\/","name":"Dra. Ana Beatriz Barbosa, psiquiatra: \u201cMelhor coisa a se fazer quando n\u00e3o tiver solu\u00e7\u00e3o para nada\u201d - Estado de Minas - Em foco","isPartOf":{"@id":"https:\/\/www.em.com.br\/emfoco\/#website"},"primaryImageOfPage":{"@id":"https:\/\/www.em.com.br\/emfoco\/2025\/07\/08\/dra-ana-beatriz-barbosa-psiquiatra-melhor-coisa-a-se-fazer-quando-nao-tiver-solucao-para-nada\/#primaryimage"},"image":{"@id":"https:\/\/www.em.com.br\/emfoco\/2025\/07\/08\/dra-ana-beatriz-barbosa-psiquiatra-melhor-coisa-a-se-fazer-quando-nao-tiver-solucao-para-nada\/#primaryimage"},"thumbnailUrl":"https:\/\/www.em.com.br\/emfoco\/wp-content\/uploads\/2025\/07\/dra-ana-beatriz-sobre-pensar-que-nada-funciona.jpg","datePublished":"2025-07-08T16:50:00+00:00","dateModified":"2025-07-08T01:37:25+00:00","author":{"@id":"https:\/\/www.em.com.br\/emfoco\/#\/schema\/person\/9ad4c536bd87f5bb8006420332b99aef"},"description":"Quando tudo parece sem sa\u00edda, usar a morte como b\u00fassola pode trazer clareza e al\u00edvio. Veja como essa ideia vem ajudando tantas pessoas.","breadcrumb":{"@id":"https:\/\/www.em.com.br\/emfoco\/2025\/07\/08\/dra-ana-beatriz-barbosa-psiquiatra-melhor-coisa-a-se-fazer-quando-nao-tiver-solucao-para-nada\/#breadcrumb"},"inLanguage":"pt-BR","potentialAction":[{"@type":"ReadAction","target":["https:\/\/www.em.com.br\/emfoco\/2025\/07\/08\/dra-ana-beatriz-barbosa-psiquiatra-melhor-coisa-a-se-fazer-quando-nao-tiver-solucao-para-nada\/"]}]},{"@type":"ImageObject","inLanguage":"pt-BR","@id":"https:\/\/www.em.com.br\/emfoco\/2025\/07\/08\/dra-ana-beatriz-barbosa-psiquiatra-melhor-coisa-a-se-fazer-quando-nao-tiver-solucao-para-nada\/#primaryimage","url":"https:\/\/www.em.com.br\/emfoco\/wp-content\/uploads\/2025\/07\/dra-ana-beatriz-sobre-pensar-que-nada-funciona.jpg","contentUrl":"https:\/\/www.em.com.br\/emfoco\/wp-content\/uploads\/2025\/07\/dra-ana-beatriz-sobre-pensar-que-nada-funciona.jpg","width":1200,"height":628,"caption":"Reprodu\u00e7\u00e3o (Instagram: @anabeatriz11)"},{"@type":"BreadcrumbList","@id":"https:\/\/www.em.com.br\/emfoco\/2025\/07\/08\/dra-ana-beatriz-barbosa-psiquiatra-melhor-coisa-a-se-fazer-quando-nao-tiver-solucao-para-nada\/#breadcrumb","itemListElement":[{"@type":"ListItem","position":1,"name":"In\u00edcio","item":"https:\/\/www.em.com.br\/emfoco\/"},{"@type":"ListItem","position":2,"name":"Dra. Ana Beatriz Barbosa, psiquiatra: \u201cMelhor coisa a se fazer quando n\u00e3o tiver solu\u00e7\u00e3o para nada\u201d"}]},{"@type":"WebSite","@id":"https:\/\/www.em.com.br\/emfoco\/#website","url":"https:\/\/www.em.com.br\/emfoco\/","name":"Estado de Minas - Em foco","description":"Acompanhe as \u00faltimas not\u00edcias e fique bem informado sobre tudo o que acontece em Minas Gerais, Brasil e no mundo.","potentialAction":[{"@type":"SearchAction","target":{"@type":"EntryPoint","urlTemplate":"https:\/\/www.em.com.br\/emfoco\/?s={search_term_string}"},"query-input":{"@type":"PropertyValueSpecification","valueRequired":true,"valueName":"search_term_string"}}],"inLanguage":"pt-BR"},{"@type":"Person","@id":"https:\/\/www.em.com.br\/emfoco\/#\/schema\/person\/9ad4c536bd87f5bb8006420332b99aef","name":"Lucas Sampaio","image":{"@type":"ImageObject","inLanguage":"pt-BR","@id":"https:\/\/www.em.com.br\/emfoco\/#\/schema\/person\/image\/","url":"https:\/\/secure.gravatar.com\/avatar\/2696b9676ad143cd7135b717faf6f79f?s=96&d=mm&r=g","contentUrl":"https:\/\/secure.gravatar.com\/avatar\/2696b9676ad143cd7135b717faf6f79f?s=96&d=mm&r=g","caption":"Lucas Sampaio"},"sameAs":["https:\/\/www.em.com.br\/emfoco\/"],"url":"https:\/\/www.em.com.br\/emfoco\/author\/lucasmyth\/"}]}},"_links":{"self":[{"href":"https:\/\/www.em.com.br\/emfoco\/wp-json\/wp\/v2\/posts\/72555","targetHints":{"allow":["GET"]}}],"collection":[{"href":"https:\/\/www.em.com.br\/emfoco\/wp-json\/wp\/v2\/posts"}],"about":[{"href":"https:\/\/www.em.com.br\/emfoco\/wp-json\/wp\/v2\/types\/post"}],"author":[{"embeddable":true,"href":"https:\/\/www.em.com.br\/emfoco\/wp-json\/wp\/v2\/users\/17"}],"replies":[{"embeddable":true,"href":"https:\/\/www.em.com.br\/emfoco\/wp-json\/wp\/v2\/comments?post=72555"}],"version-history":[{"count":4,"href":"https:\/\/www.em.com.br\/emfoco\/wp-json\/wp\/v2\/posts\/72555\/revisions"}],"predecessor-version":[{"id":72638,"href":"https:\/\/www.em.com.br\/emfoco\/wp-json\/wp\/v2\/posts\/72555\/revisions\/72638"}],"wp:featuredmedia":[{"embeddable":true,"href":"https:\/\/www.em.com.br\/emfoco\/wp-json\/wp\/v2\/media\/72644"}],"wp:attachment":[{"href":"https:\/\/www.em.com.br\/emfoco\/wp-json\/wp\/v2\/media?parent=72555"}],"wp:term":[{"taxonomy":"category","embeddable":true,"href":"https:\/\/www.em.com.br\/emfoco\/wp-json\/wp\/v2\/categories?post=72555"},{"taxonomy":"post_tag","embeddable":true,"href":"https:\/\/www.em.com.br\/emfoco\/wp-json\/wp\/v2\/tags?post=72555"}],"curies":[{"name":"wp","href":"https:\/\/api.w.org\/{rel}","templated":true}]}}