{"id":72542,"date":"2025-07-09T18:08:00","date_gmt":"2025-07-09T21:08:00","guid":{"rendered":"https:\/\/www.em.com.br\/emfoco\/?p=72542"},"modified":"2025-07-08T17:30:04","modified_gmt":"2025-07-08T20:30:04","slug":"o-que-acontece-com-seu-corpo-quando-voce-comeca-a-ingerir-aveia-no-cafe-da-manha-todos-os-dias","status":"publish","type":"post","link":"https:\/\/www.em.com.br\/emfoco\/2025\/07\/09\/o-que-acontece-com-seu-corpo-quando-voce-comeca-a-ingerir-aveia-no-cafe-da-manha-todos-os-dias\/","title":{"rendered":"O que acontece com seu corpo quando voc\u00ea come\u00e7a a ingerir aveia no caf\u00e9 da manh\u00e3 todos os dias?"},"content":{"rendered":"\n<p>O caf\u00e9 da manh\u00e3 \u00e9 muitas vezes chamado de \u201ca refei\u00e7\u00e3o mais importante do dia\u201d, e \u00e9 comum que se busque alternativas para torn\u00e1-lo mais nutritivo. A aveia, um gr\u00e3o rico em nutrientes, tem sido cada vez mais popular como complemento dessa refei\u00e7\u00e3o. Mas o que ocorre no corpo ao adicionar aveia ao caf\u00e9 da manh\u00e3 di\u00e1rio?<\/p>\n\n\n\n<h2 class=\"wp-block-heading\">Por que a aveia \u00e9 considerada um superalimento matinal?<\/h2>\n\n\n\n<p><strong>A aveia \u00e9 rica em fibras, especialmente beta-glucana, que ajuda na digest\u00e3o e promove uma sensa\u00e7\u00e3o de saciedade prolongada.<\/strong> Isso \u00e9 particularmente \u00fatil para manter um peso saud\u00e1vel e evitar picos de fome ao longo da manh\u00e3. Al\u00e9m disso, a aveia \u00e9 conhecida por sua propriedade de reduzir os n\u00edveis de <strong><a href=\"https:\/\/www.em.com.br\/emfoco\/2025\/06\/29\/essa-dieta-que-diminui-o-colesterol-ganhou-destaque-entre-medicos-e-esta-ganhando-adeptos-no-brasil\/\" target=\"_blank\" rel=\"noreferrer noopener\">colesterol <\/a><\/strong>no sangue.<\/p>\n\n\n\n<p>Rica em nutrientes essenciais como vitaminas do complexo B, ferro e magn\u00e9sio, a aveia fornece v\u00e1rios dos componentes necess\u00e1rios para um metabolismo saud\u00e1vel. Seu consumo regular pode ajudar a melhorar a fun\u00e7\u00e3o cerebral e fornecer energia de longa dura\u00e7\u00e3o. Esse perfil nutricional ajuda a consolidar a aveia como um superalimento do caf\u00e9 da manh\u00e3, recomendado por muitos nutricionistas. Novas pesquisas apontam ainda que o consumo de aveia pode contribuir para um melhor controle imunol\u00f3gico devido \u00e0 presen\u00e7a de antioxidantes raros neste gr\u00e3o.<\/p>\n\n\n\n<figure class=\"wp-block-image size-large\"><img loading=\"lazy\" decoding=\"async\" width=\"1024\" height=\"576\" src=\"https:\/\/www.em.com.br\/emfoco\/wp-content\/uploads\/2025\/04\/oat_1744291156729-1024x576.jpg\" alt=\"Comer aveia no caf\u00e9 da manh\u00e3 pode transformar sua sa\u00fade em poucos dias\" class=\"wp-image-36978\" srcset=\"https:\/\/www.em.com.br\/emfoco\/wp-content\/uploads\/2025\/04\/oat_1744291156729-1024x576.jpg 1024w, https:\/\/www.em.com.br\/emfoco\/wp-content\/uploads\/2025\/04\/oat_1744291156729-300x169.jpg 300w, https:\/\/www.em.com.br\/emfoco\/wp-content\/uploads\/2025\/04\/oat_1744291156729-768x432.jpg 768w, https:\/\/www.em.com.br\/emfoco\/wp-content\/uploads\/2025\/04\/oat_1744291156729-750x422.jpg 750w, https:\/\/www.em.com.br\/emfoco\/wp-content\/uploads\/2025\/04\/oat_1744291156729-1140x641.jpg 1140w, https:\/\/www.em.com.br\/emfoco\/wp-content\/uploads\/2025\/04\/oat_1744291156729.jpg 1280w\" sizes=\"auto, (max-width: 1024px) 100vw, 1024px\" \/><figcaption class=\"wp-element-caption\">Aveia &#8211; Cr\u00e9ditos: depositphotos.com \/ AntonMatyukha<\/figcaption><\/figure>\n\n\n\n<h2 class=\"wp-block-heading\">Como a aveia impacta os n\u00edveis de energia ao longo do dia?<\/h2>\n\n\n\n<p><strong>Adicionar aveia na primeira refei\u00e7\u00e3o ajuda a estabilizar os n\u00edveis de a\u00e7\u00facar no sangue devido ao seu \u00edndice glic\u00eamico mais baixo.<\/strong> Isso significa que a energia fornecida pela aveia \u00e9 liberada lentamente, evitando os altos e baixos comuns de alimentos com alto teor de a\u00e7\u00facar ou carboidratos refinados.<\/p>\n\n\n\n<p>Ao manter os n\u00edveis de a\u00e7\u00facar no sangue est\u00e1veis, a aveia proporciona uma fonte de energia constante que pode melhorar o foco e a concentra\u00e7\u00e3o. Esse efeito \u00e9 particularmente valioso durante as manh\u00e3s, quando muitas pessoas buscam aumentar a produtividade e a aten\u00e7\u00e3o no trabalho ou estudo.<\/p>\n\n\n\n<h2 class=\"wp-block-heading\">Quais s\u00e3o os benef\u00edcios para a sa\u00fade digestiva?<\/h2>\n\n\n\n<p><strong>A fibra da aveia desempenha um papel crucial na sa\u00fade digestiva.<\/strong> O consumo regular de aveia pode prevenir a constipa\u00e7\u00e3o e promover a sa\u00fade intestinal. As fibras ajudam a formar fezes volumosas, facilitando sua passagem pelo trato digestivo e evitando problemas comuns como intestino preso.<\/p>\n\n\n\n<p>O efeito prebi\u00f3tico da aveia tamb\u00e9m apoia uma microbiota intestinal saud\u00e1vel, alimentando bact\u00e9rias ben\u00e9ficas no intestino. Isso n\u00e3o s\u00f3 promove a digest\u00e3o, mas tamb\u00e9m pode fortalecer o sistema imunol\u00f3gico e melhorar a absor\u00e7\u00e3o de nutrientes. Vale lembrar que incluir a aveia regularmente pode auxiliar at\u00e9 mesmo na recupera\u00e7\u00e3o da flora intestinal ap\u00f3s o uso de antibi\u00f3ticos.<\/p>\n\n\n\n<h2 class=\"wp-block-heading\">Como a aveia contribui para a sa\u00fade do cora\u00e7\u00e3o?<\/h2>\n\n\n\n<p><strong>Incluir aveia no caf\u00e9 da manh\u00e3 pode ser ben\u00e9fico para a sa\u00fade do cora\u00e7\u00e3o.<\/strong> Os compostos antioxidantes presentes na aveia, como avenantramidas, t\u00eam efeitos <strong><a href=\"https:\/\/www.tuasaude.com\/anti-inflamatorios\/\" target=\"_blank\" rel=\"noreferrer noopener\">anti-inflamat\u00f3rios<\/a><\/strong> que podem proteger as art\u00e9rias e melhorar a circula\u00e7\u00e3o sangu\u00ednea.<\/p>\n\n\n\n<p>A redu\u00e7\u00e3o dos n\u00edveis de colesterol LDL \u00e9 uma das qualidades mais destacadas da aveia. Diminuir este tipo de colesterol colabora na preven\u00e7\u00e3o de doen\u00e7as cardiovasculares, risco de infarto e derrames. Esse benef\u00edcio torna a aveia uma escolha estrat\u00e9gica para quem busca melhorias na sa\u00fade cardiovascular.<\/p>\n\n\n\n<h2 class=\"wp-block-heading\">Aveia no caf\u00e9 da manh\u00e3 pode ajudar no controle de peso?<\/h2>\n\n\n\n<p><strong>Sim, a aveia pode ser uma grande aliada no controle de peso.<\/strong> A fibra sol\u00favel presente nos flocos de aveia aumenta a sensa\u00e7\u00e3o de saciedade, o que pode levar a uma ingest\u00e3o cal\u00f3rica reduzida ao longo do dia. Para aqueles que procuram perder peso ou mant\u00ea-lo, incluir aveia no caf\u00e9 da manh\u00e3 pode ser uma t\u00e1tica eficaz.<\/p>\n\n\n\n<p>Combinar aveia com frutas ou nozes pode aumentar ainda mais sua capacidade de saciedade, fornecendo uma refei\u00e7\u00e3o balanceada de macronutrientes. Experimentar diferentes formas de preparo, como mingau ou overnight oats, pode manter a dieta diversificada e agrad\u00e1vel, enquanto se permanece no caminho de um estilo de vida saud\u00e1vel. Al\u00e9m disso, novos estudos indicam que a aveia consumida regularmente pode influenciar positivamente a regula\u00e7\u00e3o hormonal da fome e da saciedade, tornando ainda mais eficiente o controle do peso.<\/p>\n","protected":false},"excerpt":{"rendered":"<p>O caf\u00e9 da manh\u00e3 \u00e9 muitas vezes chamado de \u201ca refei\u00e7\u00e3o mais importante do dia\u201d, e \u00e9 comum que se busque alternativas para torn\u00e1-lo mais nutritivo. A aveia, um gr\u00e3o rico em nutrientes, tem sido cada vez mais popular como complemento dessa refei\u00e7\u00e3o. Mas o que ocorre no corpo ao adicionar aveia ao caf\u00e9 da [&hellip;]<\/p>\n","protected":false},"author":13,"featured_media":36977,"comment_status":"open","ping_status":"open","sticky":false,"template":"","format":"standard","meta":{"jnews-multi-image_gallery":[],"jnews_single_post":{"format":"standard"},"jnews_primary_category":[],"jnews_social_meta":[],"jnews_override_counter":[],"footnotes":""},"categories":[8691,1],"tags":[2571,9775,3509,9087],"class_list":["post-72542","post","type-post","status-publish","format-standard","has-post-thumbnail","hentry","category-bem-estar","category-noticias","tag-aveia","tag-cafe-da-manha","tag-nutricao","tag-saude-digestiva"],"yoast_head":"<!-- This site is optimized with the Yoast SEO plugin v23.8 - https:\/\/yoast.com\/wordpress\/plugins\/seo\/ -->\n<title>O que acontece com seu corpo quando voc\u00ea come\u00e7a a ingerir aveia no caf\u00e9 da manh\u00e3 todos os dias? - Estado de Minas - Em foco<\/title>\n<meta name=\"description\" content=\"Comer aveia logo cedo pode transformar sua energia, digest\u00e3o e at\u00e9 o humor. Entenda como esse superalimento age no corpo.\" \/>\n<meta name=\"robots\" content=\"index, follow, max-snippet:-1, max-image-preview:large, max-video-preview:-1\" \/>\n<link rel=\"canonical\" href=\"https:\/\/www.em.com.br\/emfoco\/2025\/07\/09\/o-que-acontece-com-seu-corpo-quando-voce-comeca-a-ingerir-aveia-no-cafe-da-manha-todos-os-dias\/\" \/>\n<meta property=\"og:locale\" content=\"pt_BR\" \/>\n<meta property=\"og:type\" content=\"article\" \/>\n<meta property=\"og:title\" content=\"O que acontece com seu corpo quando voc\u00ea come\u00e7a a ingerir aveia no caf\u00e9 da manh\u00e3 todos os dias? - Estado de Minas - Em foco\" \/>\n<meta property=\"og:description\" content=\"Comer aveia logo cedo pode transformar sua energia, digest\u00e3o e at\u00e9 o humor. Entenda como esse superalimento age no corpo.\" \/>\n<meta property=\"og:url\" content=\"https:\/\/www.em.com.br\/emfoco\/2025\/07\/09\/o-que-acontece-com-seu-corpo-quando-voce-comeca-a-ingerir-aveia-no-cafe-da-manha-todos-os-dias\/\" \/>\n<meta property=\"og:site_name\" content=\"Estado de Minas - Em foco\" \/>\n<meta property=\"article:published_time\" content=\"2025-07-09T21:08:00+00:00\" \/>\n<meta property=\"article:modified_time\" content=\"2025-07-08T20:30:04+00:00\" \/>\n<meta property=\"og:image\" content=\"https:\/\/www.em.com.br\/emfoco\/wp-content\/uploads\/2025\/04\/oat_1744291108172.jpg\" \/>\n\t<meta property=\"og:image:width\" content=\"1279\" \/>\n\t<meta property=\"og:image:height\" content=\"720\" \/>\n\t<meta property=\"og:image:type\" content=\"image\/jpeg\" \/>\n<meta name=\"author\" content=\"Gabriel Martins\" \/>\n<meta name=\"twitter:card\" content=\"summary_large_image\" \/>\n<meta name=\"twitter:label1\" content=\"Escrito por\" \/>\n\t<meta name=\"twitter:data1\" content=\"Gabriel Martins\" \/>\n\t<meta name=\"twitter:label2\" content=\"Est. tempo de leitura\" \/>\n\t<meta name=\"twitter:data2\" content=\"5 minutos\" \/>\n<!-- \/ Yoast SEO plugin. -->","yoast_head_json":{"title":"O que acontece com seu corpo quando voc\u00ea come\u00e7a a ingerir aveia no caf\u00e9 da manh\u00e3 todos os dias? - Estado de Minas - Em foco","description":"Comer aveia logo cedo pode transformar sua energia, digest\u00e3o e at\u00e9 o humor. Entenda como esse superalimento age no corpo.","robots":{"index":"index","follow":"follow","max-snippet":"max-snippet:-1","max-image-preview":"max-image-preview:large","max-video-preview":"max-video-preview:-1"},"canonical":"https:\/\/www.em.com.br\/emfoco\/2025\/07\/09\/o-que-acontece-com-seu-corpo-quando-voce-comeca-a-ingerir-aveia-no-cafe-da-manha-todos-os-dias\/","og_locale":"pt_BR","og_type":"article","og_title":"O que acontece com seu corpo quando voc\u00ea come\u00e7a a ingerir aveia no caf\u00e9 da manh\u00e3 todos os dias? - Estado de Minas - Em foco","og_description":"Comer aveia logo cedo pode transformar sua energia, digest\u00e3o e at\u00e9 o humor. Entenda como esse superalimento age no corpo.","og_url":"https:\/\/www.em.com.br\/emfoco\/2025\/07\/09\/o-que-acontece-com-seu-corpo-quando-voce-comeca-a-ingerir-aveia-no-cafe-da-manha-todos-os-dias\/","og_site_name":"Estado de Minas - Em foco","article_published_time":"2025-07-09T21:08:00+00:00","article_modified_time":"2025-07-08T20:30:04+00:00","og_image":[{"width":1279,"height":720,"url":"https:\/\/www.em.com.br\/emfoco\/wp-content\/uploads\/2025\/04\/oat_1744291108172.jpg","type":"image\/jpeg"}],"author":"Gabriel Martins","twitter_card":"summary_large_image","twitter_misc":{"Escrito por":"Gabriel Martins","Est. tempo de leitura":"5 minutos"},"schema":{"@context":"https:\/\/schema.org","@graph":[{"@type":"WebPage","@id":"https:\/\/www.em.com.br\/emfoco\/2025\/07\/09\/o-que-acontece-com-seu-corpo-quando-voce-comeca-a-ingerir-aveia-no-cafe-da-manha-todos-os-dias\/","url":"https:\/\/www.em.com.br\/emfoco\/2025\/07\/09\/o-que-acontece-com-seu-corpo-quando-voce-comeca-a-ingerir-aveia-no-cafe-da-manha-todos-os-dias\/","name":"O que acontece com seu corpo quando voc\u00ea come\u00e7a a ingerir aveia no caf\u00e9 da manh\u00e3 todos os dias? - Estado de Minas - Em foco","isPartOf":{"@id":"https:\/\/www.em.com.br\/emfoco\/#website"},"primaryImageOfPage":{"@id":"https:\/\/www.em.com.br\/emfoco\/2025\/07\/09\/o-que-acontece-com-seu-corpo-quando-voce-comeca-a-ingerir-aveia-no-cafe-da-manha-todos-os-dias\/#primaryimage"},"image":{"@id":"https:\/\/www.em.com.br\/emfoco\/2025\/07\/09\/o-que-acontece-com-seu-corpo-quando-voce-comeca-a-ingerir-aveia-no-cafe-da-manha-todos-os-dias\/#primaryimage"},"thumbnailUrl":"https:\/\/www.em.com.br\/emfoco\/wp-content\/uploads\/2025\/04\/oat_1744291108172.jpg","datePublished":"2025-07-09T21:08:00+00:00","dateModified":"2025-07-08T20:30:04+00:00","author":{"@id":"https:\/\/www.em.com.br\/emfoco\/#\/schema\/person\/1c9ddeab18b98abeffef834667bcf08a"},"description":"Comer aveia logo cedo pode transformar sua energia, digest\u00e3o e at\u00e9 o humor. Entenda como esse superalimento age no corpo.","breadcrumb":{"@id":"https:\/\/www.em.com.br\/emfoco\/2025\/07\/09\/o-que-acontece-com-seu-corpo-quando-voce-comeca-a-ingerir-aveia-no-cafe-da-manha-todos-os-dias\/#breadcrumb"},"inLanguage":"pt-BR","potentialAction":[{"@type":"ReadAction","target":["https:\/\/www.em.com.br\/emfoco\/2025\/07\/09\/o-que-acontece-com-seu-corpo-quando-voce-comeca-a-ingerir-aveia-no-cafe-da-manha-todos-os-dias\/"]}]},{"@type":"ImageObject","inLanguage":"pt-BR","@id":"https:\/\/www.em.com.br\/emfoco\/2025\/07\/09\/o-que-acontece-com-seu-corpo-quando-voce-comeca-a-ingerir-aveia-no-cafe-da-manha-todos-os-dias\/#primaryimage","url":"https:\/\/www.em.com.br\/emfoco\/wp-content\/uploads\/2025\/04\/oat_1744291108172.jpg","contentUrl":"https:\/\/www.em.com.br\/emfoco\/wp-content\/uploads\/2025\/04\/oat_1744291108172.jpg","width":1279,"height":720,"caption":"Aveia - Cr\u00e9ditos: depositphotos.com \/ NetPix"},{"@type":"BreadcrumbList","@id":"https:\/\/www.em.com.br\/emfoco\/2025\/07\/09\/o-que-acontece-com-seu-corpo-quando-voce-comeca-a-ingerir-aveia-no-cafe-da-manha-todos-os-dias\/#breadcrumb","itemListElement":[{"@type":"ListItem","position":1,"name":"In\u00edcio","item":"https:\/\/www.em.com.br\/emfoco\/"},{"@type":"ListItem","position":2,"name":"O que acontece com seu corpo quando voc\u00ea come\u00e7a a ingerir aveia no caf\u00e9 da manh\u00e3 todos os dias?"}]},{"@type":"WebSite","@id":"https:\/\/www.em.com.br\/emfoco\/#website","url":"https:\/\/www.em.com.br\/emfoco\/","name":"Estado de Minas - Em foco","description":"Acompanhe as \u00faltimas not\u00edcias e fique bem informado sobre tudo o que acontece em Minas Gerais, Brasil e no mundo.","potentialAction":[{"@type":"SearchAction","target":{"@type":"EntryPoint","urlTemplate":"https:\/\/www.em.com.br\/emfoco\/?s={search_term_string}"},"query-input":{"@type":"PropertyValueSpecification","valueRequired":true,"valueName":"search_term_string"}}],"inLanguage":"pt-BR"},{"@type":"Person","@id":"https:\/\/www.em.com.br\/emfoco\/#\/schema\/person\/1c9ddeab18b98abeffef834667bcf08a","name":"Gabriel Martins","image":{"@type":"ImageObject","inLanguage":"pt-BR","@id":"https:\/\/www.em.com.br\/emfoco\/#\/schema\/person\/image\/","url":"https:\/\/secure.gravatar.com\/avatar\/f0f1e2efdfd88f1ad2cb08c5c2731e50?s=96&d=mm&r=g","contentUrl":"https:\/\/secure.gravatar.com\/avatar\/f0f1e2efdfd88f1ad2cb08c5c2731e50?s=96&d=mm&r=g","caption":"Gabriel Martins"},"sameAs":["https:\/\/www.em.com.br\/emfoco\/"],"url":"https:\/\/www.em.com.br\/emfoco\/author\/gabrielmartinsmyth\/"}]}},"_links":{"self":[{"href":"https:\/\/www.em.com.br\/emfoco\/wp-json\/wp\/v2\/posts\/72542","targetHints":{"allow":["GET"]}}],"collection":[{"href":"https:\/\/www.em.com.br\/emfoco\/wp-json\/wp\/v2\/posts"}],"about":[{"href":"https:\/\/www.em.com.br\/emfoco\/wp-json\/wp\/v2\/types\/post"}],"author":[{"embeddable":true,"href":"https:\/\/www.em.com.br\/emfoco\/wp-json\/wp\/v2\/users\/13"}],"replies":[{"embeddable":true,"href":"https:\/\/www.em.com.br\/emfoco\/wp-json\/wp\/v2\/comments?post=72542"}],"version-history":[{"count":2,"href":"https:\/\/www.em.com.br\/emfoco\/wp-json\/wp\/v2\/posts\/72542\/revisions"}],"predecessor-version":[{"id":72544,"href":"https:\/\/www.em.com.br\/emfoco\/wp-json\/wp\/v2\/posts\/72542\/revisions\/72544"}],"wp:featuredmedia":[{"embeddable":true,"href":"https:\/\/www.em.com.br\/emfoco\/wp-json\/wp\/v2\/media\/36977"}],"wp:attachment":[{"href":"https:\/\/www.em.com.br\/emfoco\/wp-json\/wp\/v2\/media?parent=72542"}],"wp:term":[{"taxonomy":"category","embeddable":true,"href":"https:\/\/www.em.com.br\/emfoco\/wp-json\/wp\/v2\/categories?post=72542"},{"taxonomy":"post_tag","embeddable":true,"href":"https:\/\/www.em.com.br\/emfoco\/wp-json\/wp\/v2\/tags?post=72542"}],"curies":[{"name":"wp","href":"https:\/\/api.w.org\/{rel}","templated":true}]}}