{"id":72439,"date":"2025-07-09T06:48:00","date_gmt":"2025-07-09T09:48:00","guid":{"rendered":"https:\/\/www.em.com.br\/emfoco\/?p=72439"},"modified":"2025-07-08T17:26:43","modified_gmt":"2025-07-08T20:26:43","slug":"como-a-pratica-da-meditacao-guiada-pode-ter-o-mesmo-efeito-que-remedios-antidepressivos","status":"publish","type":"post","link":"https:\/\/www.em.com.br\/emfoco\/2025\/07\/09\/como-a-pratica-da-meditacao-guiada-pode-ter-o-mesmo-efeito-que-remedios-antidepressivos\/","title":{"rendered":"Como a pr\u00e1tica da medita\u00e7\u00e3o guiada pode ter o mesmo efeito que rem\u00e9dios antidepressivos"},"content":{"rendered":"\n<p>A medita\u00e7\u00e3o guiada \u00e9 uma pr\u00e1tica que tem ganhado destaque na sociedade moderna, com pessoas buscando formas de reduzir o estresse e melhorar seu <strong><a href=\"https:\/\/www.em.com.br\/emfoco\/2025\/06\/13\/praticar-a-gratidao-diaria-pode-ser-o-habito-mais-poderoso-para-o-bem-estar-mental\/\" target=\"_blank\" rel=\"noreferrer noopener\">bem-estar mental<\/a><\/strong>. Mas ser\u00e1 que essa t\u00e9cnica funciona de fato? Estudos cient\u00edficos t\u00eam se dedicado a investigar os efeitos desta medita\u00e7\u00e3o e seus potenciais benef\u00edcios. Neste artigo, abordaremos o que a ci\u00eancia revela sobre a efic\u00e1cia da medita\u00e7\u00e3o guiada, considerando diversos aspectos dessa pr\u00e1tica.<\/p>\n\n\n\n<h2 class=\"wp-block-heading\">Como a medita\u00e7\u00e3o guiada afeta o c\u00e9rebro humano?<\/h2>\n\n\n\n<p><strong>Pesquisas indicam que a medita\u00e7\u00e3o guiada pode provocar mudan\u00e7as significativas no funcionamento cerebral.<\/strong> Estudos de neuroimagem mostram que a pr\u00e1tica regular desta medita\u00e7\u00e3o pode aumentar a atividade nas regi\u00f5es do c\u00e9rebro associadas \u00e0 aten\u00e7\u00e3o e \u00e0 autorregula\u00e7\u00e3o. Al\u00e9m disso, h\u00e1 evid\u00eancias de que ela pode diminuir a atividade da am\u00edgdala, uma \u00e1rea relacionada \u00e0 resposta de luta ou fuga, promovendo uma maior sensa\u00e7\u00e3o de calma.<\/p>\n\n\n\n<p>Especialistas acreditam que a medita\u00e7\u00e3o guiada tamb\u00e9m pode aumentar a plasticidade cerebral, permitindo ao c\u00e9rebro adaptar-se mais facilmente a novas informa\u00e7\u00f5es e experi\u00eancias. Essas altera\u00e7\u00f5es podem ser respons\u00e1veis por sentimentos de bem-estar e tranquilidade relatados por muitos praticantes. Recentemente, alguns estudos tamb\u00e9m apontam para uma redu\u00e7\u00e3o dos sintomas de fadiga mental entre os praticantes frequentes dessa t\u00e9cnica, mostrando que o impacto cerebral pode se estender para al\u00e9m do bem-estar imediato.<\/p>\n\n\n\n<figure class=\"wp-block-image size-large\"><img loading=\"lazy\" decoding=\"async\" width=\"1024\" height=\"576\" src=\"https:\/\/www.em.com.br\/emfoco\/wp-content\/uploads\/2025\/07\/Meditacao_1751905430538-1024x576.jpg\" alt=\"Como a pr\u00e1tica da medita\u00e7\u00e3o guiada pode ter o mesmo efeito que rem\u00e9dios antidepressivos\" class=\"wp-image-72457\" srcset=\"https:\/\/www.em.com.br\/emfoco\/wp-content\/uploads\/2025\/07\/Meditacao_1751905430538-1024x576.jpg 1024w, https:\/\/www.em.com.br\/emfoco\/wp-content\/uploads\/2025\/07\/Meditacao_1751905430538-300x169.jpg 300w, https:\/\/www.em.com.br\/emfoco\/wp-content\/uploads\/2025\/07\/Meditacao_1751905430538-768x432.jpg 768w, https:\/\/www.em.com.br\/emfoco\/wp-content\/uploads\/2025\/07\/Meditacao_1751905430538-750x422.jpg 750w, https:\/\/www.em.com.br\/emfoco\/wp-content\/uploads\/2025\/07\/Meditacao_1751905430538-1140x641.jpg 1140w, https:\/\/www.em.com.br\/emfoco\/wp-content\/uploads\/2025\/07\/Meditacao_1751905430538.jpg 1280w\" sizes=\"auto, (max-width: 1024px) 100vw, 1024px\" \/><figcaption class=\"wp-element-caption\">Medita\u00e7\u00e3o &#8211; Cr\u00e9ditos: depositphotos.com \/ AllaSerebrina<\/figcaption><\/figure>\n\n\n\n<h2 class=\"wp-block-heading\">Quais s\u00e3o os benef\u00edcios para a sa\u00fade mental?<\/h2>\n\n\n\n<p><strong>A medita\u00e7\u00e3o guiada tem sido apontada como uma ferramenta eficaz no manejo de condi\u00e7\u00f5es como a ansiedade e a depress\u00e3o.<\/strong> Trabalhos cient\u00edficos relatam uma redu\u00e7\u00e3o significativa nos sintomas de estresse e ansiedade em indiv\u00edduos que praticam a medita\u00e7\u00e3o regularmente. Os participantes desses estudos geralmente apresentam uma diminui\u00e7\u00e3o na produ\u00e7\u00e3o de <strong><a href=\"https:\/\/www.tuasaude.com\/cortisol\/\" target=\"_blank\" rel=\"noreferrer noopener\">cortisol<\/a><\/strong>, o horm\u00f4nio do estresse.<\/p>\n\n\n\n<p>Al\u00e9m disso, outros estudos sugerem que a medita\u00e7\u00e3o guiada pode melhorar a qualidade do sono e aumentar os n\u00edveis de concentra\u00e7\u00e3o. Esses benef\u00edcios est\u00e3o frequentemente associados a um aumento da produ\u00e7\u00e3o de neurotransmissores como a serotonina, que desempenham um papel crucial na regula\u00e7\u00e3o do humor. Novas evid\u00eancias tamb\u00e9m sugerem benef\u00edcios para o manejo do transtorno obsessivo-compulsivo (TOC) e maior resili\u00eancia emocional em adultos expostos a ambientes de alta press\u00e3o.<\/p>\n\n\n\n<h2 class=\"wp-block-heading\">Medita\u00e7\u00e3o guiada \u00e9 eficaz para crian\u00e7as e adolescentes?<\/h2>\n\n\n\n<p><strong>O uso da medita\u00e7\u00e3o guiada em popula\u00e7\u00f5es mais jovens tem mostrado resultados promissores.<\/strong> Algumas pesquisas conclu\u00edram que crian\u00e7as e adolescentes que participam de sess\u00f5es de medita\u00e7\u00e3o guiada demonstram melhorias no foco e no desempenho acad\u00eamico. Tais benef\u00edcios s\u00e3o atribu\u00eddos \u00e0 capacidade da medita\u00e7\u00e3o de promover o relaxamento e reduzir distra\u00e7\u00f5es mentais.<\/p>\n\n\n\n<p>Al\u00e9m do desempenho acad\u00eamico, h\u00e1 relatos de que a medita\u00e7\u00e3o guiada auxilia no desenvolvimento de intelig\u00eancia emocional em jovens. O aumento da empatia e a melhora nas habilidades de comunica\u00e7\u00e3o s\u00e3o algumas das vantagens observadas nos grupos que se envolveram nesta pr\u00e1tica. Em alguns estudos, tamb\u00e9m foi identificada uma redu\u00e7\u00e3o significativa em epis\u00f3dios de agressividade escolar, assim como maior facilidade em lidar com situa\u00e7\u00f5es estressantes do cotidiano.<\/p>\n\n\n\n<h2 class=\"wp-block-heading\">A medita\u00e7\u00e3o guiada pode ajudar no tratamento de doen\u00e7as f\u00edsicas?<\/h2>\n\n\n\n<p><strong>A medita\u00e7\u00e3o guiada n\u00e3o se limita apenas \u00e0 sa\u00fade mental.<\/strong> Estudos exploram seu potencial como complemento no tratamento de doen\u00e7as f\u00edsicas como hipertens\u00e3o e doen\u00e7as card\u00edacas. Ao induzir um estado de relaxamento, essa pr\u00e1tica pode reduzir a press\u00e3o arterial, o que contribui para a sa\u00fade cardiovascular.<\/p>\n\n\n\n<p>Al\u00e9m disso, pessoas que vivem com doen\u00e7as cr\u00f4nicas relatam uma melhora na qualidade de vida ao incorporar a medita\u00e7\u00e3o guiada em suas rotinas di\u00e1rias. A diminui\u00e7\u00e3o do estresse e da percep\u00e7\u00e3o da dor s\u00e3o frequentemente citadas como benef\u00edcios significativos, trazendo tanto conforto quanto uma melhor ades\u00e3o ao tratamento convencional. Evid\u00eancias recentes tamb\u00e9m sugerem que a t\u00e9cnica pode contribuir para a redu\u00e7\u00e3o da inflama\u00e7\u00e3o associada a certos quadros autoimunes.<\/p>\n\n\n\n<h2 class=\"wp-block-heading\">Qual o papel do guia na medita\u00e7\u00e3o guiada e como escolher um?<\/h2>\n\n\n\n<p><strong>O guia na medita\u00e7\u00e3o desempenha um papel crucial na experi\u00eancia do praticante.<\/strong> Um guia experiente pode ajudar a conduzir o praticante para um estado mais profundo de relaxamento atrav\u00e9s de instru\u00e7\u00f5es verbais cuidadosas. \u00c9 importante que o guia tenha um entendimento profundo da t\u00e9cnica e uma abordagem tranquila e envolvente.<\/p>\n\n\n\n<p>Na escolha de um guia, recomenda-se buscar refer\u00eancias e considerar aqueles que t\u00eam forma\u00e7\u00e3o reconhecida em t\u00e9cnicas de medita\u00e7\u00e3o. Plataformas online tamb\u00e9m oferecem uma gama de op\u00e7\u00f5es, desde guias locais at\u00e9 aplicativos que fornecem uma variedade de sess\u00f5es guiadas, permitindo que o usu\u00e1rio escolha aquela que melhor atenda suas necessidades espec\u00edficas. Atualmente, muitos profissionais buscam certifica\u00e7\u00f5es internacionais, o que pode ser um diferencial na hora de optar por um guia qualificado.<\/p>\n","protected":false},"excerpt":{"rendered":"<p>A medita\u00e7\u00e3o guiada \u00e9 uma pr\u00e1tica que tem ganhado destaque na sociedade moderna, com pessoas buscando formas de reduzir o estresse e melhorar seu bem-estar mental. Mas ser\u00e1 que essa t\u00e9cnica funciona de fato? Estudos cient\u00edficos t\u00eam se dedicado a investigar os efeitos desta medita\u00e7\u00e3o e seus potenciais benef\u00edcios. Neste artigo, abordaremos o que a [&hellip;]<\/p>\n","protected":false},"author":13,"featured_media":36001,"comment_status":"open","ping_status":"open","sticky":false,"template":"","format":"standard","meta":{"jnews-multi-image_gallery":[],"jnews_single_post":{"format":"standard"},"jnews_primary_category":[],"jnews_social_meta":[],"jnews_override_counter":[],"footnotes":""},"categories":[8691,1],"tags":[4947,4312,11743,410],"class_list":["post-72439","post","type-post","status-publish","format-standard","has-post-thumbnail","hentry","category-bem-estar","category-noticias","tag-ansiedade","tag-cerebro","tag-meditacao-guiada","tag-saude-mental"],"yoast_head":"<!-- This site is optimized with the Yoast SEO plugin v23.8 - https:\/\/yoast.com\/wordpress\/plugins\/seo\/ -->\n<title>Como a pr\u00e1tica da medita\u00e7\u00e3o guiada pode ter o mesmo efeito que rem\u00e9dios antidepressivos - Estado de Minas - Em foco<\/title>\n<meta name=\"description\" content=\"Medita\u00e7\u00e3o guiada reduz o estresse, melhora o foco e pode aliviar sintomas de ansiedade e depress\u00e3o de forma simples e natural.\" \/>\n<meta name=\"robots\" content=\"index, follow, max-snippet:-1, max-image-preview:large, max-video-preview:-1\" \/>\n<link rel=\"canonical\" href=\"https:\/\/www.em.com.br\/emfoco\/2025\/07\/09\/como-a-pratica-da-meditacao-guiada-pode-ter-o-mesmo-efeito-que-remedios-antidepressivos\/\" \/>\n<meta property=\"og:locale\" content=\"pt_BR\" \/>\n<meta property=\"og:type\" content=\"article\" \/>\n<meta property=\"og:title\" content=\"Como a pr\u00e1tica da medita\u00e7\u00e3o guiada pode ter o mesmo efeito que rem\u00e9dios antidepressivos - Estado de Minas - Em foco\" \/>\n<meta property=\"og:description\" content=\"Medita\u00e7\u00e3o guiada reduz o estresse, melhora o foco e pode aliviar sintomas de ansiedade e depress\u00e3o de forma simples e natural.\" \/>\n<meta property=\"og:url\" content=\"https:\/\/www.em.com.br\/emfoco\/2025\/07\/09\/como-a-pratica-da-meditacao-guiada-pode-ter-o-mesmo-efeito-que-remedios-antidepressivos\/\" \/>\n<meta property=\"og:site_name\" content=\"Estado de Minas - Em foco\" \/>\n<meta property=\"article:published_time\" content=\"2025-07-09T09:48:00+00:00\" \/>\n<meta property=\"article:modified_time\" content=\"2025-07-08T20:26:43+00:00\" \/>\n<meta property=\"og:image\" content=\"https:\/\/www.em.com.br\/emfoco\/wp-content\/uploads\/2025\/04\/meditacao_1744044132091.jpg\" \/>\n\t<meta property=\"og:image:width\" content=\"1280\" \/>\n\t<meta property=\"og:image:height\" content=\"720\" \/>\n\t<meta property=\"og:image:type\" content=\"image\/jpeg\" \/>\n<meta name=\"author\" content=\"Gabriel Martins\" \/>\n<meta name=\"twitter:card\" content=\"summary_large_image\" \/>\n<meta name=\"twitter:label1\" content=\"Escrito por\" \/>\n\t<meta name=\"twitter:data1\" content=\"Gabriel Martins\" \/>\n\t<meta name=\"twitter:label2\" content=\"Est. tempo de leitura\" \/>\n\t<meta name=\"twitter:data2\" content=\"5 minutos\" \/>\n<!-- \/ Yoast SEO plugin. -->","yoast_head_json":{"title":"Como a pr\u00e1tica da medita\u00e7\u00e3o guiada pode ter o mesmo efeito que rem\u00e9dios antidepressivos - Estado de Minas - Em foco","description":"Medita\u00e7\u00e3o guiada reduz o estresse, melhora o foco e pode aliviar sintomas de ansiedade e depress\u00e3o de forma simples e natural.","robots":{"index":"index","follow":"follow","max-snippet":"max-snippet:-1","max-image-preview":"max-image-preview:large","max-video-preview":"max-video-preview:-1"},"canonical":"https:\/\/www.em.com.br\/emfoco\/2025\/07\/09\/como-a-pratica-da-meditacao-guiada-pode-ter-o-mesmo-efeito-que-remedios-antidepressivos\/","og_locale":"pt_BR","og_type":"article","og_title":"Como a pr\u00e1tica da medita\u00e7\u00e3o guiada pode ter o mesmo efeito que rem\u00e9dios antidepressivos - Estado de Minas - Em foco","og_description":"Medita\u00e7\u00e3o guiada reduz o estresse, melhora o foco e pode aliviar sintomas de ansiedade e depress\u00e3o de forma simples e natural.","og_url":"https:\/\/www.em.com.br\/emfoco\/2025\/07\/09\/como-a-pratica-da-meditacao-guiada-pode-ter-o-mesmo-efeito-que-remedios-antidepressivos\/","og_site_name":"Estado de Minas - Em foco","article_published_time":"2025-07-09T09:48:00+00:00","article_modified_time":"2025-07-08T20:26:43+00:00","og_image":[{"width":1280,"height":720,"url":"https:\/\/www.em.com.br\/emfoco\/wp-content\/uploads\/2025\/04\/meditacao_1744044132091.jpg","type":"image\/jpeg"}],"author":"Gabriel Martins","twitter_card":"summary_large_image","twitter_misc":{"Escrito por":"Gabriel Martins","Est. tempo de leitura":"5 minutos"},"schema":{"@context":"https:\/\/schema.org","@graph":[{"@type":"WebPage","@id":"https:\/\/www.em.com.br\/emfoco\/2025\/07\/09\/como-a-pratica-da-meditacao-guiada-pode-ter-o-mesmo-efeito-que-remedios-antidepressivos\/","url":"https:\/\/www.em.com.br\/emfoco\/2025\/07\/09\/como-a-pratica-da-meditacao-guiada-pode-ter-o-mesmo-efeito-que-remedios-antidepressivos\/","name":"Como a pr\u00e1tica da medita\u00e7\u00e3o guiada pode ter o mesmo efeito que rem\u00e9dios antidepressivos - Estado de Minas - Em foco","isPartOf":{"@id":"https:\/\/www.em.com.br\/emfoco\/#website"},"primaryImageOfPage":{"@id":"https:\/\/www.em.com.br\/emfoco\/2025\/07\/09\/como-a-pratica-da-meditacao-guiada-pode-ter-o-mesmo-efeito-que-remedios-antidepressivos\/#primaryimage"},"image":{"@id":"https:\/\/www.em.com.br\/emfoco\/2025\/07\/09\/como-a-pratica-da-meditacao-guiada-pode-ter-o-mesmo-efeito-que-remedios-antidepressivos\/#primaryimage"},"thumbnailUrl":"https:\/\/www.em.com.br\/emfoco\/wp-content\/uploads\/2025\/04\/meditacao_1744044132091.jpg","datePublished":"2025-07-09T09:48:00+00:00","dateModified":"2025-07-08T20:26:43+00:00","author":{"@id":"https:\/\/www.em.com.br\/emfoco\/#\/schema\/person\/1c9ddeab18b98abeffef834667bcf08a"},"description":"Medita\u00e7\u00e3o guiada reduz o estresse, melhora o foco e pode aliviar sintomas de ansiedade e depress\u00e3o de forma simples e natural.","breadcrumb":{"@id":"https:\/\/www.em.com.br\/emfoco\/2025\/07\/09\/como-a-pratica-da-meditacao-guiada-pode-ter-o-mesmo-efeito-que-remedios-antidepressivos\/#breadcrumb"},"inLanguage":"pt-BR","potentialAction":[{"@type":"ReadAction","target":["https:\/\/www.em.com.br\/emfoco\/2025\/07\/09\/como-a-pratica-da-meditacao-guiada-pode-ter-o-mesmo-efeito-que-remedios-antidepressivos\/"]}]},{"@type":"ImageObject","inLanguage":"pt-BR","@id":"https:\/\/www.em.com.br\/emfoco\/2025\/07\/09\/como-a-pratica-da-meditacao-guiada-pode-ter-o-mesmo-efeito-que-remedios-antidepressivos\/#primaryimage","url":"https:\/\/www.em.com.br\/emfoco\/wp-content\/uploads\/2025\/04\/meditacao_1744044132091.jpg","contentUrl":"https:\/\/www.em.com.br\/emfoco\/wp-content\/uploads\/2025\/04\/meditacao_1744044132091.jpg","width":1280,"height":720,"caption":"Medita\u00e7\u00e3o - Cr\u00e9ditos: depositphotos.com \/ IgorVetushko"},{"@type":"BreadcrumbList","@id":"https:\/\/www.em.com.br\/emfoco\/2025\/07\/09\/como-a-pratica-da-meditacao-guiada-pode-ter-o-mesmo-efeito-que-remedios-antidepressivos\/#breadcrumb","itemListElement":[{"@type":"ListItem","position":1,"name":"In\u00edcio","item":"https:\/\/www.em.com.br\/emfoco\/"},{"@type":"ListItem","position":2,"name":"Como a pr\u00e1tica da medita\u00e7\u00e3o guiada pode ter o mesmo efeito que rem\u00e9dios antidepressivos"}]},{"@type":"WebSite","@id":"https:\/\/www.em.com.br\/emfoco\/#website","url":"https:\/\/www.em.com.br\/emfoco\/","name":"Estado de Minas - Em foco","description":"Acompanhe as \u00faltimas not\u00edcias e fique bem informado sobre tudo o que acontece em Minas Gerais, Brasil e no mundo.","potentialAction":[{"@type":"SearchAction","target":{"@type":"EntryPoint","urlTemplate":"https:\/\/www.em.com.br\/emfoco\/?s={search_term_string}"},"query-input":{"@type":"PropertyValueSpecification","valueRequired":true,"valueName":"search_term_string"}}],"inLanguage":"pt-BR"},{"@type":"Person","@id":"https:\/\/www.em.com.br\/emfoco\/#\/schema\/person\/1c9ddeab18b98abeffef834667bcf08a","name":"Gabriel Martins","image":{"@type":"ImageObject","inLanguage":"pt-BR","@id":"https:\/\/www.em.com.br\/emfoco\/#\/schema\/person\/image\/","url":"https:\/\/secure.gravatar.com\/avatar\/f0f1e2efdfd88f1ad2cb08c5c2731e50?s=96&d=mm&r=g","contentUrl":"https:\/\/secure.gravatar.com\/avatar\/f0f1e2efdfd88f1ad2cb08c5c2731e50?s=96&d=mm&r=g","caption":"Gabriel Martins"},"sameAs":["https:\/\/www.em.com.br\/emfoco\/"],"url":"https:\/\/www.em.com.br\/emfoco\/author\/gabrielmartinsmyth\/"}]}},"_links":{"self":[{"href":"https:\/\/www.em.com.br\/emfoco\/wp-json\/wp\/v2\/posts\/72439","targetHints":{"allow":["GET"]}}],"collection":[{"href":"https:\/\/www.em.com.br\/emfoco\/wp-json\/wp\/v2\/posts"}],"about":[{"href":"https:\/\/www.em.com.br\/emfoco\/wp-json\/wp\/v2\/types\/post"}],"author":[{"embeddable":true,"href":"https:\/\/www.em.com.br\/emfoco\/wp-json\/wp\/v2\/users\/13"}],"replies":[{"embeddable":true,"href":"https:\/\/www.em.com.br\/emfoco\/wp-json\/wp\/v2\/comments?post=72439"}],"version-history":[{"count":2,"href":"https:\/\/www.em.com.br\/emfoco\/wp-json\/wp\/v2\/posts\/72439\/revisions"}],"predecessor-version":[{"id":72459,"href":"https:\/\/www.em.com.br\/emfoco\/wp-json\/wp\/v2\/posts\/72439\/revisions\/72459"}],"wp:featuredmedia":[{"embeddable":true,"href":"https:\/\/www.em.com.br\/emfoco\/wp-json\/wp\/v2\/media\/36001"}],"wp:attachment":[{"href":"https:\/\/www.em.com.br\/emfoco\/wp-json\/wp\/v2\/media?parent=72439"}],"wp:term":[{"taxonomy":"category","embeddable":true,"href":"https:\/\/www.em.com.br\/emfoco\/wp-json\/wp\/v2\/categories?post=72439"},{"taxonomy":"post_tag","embeddable":true,"href":"https:\/\/www.em.com.br\/emfoco\/wp-json\/wp\/v2\/tags?post=72439"}],"curies":[{"name":"wp","href":"https:\/\/api.w.org\/{rel}","templated":true}]}}