{"id":72423,"date":"2025-07-07T18:30:00","date_gmt":"2025-07-07T21:30:00","guid":{"rendered":"https:\/\/www.em.com.br\/emfoco\/?p=72423"},"modified":"2025-07-07T13:38:54","modified_gmt":"2025-07-07T16:38:54","slug":"essas-tampinhas-de-garrafas-viraram-algo-incrivel-e-voce-pode-fazer-igual","status":"publish","type":"post","link":"https:\/\/www.em.com.br\/emfoco\/2025\/07\/07\/essas-tampinhas-de-garrafas-viraram-algo-incrivel-e-voce-pode-fazer-igual\/","title":{"rendered":"Essas tampinhas de garrafas viraram algo incr\u00edvel e voc\u00ea pode fazer igual"},"content":{"rendered":"\n<p>Reaproveitar tampinhas para criar objetos funcionais ou decorativos tem se consolidado como alternativa eficiente na promo\u00e7\u00e3o da sustentabilidade. De maneira simples, pessoas de diferentes regi\u00f5es passaram a olhar para as tampinhas de garrafas pl\u00e1sticas e met\u00e1licas como um material cheio de possibilidades. Essa mudan\u00e7a de perspectiva, em boa parte motivada pela necessidade de reduzir res\u00edduos s\u00f3lidos, contribui para h\u00e1bitos mais conscientes no dia a dia, segundo o site <a href=\"https:\/\/terrabrasilnoticias.com\/2025\/06\/5-ideias-incriveis-de-artesanato-com-tampinhas-que-estao-bombando\/\" target=\"_blank\" rel=\"noreferrer noopener\">Terra Brasil Not\u00edcias.<\/a><\/p>\n\n\n\n<p>O crescimento da pr\u00e1tica pode ser percebido no aumento de projetos coletivos e a\u00e7\u00f5es educativas voltadas para o reaproveitamento desses pequenos itens. Muitas escolas e comunidades promovem oficinas para ensinar a transformar tampinhas em pe\u00e7as criativas. Al\u00e9m de beneficiar o meio ambiente, a atividade ainda oferece oportunidade de renda para quem decide se dedicar \u00e0 produ\u00e7\u00e3o e venda dessas novidades sustent\u00e1veis.<\/p>\n\n\n\n<h2 class=\"wp-block-heading\">Quais s\u00e3o as ideias mais vers\u00e1teis para artesanato sustent\u00e1vel com tampinhas?<\/h2>\n\n\n\n<p>No universo do artesanato sustent\u00e1vel com tampinhas, h\u00e1 uma variedade not\u00e1vel de cria\u00e7\u00f5es. Entre as alternativas mais buscadas, est\u00e3o desde quadros art\u00edsticos compostos por tampinhas, at\u00e9 utens\u00edlios para uso dom\u00e9stico ou pessoal. O destaque dessas op\u00e7\u00f5es est\u00e1 na simplicidade do processo aliado ao potencial de customiza\u00e7\u00e3o, tornando cada pe\u00e7a \u00fanica.<\/p>\n\n\n\n<ul class=\"wp-block-list\">\n<li>Pain\u00e9is e quadros para dar cor \u00e0s paredes;<\/li>\n\n\n\n<li>Brinquedos educativos feitos para estimular a criatividade infantil;<\/li>\n\n\n\n<li>Acess\u00f3rios como pulseiras e colares, que surpreendem pela originalidade;<\/li>\n\n\n\n<li>Suportes de mesa, porta-copos ou at\u00e9 organizadores;<\/li>\n\n\n\n<li>Itens comemorativos para datas festivas ou eventos especiais.<\/li>\n<\/ul>\n\n\n\n<h2 class=\"wp-block-heading\">Como transformar tampinhas em mosaicos decorativos?<\/h2>\n\n\n\n<p>Para <a href=\"https:\/\/www.em.com.br\/emfoco\/2025\/07\/06\/seu-cantinho-gamer-com-estilo-e-economia-como-nunca-viu\/\" target=\"_blank\" rel=\"noreferrer noopener\">construir<\/a> mosaicos com tampinhas, o primeiro passo \u00e9 organizar as pe\u00e7as por cor, textura e tamanho. Em seguida, uma base resistente, como madeira ou papel\u00e3o grosso, servir\u00e1 de estrutura para receber as tampinhas. O desenho pretendido pode ser esbo\u00e7ado previamente sobre o suporte, guiando o posicionamento de cada elemento. A aplica\u00e7\u00e3o de cola quente garante que as tampinhas permane\u00e7am firmes, enquanto o tempo de secagem \u00e9 essencial para dar estabilidade \u00e0 pe\u00e7a.<\/p>\n\n\n\n<ol class=\"wp-block-list\">\n<li>Recolha e fa\u00e7a a limpeza das tampinhas;<\/li>\n\n\n\n<li>Separe conforme a tonalidade e dimens\u00f5es;<\/li>\n\n\n\n<li>Escolha uma base e desenhe o motivo desejado;<\/li>\n\n\n\n<li>Cole as tampinhas iniciando pelas bordas;<\/li>\n\n\n\n<li>Preencha os espa\u00e7os centrais e aguarde a secagem total;<\/li>\n\n\n\n<li>Use o mosaico para decorar ambientes internos ou externos.<\/li>\n<\/ol>\n\n\n<div class=\"wp-block-image\">\n<figure class=\"aligncenter size-large\"><img loading=\"lazy\" decoding=\"async\" width=\"1024\" height=\"576\" src=\"https:\/\/www.em.com.br\/emfoco\/wp-content\/uploads\/2025\/07\/tampas-garrafa_1751905185423-1024x576.jpg\" alt=\"Essas tampinhas de garrafas viraram algo incr\u00edvel e voc\u00ea pode fazer igual\" class=\"wp-image-72429\" srcset=\"https:\/\/www.em.com.br\/emfoco\/wp-content\/uploads\/2025\/07\/tampas-garrafa_1751905185423-1024x576.jpg 1024w, https:\/\/www.em.com.br\/emfoco\/wp-content\/uploads\/2025\/07\/tampas-garrafa_1751905185423-300x169.jpg 300w, https:\/\/www.em.com.br\/emfoco\/wp-content\/uploads\/2025\/07\/tampas-garrafa_1751905185423-768x432.jpg 768w, https:\/\/www.em.com.br\/emfoco\/wp-content\/uploads\/2025\/07\/tampas-garrafa_1751905185423-750x422.jpg 750w, https:\/\/www.em.com.br\/emfoco\/wp-content\/uploads\/2025\/07\/tampas-garrafa_1751905185423-1140x641.jpg 1140w, https:\/\/www.em.com.br\/emfoco\/wp-content\/uploads\/2025\/07\/tampas-garrafa_1751905185423.jpg 1280w\" sizes=\"auto, (max-width: 1024px) 100vw, 1024px\" \/><figcaption class=\"wp-element-caption\">Garrafas (Cr\u00e9ditos: depositphotos.com \/ jhjunker)<\/figcaption><\/figure><\/div>\n\n\n<h2 class=\"wp-block-heading\">O artesanato com tampinhas pode ser fonte de aprendizado e renda?<\/h2>\n\n\n\n<p>O uso de tampinhas em atividades artesanais ultrapassa o reaproveitamento de res\u00edduos, representando ferramenta educativa em escolas e projetos sociais. Ao confeccionar brinquedos, acess\u00f3rios ou objetos para a casa, h\u00e1 o desenvolvimento de habilidades motoras, est\u00edmulo \u00e0 criatividade e incentivo ao trabalho em grupo. Para quem busca uma alternativa financeira, vender pe\u00e7as criadas com tampinhas pode complementar a renda mensal, principalmente quando associada a feiras ou lojas virtuais especializadas em produtos ecol\u00f3gicos.<\/p>\n\n\n\n<ul class=\"wp-block-list\">\n<li>Produ\u00e7\u00e3o de pe\u00e7as exclusivas para venda ou doa\u00e7\u00e3o;<\/li>\n\n\n\n<li>Organiza\u00e7\u00e3o de oficinas para crian\u00e7as, jovens ou adultos;<\/li>\n\n\n\n<li>Exposi\u00e7\u00e3o em eventos voltados \u00e0 sustentabilidade;<\/li>\n\n\n\n<li>Divulga\u00e7\u00e3o em redes sociais para ampliar o alcance.<\/li>\n<\/ul>\n\n\n\n<h2 class=\"wp-block-heading\">De que forma as m\u00eddias digitais impactam o artesanato sustent\u00e1vel?<\/h2>\n\n\n\n<p>Nas \u00faltimas temporadas, o compartilhamento de v\u00eddeos e imagens passo a passo tornou-se pe\u00e7a-chave para a difus\u00e3o do artesanato sustent\u00e1vel com tampinhas. Plataformas digitais ajudam a democratizar o acesso \u00e0 informa\u00e7\u00e3o, viabilizando que qualquer pessoa aprenda a confeccionar suas pr\u00f3prias pe\u00e7as ou inove a partir de ideias j\u00e1 conhecidas. A intera\u00e7\u00e3o e o incentivo oriundos dessas comunidades virtuais fortalecem la\u00e7os e impulsionam novos projetos, levando o tema do reaproveitamento para agendas p\u00fablicas e privadas.<\/p>\n\n\n\n<p>Transformar tampinhas em arte, acess\u00f3rios ou utilidades dom\u00e9sticas reflete uma postura transformadora diante dos desafios ambientais. A criatividade dedicada a esses pequenos objetos ilustra o poder de a\u00e7\u00f5es simples na constru\u00e7\u00e3o de uma sociedade mais atenta aos res\u00edduos que gera e ao valor que pode ser extra\u00eddo deles.<\/p>\n","protected":false},"excerpt":{"rendered":"<p>Reaproveitar tampinhas para criar objetos funcionais ou decorativos tem se consolidado como alternativa eficiente na promo\u00e7\u00e3o da sustentabilidade. De maneira simples, pessoas de diferentes regi\u00f5es passaram a olhar para as tampinhas de garrafas pl\u00e1sticas e met\u00e1licas como um material cheio de possibilidades. Essa mudan\u00e7a de perspectiva, em boa parte motivada pela necessidade de reduzir res\u00edduos [&hellip;]<\/p>\n","protected":false},"author":10,"featured_media":72427,"comment_status":"open","ping_status":"open","sticky":false,"template":"","format":"standard","meta":{"jnews-multi-image_gallery":[],"jnews_single_post":{"format":"standard"},"jnews_primary_category":[],"jnews_social_meta":[],"jnews_override_counter":[],"footnotes":""},"categories":[29,1],"tags":[4687,11750,2595,11749],"class_list":["post-72423","post","type-post","status-publish","format-standard","has-post-thumbnail","hentry","category-entretenimento","category-noticias","tag-decoracao","tag-garrafa","tag-reciclagem","tag-tampinhas"],"yoast_head":"<!-- This site is optimized with the Yoast SEO plugin v23.8 - https:\/\/yoast.com\/wordpress\/plugins\/seo\/ -->\n<title>Essas tampinhas de garrafas viraram algo incr\u00edvel e voc\u00ea pode fazer igual - Estado de Minas - Em foco<\/title>\n<meta name=\"description\" content=\"As tampinhas que iriam para o lixo agora ganham vida em mosaicos, acess\u00f3rios e pe\u00e7as criativas. Veja como come\u00e7ar.\" \/>\n<meta name=\"robots\" content=\"index, follow, max-snippet:-1, max-image-preview:large, max-video-preview:-1\" \/>\n<link rel=\"canonical\" href=\"https:\/\/www.em.com.br\/emfoco\/2025\/07\/07\/essas-tampinhas-de-garrafas-viraram-algo-incrivel-e-voce-pode-fazer-igual\/\" \/>\n<meta property=\"og:locale\" content=\"pt_BR\" \/>\n<meta property=\"og:type\" content=\"article\" \/>\n<meta property=\"og:title\" content=\"Essas tampinhas de garrafas viraram algo incr\u00edvel e voc\u00ea pode fazer igual - Estado de Minas - Em foco\" \/>\n<meta property=\"og:description\" content=\"As tampinhas que iriam para o lixo agora ganham vida em mosaicos, acess\u00f3rios e pe\u00e7as criativas. Veja como come\u00e7ar.\" \/>\n<meta property=\"og:url\" content=\"https:\/\/www.em.com.br\/emfoco\/2025\/07\/07\/essas-tampinhas-de-garrafas-viraram-algo-incrivel-e-voce-pode-fazer-igual\/\" \/>\n<meta property=\"og:site_name\" content=\"Estado de Minas - Em foco\" \/>\n<meta property=\"article:published_time\" content=\"2025-07-07T21:30:00+00:00\" \/>\n<meta property=\"article:modified_time\" content=\"2025-07-07T16:38:54+00:00\" \/>\n<meta property=\"og:image\" content=\"https:\/\/www.em.com.br\/emfoco\/wp-content\/uploads\/2025\/07\/tampas-garrafa_1751905158036.jpg\" \/>\n\t<meta property=\"og:image:width\" content=\"1280\" \/>\n\t<meta property=\"og:image:height\" content=\"720\" \/>\n\t<meta property=\"og:image:type\" content=\"image\/jpeg\" \/>\n<meta name=\"author\" content=\"Patryck Reinehr\" \/>\n<meta name=\"twitter:card\" content=\"summary_large_image\" \/>\n<meta name=\"twitter:label1\" content=\"Escrito por\" \/>\n\t<meta name=\"twitter:data1\" content=\"Patryck Reinehr\" \/>\n\t<meta name=\"twitter:label2\" content=\"Est. tempo de leitura\" \/>\n\t<meta name=\"twitter:data2\" content=\"4 minutos\" \/>\n<!-- \/ Yoast SEO plugin. -->","yoast_head_json":{"title":"Essas tampinhas de garrafas viraram algo incr\u00edvel e voc\u00ea pode fazer igual - Estado de Minas - Em foco","description":"As tampinhas que iriam para o lixo agora ganham vida em mosaicos, acess\u00f3rios e pe\u00e7as criativas. Veja como come\u00e7ar.","robots":{"index":"index","follow":"follow","max-snippet":"max-snippet:-1","max-image-preview":"max-image-preview:large","max-video-preview":"max-video-preview:-1"},"canonical":"https:\/\/www.em.com.br\/emfoco\/2025\/07\/07\/essas-tampinhas-de-garrafas-viraram-algo-incrivel-e-voce-pode-fazer-igual\/","og_locale":"pt_BR","og_type":"article","og_title":"Essas tampinhas de garrafas viraram algo incr\u00edvel e voc\u00ea pode fazer igual - Estado de Minas - Em foco","og_description":"As tampinhas que iriam para o lixo agora ganham vida em mosaicos, acess\u00f3rios e pe\u00e7as criativas. Veja como come\u00e7ar.","og_url":"https:\/\/www.em.com.br\/emfoco\/2025\/07\/07\/essas-tampinhas-de-garrafas-viraram-algo-incrivel-e-voce-pode-fazer-igual\/","og_site_name":"Estado de Minas - Em foco","article_published_time":"2025-07-07T21:30:00+00:00","article_modified_time":"2025-07-07T16:38:54+00:00","og_image":[{"width":1280,"height":720,"url":"https:\/\/www.em.com.br\/emfoco\/wp-content\/uploads\/2025\/07\/tampas-garrafa_1751905158036.jpg","type":"image\/jpeg"}],"author":"Patryck Reinehr","twitter_card":"summary_large_image","twitter_misc":{"Escrito por":"Patryck Reinehr","Est. tempo de leitura":"4 minutos"},"schema":{"@context":"https:\/\/schema.org","@graph":[{"@type":"WebPage","@id":"https:\/\/www.em.com.br\/emfoco\/2025\/07\/07\/essas-tampinhas-de-garrafas-viraram-algo-incrivel-e-voce-pode-fazer-igual\/","url":"https:\/\/www.em.com.br\/emfoco\/2025\/07\/07\/essas-tampinhas-de-garrafas-viraram-algo-incrivel-e-voce-pode-fazer-igual\/","name":"Essas tampinhas de garrafas viraram algo incr\u00edvel e voc\u00ea pode fazer igual - Estado de Minas - Em foco","isPartOf":{"@id":"https:\/\/www.em.com.br\/emfoco\/#website"},"primaryImageOfPage":{"@id":"https:\/\/www.em.com.br\/emfoco\/2025\/07\/07\/essas-tampinhas-de-garrafas-viraram-algo-incrivel-e-voce-pode-fazer-igual\/#primaryimage"},"image":{"@id":"https:\/\/www.em.com.br\/emfoco\/2025\/07\/07\/essas-tampinhas-de-garrafas-viraram-algo-incrivel-e-voce-pode-fazer-igual\/#primaryimage"},"thumbnailUrl":"https:\/\/www.em.com.br\/emfoco\/wp-content\/uploads\/2025\/07\/tampas-garrafa_1751905158036.jpg","datePublished":"2025-07-07T21:30:00+00:00","dateModified":"2025-07-07T16:38:54+00:00","author":{"@id":"https:\/\/www.em.com.br\/emfoco\/#\/schema\/person\/43407752bebcbbb4d0ec79deedc0d7ce"},"description":"As tampinhas que iriam para o lixo agora ganham vida em mosaicos, acess\u00f3rios e pe\u00e7as criativas. Veja como come\u00e7ar.","breadcrumb":{"@id":"https:\/\/www.em.com.br\/emfoco\/2025\/07\/07\/essas-tampinhas-de-garrafas-viraram-algo-incrivel-e-voce-pode-fazer-igual\/#breadcrumb"},"inLanguage":"pt-BR","potentialAction":[{"@type":"ReadAction","target":["https:\/\/www.em.com.br\/emfoco\/2025\/07\/07\/essas-tampinhas-de-garrafas-viraram-algo-incrivel-e-voce-pode-fazer-igual\/"]}]},{"@type":"ImageObject","inLanguage":"pt-BR","@id":"https:\/\/www.em.com.br\/emfoco\/2025\/07\/07\/essas-tampinhas-de-garrafas-viraram-algo-incrivel-e-voce-pode-fazer-igual\/#primaryimage","url":"https:\/\/www.em.com.br\/emfoco\/wp-content\/uploads\/2025\/07\/tampas-garrafa_1751905158036.jpg","contentUrl":"https:\/\/www.em.com.br\/emfoco\/wp-content\/uploads\/2025\/07\/tampas-garrafa_1751905158036.jpg","width":1280,"height":720,"caption":"Tampas de garrafa (Cr\u00e9ditos: depositphotos.com \/ tezzstock)"},{"@type":"BreadcrumbList","@id":"https:\/\/www.em.com.br\/emfoco\/2025\/07\/07\/essas-tampinhas-de-garrafas-viraram-algo-incrivel-e-voce-pode-fazer-igual\/#breadcrumb","itemListElement":[{"@type":"ListItem","position":1,"name":"In\u00edcio","item":"https:\/\/www.em.com.br\/emfoco\/"},{"@type":"ListItem","position":2,"name":"Essas tampinhas de garrafas viraram algo incr\u00edvel e voc\u00ea pode fazer igual"}]},{"@type":"WebSite","@id":"https:\/\/www.em.com.br\/emfoco\/#website","url":"https:\/\/www.em.com.br\/emfoco\/","name":"Estado de Minas - Em foco","description":"Acompanhe as \u00faltimas not\u00edcias e fique bem informado sobre tudo o que acontece em Minas Gerais, Brasil e no mundo.","potentialAction":[{"@type":"SearchAction","target":{"@type":"EntryPoint","urlTemplate":"https:\/\/www.em.com.br\/emfoco\/?s={search_term_string}"},"query-input":{"@type":"PropertyValueSpecification","valueRequired":true,"valueName":"search_term_string"}}],"inLanguage":"pt-BR"},{"@type":"Person","@id":"https:\/\/www.em.com.br\/emfoco\/#\/schema\/person\/43407752bebcbbb4d0ec79deedc0d7ce","name":"Patryck Reinehr","image":{"@type":"ImageObject","inLanguage":"pt-BR","@id":"https:\/\/www.em.com.br\/emfoco\/#\/schema\/person\/image\/","url":"https:\/\/secure.gravatar.com\/avatar\/570c7fb2898c0e2df0823196891bea88?s=96&d=mm&r=g","contentUrl":"https:\/\/secure.gravatar.com\/avatar\/570c7fb2898c0e2df0823196891bea88?s=96&d=mm&r=g","caption":"Patryck Reinehr"},"url":"https:\/\/www.em.com.br\/emfoco\/author\/patryckmyth\/"}]}},"_links":{"self":[{"href":"https:\/\/www.em.com.br\/emfoco\/wp-json\/wp\/v2\/posts\/72423","targetHints":{"allow":["GET"]}}],"collection":[{"href":"https:\/\/www.em.com.br\/emfoco\/wp-json\/wp\/v2\/posts"}],"about":[{"href":"https:\/\/www.em.com.br\/emfoco\/wp-json\/wp\/v2\/types\/post"}],"author":[{"embeddable":true,"href":"https:\/\/www.em.com.br\/emfoco\/wp-json\/wp\/v2\/users\/10"}],"replies":[{"embeddable":true,"href":"https:\/\/www.em.com.br\/emfoco\/wp-json\/wp\/v2\/comments?post=72423"}],"version-history":[{"count":2,"href":"https:\/\/www.em.com.br\/emfoco\/wp-json\/wp\/v2\/posts\/72423\/revisions"}],"predecessor-version":[{"id":72436,"href":"https:\/\/www.em.com.br\/emfoco\/wp-json\/wp\/v2\/posts\/72423\/revisions\/72436"}],"wp:featuredmedia":[{"embeddable":true,"href":"https:\/\/www.em.com.br\/emfoco\/wp-json\/wp\/v2\/media\/72427"}],"wp:attachment":[{"href":"https:\/\/www.em.com.br\/emfoco\/wp-json\/wp\/v2\/media?parent=72423"}],"wp:term":[{"taxonomy":"category","embeddable":true,"href":"https:\/\/www.em.com.br\/emfoco\/wp-json\/wp\/v2\/categories?post=72423"},{"taxonomy":"post_tag","embeddable":true,"href":"https:\/\/www.em.com.br\/emfoco\/wp-json\/wp\/v2\/tags?post=72423"}],"curies":[{"name":"wp","href":"https:\/\/api.w.org\/{rel}","templated":true}]}}