{"id":72310,"date":"2025-07-09T07:48:00","date_gmt":"2025-07-09T10:48:00","guid":{"rendered":"https:\/\/www.em.com.br\/emfoco\/?p=72310"},"modified":"2025-07-08T17:26:53","modified_gmt":"2025-07-08T20:26:53","slug":"voce-ja-lembrou-de-coisas-que-nunca-aconteceram-entenda-como-o-efeito-mandela-atua-na-memoria-coletiva","status":"publish","type":"post","link":"https:\/\/www.em.com.br\/emfoco\/2025\/07\/09\/voce-ja-lembrou-de-coisas-que-nunca-aconteceram-entenda-como-o-efeito-mandela-atua-na-memoria-coletiva\/","title":{"rendered":"Voc\u00ea j\u00e1 lembrou de coisas que nunca aconteceram? Entenda como o efeito Mandela atua na mem\u00f3ria coletiva"},"content":{"rendered":"\n<p>Em um mundo cada vez mais interconectado, a forma como lembramos os eventos \u00e9 muitas vezes sujeita a distor\u00e7\u00f5es colectivas. Este fen\u00f4meno, conhecido como <strong>efeito Mandela<\/strong>, leva a uma intrigante explora\u00e7\u00e3o de como mem\u00f3rias compartilhadas podem ser imprecisas. Mas o que \u00e9 exatamente o efeito Mandela? E por que tantas pessoas lembram eventos de forma semelhante, mas incorreta?<\/p>\n\n\n\n<h2 class=\"wp-block-heading\">O que \u00e9 o efeito Mandela e como surgiu esse termo?<\/h2>\n\n\n\n<p><strong>O termo &#8220;efeito Mandela&#8221; foi cunhado em 2009 por Fiona Broome, ap\u00f3s ela descobrir que n\u00e3o estava sozinha em suas mem\u00f3rias erradas sobre a morte de <a href=\"https:\/\/brasilescola.uol.com.br\/biografia\/nelson-mandela.htm\" target=\"_blank\" rel=\"noreferrer noopener\">Nelson Mandela<\/a>.<\/strong> Muitas pessoas, incluindo Broome, lembravam vividamente que Mandela havia falecido na pris\u00e3o na d\u00e9cada de 1980. No entanto, Mandela saiu da pris\u00e3o e faleceu apenas em 2013.<\/p>\n\n\n\n<p>Este fen\u00f4meno despertou a curiosidade sobre como tantas pessoas poderiam compartilhar uma mem\u00f3ria falsa em comum. Essa discrep\u00e2ncia demonstrou que as mem\u00f3rias podem ser moldadas por fatores sociais e de contexto, criando um campo fascinante para estudo.<\/p>\n\n\n\n<figure class=\"wp-block-image size-large\"><img loading=\"lazy\" decoding=\"async\" width=\"1024\" height=\"576\" src=\"https:\/\/www.em.com.br\/emfoco\/wp-content\/uploads\/2025\/07\/Pensando_1751904545572-1024x576.jpg\" alt=\"Voc\u00ea j\u00e1 lembrou de coisas que nunca aconteceram? Entenda como o efeito Mandela atua na mem\u00f3ria coletiva\" class=\"wp-image-72409\" srcset=\"https:\/\/www.em.com.br\/emfoco\/wp-content\/uploads\/2025\/07\/Pensando_1751904545572-1024x576.jpg 1024w, https:\/\/www.em.com.br\/emfoco\/wp-content\/uploads\/2025\/07\/Pensando_1751904545572-300x169.jpg 300w, https:\/\/www.em.com.br\/emfoco\/wp-content\/uploads\/2025\/07\/Pensando_1751904545572-768x432.jpg 768w, https:\/\/www.em.com.br\/emfoco\/wp-content\/uploads\/2025\/07\/Pensando_1751904545572-750x422.jpg 750w, https:\/\/www.em.com.br\/emfoco\/wp-content\/uploads\/2025\/07\/Pensando_1751904545572-1140x641.jpg 1140w, https:\/\/www.em.com.br\/emfoco\/wp-content\/uploads\/2025\/07\/Pensando_1751904545572.jpg 1280w\" sizes=\"auto, (max-width: 1024px) 100vw, 1024px\" \/><figcaption class=\"wp-element-caption\">Homem pensando &#8211; Cr\u00e9ditos: depositphotos.com \/ AllaSerebrina<\/figcaption><\/figure>\n\n\n\n<h2 class=\"wp-block-heading\">Por que tantas pessoas compartilham mem\u00f3rias falsas?<\/h2>\n\n\n\n<p><strong>Mem\u00f3rias falsas podem ser o resultado de uma combina\u00e7\u00e3o de fatores, incluindo confirma\u00e7\u00e3o social, onde ouvimos uma informa\u00e7\u00e3o errada tantas vezes que ela se torna uma verdade aceita, e a influ\u00eancia das m\u00eddias sociais, que facilitam a dissemina\u00e7\u00e3o r\u00e1pida de informa\u00e7\u00f5es incorretas.<\/strong> A press\u00e3o para concordar com a maioria pode jogar um papel crucial.<\/p>\n\n\n\n<p>Outra explica\u00e7\u00e3o reside no funcionamento da nossa mem\u00f3ria, que n\u00e3o grava informa\u00e7\u00f5es como uma grava\u00e7\u00e3o de v\u00eddeo. Em vez disso, a mem\u00f3ria \u00e9 reconstrutiva, significando que ela muda com o tempo, com nova informa\u00e7\u00e3o tendo uma influ\u00eancia significativa.<\/p>\n\n\n\n<h2 class=\"wp-block-heading\">Quais s\u00e3o alguns exemplos populares do efeito Mandela?<\/h2>\n\n\n\n<p><strong>Existem in\u00fameros exemplos do efeito Mandela que desafiam a percep\u00e7\u00e3o coletiva.<\/strong> Um exemplo comum envolve a s\u00e9rie de <strong><a href=\"https:\/\/www.em.com.br\/emfoco\/2025\/06\/09\/conheca-os-livros-que-estao-fazendo-sucesso-para-quem-deseja-aumentar-a-autoestima-e-a-confianca\/\" target=\"_blank\" rel=\"noreferrer noopener\">livros <\/a><\/strong>infantis &#8220;Berenstain Bears&#8221;, que muitos se lembram como &#8220;Berenstein Bears&#8221;. Outro caso not\u00e1vel \u00e9 a famosa frase &#8220;Luke, eu sou seu pai&#8221;, do filme <em>Star Wars<\/em>, que na realidade \u00e9 &#8220;N\u00e3o, eu sou seu pai&#8221;.<\/p>\n\n\n\n<p>Esses exemplos demonstram como pequenos detalhes escapam da mem\u00f3ria coletiva, criando uma realidade alternativa que, para muitos, pareceu ser verdade por anos. A sensa\u00e7\u00e3o de descren\u00e7a ao descobrir a verdade \u00e9 uma parte chave do mist\u00e9rio do efeito Mandela. Um outro exemplo famoso, em contexto brasileiro, \u00e9 a lembran\u00e7a coletiva de que a personagem <strong>Magali<\/strong>, da <strong>Turma da M\u00f4nica<\/strong>, teria um coelhinho de pel\u00facia igual ao da <strong>M\u00f4nica<\/strong>, algo que nunca aconteceu oficialmente nas hist\u00f3rias.<\/p>\n\n\n\n<h2 class=\"wp-block-heading\">Como a ci\u00eancia explica o efeito Mandela?<\/h2>\n\n\n\n<p><strong>A ci\u00eancia ofereceu v\u00e1rias teorias sobre por que o efeito Mandela acontece.<\/strong> Uma hip\u00f3tese sugere que mem\u00f3rias falsas s\u00e3o criadas como resultado de processos psicol\u00f3gicos complexos, como erros na codifica\u00e7\u00e3o da mem\u00f3ria ou no fen\u00f4meno social chamado <em>falsa consci\u00eancia<\/em>.<\/p>\n\n\n\n<p>Outra teoria prop\u00f5e que as mem\u00f3rias s\u00e3o influenciadas por fen\u00f4menos culturais e sociais, al\u00e9m de vieses cognitivos que nos levam a lembrar informa\u00e7\u00f5es de maneira incompat\u00edvel com a realidade. Estudar o efeito Mandela tamb\u00e9m ajuda a cientistas a compreender como a mem\u00f3ria coletiva \u00e9 constru\u00edda e modificada ao longo do tempo. Avan\u00e7os recentes nas neuroci\u00eancias indicam que regi\u00f5es do c\u00e9rebro associadas ao processamento de mem\u00f3rias podem ser especialmente sens\u00edveis \u00e0 influ\u00eancia do contexto social.<\/p>\n\n\n\n<h2 class=\"wp-block-heading\">O que realmente podemos tirar do efeito Mandela em termos de aprendizado?<\/h2>\n\n\n\n<p><strong>O efeito Mandela destaca a vulnerabilidade de nossas lembran\u00e7as e a import\u00e2ncia de questionar a precis\u00e3o das mem\u00f3rias coletivas.<\/strong> Ele sugere a necessidade de uma abordagem cr\u00edtica e informada ao lidar com informa\u00e7\u00f5es, incentivando a verifica\u00e7\u00e3o e a valida\u00e7\u00e3o dos fatos antes de aceit\u00e1-los como verdadeiros.<\/p>\n\n\n\n<p>A conscientiza\u00e7\u00e3o do efeito Mandela tamb\u00e9m pode promover um envolvimento maior com a m\u00eddia de forma saud\u00e1vel, incentivando os indiv\u00edduos a n\u00e3o apenas absorver passivamente informa\u00e7\u00f5es, mas interagir ativamente com elas, buscando continuamente a precis\u00e3o e evitando o vi\u00e9s de confirma\u00e7\u00e3o. Compreender este efeito \u00e9 um passo para melhorar n\u00e3o apenas o conhecimento pessoal, mas tamb\u00e9m a cultura coletiva da informa\u00e7\u00e3o.<\/p>\n","protected":false},"excerpt":{"rendered":"<p>Em um mundo cada vez mais interconectado, a forma como lembramos os eventos \u00e9 muitas vezes sujeita a distor\u00e7\u00f5es colectivas. Este fen\u00f4meno, conhecido como efeito Mandela, leva a uma intrigante explora\u00e7\u00e3o de como mem\u00f3rias compartilhadas podem ser imprecisas. Mas o que \u00e9 exatamente o efeito Mandela? E por que tantas pessoas lembram eventos de forma [&hellip;]<\/p>\n","protected":false},"author":13,"featured_media":72408,"comment_status":"open","ping_status":"open","sticky":false,"template":"","format":"standard","meta":{"jnews-multi-image_gallery":[],"jnews_single_post":{"format":"standard"},"jnews_primary_category":[],"jnews_social_meta":[],"jnews_override_counter":[],"footnotes":""},"categories":[8819,1],"tags":[11723,11725,11724,5155],"class_list":["post-72310","post","type-post","status-publish","format-standard","has-post-thumbnail","hentry","category-curiosidades","category-noticias","tag-efeito-mandela","tag-fenomeno-social","tag-memoria-coletiva","tag-psicologia"],"yoast_head":"<!-- This site is optimized with the Yoast SEO plugin v23.8 - https:\/\/yoast.com\/wordpress\/plugins\/seo\/ -->\n<title>Voc\u00ea j\u00e1 lembrou de coisas que nunca aconteceram? Entenda como o efeito Mandela atua na mem\u00f3ria coletiva - Estado de Minas - Em foco<\/title>\n<meta name=\"description\" content=\"O Efeito Mandela mostra como mem\u00f3rias falsas podem ser compartilhadas por milhares. Conhe\u00e7a exemplos que voc\u00ea tamb\u00e9m pode ter errado.\" \/>\n<meta name=\"robots\" content=\"index, follow, max-snippet:-1, max-image-preview:large, max-video-preview:-1\" \/>\n<link rel=\"canonical\" href=\"https:\/\/www.em.com.br\/emfoco\/2025\/07\/09\/voce-ja-lembrou-de-coisas-que-nunca-aconteceram-entenda-como-o-efeito-mandela-atua-na-memoria-coletiva\/\" \/>\n<meta property=\"og:locale\" content=\"pt_BR\" \/>\n<meta property=\"og:type\" content=\"article\" \/>\n<meta property=\"og:title\" content=\"Voc\u00ea j\u00e1 lembrou de coisas que nunca aconteceram? Entenda como o efeito Mandela atua na mem\u00f3ria coletiva - Estado de Minas - Em foco\" \/>\n<meta property=\"og:description\" content=\"O Efeito Mandela mostra como mem\u00f3rias falsas podem ser compartilhadas por milhares. Conhe\u00e7a exemplos que voc\u00ea tamb\u00e9m pode ter errado.\" \/>\n<meta property=\"og:url\" content=\"https:\/\/www.em.com.br\/emfoco\/2025\/07\/09\/voce-ja-lembrou-de-coisas-que-nunca-aconteceram-entenda-como-o-efeito-mandela-atua-na-memoria-coletiva\/\" \/>\n<meta property=\"og:site_name\" content=\"Estado de Minas - Em foco\" \/>\n<meta property=\"article:published_time\" content=\"2025-07-09T10:48:00+00:00\" \/>\n<meta property=\"article:modified_time\" content=\"2025-07-08T20:26:53+00:00\" \/>\n<meta property=\"og:image\" content=\"https:\/\/www.em.com.br\/emfoco\/wp-content\/uploads\/2025\/07\/Pensando_1751904515548.jpg\" \/>\n\t<meta property=\"og:image:width\" content=\"1280\" \/>\n\t<meta property=\"og:image:height\" content=\"720\" \/>\n\t<meta property=\"og:image:type\" content=\"image\/jpeg\" \/>\n<meta name=\"author\" content=\"Gabriel Martins\" \/>\n<meta name=\"twitter:card\" content=\"summary_large_image\" \/>\n<meta name=\"twitter:label1\" content=\"Escrito por\" \/>\n\t<meta name=\"twitter:data1\" content=\"Gabriel Martins\" \/>\n\t<meta name=\"twitter:label2\" content=\"Est. tempo de leitura\" \/>\n\t<meta name=\"twitter:data2\" content=\"4 minutos\" \/>\n<!-- \/ Yoast SEO plugin. -->","yoast_head_json":{"title":"Voc\u00ea j\u00e1 lembrou de coisas que nunca aconteceram? Entenda como o efeito Mandela atua na mem\u00f3ria coletiva - Estado de Minas - Em foco","description":"O Efeito Mandela mostra como mem\u00f3rias falsas podem ser compartilhadas por milhares. Conhe\u00e7a exemplos que voc\u00ea tamb\u00e9m pode ter errado.","robots":{"index":"index","follow":"follow","max-snippet":"max-snippet:-1","max-image-preview":"max-image-preview:large","max-video-preview":"max-video-preview:-1"},"canonical":"https:\/\/www.em.com.br\/emfoco\/2025\/07\/09\/voce-ja-lembrou-de-coisas-que-nunca-aconteceram-entenda-como-o-efeito-mandela-atua-na-memoria-coletiva\/","og_locale":"pt_BR","og_type":"article","og_title":"Voc\u00ea j\u00e1 lembrou de coisas que nunca aconteceram? Entenda como o efeito Mandela atua na mem\u00f3ria coletiva - Estado de Minas - Em foco","og_description":"O Efeito Mandela mostra como mem\u00f3rias falsas podem ser compartilhadas por milhares. Conhe\u00e7a exemplos que voc\u00ea tamb\u00e9m pode ter errado.","og_url":"https:\/\/www.em.com.br\/emfoco\/2025\/07\/09\/voce-ja-lembrou-de-coisas-que-nunca-aconteceram-entenda-como-o-efeito-mandela-atua-na-memoria-coletiva\/","og_site_name":"Estado de Minas - Em foco","article_published_time":"2025-07-09T10:48:00+00:00","article_modified_time":"2025-07-08T20:26:53+00:00","og_image":[{"width":1280,"height":720,"url":"https:\/\/www.em.com.br\/emfoco\/wp-content\/uploads\/2025\/07\/Pensando_1751904515548.jpg","type":"image\/jpeg"}],"author":"Gabriel Martins","twitter_card":"summary_large_image","twitter_misc":{"Escrito por":"Gabriel Martins","Est. tempo de leitura":"4 minutos"},"schema":{"@context":"https:\/\/schema.org","@graph":[{"@type":"WebPage","@id":"https:\/\/www.em.com.br\/emfoco\/2025\/07\/09\/voce-ja-lembrou-de-coisas-que-nunca-aconteceram-entenda-como-o-efeito-mandela-atua-na-memoria-coletiva\/","url":"https:\/\/www.em.com.br\/emfoco\/2025\/07\/09\/voce-ja-lembrou-de-coisas-que-nunca-aconteceram-entenda-como-o-efeito-mandela-atua-na-memoria-coletiva\/","name":"Voc\u00ea j\u00e1 lembrou de coisas que nunca aconteceram? Entenda como o efeito Mandela atua na mem\u00f3ria coletiva - Estado de Minas - Em foco","isPartOf":{"@id":"https:\/\/www.em.com.br\/emfoco\/#website"},"primaryImageOfPage":{"@id":"https:\/\/www.em.com.br\/emfoco\/2025\/07\/09\/voce-ja-lembrou-de-coisas-que-nunca-aconteceram-entenda-como-o-efeito-mandela-atua-na-memoria-coletiva\/#primaryimage"},"image":{"@id":"https:\/\/www.em.com.br\/emfoco\/2025\/07\/09\/voce-ja-lembrou-de-coisas-que-nunca-aconteceram-entenda-como-o-efeito-mandela-atua-na-memoria-coletiva\/#primaryimage"},"thumbnailUrl":"https:\/\/www.em.com.br\/emfoco\/wp-content\/uploads\/2025\/07\/Pensando_1751904515548.jpg","datePublished":"2025-07-09T10:48:00+00:00","dateModified":"2025-07-08T20:26:53+00:00","author":{"@id":"https:\/\/www.em.com.br\/emfoco\/#\/schema\/person\/1c9ddeab18b98abeffef834667bcf08a"},"description":"O Efeito Mandela mostra como mem\u00f3rias falsas podem ser compartilhadas por milhares. Conhe\u00e7a exemplos que voc\u00ea tamb\u00e9m pode ter errado.","breadcrumb":{"@id":"https:\/\/www.em.com.br\/emfoco\/2025\/07\/09\/voce-ja-lembrou-de-coisas-que-nunca-aconteceram-entenda-como-o-efeito-mandela-atua-na-memoria-coletiva\/#breadcrumb"},"inLanguage":"pt-BR","potentialAction":[{"@type":"ReadAction","target":["https:\/\/www.em.com.br\/emfoco\/2025\/07\/09\/voce-ja-lembrou-de-coisas-que-nunca-aconteceram-entenda-como-o-efeito-mandela-atua-na-memoria-coletiva\/"]}]},{"@type":"ImageObject","inLanguage":"pt-BR","@id":"https:\/\/www.em.com.br\/emfoco\/2025\/07\/09\/voce-ja-lembrou-de-coisas-que-nunca-aconteceram-entenda-como-o-efeito-mandela-atua-na-memoria-coletiva\/#primaryimage","url":"https:\/\/www.em.com.br\/emfoco\/wp-content\/uploads\/2025\/07\/Pensando_1751904515548.jpg","contentUrl":"https:\/\/www.em.com.br\/emfoco\/wp-content\/uploads\/2025\/07\/Pensando_1751904515548.jpg","width":1280,"height":720,"caption":"Homem pensando - Cr\u00e9ditos: depositphotos.com \/ Krakenimages.com"},{"@type":"BreadcrumbList","@id":"https:\/\/www.em.com.br\/emfoco\/2025\/07\/09\/voce-ja-lembrou-de-coisas-que-nunca-aconteceram-entenda-como-o-efeito-mandela-atua-na-memoria-coletiva\/#breadcrumb","itemListElement":[{"@type":"ListItem","position":1,"name":"In\u00edcio","item":"https:\/\/www.em.com.br\/emfoco\/"},{"@type":"ListItem","position":2,"name":"Voc\u00ea j\u00e1 lembrou de coisas que nunca aconteceram? Entenda como o efeito Mandela atua na mem\u00f3ria coletiva"}]},{"@type":"WebSite","@id":"https:\/\/www.em.com.br\/emfoco\/#website","url":"https:\/\/www.em.com.br\/emfoco\/","name":"Estado de Minas - Em foco","description":"Acompanhe as \u00faltimas not\u00edcias e fique bem informado sobre tudo o que acontece em Minas Gerais, Brasil e no mundo.","potentialAction":[{"@type":"SearchAction","target":{"@type":"EntryPoint","urlTemplate":"https:\/\/www.em.com.br\/emfoco\/?s={search_term_string}"},"query-input":{"@type":"PropertyValueSpecification","valueRequired":true,"valueName":"search_term_string"}}],"inLanguage":"pt-BR"},{"@type":"Person","@id":"https:\/\/www.em.com.br\/emfoco\/#\/schema\/person\/1c9ddeab18b98abeffef834667bcf08a","name":"Gabriel Martins","image":{"@type":"ImageObject","inLanguage":"pt-BR","@id":"https:\/\/www.em.com.br\/emfoco\/#\/schema\/person\/image\/","url":"https:\/\/secure.gravatar.com\/avatar\/f0f1e2efdfd88f1ad2cb08c5c2731e50?s=96&d=mm&r=g","contentUrl":"https:\/\/secure.gravatar.com\/avatar\/f0f1e2efdfd88f1ad2cb08c5c2731e50?s=96&d=mm&r=g","caption":"Gabriel Martins"},"sameAs":["https:\/\/www.em.com.br\/emfoco\/"],"url":"https:\/\/www.em.com.br\/emfoco\/author\/gabrielmartinsmyth\/"}]}},"_links":{"self":[{"href":"https:\/\/www.em.com.br\/emfoco\/wp-json\/wp\/v2\/posts\/72310","targetHints":{"allow":["GET"]}}],"collection":[{"href":"https:\/\/www.em.com.br\/emfoco\/wp-json\/wp\/v2\/posts"}],"about":[{"href":"https:\/\/www.em.com.br\/emfoco\/wp-json\/wp\/v2\/types\/post"}],"author":[{"embeddable":true,"href":"https:\/\/www.em.com.br\/emfoco\/wp-json\/wp\/v2\/users\/13"}],"replies":[{"embeddable":true,"href":"https:\/\/www.em.com.br\/emfoco\/wp-json\/wp\/v2\/comments?post=72310"}],"version-history":[{"count":2,"href":"https:\/\/www.em.com.br\/emfoco\/wp-json\/wp\/v2\/posts\/72310\/revisions"}],"predecessor-version":[{"id":72410,"href":"https:\/\/www.em.com.br\/emfoco\/wp-json\/wp\/v2\/posts\/72310\/revisions\/72410"}],"wp:featuredmedia":[{"embeddable":true,"href":"https:\/\/www.em.com.br\/emfoco\/wp-json\/wp\/v2\/media\/72408"}],"wp:attachment":[{"href":"https:\/\/www.em.com.br\/emfoco\/wp-json\/wp\/v2\/media?parent=72310"}],"wp:term":[{"taxonomy":"category","embeddable":true,"href":"https:\/\/www.em.com.br\/emfoco\/wp-json\/wp\/v2\/categories?post=72310"},{"taxonomy":"post_tag","embeddable":true,"href":"https:\/\/www.em.com.br\/emfoco\/wp-json\/wp\/v2\/tags?post=72310"}],"curies":[{"name":"wp","href":"https:\/\/api.w.org\/{rel}","templated":true}]}}