{"id":72230,"date":"2025-07-09T21:38:25","date_gmt":"2025-07-10T00:38:25","guid":{"rendered":"https:\/\/www.em.com.br\/emfoco\/?p=72230"},"modified":"2025-07-08T17:15:49","modified_gmt":"2025-07-08T20:15:49","slug":"rir-com-frequencia-faz-bem-para-o-cerebro-e-o-coracao","status":"publish","type":"post","link":"https:\/\/www.em.com.br\/emfoco\/2025\/07\/09\/rir-com-frequencia-faz-bem-para-o-cerebro-e-o-coracao\/","title":{"rendered":"Rir com frequ\u00eancia faz bem para o c\u00e9rebro e o cora\u00e7\u00e3o"},"content":{"rendered":"\n<p>O riso, uma express\u00e3o universalmente conhecida, tem o poder de transformar momentos e conectar pessoas. Mas al\u00e9m da sua fun\u00e7\u00e3o social, o riso desempenha pap\u00e9is importantes em v\u00e1rias \u00e1reas, incluindo a sa\u00fade mental e f\u00edsica. Estudos revelam que o ato de rir pode reduzir horm\u00f4nios do estresse, melhorar o sistema imunol\u00f3gico e servir como uma ferramenta eficaz no al\u00edvio da dor. Com base nessas descobertas, muitos profissionais de sa\u00fade est\u00e3o explorando o riso como um complemento para tratamentos m\u00e9dicos tradicionais.<\/p>\n\n\n\n<p>Em tempos modernos, onde o estresse \u00e9 predominante, o riso vem ganhando aten\u00e7\u00e3o como uma terapia complementar. O conceito de &#8220;terapia do riso&#8221; j\u00e1 \u00e9 aplicado em v\u00e1rios m\u00e9todos psicoterap\u00eauticos. Institui\u00e7\u00f5es de sa\u00fade utilizam sess\u00f5es de riso para promover relaxamento mental e f\u00edsico, al\u00e9m de melhorar a <a href=\"https:\/\/www.em.com.br\/emfoco\/2025\/07\/06\/esse-e-o-exercicio-mais-eficaz-para-definir-o-abdomen-rapido-sem-aparelhos\/\" target=\"_blank\" rel=\"noreferrer noopener\">qualidade <\/a>de vida dos pacientes. A ci\u00eancia por tr\u00e1s disso sugere que o riso pode alterar a qu\u00edmica do c\u00e9rebro, liberando endorfinas que promovem a sensa\u00e7\u00e3o de bem-estar.<\/p>\n\n\n\n<h2 class=\"wp-block-heading\">Como o riso influencia a sa\u00fade mental?<\/h2>\n\n\n\n<p>Rir proporciona al\u00edvio do estresse e melhora o humor, desempenhando um papel significativo na sa\u00fade mental. Quando se ri, o corpo libera endorfinas, que s\u00e3o horm\u00f4nios respons\u00e1veis pela sensa\u00e7\u00e3o de felicidade e bem-estar. Al\u00e9m disso, o riso diminui a libera\u00e7\u00e3o de cortisol, conhecido como o horm\u00f4nio do estresse, criando um ambiente mental mais equilibrado e positivo.<\/p>\n\n\n\n<p>Al\u00e9m de impactar diretamente o estado emocional, o riso tem efeitos prolongados no bem-estar psicol\u00f3gico. Ele ajuda a criar um distanciamento de preocupa\u00e7\u00f5es di\u00e1rias e favorece o relaxamento, permitindo que pensamentos e sentimentos mais positivos prevale\u00e7am. Portanto, incorporar mais momentos de riso no cotidiano pode resultar em uma mente mais s\u00e3 e uma atitude mais resiliente diante dos desafios.<\/p>\n\n\n<div class=\"wp-block-image\">\n<figure class=\"aligncenter size-large\"><img loading=\"lazy\" decoding=\"async\" width=\"1024\" height=\"576\" src=\"https:\/\/www.em.com.br\/emfoco\/wp-content\/uploads\/2025\/07\/rir_1751893353801-1024x576.jpg\" alt=\"Rir com frequ\u00eancia\" class=\"wp-image-72234\" srcset=\"https:\/\/www.em.com.br\/emfoco\/wp-content\/uploads\/2025\/07\/rir_1751893353801-1024x576.jpg 1024w, https:\/\/www.em.com.br\/emfoco\/wp-content\/uploads\/2025\/07\/rir_1751893353801-300x169.jpg 300w, https:\/\/www.em.com.br\/emfoco\/wp-content\/uploads\/2025\/07\/rir_1751893353801-768x432.jpg 768w, https:\/\/www.em.com.br\/emfoco\/wp-content\/uploads\/2025\/07\/rir_1751893353801-750x422.jpg 750w, https:\/\/www.em.com.br\/emfoco\/wp-content\/uploads\/2025\/07\/rir_1751893353801-1140x641.jpg 1140w, https:\/\/www.em.com.br\/emfoco\/wp-content\/uploads\/2025\/07\/rir_1751893353801.jpg 1280w\" sizes=\"auto, (max-width: 1024px) 100vw, 1024px\" \/><figcaption class=\"wp-element-caption\">Rir com frequ\u00eancia &#8211; Cr\u00e9ditos: depositphotos.com \/ IgorVetushko<\/figcaption><\/figure><\/div>\n\n\n<h2 class=\"wp-block-heading\">O riso pode realmente melhorar a sa\u00fade f\u00edsica?<\/h2>\n\n\n\n<p>Estudos cient\u00edficos indicam que o riso pode ter numerosos benef\u00edcios para a sa\u00fade f\u00edsica. Durante uma boa risada, s\u00e3o ativados os sistemas cardiovascular e respirat\u00f3rio, aumentando a oxigena\u00e7\u00e3o do sangue e estimulando a circula\u00e7\u00e3o. Esta resposta pode fortalecer o cora\u00e7\u00e3o e os vasos sangu\u00edneos, aumentando assim a resist\u00eancia f\u00edsica e reduzindo o risco de doen\u00e7as card\u00edacas.<\/p>\n\n\n\n<p>Al\u00e9m disso, o riso frequente promove benef\u00edcios ao sistema imunol\u00f3gico. Ele estimula a produ\u00e7\u00e3o de c\u00e9lulas respons\u00e1veis pela defesa do corpo contra agentes patog\u00eanicos. Assim, integrar o riso ao dia a dia pode ser uma forma simples e agrad\u00e1vel de alavancar a sa\u00fade geral do corpo.<\/p>\n\n\n\n<h2 class=\"wp-block-heading\">O riso pode ser utilizado como ferramenta terap\u00eautica?<\/h2>\n\n\n\n<p>A utiliza\u00e7\u00e3o do riso como ferramenta terap\u00eautica tem se mostrado promissora em diversas aplica\u00e7\u00f5es. Interven\u00e7\u00f5es como a &#8220;risoterapia&#8221; est\u00e3o sendo adaptadas em tratamentos de doen\u00e7as <a href=\"https:\/\/www.cnnbrasil.com.br\/saude\/rir-faz-bem-para-corpo-e-alma-veja-5-beneficios-da-risada\/\" target=\"_blank\" rel=\"noreferrer noopener\">cr\u00f4nicas<\/a>, destacando-se no aux\u00edlio ao controle da dor e redu\u00e7\u00e3o da ansiedade. O riso induz uma resposta relaxante que pode ajudar a diminuir a tens\u00e3o muscular prejudicial associada a estados de dor.<\/p>\n\n\n\n<p>Em ambientes hospitalares, grupos de terapia do riso est\u00e3o sendo implementados para melhorar o estado de \u00e2nimo de pacientes. Essas sess\u00f5es coletivas n\u00e3o apenas aliviam os sintomas imediatos de desconforto, mas tamb\u00e9m fomentam o sentimento de apoio social e intera\u00e7\u00e3o, fundamentais para a recupera\u00e7\u00e3o emocional e f\u00edsica.<\/p>\n\n\n\n<h2 class=\"wp-block-heading\">Quais s\u00e3o os impactos sociais do riso?<\/h2>\n\n\n\n<p>O riso serve como uma ferramenta social poderosa, promovendo conex\u00f5es e melhorando a comunica\u00e7\u00e3o entre pessoas. Ele \u00e9 uma express\u00e3o de emo\u00e7\u00f5es positivas que pode estreitar la\u00e7os, aumentar a empatia e facilitar a resolu\u00e7\u00e3o de conflitos. O ato de rir junto cria ambientes mais acolhedores e inclusivos, essenciais para o desenvolvimento de rela\u00e7\u00f5es saud\u00e1veis.<\/p>\n\n\n\n<p>Al\u00e9m de promover a coes\u00e3o social, o riso pode melhorar o trabalho em equipe e a produtividade. Ambientes de trabalho que promovem o riso s\u00e3o geralmente mais criativos e menos tensos, permitindo que os indiv\u00edduos se expressem livremente. Assim, o riso contribui n\u00e3o apenas para o bem-estar individual, mas para a harmonia coletiva.<\/p>\n\n\n\n<h2 class=\"wp-block-heading\">Como integrar o riso ao cotidiano?<\/h2>\n\n\n\n<p>Incorporar o riso \u00e0 vida di\u00e1ria pode ser mais simples do que se imagina. Estrat\u00e9gias como assistir a com\u00e9dias, participar de sess\u00f5es de yoga do riso ou simplesmente cultivar h\u00e1bitos de positividade podem aumentar a frequ\u00eancia das risadas. Fazer destas pr\u00e1ticas parte da rotina n\u00e3o s\u00f3 favorece o estado de esp\u00edrito como estimula uma mente aberta a energias positivas.<\/p>\n\n\n\n<p>Circular entre pessoas que compartilham bom humor e buscar momentos de leveza nas intera\u00e7\u00f5es cotidianas s\u00e3o formas eficazes de garantir que o riso esteja presente. Neste sentido, manter um c\u00edrculo social positivo e explorar eventos humor\u00edsticos s\u00e3o \u00f3timas maneiras de obter os benef\u00edcios que o riso proporciona, promovendo assim uma melhor qualidade de vida.<\/p>\n","protected":false},"excerpt":{"rendered":"<p>O riso, uma express\u00e3o universalmente conhecida, tem o poder de transformar momentos e conectar pessoas. Mas al\u00e9m da sua fun\u00e7\u00e3o social, o riso desempenha pap\u00e9is importantes em v\u00e1rias \u00e1reas, incluindo a sa\u00fade mental e f\u00edsica. Estudos revelam que o ato de rir pode reduzir horm\u00f4nios do estresse, melhorar o sistema imunol\u00f3gico e servir como uma [&hellip;]<\/p>\n","protected":false},"author":15,"featured_media":72233,"comment_status":"open","ping_status":"open","sticky":false,"template":"","format":"standard","meta":{"jnews-multi-image_gallery":[],"jnews_single_post":{"format":"standard"},"jnews_primary_category":[],"jnews_social_meta":[],"jnews_override_counter":[],"footnotes":""},"categories":[8819],"tags":[11402,9816,9429,410,5519],"class_list":["post-72230","post","type-post","status-publish","format-standard","has-post-thumbnail","hentry","category-curiosidades","tag-endorfinas","tag-riso","tag-saude-fisica","tag-saude-mental","tag-terapia"],"yoast_head":"<!-- This site is optimized with the Yoast SEO plugin v23.8 - https:\/\/yoast.com\/wordpress\/plugins\/seo\/ -->\n<title>Rir com frequ\u00eancia faz bem para o c\u00e9rebro e o cora\u00e7\u00e3o - Estado de Minas - Em foco<\/title>\n<meta name=\"description\" content=\"Rir reduz estresse, melhora o humor e fortalece o sistema imunol\u00f3gico. Veja por que o riso \u00e9 mais eficaz do que parece.\" \/>\n<meta name=\"robots\" content=\"index, follow, max-snippet:-1, max-image-preview:large, max-video-preview:-1\" \/>\n<link rel=\"canonical\" href=\"https:\/\/www.em.com.br\/emfoco\/2025\/07\/09\/rir-com-frequencia-faz-bem-para-o-cerebro-e-o-coracao\/\" \/>\n<meta property=\"og:locale\" content=\"pt_BR\" \/>\n<meta property=\"og:type\" content=\"article\" \/>\n<meta property=\"og:title\" content=\"Rir com frequ\u00eancia faz bem para o c\u00e9rebro e o cora\u00e7\u00e3o - Estado de Minas - Em foco\" \/>\n<meta property=\"og:description\" content=\"Rir reduz estresse, melhora o humor e fortalece o sistema imunol\u00f3gico. Veja por que o riso \u00e9 mais eficaz do que parece.\" \/>\n<meta property=\"og:url\" content=\"https:\/\/www.em.com.br\/emfoco\/2025\/07\/09\/rir-com-frequencia-faz-bem-para-o-cerebro-e-o-coracao\/\" \/>\n<meta property=\"og:site_name\" content=\"Estado de Minas - Em foco\" \/>\n<meta property=\"article:published_time\" content=\"2025-07-10T00:38:25+00:00\" \/>\n<meta property=\"article:modified_time\" content=\"2025-07-08T20:15:49+00:00\" \/>\n<meta property=\"og:image\" content=\"https:\/\/www.em.com.br\/emfoco\/wp-content\/uploads\/2025\/07\/rir_1751893313950.jpg\" \/>\n\t<meta property=\"og:image:width\" content=\"1280\" \/>\n\t<meta property=\"og:image:height\" content=\"720\" \/>\n\t<meta property=\"og:image:type\" content=\"image\/jpeg\" \/>\n<meta name=\"author\" content=\"Douglas Myth\" \/>\n<meta name=\"twitter:card\" content=\"summary_large_image\" \/>\n<meta name=\"twitter:label1\" content=\"Escrito por\" \/>\n\t<meta name=\"twitter:data1\" content=\"Douglas Myth\" \/>\n\t<meta name=\"twitter:label2\" content=\"Est. tempo de leitura\" \/>\n\t<meta name=\"twitter:data2\" content=\"5 minutos\" \/>\n<!-- \/ Yoast SEO plugin. -->","yoast_head_json":{"title":"Rir com frequ\u00eancia faz bem para o c\u00e9rebro e o cora\u00e7\u00e3o - Estado de Minas - Em foco","description":"Rir reduz estresse, melhora o humor e fortalece o sistema imunol\u00f3gico. Veja por que o riso \u00e9 mais eficaz do que parece.","robots":{"index":"index","follow":"follow","max-snippet":"max-snippet:-1","max-image-preview":"max-image-preview:large","max-video-preview":"max-video-preview:-1"},"canonical":"https:\/\/www.em.com.br\/emfoco\/2025\/07\/09\/rir-com-frequencia-faz-bem-para-o-cerebro-e-o-coracao\/","og_locale":"pt_BR","og_type":"article","og_title":"Rir com frequ\u00eancia faz bem para o c\u00e9rebro e o cora\u00e7\u00e3o - Estado de Minas - Em foco","og_description":"Rir reduz estresse, melhora o humor e fortalece o sistema imunol\u00f3gico. Veja por que o riso \u00e9 mais eficaz do que parece.","og_url":"https:\/\/www.em.com.br\/emfoco\/2025\/07\/09\/rir-com-frequencia-faz-bem-para-o-cerebro-e-o-coracao\/","og_site_name":"Estado de Minas - Em foco","article_published_time":"2025-07-10T00:38:25+00:00","article_modified_time":"2025-07-08T20:15:49+00:00","og_image":[{"width":1280,"height":720,"url":"https:\/\/www.em.com.br\/emfoco\/wp-content\/uploads\/2025\/07\/rir_1751893313950.jpg","type":"image\/jpeg"}],"author":"Douglas Myth","twitter_card":"summary_large_image","twitter_misc":{"Escrito por":"Douglas Myth","Est. tempo de leitura":"5 minutos"},"schema":{"@context":"https:\/\/schema.org","@graph":[{"@type":"WebPage","@id":"https:\/\/www.em.com.br\/emfoco\/2025\/07\/09\/rir-com-frequencia-faz-bem-para-o-cerebro-e-o-coracao\/","url":"https:\/\/www.em.com.br\/emfoco\/2025\/07\/09\/rir-com-frequencia-faz-bem-para-o-cerebro-e-o-coracao\/","name":"Rir com frequ\u00eancia faz bem para o c\u00e9rebro e o cora\u00e7\u00e3o - Estado de Minas - Em foco","isPartOf":{"@id":"https:\/\/www.em.com.br\/emfoco\/#website"},"primaryImageOfPage":{"@id":"https:\/\/www.em.com.br\/emfoco\/2025\/07\/09\/rir-com-frequencia-faz-bem-para-o-cerebro-e-o-coracao\/#primaryimage"},"image":{"@id":"https:\/\/www.em.com.br\/emfoco\/2025\/07\/09\/rir-com-frequencia-faz-bem-para-o-cerebro-e-o-coracao\/#primaryimage"},"thumbnailUrl":"https:\/\/www.em.com.br\/emfoco\/wp-content\/uploads\/2025\/07\/rir_1751893313950.jpg","datePublished":"2025-07-10T00:38:25+00:00","dateModified":"2025-07-08T20:15:49+00:00","author":{"@id":"https:\/\/www.em.com.br\/emfoco\/#\/schema\/person\/bba594b7eebe9b9885fec3a5c7837089"},"description":"Rir reduz estresse, melhora o humor e fortalece o sistema imunol\u00f3gico. Veja por que o riso \u00e9 mais eficaz do que parece.","breadcrumb":{"@id":"https:\/\/www.em.com.br\/emfoco\/2025\/07\/09\/rir-com-frequencia-faz-bem-para-o-cerebro-e-o-coracao\/#breadcrumb"},"inLanguage":"pt-BR","potentialAction":[{"@type":"ReadAction","target":["https:\/\/www.em.com.br\/emfoco\/2025\/07\/09\/rir-com-frequencia-faz-bem-para-o-cerebro-e-o-coracao\/"]}]},{"@type":"ImageObject","inLanguage":"pt-BR","@id":"https:\/\/www.em.com.br\/emfoco\/2025\/07\/09\/rir-com-frequencia-faz-bem-para-o-cerebro-e-o-coracao\/#primaryimage","url":"https:\/\/www.em.com.br\/emfoco\/wp-content\/uploads\/2025\/07\/rir_1751893313950.jpg","contentUrl":"https:\/\/www.em.com.br\/emfoco\/wp-content\/uploads\/2025\/07\/rir_1751893313950.jpg","width":1280,"height":720,"caption":"Rir com frequ\u00eancia - Cr\u00e9ditos: depositphotos.com \/ IgorVetushko"},{"@type":"BreadcrumbList","@id":"https:\/\/www.em.com.br\/emfoco\/2025\/07\/09\/rir-com-frequencia-faz-bem-para-o-cerebro-e-o-coracao\/#breadcrumb","itemListElement":[{"@type":"ListItem","position":1,"name":"In\u00edcio","item":"https:\/\/www.em.com.br\/emfoco\/"},{"@type":"ListItem","position":2,"name":"Rir com frequ\u00eancia faz bem para o c\u00e9rebro e o cora\u00e7\u00e3o"}]},{"@type":"WebSite","@id":"https:\/\/www.em.com.br\/emfoco\/#website","url":"https:\/\/www.em.com.br\/emfoco\/","name":"Estado de Minas - Em foco","description":"Acompanhe as \u00faltimas not\u00edcias e fique bem informado sobre tudo o que acontece em Minas Gerais, Brasil e no mundo.","potentialAction":[{"@type":"SearchAction","target":{"@type":"EntryPoint","urlTemplate":"https:\/\/www.em.com.br\/emfoco\/?s={search_term_string}"},"query-input":{"@type":"PropertyValueSpecification","valueRequired":true,"valueName":"search_term_string"}}],"inLanguage":"pt-BR"},{"@type":"Person","@id":"https:\/\/www.em.com.br\/emfoco\/#\/schema\/person\/bba594b7eebe9b9885fec3a5c7837089","name":"Douglas Myth","image":{"@type":"ImageObject","inLanguage":"pt-BR","@id":"https:\/\/www.em.com.br\/emfoco\/#\/schema\/person\/image\/","url":"https:\/\/secure.gravatar.com\/avatar\/1ac3cf50d0e68642c697dc0c960c802f?s=96&d=mm&r=g","contentUrl":"https:\/\/secure.gravatar.com\/avatar\/1ac3cf50d0e68642c697dc0c960c802f?s=96&d=mm&r=g","caption":"Douglas Myth"},"url":"https:\/\/www.em.com.br\/emfoco\/author\/douglasmyth\/"}]}},"_links":{"self":[{"href":"https:\/\/www.em.com.br\/emfoco\/wp-json\/wp\/v2\/posts\/72230","targetHints":{"allow":["GET"]}}],"collection":[{"href":"https:\/\/www.em.com.br\/emfoco\/wp-json\/wp\/v2\/posts"}],"about":[{"href":"https:\/\/www.em.com.br\/emfoco\/wp-json\/wp\/v2\/types\/post"}],"author":[{"embeddable":true,"href":"https:\/\/www.em.com.br\/emfoco\/wp-json\/wp\/v2\/users\/15"}],"replies":[{"embeddable":true,"href":"https:\/\/www.em.com.br\/emfoco\/wp-json\/wp\/v2\/comments?post=72230"}],"version-history":[{"count":2,"href":"https:\/\/www.em.com.br\/emfoco\/wp-json\/wp\/v2\/posts\/72230\/revisions"}],"predecessor-version":[{"id":72235,"href":"https:\/\/www.em.com.br\/emfoco\/wp-json\/wp\/v2\/posts\/72230\/revisions\/72235"}],"wp:featuredmedia":[{"embeddable":true,"href":"https:\/\/www.em.com.br\/emfoco\/wp-json\/wp\/v2\/media\/72233"}],"wp:attachment":[{"href":"https:\/\/www.em.com.br\/emfoco\/wp-json\/wp\/v2\/media?parent=72230"}],"wp:term":[{"taxonomy":"category","embeddable":true,"href":"https:\/\/www.em.com.br\/emfoco\/wp-json\/wp\/v2\/categories?post=72230"},{"taxonomy":"post_tag","embeddable":true,"href":"https:\/\/www.em.com.br\/emfoco\/wp-json\/wp\/v2\/tags?post=72230"}],"curies":[{"name":"wp","href":"https:\/\/api.w.org\/{rel}","templated":true}]}}