{"id":72185,"date":"2025-07-08T18:08:00","date_gmt":"2025-07-08T21:08:00","guid":{"rendered":"https:\/\/www.em.com.br\/emfoco\/?p=72185"},"modified":"2025-07-07T09:59:10","modified_gmt":"2025-07-07T12:59:10","slug":"entenda-como-o-omega-3-pode-ser-um-dos-maiores-aliados-naturais-contra-a-depressao","status":"publish","type":"post","link":"https:\/\/www.em.com.br\/emfoco\/2025\/07\/08\/entenda-como-o-omega-3-pode-ser-um-dos-maiores-aliados-naturais-contra-a-depressao\/","title":{"rendered":"Entenda como o \u00f4mega-3 pode ser um dos maiores aliados naturais contra a depress\u00e3o"},"content":{"rendered":"\n<p><strong>O \u00f4mega-3 \u00e9 um tipo de \u00e1cido graxo essencial, reconhecido por oferecer uma s\u00e9rie de benef\u00edcios \u00e0 sa\u00fade.<\/strong> Est\u00e1 presente em alimentos como peixes, nozes e sementes de chia, sendo fundamental para o funcionamento do corpo humano, especialmente para as fun\u00e7\u00f5es cerebrais. Este composto se destaca por suas propriedades anti-inflamat\u00f3rias e capacidade de manter a sa\u00fade cardiovascular.<\/p>\n\n\n\n<p><strong>Estudos t\u00eam evidenciado que o \u00f4mega-3 possui uma forte liga\u00e7\u00e3o com a <a href=\"https:\/\/www.em.com.br\/emfoco\/2025\/07\/05\/saude-mental-dos-jovens-e-o-maior-desafio-emocional-de-2025\/\" target=\"_blank\" rel=\"noreferrer noopener\">sa\u00fade mental<\/a>, atuando de maneira significativa no combate \u00e0 depress\u00e3o.<\/strong> A defici\u00eancia deste \u00e1cido graxo pode afetar o equil\u00edbrio qu\u00edmico do c\u00e9rebro, influenciando no humor e gerando transtornos mentais como a depress\u00e3o. Mas como, exatamente, ele age nesse cen\u00e1rio complexo?<\/p>\n\n\n\n<h2 class=\"wp-block-heading\">De que maneira o \u00f4mega-3 influencia a qu\u00edmica cerebral?<\/h2>\n\n\n\n<p><strong>Os \u00e1cidos graxos \u00f4mega-3 desempenham um papel vital no c\u00e9rebro, participando na manuten\u00e7\u00e3o das membranas celulares e na comunica\u00e7\u00e3o entre as c\u00e9lulas nervosas.<\/strong> Eles s\u00e3o componentes estruturais dos neur\u00f4nios e s\u00e3o essenciais para a plasticidade sin\u00e1ptica, um processo importante para a aprendizagem e a mem\u00f3ria.<\/p>\n\n\n\n<p><strong>Mais especificamente, eles ajudam na produ\u00e7\u00e3o e regulagem de neurotransmissores como a serotonina e a dopamina, que s\u00e3o fundamentais para o controle do humor e para a preven\u00e7\u00e3o da depress\u00e3o.<\/strong> A presen\u00e7a adequada de \u00f4mega-3 no organismo tem sido associada a uma menor incid\u00eancia de transtornos depressivos, al\u00e9m de potencializar os efeitos positivos de tratamentos convencionais com antidepressivos. Pesquisas recentes tamb\u00e9m sugerem que o \u00f4mega-3 pode ter efeitos neuroprotetores, ajudando a reduzir a inflama\u00e7\u00e3o cerebral e o estresse oxidativo.<\/p>\n\n\n\n<figure class=\"wp-block-image size-large\"><img loading=\"lazy\" decoding=\"async\" width=\"1024\" height=\"576\" src=\"https:\/\/www.em.com.br\/emfoco\/wp-content\/uploads\/2025\/07\/omega-3_1751892996546-1024x576.jpg\" alt=\"Entenda como o \u00f4mega-3 pode ser um dos maiores aliados naturais contra a depress\u00e3o\" class=\"wp-image-72226\" srcset=\"https:\/\/www.em.com.br\/emfoco\/wp-content\/uploads\/2025\/07\/omega-3_1751892996546-1024x576.jpg 1024w, https:\/\/www.em.com.br\/emfoco\/wp-content\/uploads\/2025\/07\/omega-3_1751892996546-300x169.jpg 300w, https:\/\/www.em.com.br\/emfoco\/wp-content\/uploads\/2025\/07\/omega-3_1751892996546-768x432.jpg 768w, https:\/\/www.em.com.br\/emfoco\/wp-content\/uploads\/2025\/07\/omega-3_1751892996546-750x422.jpg 750w, https:\/\/www.em.com.br\/emfoco\/wp-content\/uploads\/2025\/07\/omega-3_1751892996546-1140x641.jpg 1140w, https:\/\/www.em.com.br\/emfoco\/wp-content\/uploads\/2025\/07\/omega-3_1751892996546.jpg 1280w\" sizes=\"auto, (max-width: 1024px) 100vw, 1024px\" \/><figcaption class=\"wp-element-caption\">Alimentos ricos em \u00f4mega-3 &#8211; Cr\u00e9ditos: depositphotos.com \/ alex9500<\/figcaption><\/figure>\n\n\n\n<h2 class=\"wp-block-heading\">Por que nem sempre percebemos os efeitos do \u00f4mega-3 na depress\u00e3o?<\/h2>\n\n\n\n<p><strong>Muitas vezes os benef\u00edcios do \u00f4mega-3 passam despercebidos porque sua a\u00e7\u00e3o \u00e9 gradual e sutil.<\/strong> Ao contr\u00e1rio de medicamentos espec\u00edficos, os efeitos n\u00e3o s\u00e3o imediatos, podendo levar semanas ou at\u00e9 meses para se manifestarem plenamente. Durante esse tempo, ele fortalece as fun\u00e7\u00f5es cerebrais de modo impercept\u00edvel, evitando quedas bruscas de humor e proporcionando estabilidade emocional.<\/p>\n\n\n\n<p><strong>Al\u00e9m disso, a efic\u00e1cia do \u00f4mega-3 pode variar de pessoa para pessoa, dependendo de fatores como dieta, gen\u00e9tica e a gravidade da <a href=\"https:\/\/www.msdmanuals.com\/pt\/profissional\/dist%C3%BArbios-nutricionais\/desnutri%C3%A7%C3%A3o\/defici%C3%AAncia-de-%C3%A1cidos-graxos-essenciais\" target=\"_blank\" rel=\"noreferrer noopener\">defici\u00eancia de \u00e1cidos graxos<\/a>.<\/strong> Esse cen\u00e1rio contribui para a dificuldade de perceber mudan\u00e7as diretas e imediatas na sa\u00fade mental, mas n\u00e3o diminui sua import\u00e2ncia no contexto geral da preven\u00e7\u00e3o e tratamento da depress\u00e3o. Outros aspectos envolvidos incluem o tipo de \u00f4mega-3 consumido; por exemplo, EPA e DHA, presentes em peixes, costumam ser mais efetivos para a sa\u00fade mental do que o ALA, de origem vegetal.<\/p>\n\n\n\n<h2 class=\"wp-block-heading\">Quais alimentos s\u00e3o ricos em \u00f4mega-3 e como inclu\u00ed-los na dieta diariamente?<\/h2>\n\n\n\n<p><strong>Para incorporar o \u00f4mega-3 \u00e0 dieta, \u00e9 recomendado o consumo de peixes gordurosos, como salm\u00e3o, sardinha e cavala, pelo menos duas vezes por semana.<\/strong> Esses alimentos s\u00e3o as fontes mais concentradas e biodispon\u00edveis de \u00f4mega-3. Al\u00e9m dos peixes, as sementes de linha\u00e7a e chia, bem como as nozes, s\u00e3o excelentes alternativas de origem vegetal.<\/p>\n\n\n\n<p><strong>Outra forma eficaz de garantir a ingest\u00e3o adequada \u00e9 por meio de suplementos, nas formas de \u00f3leo de peixe ou de algas, especialmente para vegetarianos ou pessoas que n\u00e3o consomem peixe regularmente.<\/strong> Contudo, \u00e9 essencial consultar um profissional de sa\u00fade antes de iniciar qualquer suplementa\u00e7\u00e3o, para ajustar as doses conforme as necessidades individuais. Vale lembrar que o preparo do alimento tamb\u00e9m afeta a quantidade de \u00f4mega-3 absorvida, sendo ideal evitar frituras e preferir prepara\u00e7\u00f5es assadas ou grelhadas.<\/p>\n\n\n\n<h2 class=\"wp-block-heading\">Como o \u00f4mega-3 pode ser um aliado ao tratamento convencional da depress\u00e3o?<\/h2>\n\n\n\n<p><strong>O \u00f4mega-3 j\u00e1 demonstrou potencial em melhorar a efic\u00e1cia de tratamentos convencionais, como a terapia cognitivo-comportamental e uso de antidepressivos.<\/strong> Estudos sugerem que ele pode complementar tais tratamentos, refor\u00e7ando a sua efetividade e acelerando a recupera\u00e7\u00e3o dos sintomas da depress\u00e3o.<\/p>\n\n\n\n<p><strong>Utilizar o \u00f4mega-3 como parte de um esquema de tratamento hol\u00edstico pode proporcionar um suporte adicional ao equil\u00edbrio emocional e ao bem-estar geral.<\/strong> No entanto, \u00e9 importante lembrar que mudan\u00e7as diet\u00e9ticas ou a introdu\u00e7\u00e3o de suplementa\u00e7\u00e3o devem ser discutidas com um m\u00e9dico ou especialista, garantindo que todas as abordagens estejam alinhadas com as necessidades de sa\u00fade individuais. Pesquisas em andamento continuam investigando o potencial do \u00f4mega-3 na preven\u00e7\u00e3o de reca\u00eddas e em outras condi\u00e7\u00f5es psiqui\u00e1tricas, como ansiedade.<\/p>\n","protected":false},"excerpt":{"rendered":"<p>O \u00f4mega-3 \u00e9 um tipo de \u00e1cido graxo essencial, reconhecido por oferecer uma s\u00e9rie de benef\u00edcios \u00e0 sa\u00fade. Est\u00e1 presente em alimentos como peixes, nozes e sementes de chia, sendo fundamental para o funcionamento do corpo humano, especialmente para as fun\u00e7\u00f5es cerebrais. Este composto se destaca por suas propriedades anti-inflamat\u00f3rias e capacidade de manter a [&hellip;]<\/p>\n","protected":false},"author":13,"featured_media":72223,"comment_status":"open","ping_status":"open","sticky":false,"template":"","format":"standard","meta":{"jnews-multi-image_gallery":[],"jnews_single_post":{"format":"standard"},"jnews_primary_category":[],"jnews_social_meta":[],"jnews_override_counter":[],"footnotes":""},"categories":[1,9053],"tags":[5206,3509,7722,410],"class_list":["post-72185","post","type-post","status-publish","format-standard","has-post-thumbnail","hentry","category-noticias","category-saude","tag-depressao","tag-nutricao","tag-omega-3","tag-saude-mental"],"yoast_head":"<!-- This site is optimized with the Yoast SEO plugin v23.8 - https:\/\/yoast.com\/wordpress\/plugins\/seo\/ -->\n<title>Entenda como o \u00f4mega-3 pode ser um dos maiores aliados naturais contra a depress\u00e3o - Estado de Minas - Em foco<\/title>\n<meta name=\"description\" content=\"O \u00f4mega-3 regula neurotransmissores como a serotonina e pode ajudar no controle da depress\u00e3o. Veja como ele age no c\u00e9rebro e no humor.\" \/>\n<meta name=\"robots\" content=\"index, follow, max-snippet:-1, max-image-preview:large, max-video-preview:-1\" \/>\n<link rel=\"canonical\" href=\"https:\/\/www.em.com.br\/emfoco\/2025\/07\/08\/entenda-como-o-omega-3-pode-ser-um-dos-maiores-aliados-naturais-contra-a-depressao\/\" \/>\n<meta property=\"og:locale\" content=\"pt_BR\" \/>\n<meta property=\"og:type\" content=\"article\" \/>\n<meta property=\"og:title\" content=\"Entenda como o \u00f4mega-3 pode ser um dos maiores aliados naturais contra a depress\u00e3o - Estado de Minas - Em foco\" \/>\n<meta property=\"og:description\" content=\"O \u00f4mega-3 regula neurotransmissores como a serotonina e pode ajudar no controle da depress\u00e3o. Veja como ele age no c\u00e9rebro e no humor.\" \/>\n<meta property=\"og:url\" content=\"https:\/\/www.em.com.br\/emfoco\/2025\/07\/08\/entenda-como-o-omega-3-pode-ser-um-dos-maiores-aliados-naturais-contra-a-depressao\/\" \/>\n<meta property=\"og:site_name\" content=\"Estado de Minas - Em foco\" \/>\n<meta property=\"article:published_time\" content=\"2025-07-08T21:08:00+00:00\" \/>\n<meta property=\"article:modified_time\" content=\"2025-07-07T12:59:10+00:00\" \/>\n<meta property=\"og:image\" content=\"https:\/\/www.em.com.br\/emfoco\/wp-content\/uploads\/2025\/07\/omega-3_1751892963494.jpg\" \/>\n\t<meta property=\"og:image:width\" content=\"1280\" \/>\n\t<meta property=\"og:image:height\" content=\"720\" \/>\n\t<meta property=\"og:image:type\" content=\"image\/jpeg\" \/>\n<meta name=\"author\" content=\"Gabriel Martins\" \/>\n<meta name=\"twitter:card\" content=\"summary_large_image\" \/>\n<meta name=\"twitter:label1\" content=\"Escrito por\" \/>\n\t<meta name=\"twitter:data1\" content=\"Gabriel Martins\" \/>\n\t<meta name=\"twitter:label2\" content=\"Est. tempo de leitura\" \/>\n\t<meta name=\"twitter:data2\" content=\"5 minutos\" \/>\n<!-- \/ Yoast SEO plugin. -->","yoast_head_json":{"title":"Entenda como o \u00f4mega-3 pode ser um dos maiores aliados naturais contra a depress\u00e3o - Estado de Minas - Em foco","description":"O \u00f4mega-3 regula neurotransmissores como a serotonina e pode ajudar no controle da depress\u00e3o. Veja como ele age no c\u00e9rebro e no humor.","robots":{"index":"index","follow":"follow","max-snippet":"max-snippet:-1","max-image-preview":"max-image-preview:large","max-video-preview":"max-video-preview:-1"},"canonical":"https:\/\/www.em.com.br\/emfoco\/2025\/07\/08\/entenda-como-o-omega-3-pode-ser-um-dos-maiores-aliados-naturais-contra-a-depressao\/","og_locale":"pt_BR","og_type":"article","og_title":"Entenda como o \u00f4mega-3 pode ser um dos maiores aliados naturais contra a depress\u00e3o - Estado de Minas - Em foco","og_description":"O \u00f4mega-3 regula neurotransmissores como a serotonina e pode ajudar no controle da depress\u00e3o. Veja como ele age no c\u00e9rebro e no humor.","og_url":"https:\/\/www.em.com.br\/emfoco\/2025\/07\/08\/entenda-como-o-omega-3-pode-ser-um-dos-maiores-aliados-naturais-contra-a-depressao\/","og_site_name":"Estado de Minas - Em foco","article_published_time":"2025-07-08T21:08:00+00:00","article_modified_time":"2025-07-07T12:59:10+00:00","og_image":[{"width":1280,"height":720,"url":"https:\/\/www.em.com.br\/emfoco\/wp-content\/uploads\/2025\/07\/omega-3_1751892963494.jpg","type":"image\/jpeg"}],"author":"Gabriel Martins","twitter_card":"summary_large_image","twitter_misc":{"Escrito por":"Gabriel Martins","Est. tempo de leitura":"5 minutos"},"schema":{"@context":"https:\/\/schema.org","@graph":[{"@type":"WebPage","@id":"https:\/\/www.em.com.br\/emfoco\/2025\/07\/08\/entenda-como-o-omega-3-pode-ser-um-dos-maiores-aliados-naturais-contra-a-depressao\/","url":"https:\/\/www.em.com.br\/emfoco\/2025\/07\/08\/entenda-como-o-omega-3-pode-ser-um-dos-maiores-aliados-naturais-contra-a-depressao\/","name":"Entenda como o \u00f4mega-3 pode ser um dos maiores aliados naturais contra a depress\u00e3o - Estado de Minas - Em foco","isPartOf":{"@id":"https:\/\/www.em.com.br\/emfoco\/#website"},"primaryImageOfPage":{"@id":"https:\/\/www.em.com.br\/emfoco\/2025\/07\/08\/entenda-como-o-omega-3-pode-ser-um-dos-maiores-aliados-naturais-contra-a-depressao\/#primaryimage"},"image":{"@id":"https:\/\/www.em.com.br\/emfoco\/2025\/07\/08\/entenda-como-o-omega-3-pode-ser-um-dos-maiores-aliados-naturais-contra-a-depressao\/#primaryimage"},"thumbnailUrl":"https:\/\/www.em.com.br\/emfoco\/wp-content\/uploads\/2025\/07\/omega-3_1751892963494.jpg","datePublished":"2025-07-08T21:08:00+00:00","dateModified":"2025-07-07T12:59:10+00:00","author":{"@id":"https:\/\/www.em.com.br\/emfoco\/#\/schema\/person\/1c9ddeab18b98abeffef834667bcf08a"},"description":"O \u00f4mega-3 regula neurotransmissores como a serotonina e pode ajudar no controle da depress\u00e3o. Veja como ele age no c\u00e9rebro e no humor.","breadcrumb":{"@id":"https:\/\/www.em.com.br\/emfoco\/2025\/07\/08\/entenda-como-o-omega-3-pode-ser-um-dos-maiores-aliados-naturais-contra-a-depressao\/#breadcrumb"},"inLanguage":"pt-BR","potentialAction":[{"@type":"ReadAction","target":["https:\/\/www.em.com.br\/emfoco\/2025\/07\/08\/entenda-como-o-omega-3-pode-ser-um-dos-maiores-aliados-naturais-contra-a-depressao\/"]}]},{"@type":"ImageObject","inLanguage":"pt-BR","@id":"https:\/\/www.em.com.br\/emfoco\/2025\/07\/08\/entenda-como-o-omega-3-pode-ser-um-dos-maiores-aliados-naturais-contra-a-depressao\/#primaryimage","url":"https:\/\/www.em.com.br\/emfoco\/wp-content\/uploads\/2025\/07\/omega-3_1751892963494.jpg","contentUrl":"https:\/\/www.em.com.br\/emfoco\/wp-content\/uploads\/2025\/07\/omega-3_1751892963494.jpg","width":1280,"height":720,"caption":"P\u00edlulas de \u00f4mega-3 - Cr\u00e9ditos: depositphotos.com \/ VadimVasenin"},{"@type":"BreadcrumbList","@id":"https:\/\/www.em.com.br\/emfoco\/2025\/07\/08\/entenda-como-o-omega-3-pode-ser-um-dos-maiores-aliados-naturais-contra-a-depressao\/#breadcrumb","itemListElement":[{"@type":"ListItem","position":1,"name":"In\u00edcio","item":"https:\/\/www.em.com.br\/emfoco\/"},{"@type":"ListItem","position":2,"name":"Entenda como o \u00f4mega-3 pode ser um dos maiores aliados naturais contra a depress\u00e3o"}]},{"@type":"WebSite","@id":"https:\/\/www.em.com.br\/emfoco\/#website","url":"https:\/\/www.em.com.br\/emfoco\/","name":"Estado de Minas - Em foco","description":"Acompanhe as \u00faltimas not\u00edcias e fique bem informado sobre tudo o que acontece em Minas Gerais, Brasil e no mundo.","potentialAction":[{"@type":"SearchAction","target":{"@type":"EntryPoint","urlTemplate":"https:\/\/www.em.com.br\/emfoco\/?s={search_term_string}"},"query-input":{"@type":"PropertyValueSpecification","valueRequired":true,"valueName":"search_term_string"}}],"inLanguage":"pt-BR"},{"@type":"Person","@id":"https:\/\/www.em.com.br\/emfoco\/#\/schema\/person\/1c9ddeab18b98abeffef834667bcf08a","name":"Gabriel Martins","image":{"@type":"ImageObject","inLanguage":"pt-BR","@id":"https:\/\/www.em.com.br\/emfoco\/#\/schema\/person\/image\/","url":"https:\/\/secure.gravatar.com\/avatar\/f0f1e2efdfd88f1ad2cb08c5c2731e50?s=96&d=mm&r=g","contentUrl":"https:\/\/secure.gravatar.com\/avatar\/f0f1e2efdfd88f1ad2cb08c5c2731e50?s=96&d=mm&r=g","caption":"Gabriel Martins"},"sameAs":["https:\/\/www.em.com.br\/emfoco\/"],"url":"https:\/\/www.em.com.br\/emfoco\/author\/gabrielmartinsmyth\/"}]}},"_links":{"self":[{"href":"https:\/\/www.em.com.br\/emfoco\/wp-json\/wp\/v2\/posts\/72185","targetHints":{"allow":["GET"]}}],"collection":[{"href":"https:\/\/www.em.com.br\/emfoco\/wp-json\/wp\/v2\/posts"}],"about":[{"href":"https:\/\/www.em.com.br\/emfoco\/wp-json\/wp\/v2\/types\/post"}],"author":[{"embeddable":true,"href":"https:\/\/www.em.com.br\/emfoco\/wp-json\/wp\/v2\/users\/13"}],"replies":[{"embeddable":true,"href":"https:\/\/www.em.com.br\/emfoco\/wp-json\/wp\/v2\/comments?post=72185"}],"version-history":[{"count":2,"href":"https:\/\/www.em.com.br\/emfoco\/wp-json\/wp\/v2\/posts\/72185\/revisions"}],"predecessor-version":[{"id":72227,"href":"https:\/\/www.em.com.br\/emfoco\/wp-json\/wp\/v2\/posts\/72185\/revisions\/72227"}],"wp:featuredmedia":[{"embeddable":true,"href":"https:\/\/www.em.com.br\/emfoco\/wp-json\/wp\/v2\/media\/72223"}],"wp:attachment":[{"href":"https:\/\/www.em.com.br\/emfoco\/wp-json\/wp\/v2\/media?parent=72185"}],"wp:term":[{"taxonomy":"category","embeddable":true,"href":"https:\/\/www.em.com.br\/emfoco\/wp-json\/wp\/v2\/categories?post=72185"},{"taxonomy":"post_tag","embeddable":true,"href":"https:\/\/www.em.com.br\/emfoco\/wp-json\/wp\/v2\/tags?post=72185"}],"curies":[{"name":"wp","href":"https:\/\/api.w.org\/{rel}","templated":true}]}}