{"id":72159,"date":"2025-07-08T11:18:29","date_gmt":"2025-07-08T14:18:29","guid":{"rendered":"https:\/\/www.em.com.br\/emfoco\/?p=72159"},"modified":"2025-07-07T17:56:49","modified_gmt":"2025-07-07T20:56:49","slug":"por-que-calcas-nao-agradam-todas-as-mulheres","status":"publish","type":"post","link":"https:\/\/www.em.com.br\/emfoco\/2025\/07\/08\/por-que-calcas-nao-agradam-todas-as-mulheres\/","title":{"rendered":"Por que cal\u00e7as n\u00e3o agradam todas as mulheres"},"content":{"rendered":"\n<p>Ao longo da hist\u00f3ria, as cal\u00e7as foram predominantemente associadas ao vestu\u00e1rio masculino. As mulheres que desafiaram a norma ao us\u00e1-las enfrentaram resist\u00eancia social consider\u00e1vel. No entanto, com o tempo, essa percep\u00e7\u00e3o come\u00e7ou a mudar. Durante eventos significativos como as guerras mundiais, muitas mulheres entraram no mercado de trabalho, momento em que o uso de cal\u00e7as por quest\u00f5es pr\u00e1ticas se tornou mais aceit\u00e1vel. Mesmo assim, o conservadorismo persistente em v\u00e1rias culturas perpetuou a rejei\u00e7\u00e3o ao uso de cal\u00e7as.<\/p>\n\n\n\n<p>Estruturas culturais e religiosas desempenharam um papel crucial na representa\u00e7\u00e3o das cal\u00e7as como tabu. Durante s\u00e9culos, normas de g\u00eanero r\u00edgidas ditavam as escolhas de vestu\u00e1rio, o que <a href=\"https:\/\/www.em.com.br\/emfoco\/2025\/07\/07\/o-fone-mais-inteligente-do-mundo-que-pode-quebrar-barreiras-linguisticas-com-traducao-em-tempo-real\/\" target=\"_blank\" rel=\"noreferrer noopener\">ressurgiu <\/a>como um tema pol\u00eamico nos debates sobre direitos da mulher e direitos iguais. Muitas mulheres, por exemplo, lutaram por d\u00e9cadas para reivindicar o direito de se vestirem como quisessem, um esfor\u00e7o que ainda persiste em alguns locais.<\/p>\n\n\n\n<h2 class=\"wp-block-heading\">Como a moda influencia essa escolha?<\/h2>\n\n\n\n<p>A moda \u00e9 um terreno sempre em transforma\u00e7\u00e3o, e as suas tend\u00eancias t\u00eam forte impacto nas escolhas de vestu\u00e1rio das mulheres. O renascimento em rela\u00e7\u00e3o \u00e0s saias ou vestidos em certas passarelas pode levar muitas a adotar essa est\u00e9tica mais tradicional. As campanhas de moda frequentemente imprimem um certo ideal que pode influenciar tanto positiva quanto negativamente o uso de cal\u00e7as.<\/p>\n\n\n\n<p>Al\u00e9m disso, a moda n\u00e3o s\u00f3 dita tend\u00eancias, mas tamb\u00e9m estabelece normas sociais que podem afetar o bem-estar psicol\u00f3gico. Para algumas mulheres, a press\u00e3o para se conformar com certos estilos torna desconfort\u00e1vel ou indesej\u00e1vel o uso de cal\u00e7as, mesmo em situa\u00e7\u00f5es onde elas seriam mais pr\u00e1ticas ou convenientes.<\/p>\n\n\n<div class=\"wp-block-image\">\n<figure class=\"aligncenter size-large\"><img loading=\"lazy\" decoding=\"async\" width=\"1024\" height=\"576\" src=\"https:\/\/www.em.com.br\/emfoco\/wp-content\/uploads\/2025\/07\/mulheres-roupa_1751890841548-1024x576.jpg\" alt=\"Vestidos em vez de cal\u00e7as\" class=\"wp-image-72163\" srcset=\"https:\/\/www.em.com.br\/emfoco\/wp-content\/uploads\/2025\/07\/mulheres-roupa_1751890841548-1024x576.jpg 1024w, https:\/\/www.em.com.br\/emfoco\/wp-content\/uploads\/2025\/07\/mulheres-roupa_1751890841548-300x169.jpg 300w, https:\/\/www.em.com.br\/emfoco\/wp-content\/uploads\/2025\/07\/mulheres-roupa_1751890841548-768x432.jpg 768w, https:\/\/www.em.com.br\/emfoco\/wp-content\/uploads\/2025\/07\/mulheres-roupa_1751890841548-750x422.jpg 750w, https:\/\/www.em.com.br\/emfoco\/wp-content\/uploads\/2025\/07\/mulheres-roupa_1751890841548-1140x641.jpg 1140w, https:\/\/www.em.com.br\/emfoco\/wp-content\/uploads\/2025\/07\/mulheres-roupa_1751890841548.jpg 1280w\" sizes=\"auto, (max-width: 1024px) 100vw, 1024px\" \/><figcaption class=\"wp-element-caption\">Vestidos em vez de cal\u00e7as &#8211; Cr\u00e9ditos: depositphotos.com \/ ViewApart<\/figcaption><\/figure><\/div>\n\n\n<h2 class=\"wp-block-heading\">Quais fatores culturais afetam a aceita\u00e7\u00e3o do uso de cal\u00e7as?<\/h2>\n\n\n\n<p>Culturas ao redor do mundo variam amplamente em suas percep\u00e7\u00f5es sobre vestimenta feminina. Em alguns lugares, a tradi\u00e7\u00e3o dita que as mulheres devem se vestir de forma que reflete uma vis\u00e3o mais conservadora de feminilidade. Nesses contextos, vestimenta como vestidos e saias s\u00e3o vistas como mais apropriadas.<\/p>\n\n\n\n<p>Restri\u00e7\u00f5es culturais tamb\u00e9m se manifestam atrav\u00e9s de c\u00f3digos de vestimenta em ambientes como escolas e locais de trabalho, onde a conformidade com expectativas tradicionais pode afetar n\u00e3o s\u00f3 a aceita\u00e7\u00e3o social, mas tamb\u00e9m o sucesso profissional. Mulheres em tais ambientes enfrentam um desafio adicional ao tentar equilibrar a pr\u00e1tica com normas culturalmente impostas.<\/p>\n\n\n\n<h2 class=\"wp-block-heading\">O que a psicologia diz sobre a prefer\u00eancia por saias e vestidos?<\/h2>\n\n\n\n<p>Pela psicologia, as escolhas de vestu\u00e1rio s\u00e3o <a href=\"https:\/\/g1.globo.com\/mundo\/noticia\/2019\/02\/19\/por-que-tantas-mulheres-jovens-nao-se-identificam-como-feministas.ghtml\" target=\"_blank\" rel=\"noreferrer noopener\">frequentemente <\/a>uma express\u00e3o da identidade pessoal. Algumas mulheres podem sentir uma forte liga\u00e7\u00e3o emocional ou cultural com roupas tradicionalmente femininas, como saias e vestidos, o que, por sua vez, influencia sua prefer\u00eancia por esses trajes no cotidiano.<\/p>\n\n\n\n<p>Pode haver tamb\u00e9m raz\u00f5es psicol\u00f3gicas associadas ao conforto emocional que vestidos e saias proporcionam, ao evocarem mem\u00f3rias positivas ou associa\u00e7\u00f5es culturais que conferem sensa\u00e7\u00e3o de pertencimento e aceita\u00e7\u00e3o. Este aspecto emocional n\u00e3o deve ser subestimado ao se considerar o porqu\u00ea de certas mulheres evitarem cal\u00e7as.<\/p>\n\n\n\n<h2 class=\"wp-block-heading\">Como o conforto f\u00edsico e emocional afeta essa decis\u00e3o?<\/h2>\n\n\n\n<p>O conforto que uma determinada pe\u00e7a de roupa proporciona \u00e9 um fator crucial na escolha do vestu\u00e1rio de qualquer pessoa. Cal\u00e7as, embora pr\u00e1ticas e vers\u00e1teis, podem n\u00e3o oferecer o mesmo n\u00edvel de conforto que saias ou vestidos para algumas mulheres, particularmente em climas quentes.<\/p>\n\n\n\n<p>Por outro lado, nem sempre essa escolha \u00e9 regida apenas pelo conforto f\u00edsico, mas tamb\u00e9m pelo emocional. Sensa\u00e7\u00e3o de liberdade e confian\u00e7a que certas roupas oferecem pode ser chave na prefer\u00eancia por elas. No entanto, em contraste, outras mulheres podem preferir cal\u00e7as pelas mesmas raz\u00f5es, dado seu potencial de proporcionar confian\u00e7a e prote\u00e7\u00e3o em determinadas situa\u00e7\u00f5es.<\/p>\n","protected":false},"excerpt":{"rendered":"<p>Ao longo da hist\u00f3ria, as cal\u00e7as foram predominantemente associadas ao vestu\u00e1rio masculino. As mulheres que desafiaram a norma ao us\u00e1-las enfrentaram resist\u00eancia social consider\u00e1vel. No entanto, com o tempo, essa percep\u00e7\u00e3o come\u00e7ou a mudar. Durante eventos significativos como as guerras mundiais, muitas mulheres entraram no mercado de trabalho, momento em que o uso de cal\u00e7as [&hellip;]<\/p>\n","protected":false},"author":15,"featured_media":72161,"comment_status":"open","ping_status":"open","sticky":false,"template":"","format":"standard","meta":{"jnews-multi-image_gallery":[],"jnews_single_post":{"format":"standard"},"jnews_primary_category":[],"jnews_social_meta":[],"jnews_override_counter":[],"footnotes":""},"categories":[8819],"tags":[6194,5960,159,4977,4892,5155],"class_list":["post-72159","post","type-post","status-publish","format-standard","has-post-thumbnail","hentry","category-curiosidades","tag-calcas","tag-conforto","tag-cultura","tag-moda","tag-mulheres","tag-psicologia"],"yoast_head":"<!-- This site is optimized with the Yoast SEO plugin v23.8 - https:\/\/yoast.com\/wordpress\/plugins\/seo\/ -->\n<title>Por que cal\u00e7as n\u00e3o agradam todas as mulheres - Estado de Minas - Em foco<\/title>\n<meta name=\"description\" content=\"Muitas mulheres evitam cal\u00e7as por conforto, est\u00e9tica ou cultura. Veja o que est\u00e1 por tr\u00e1s dessa escolha de estilo e identidade.\" \/>\n<meta name=\"robots\" content=\"index, follow, max-snippet:-1, max-image-preview:large, max-video-preview:-1\" \/>\n<link rel=\"canonical\" href=\"https:\/\/www.em.com.br\/emfoco\/2025\/07\/08\/por-que-calcas-nao-agradam-todas-as-mulheres\/\" \/>\n<meta property=\"og:locale\" content=\"pt_BR\" \/>\n<meta property=\"og:type\" content=\"article\" \/>\n<meta property=\"og:title\" content=\"Por que cal\u00e7as n\u00e3o agradam todas as mulheres - Estado de Minas - Em foco\" \/>\n<meta property=\"og:description\" content=\"Muitas mulheres evitam cal\u00e7as por conforto, est\u00e9tica ou cultura. Veja o que est\u00e1 por tr\u00e1s dessa escolha de estilo e identidade.\" \/>\n<meta property=\"og:url\" content=\"https:\/\/www.em.com.br\/emfoco\/2025\/07\/08\/por-que-calcas-nao-agradam-todas-as-mulheres\/\" \/>\n<meta property=\"og:site_name\" content=\"Estado de Minas - Em foco\" \/>\n<meta property=\"article:published_time\" content=\"2025-07-08T14:18:29+00:00\" \/>\n<meta property=\"article:modified_time\" content=\"2025-07-07T20:56:49+00:00\" \/>\n<meta property=\"og:image\" content=\"https:\/\/www.em.com.br\/emfoco\/wp-content\/uploads\/2025\/07\/mulheres-roupa_1751890794341.jpg\" \/>\n\t<meta property=\"og:image:width\" content=\"1280\" \/>\n\t<meta property=\"og:image:height\" content=\"720\" \/>\n\t<meta property=\"og:image:type\" content=\"image\/jpeg\" \/>\n<meta name=\"author\" content=\"Douglas Myth\" \/>\n<meta name=\"twitter:card\" content=\"summary_large_image\" \/>\n<meta name=\"twitter:label1\" content=\"Escrito por\" \/>\n\t<meta name=\"twitter:data1\" content=\"Douglas Myth\" \/>\n\t<meta name=\"twitter:label2\" content=\"Est. tempo de leitura\" \/>\n\t<meta name=\"twitter:data2\" content=\"4 minutos\" \/>\n<!-- \/ Yoast SEO plugin. -->","yoast_head_json":{"title":"Por que cal\u00e7as n\u00e3o agradam todas as mulheres - Estado de Minas - Em foco","description":"Muitas mulheres evitam cal\u00e7as por conforto, est\u00e9tica ou cultura. Veja o que est\u00e1 por tr\u00e1s dessa escolha de estilo e identidade.","robots":{"index":"index","follow":"follow","max-snippet":"max-snippet:-1","max-image-preview":"max-image-preview:large","max-video-preview":"max-video-preview:-1"},"canonical":"https:\/\/www.em.com.br\/emfoco\/2025\/07\/08\/por-que-calcas-nao-agradam-todas-as-mulheres\/","og_locale":"pt_BR","og_type":"article","og_title":"Por que cal\u00e7as n\u00e3o agradam todas as mulheres - Estado de Minas - Em foco","og_description":"Muitas mulheres evitam cal\u00e7as por conforto, est\u00e9tica ou cultura. Veja o que est\u00e1 por tr\u00e1s dessa escolha de estilo e identidade.","og_url":"https:\/\/www.em.com.br\/emfoco\/2025\/07\/08\/por-que-calcas-nao-agradam-todas-as-mulheres\/","og_site_name":"Estado de Minas - Em foco","article_published_time":"2025-07-08T14:18:29+00:00","article_modified_time":"2025-07-07T20:56:49+00:00","og_image":[{"width":1280,"height":720,"url":"https:\/\/www.em.com.br\/emfoco\/wp-content\/uploads\/2025\/07\/mulheres-roupa_1751890794341.jpg","type":"image\/jpeg"}],"author":"Douglas Myth","twitter_card":"summary_large_image","twitter_misc":{"Escrito por":"Douglas Myth","Est. tempo de leitura":"4 minutos"},"schema":{"@context":"https:\/\/schema.org","@graph":[{"@type":"WebPage","@id":"https:\/\/www.em.com.br\/emfoco\/2025\/07\/08\/por-que-calcas-nao-agradam-todas-as-mulheres\/","url":"https:\/\/www.em.com.br\/emfoco\/2025\/07\/08\/por-que-calcas-nao-agradam-todas-as-mulheres\/","name":"Por que cal\u00e7as n\u00e3o agradam todas as mulheres - Estado de Minas - Em foco","isPartOf":{"@id":"https:\/\/www.em.com.br\/emfoco\/#website"},"primaryImageOfPage":{"@id":"https:\/\/www.em.com.br\/emfoco\/2025\/07\/08\/por-que-calcas-nao-agradam-todas-as-mulheres\/#primaryimage"},"image":{"@id":"https:\/\/www.em.com.br\/emfoco\/2025\/07\/08\/por-que-calcas-nao-agradam-todas-as-mulheres\/#primaryimage"},"thumbnailUrl":"https:\/\/www.em.com.br\/emfoco\/wp-content\/uploads\/2025\/07\/mulheres-roupa_1751890794341.jpg","datePublished":"2025-07-08T14:18:29+00:00","dateModified":"2025-07-07T20:56:49+00:00","author":{"@id":"https:\/\/www.em.com.br\/emfoco\/#\/schema\/person\/bba594b7eebe9b9885fec3a5c7837089"},"description":"Muitas mulheres evitam cal\u00e7as por conforto, est\u00e9tica ou cultura. Veja o que est\u00e1 por tr\u00e1s dessa escolha de estilo e identidade.","breadcrumb":{"@id":"https:\/\/www.em.com.br\/emfoco\/2025\/07\/08\/por-que-calcas-nao-agradam-todas-as-mulheres\/#breadcrumb"},"inLanguage":"pt-BR","potentialAction":[{"@type":"ReadAction","target":["https:\/\/www.em.com.br\/emfoco\/2025\/07\/08\/por-que-calcas-nao-agradam-todas-as-mulheres\/"]}]},{"@type":"ImageObject","inLanguage":"pt-BR","@id":"https:\/\/www.em.com.br\/emfoco\/2025\/07\/08\/por-que-calcas-nao-agradam-todas-as-mulheres\/#primaryimage","url":"https:\/\/www.em.com.br\/emfoco\/wp-content\/uploads\/2025\/07\/mulheres-roupa_1751890794341.jpg","contentUrl":"https:\/\/www.em.com.br\/emfoco\/wp-content\/uploads\/2025\/07\/mulheres-roupa_1751890794341.jpg","width":1280,"height":720,"caption":"Vestidos em vez de cal\u00e7as - Cr\u00e9ditos: depositphotos.com \/ IgorTishenko"},{"@type":"BreadcrumbList","@id":"https:\/\/www.em.com.br\/emfoco\/2025\/07\/08\/por-que-calcas-nao-agradam-todas-as-mulheres\/#breadcrumb","itemListElement":[{"@type":"ListItem","position":1,"name":"In\u00edcio","item":"https:\/\/www.em.com.br\/emfoco\/"},{"@type":"ListItem","position":2,"name":"Por que cal\u00e7as n\u00e3o agradam todas as mulheres"}]},{"@type":"WebSite","@id":"https:\/\/www.em.com.br\/emfoco\/#website","url":"https:\/\/www.em.com.br\/emfoco\/","name":"Estado de Minas - Em foco","description":"Acompanhe as \u00faltimas not\u00edcias e fique bem informado sobre tudo o que acontece em Minas Gerais, Brasil e no mundo.","potentialAction":[{"@type":"SearchAction","target":{"@type":"EntryPoint","urlTemplate":"https:\/\/www.em.com.br\/emfoco\/?s={search_term_string}"},"query-input":{"@type":"PropertyValueSpecification","valueRequired":true,"valueName":"search_term_string"}}],"inLanguage":"pt-BR"},{"@type":"Person","@id":"https:\/\/www.em.com.br\/emfoco\/#\/schema\/person\/bba594b7eebe9b9885fec3a5c7837089","name":"Douglas Myth","image":{"@type":"ImageObject","inLanguage":"pt-BR","@id":"https:\/\/www.em.com.br\/emfoco\/#\/schema\/person\/image\/","url":"https:\/\/secure.gravatar.com\/avatar\/1ac3cf50d0e68642c697dc0c960c802f?s=96&d=mm&r=g","contentUrl":"https:\/\/secure.gravatar.com\/avatar\/1ac3cf50d0e68642c697dc0c960c802f?s=96&d=mm&r=g","caption":"Douglas Myth"},"url":"https:\/\/www.em.com.br\/emfoco\/author\/douglasmyth\/"}]}},"_links":{"self":[{"href":"https:\/\/www.em.com.br\/emfoco\/wp-json\/wp\/v2\/posts\/72159","targetHints":{"allow":["GET"]}}],"collection":[{"href":"https:\/\/www.em.com.br\/emfoco\/wp-json\/wp\/v2\/posts"}],"about":[{"href":"https:\/\/www.em.com.br\/emfoco\/wp-json\/wp\/v2\/types\/post"}],"author":[{"embeddable":true,"href":"https:\/\/www.em.com.br\/emfoco\/wp-json\/wp\/v2\/users\/15"}],"replies":[{"embeddable":true,"href":"https:\/\/www.em.com.br\/emfoco\/wp-json\/wp\/v2\/comments?post=72159"}],"version-history":[{"count":2,"href":"https:\/\/www.em.com.br\/emfoco\/wp-json\/wp\/v2\/posts\/72159\/revisions"}],"predecessor-version":[{"id":72164,"href":"https:\/\/www.em.com.br\/emfoco\/wp-json\/wp\/v2\/posts\/72159\/revisions\/72164"}],"wp:featuredmedia":[{"embeddable":true,"href":"https:\/\/www.em.com.br\/emfoco\/wp-json\/wp\/v2\/media\/72161"}],"wp:attachment":[{"href":"https:\/\/www.em.com.br\/emfoco\/wp-json\/wp\/v2\/media?parent=72159"}],"wp:term":[{"taxonomy":"category","embeddable":true,"href":"https:\/\/www.em.com.br\/emfoco\/wp-json\/wp\/v2\/categories?post=72159"},{"taxonomy":"post_tag","embeddable":true,"href":"https:\/\/www.em.com.br\/emfoco\/wp-json\/wp\/v2\/tags?post=72159"}],"curies":[{"name":"wp","href":"https:\/\/api.w.org\/{rel}","templated":true}]}}