{"id":72130,"date":"2025-07-08T11:48:00","date_gmt":"2025-07-08T14:48:00","guid":{"rendered":"https:\/\/www.em.com.br\/emfoco\/?p=72130"},"modified":"2025-07-07T18:19:17","modified_gmt":"2025-07-07T21:19:17","slug":"esse-lugar-e-tao-silencioso-que-voce-pode-escutar-seu-coracao-batendo-e-o-sangue-fluindo-no-seu-corpo","status":"publish","type":"post","link":"https:\/\/www.em.com.br\/emfoco\/2025\/07\/08\/esse-lugar-e-tao-silencioso-que-voce-pode-escutar-seu-coracao-batendo-e-o-sangue-fluindo-no-seu-corpo\/","title":{"rendered":"Esse lugar \u00e9 t\u00e3o silencioso que voc\u00ea pode escutar seu cora\u00e7\u00e3o batendo e o sangue fluindo no seu corpo"},"content":{"rendered":"\n<p>Em um mundo dominado por ru\u00eddos e sons constantes, imaginar um lugar onde reina o sil\u00eancio absoluto pode parecer ut\u00f3pico. Para os amantes da tranquilidade, descobrir onde est\u00e1 localizado o lugar mais silencioso do planeta \u00e9 um fasc\u00ednio quase po\u00e9tico. Aqui est\u00e1 tudo o que se precisa saber para encontrar este santu\u00e1rio de sil\u00eancio.<\/p>\n\n\n\n<h2 class=\"wp-block-heading\">Qual \u00e9 o lugar mais silencioso do mundo?<\/h2>\n\n\n\n<p><strong>O t\u00edtulo de lugar mais silencioso do mundo \u00e9 geralmente atribu\u00eddo \u00e0 c\u00e2mara anecoica da Orfield Laboratories, localizada em Minneapolis, Minnesota, nos<a href=\"https:\/\/www.em.com.br\/emfoco\/2025\/06\/27\/por-que-essa-cidade-continua-sendo-um-dos-principais-destinos-para-turismo-nos-estados-unidos\/\" target=\"_blank\" rel=\"noreferrer noopener\"> Estados Unidos<\/a>.<\/strong> Esta sala foi projetada para absorver quase 100% do som e \u00e9 famosa por ser t\u00e3o silenciosa que \u00e9 poss\u00edvel escutar o som dos pr\u00f3prios batimentos card\u00edacos. A taxa de absor\u00e7\u00e3o de som da sala \u00e9 uma das mais altas j\u00e1 registradas, tornando-se uma experi\u00eancia tanto cient\u00edfica quanto sensorial \u00fanica. Recentemente, outras institui\u00e7\u00f5es tamb\u00e9m tentaram construir c\u00e2maras ainda mais silenciosas, mas a Orfield mant\u00e9m o recorde no Guinness Book pela sala mais silenciosa j\u00e1 medida.<\/p>\n\n\n\n<p>A c\u00e2mara anecoica da Orfield n\u00e3o \u00e9 um espa\u00e7o comum; sua constru\u00e7\u00e3o \u00e9 meticulosamente planejada para eliminar a reflex\u00e3o das ondas sonoras. As paredes, o teto e o ch\u00e3o s\u00e3o cobertos com cunhas de fibra de vidro, e o ambiente se mostra t\u00e3o silencioso que tem sido utilizado para testar a ac\u00fastica em produtos de alta tecnologia e aparelhos auditivos, al\u00e9m de desafiar aqueles que ousam experimentar a aus\u00eancia de som por longos per\u00edodos. Outras salas anecoicas pelo mundo, como a do Laborat\u00f3rio Nacional de F\u00edsica do Reino Unido, tamb\u00e9m competem nessa busca pelo sil\u00eancio total, mas ainda n\u00e3o superaram os \u00edndices registrados pela instala\u00e7\u00e3o americana.<\/p>\n\n\n\n<figure class=\"wp-block-image size-large\"><img loading=\"lazy\" decoding=\"async\" width=\"1024\" height=\"576\" src=\"https:\/\/www.em.com.br\/emfoco\/wp-content\/uploads\/2025\/06\/silence_1750092313280-1024x576.jpg\" alt=\"Voc\u00ea sabia que fazer 10 minutos de sil\u00eancio todos os dias ajuda a fortalecer sua mem\u00f3ria?\" class=\"wp-image-61650\" srcset=\"https:\/\/www.em.com.br\/emfoco\/wp-content\/uploads\/2025\/06\/silence_1750092313280-1024x576.jpg 1024w, https:\/\/www.em.com.br\/emfoco\/wp-content\/uploads\/2025\/06\/silence_1750092313280-300x169.jpg 300w, https:\/\/www.em.com.br\/emfoco\/wp-content\/uploads\/2025\/06\/silence_1750092313280-768x432.jpg 768w, https:\/\/www.em.com.br\/emfoco\/wp-content\/uploads\/2025\/06\/silence_1750092313280-750x422.jpg 750w, https:\/\/www.em.com.br\/emfoco\/wp-content\/uploads\/2025\/06\/silence_1750092313280-1140x641.jpg 1140w, https:\/\/www.em.com.br\/emfoco\/wp-content\/uploads\/2025\/06\/silence_1750092313280.jpg 1280w\" sizes=\"auto, (max-width: 1024px) 100vw, 1024px\" \/><figcaption class=\"wp-element-caption\">Homem fazendo sinal de sil\u00eancio &#8211; Cr\u00e9ditos: depositphotos.com \/ AndrewLozovyi<\/figcaption><\/figure>\n\n\n\n<h2 class=\"wp-block-heading\">Por que a c\u00e2mara anecoica \u00e9 vista como desafiadora?<\/h2>\n\n\n\n<p><strong>Ficar em um ambiente onde o sil\u00eancio \u00e9 absoluto pode ser uma experi\u00eancia desorientadora para muitos.<\/strong> O ouvido humano n\u00e3o est\u00e1 acostumado a uma aus\u00eancia t\u00e3o completa de som, e ficar na c\u00e2mara anecoica pode trazer sensa\u00e7\u00f5es peculiares. O recorde de perman\u00eancia na sala \u00e9 de apenas 45 minutos, pois muitas pessoas encontram dificuldades em lidar com o sil\u00eancio profundo, come\u00e7ando a sentir tonturas, desconforto e at\u00e9 alucina\u00e7\u00f5es auditivas. Algumas pesquisas sugerem que esse impacto sensorial pode at\u00e9 ser estudado para entender dist\u00farbios psicol\u00f3gicos e como o c\u00e9rebro procura sentido em ambientes privados de est\u00edmulos externos.<\/p>\n\n\n\n<p>A sensa\u00e7\u00e3o de desequil\u00edbrio ocorre porque a falta de sons ambienta o c\u00e9rebro a buscar est\u00edmulos que n\u00e3o est\u00e3o ali. Sem a presen\u00e7a de ru\u00eddos, o corpo come\u00e7a a amplificar os sons internos, como a respira\u00e7\u00e3o e os batimentos card\u00edacos, algo que n\u00e3o ocorre naturalmente no dia a dia. Essa experi\u00eancia pode ser tanto assustadora quanto reveladora, dependendo da disposi\u00e7\u00e3o individual ao encarar o sil\u00eancio absoluto.<\/p>\n\n\n\n<h2 class=\"wp-block-heading\">Como a tecnologia ajuda na cria\u00e7\u00e3o de sil\u00eancio absoluto?<\/h2>\n\n\n\n<p><strong>A globaliza\u00e7\u00e3o e desenvolvimento tecnol\u00f3gico tornaram poss\u00edvel criar salas anecoicas perfeitas como a da <a href=\"https:\/\/www.orfieldlabs.com\/\" target=\"_blank\" rel=\"noreferrer noopener\">Orfield Laboratories<\/a>.<\/strong> Materiais avan\u00e7ados e design meticuloso s\u00e3o essenciais para absorver as ondas sonoras. A utiliza\u00e7\u00e3o de cunhas anecoicas de fibra de vidro \u00e9 crucial, pois juntas, essas estruturas ajudam a dispersar o som sem refletir, criando um espa\u00e7o onde virtualmente nenhum som \u00e9 percebido. Existem ainda experimentos com outros materiais inovadores, como espumas de alta densidade e metais porosos, para aprimorar o isolamento sonoro em aplica\u00e7\u00f5es desde laborat\u00f3rios at\u00e9 est\u00fadios dom\u00e9sticos.<\/p>\n\n\n\n<p>Al\u00e9m disso, a engenharia ac\u00fastica estuda constantemente novos materiais e formatos para melhorar a efici\u00eancia do isolamento sonoro. N\u00e3o apenas para salas de teste, mas essa tecnologia encontra aplica\u00e7\u00f5es em ambientes mais amplos como est\u00fadios de grava\u00e7\u00e3o e c\u00e2maras de eco. Tanto em ind\u00fastrias como na psicologia e neuroci\u00eancia, a compreens\u00e3o e manipula\u00e7\u00e3o do som s\u00e3o aspectos fundamentais para um futuro de menos polui\u00e7\u00e3o sonora.<\/p>\n\n\n\n<h2 class=\"wp-block-heading\">Quem tem interesse em visitar o lugar mais silencioso do planeta?<\/h2>\n\n\n\n<p><strong>Embora n\u00e3o seja um destino tur\u00edstico tradicional, a c\u00e2mara anecoica atrai curiosos, cientistas e profissionais da sa\u00fade auditiva.<\/strong> Pesquisadores em \u00e1reas de ac\u00fastica e psicologia gostam de estudar as rea\u00e7\u00f5es humanas ao sil\u00eancio extremo. As descobertas podem ser usadas para criar correlatos na sa\u00fade mental e bem-estar, investigando como a redu\u00e7\u00e3o do ru\u00eddo artificial poderia influenciar nossa qualidade de vida. Atualmente, algumas sess\u00f5es experimentais s\u00e3o organizadas para o p\u00fablico, com acompanhamento de especialistas, mediante reserva.<\/p>\n\n\n\n<p>Existem tamb\u00e9m aqueles que desejam explorar os limites de resist\u00eancia pessoal ao sil\u00eancio. A experi\u00eancia de estar em um local onde at\u00e9 os movimentos dos olhos podem ser ouvidos \u00e9 um desafio para muitos, proporcionando uma introspec\u00e7\u00e3o \u00fanica sobre quanto o ru\u00eddo faz parte do nosso cotidiano e como podemos estar dependentes dele.<\/p>\n\n\n\n<h2 class=\"wp-block-heading\">Como o conceito de sil\u00eancio absoluto altera nossa percep\u00e7\u00e3o de som?<\/h2>\n\n\n\n<p><strong>Experimentar um local como a c\u00e2mara anecoica muda radicalmente a compreens\u00e3o sobre som e sil\u00eancio.<\/strong> Para muitos, vers\u00f5es idealizadas de sil\u00eancio absoluto provocam uma reflex\u00e3o sobre a polui\u00e7\u00e3o sonora e sua influ\u00eancia cont\u00ednua na vida moderna. Mais do que a aus\u00eancia de som, o sil\u00eancio absoluto representa um estado de audi\u00e7\u00e3o otimizada, onde se pode discernir sons em outra frequ\u00eancia, inclusive internas ao corpo. Alguns pesquisadores acreditam que a exposi\u00e7\u00e3o ocasional ao sil\u00eancio absoluto pode ajudar na sa\u00fade mental, promovendo relaxamento e autoconsci\u00eancia. O efeito de estar em um ambiente sem qualquer ru\u00eddo exterior pode levar a uma nova aprecia\u00e7\u00e3o por sons sutis. A din\u00e2mica social contempor\u00e2nea se v\u00ea desafiada com a experi\u00eancia de sil\u00eancio absoluto, levando a questionamentos sobre como as sociedades valorizam ou n\u00e3o o sil\u00eancio em meio a um cotidiano cada vez mais agitado e barulhento.<\/p>\n","protected":false},"excerpt":{"rendered":"<p>Em um mundo dominado por ru\u00eddos e sons constantes, imaginar um lugar onde reina o sil\u00eancio absoluto pode parecer ut\u00f3pico. Para os amantes da tranquilidade, descobrir onde est\u00e1 localizado o lugar mais silencioso do planeta \u00e9 um fasc\u00ednio quase po\u00e9tico. Aqui est\u00e1 tudo o que se precisa saber para encontrar este santu\u00e1rio de sil\u00eancio. Qual [&hellip;]<\/p>\n","protected":false},"author":13,"featured_media":71301,"comment_status":"open","ping_status":"open","sticky":false,"template":"","format":"standard","meta":{"jnews-multi-image_gallery":[],"jnews_single_post":{"format":"standard"},"jnews_primary_category":[],"jnews_social_meta":[],"jnews_override_counter":[],"footnotes":""},"categories":[8819,1],"tags":[9845,11702,11583,4665],"class_list":["post-72130","post","type-post","status-publish","format-standard","has-post-thumbnail","hentry","category-curiosidades","category-noticias","tag-acustica","tag-camara-anecoica","tag-orfield-laboratories","tag-silencio"],"yoast_head":"<!-- This site is optimized with the Yoast SEO plugin v23.8 - https:\/\/yoast.com\/wordpress\/plugins\/seo\/ -->\n<title>Esse lugar \u00e9 t\u00e3o silencioso que voc\u00ea pode escutar seu cora\u00e7\u00e3o batendo e o sangue fluindo no seu corpo - Estado de Minas - Em foco<\/title>\n<meta name=\"description\" content=\"sta sala foi projetada para absorver quase 100% do som e \u00e9 famosa por ser t\u00e3o silenciosa que \u00e9 poss\u00edvel escutar o som dos pr\u00f3prios batimentos.\" \/>\n<meta name=\"robots\" content=\"index, follow, max-snippet:-1, max-image-preview:large, max-video-preview:-1\" \/>\n<link rel=\"canonical\" href=\"https:\/\/www.em.com.br\/emfoco\/2025\/07\/08\/esse-lugar-e-tao-silencioso-que-voce-pode-escutar-seu-coracao-batendo-e-o-sangue-fluindo-no-seu-corpo\/\" \/>\n<meta property=\"og:locale\" content=\"pt_BR\" \/>\n<meta property=\"og:type\" content=\"article\" \/>\n<meta property=\"og:title\" content=\"Esse lugar \u00e9 t\u00e3o silencioso que voc\u00ea pode escutar seu cora\u00e7\u00e3o batendo e o sangue fluindo no seu corpo - Estado de Minas - Em foco\" \/>\n<meta property=\"og:description\" content=\"sta sala foi projetada para absorver quase 100% do som e \u00e9 famosa por ser t\u00e3o silenciosa que \u00e9 poss\u00edvel escutar o som dos pr\u00f3prios batimentos.\" \/>\n<meta property=\"og:url\" content=\"https:\/\/www.em.com.br\/emfoco\/2025\/07\/08\/esse-lugar-e-tao-silencioso-que-voce-pode-escutar-seu-coracao-batendo-e-o-sangue-fluindo-no-seu-corpo\/\" \/>\n<meta property=\"og:site_name\" content=\"Estado de Minas - Em foco\" \/>\n<meta property=\"article:published_time\" content=\"2025-07-08T14:48:00+00:00\" \/>\n<meta property=\"article:modified_time\" content=\"2025-07-07T21:19:17+00:00\" \/>\n<meta property=\"og:image\" content=\"https:\/\/www.em.com.br\/emfoco\/wp-content\/uploads\/2025\/07\/ad-12.jpg\" \/>\n\t<meta property=\"og:image:width\" content=\"1280\" \/>\n\t<meta property=\"og:image:height\" content=\"720\" \/>\n\t<meta property=\"og:image:type\" content=\"image\/jpeg\" \/>\n<meta name=\"author\" content=\"Gabriel Martins\" \/>\n<meta name=\"twitter:card\" content=\"summary_large_image\" \/>\n<meta name=\"twitter:label1\" content=\"Escrito por\" \/>\n\t<meta name=\"twitter:data1\" content=\"Gabriel Martins\" \/>\n\t<meta name=\"twitter:label2\" content=\"Est. tempo de leitura\" \/>\n\t<meta name=\"twitter:data2\" content=\"6 minutos\" \/>\n<!-- \/ Yoast SEO plugin. -->","yoast_head_json":{"title":"Esse lugar \u00e9 t\u00e3o silencioso que voc\u00ea pode escutar seu cora\u00e7\u00e3o batendo e o sangue fluindo no seu corpo - Estado de Minas - Em foco","description":"sta sala foi projetada para absorver quase 100% do som e \u00e9 famosa por ser t\u00e3o silenciosa que \u00e9 poss\u00edvel escutar o som dos pr\u00f3prios batimentos.","robots":{"index":"index","follow":"follow","max-snippet":"max-snippet:-1","max-image-preview":"max-image-preview:large","max-video-preview":"max-video-preview:-1"},"canonical":"https:\/\/www.em.com.br\/emfoco\/2025\/07\/08\/esse-lugar-e-tao-silencioso-que-voce-pode-escutar-seu-coracao-batendo-e-o-sangue-fluindo-no-seu-corpo\/","og_locale":"pt_BR","og_type":"article","og_title":"Esse lugar \u00e9 t\u00e3o silencioso que voc\u00ea pode escutar seu cora\u00e7\u00e3o batendo e o sangue fluindo no seu corpo - Estado de Minas - Em foco","og_description":"sta sala foi projetada para absorver quase 100% do som e \u00e9 famosa por ser t\u00e3o silenciosa que \u00e9 poss\u00edvel escutar o som dos pr\u00f3prios batimentos.","og_url":"https:\/\/www.em.com.br\/emfoco\/2025\/07\/08\/esse-lugar-e-tao-silencioso-que-voce-pode-escutar-seu-coracao-batendo-e-o-sangue-fluindo-no-seu-corpo\/","og_site_name":"Estado de Minas - Em foco","article_published_time":"2025-07-08T14:48:00+00:00","article_modified_time":"2025-07-07T21:19:17+00:00","og_image":[{"width":1280,"height":720,"url":"https:\/\/www.em.com.br\/emfoco\/wp-content\/uploads\/2025\/07\/ad-12.jpg","type":"image\/jpeg"}],"author":"Gabriel Martins","twitter_card":"summary_large_image","twitter_misc":{"Escrito por":"Gabriel Martins","Est. tempo de leitura":"6 minutos"},"schema":{"@context":"https:\/\/schema.org","@graph":[{"@type":"WebPage","@id":"https:\/\/www.em.com.br\/emfoco\/2025\/07\/08\/esse-lugar-e-tao-silencioso-que-voce-pode-escutar-seu-coracao-batendo-e-o-sangue-fluindo-no-seu-corpo\/","url":"https:\/\/www.em.com.br\/emfoco\/2025\/07\/08\/esse-lugar-e-tao-silencioso-que-voce-pode-escutar-seu-coracao-batendo-e-o-sangue-fluindo-no-seu-corpo\/","name":"Esse lugar \u00e9 t\u00e3o silencioso que voc\u00ea pode escutar seu cora\u00e7\u00e3o batendo e o sangue fluindo no seu corpo - Estado de Minas - Em foco","isPartOf":{"@id":"https:\/\/www.em.com.br\/emfoco\/#website"},"primaryImageOfPage":{"@id":"https:\/\/www.em.com.br\/emfoco\/2025\/07\/08\/esse-lugar-e-tao-silencioso-que-voce-pode-escutar-seu-coracao-batendo-e-o-sangue-fluindo-no-seu-corpo\/#primaryimage"},"image":{"@id":"https:\/\/www.em.com.br\/emfoco\/2025\/07\/08\/esse-lugar-e-tao-silencioso-que-voce-pode-escutar-seu-coracao-batendo-e-o-sangue-fluindo-no-seu-corpo\/#primaryimage"},"thumbnailUrl":"https:\/\/www.em.com.br\/emfoco\/wp-content\/uploads\/2025\/07\/ad-12.jpg","datePublished":"2025-07-08T14:48:00+00:00","dateModified":"2025-07-07T21:19:17+00:00","author":{"@id":"https:\/\/www.em.com.br\/emfoco\/#\/schema\/person\/1c9ddeab18b98abeffef834667bcf08a"},"description":"sta sala foi projetada para absorver quase 100% do som e \u00e9 famosa por ser t\u00e3o silenciosa que \u00e9 poss\u00edvel escutar o som dos pr\u00f3prios batimentos.","breadcrumb":{"@id":"https:\/\/www.em.com.br\/emfoco\/2025\/07\/08\/esse-lugar-e-tao-silencioso-que-voce-pode-escutar-seu-coracao-batendo-e-o-sangue-fluindo-no-seu-corpo\/#breadcrumb"},"inLanguage":"pt-BR","potentialAction":[{"@type":"ReadAction","target":["https:\/\/www.em.com.br\/emfoco\/2025\/07\/08\/esse-lugar-e-tao-silencioso-que-voce-pode-escutar-seu-coracao-batendo-e-o-sangue-fluindo-no-seu-corpo\/"]}]},{"@type":"ImageObject","inLanguage":"pt-BR","@id":"https:\/\/www.em.com.br\/emfoco\/2025\/07\/08\/esse-lugar-e-tao-silencioso-que-voce-pode-escutar-seu-coracao-batendo-e-o-sangue-fluindo-no-seu-corpo\/#primaryimage","url":"https:\/\/www.em.com.br\/emfoco\/wp-content\/uploads\/2025\/07\/ad-12.jpg","contentUrl":"https:\/\/www.em.com.br\/emfoco\/wp-content\/uploads\/2025\/07\/ad-12.jpg","width":1280,"height":720,"caption":"C\u00e2mara anecoica - Cr\u00e9ditos: Wikimedia Commons"},{"@type":"BreadcrumbList","@id":"https:\/\/www.em.com.br\/emfoco\/2025\/07\/08\/esse-lugar-e-tao-silencioso-que-voce-pode-escutar-seu-coracao-batendo-e-o-sangue-fluindo-no-seu-corpo\/#breadcrumb","itemListElement":[{"@type":"ListItem","position":1,"name":"In\u00edcio","item":"https:\/\/www.em.com.br\/emfoco\/"},{"@type":"ListItem","position":2,"name":"Esse lugar \u00e9 t\u00e3o silencioso que voc\u00ea pode escutar seu cora\u00e7\u00e3o batendo e o sangue fluindo no seu corpo"}]},{"@type":"WebSite","@id":"https:\/\/www.em.com.br\/emfoco\/#website","url":"https:\/\/www.em.com.br\/emfoco\/","name":"Estado de Minas - Em foco","description":"Acompanhe as \u00faltimas not\u00edcias e fique bem informado sobre tudo o que acontece em Minas Gerais, Brasil e no mundo.","potentialAction":[{"@type":"SearchAction","target":{"@type":"EntryPoint","urlTemplate":"https:\/\/www.em.com.br\/emfoco\/?s={search_term_string}"},"query-input":{"@type":"PropertyValueSpecification","valueRequired":true,"valueName":"search_term_string"}}],"inLanguage":"pt-BR"},{"@type":"Person","@id":"https:\/\/www.em.com.br\/emfoco\/#\/schema\/person\/1c9ddeab18b98abeffef834667bcf08a","name":"Gabriel Martins","image":{"@type":"ImageObject","inLanguage":"pt-BR","@id":"https:\/\/www.em.com.br\/emfoco\/#\/schema\/person\/image\/","url":"https:\/\/secure.gravatar.com\/avatar\/f0f1e2efdfd88f1ad2cb08c5c2731e50?s=96&d=mm&r=g","contentUrl":"https:\/\/secure.gravatar.com\/avatar\/f0f1e2efdfd88f1ad2cb08c5c2731e50?s=96&d=mm&r=g","caption":"Gabriel Martins"},"sameAs":["https:\/\/www.em.com.br\/emfoco\/"],"url":"https:\/\/www.em.com.br\/emfoco\/author\/gabrielmartinsmyth\/"}]}},"_links":{"self":[{"href":"https:\/\/www.em.com.br\/emfoco\/wp-json\/wp\/v2\/posts\/72130","targetHints":{"allow":["GET"]}}],"collection":[{"href":"https:\/\/www.em.com.br\/emfoco\/wp-json\/wp\/v2\/posts"}],"about":[{"href":"https:\/\/www.em.com.br\/emfoco\/wp-json\/wp\/v2\/types\/post"}],"author":[{"embeddable":true,"href":"https:\/\/www.em.com.br\/emfoco\/wp-json\/wp\/v2\/users\/13"}],"replies":[{"embeddable":true,"href":"https:\/\/www.em.com.br\/emfoco\/wp-json\/wp\/v2\/comments?post=72130"}],"version-history":[{"count":2,"href":"https:\/\/www.em.com.br\/emfoco\/wp-json\/wp\/v2\/posts\/72130\/revisions"}],"predecessor-version":[{"id":72162,"href":"https:\/\/www.em.com.br\/emfoco\/wp-json\/wp\/v2\/posts\/72130\/revisions\/72162"}],"wp:featuredmedia":[{"embeddable":true,"href":"https:\/\/www.em.com.br\/emfoco\/wp-json\/wp\/v2\/media\/71301"}],"wp:attachment":[{"href":"https:\/\/www.em.com.br\/emfoco\/wp-json\/wp\/v2\/media?parent=72130"}],"wp:term":[{"taxonomy":"category","embeddable":true,"href":"https:\/\/www.em.com.br\/emfoco\/wp-json\/wp\/v2\/categories?post=72130"},{"taxonomy":"post_tag","embeddable":true,"href":"https:\/\/www.em.com.br\/emfoco\/wp-json\/wp\/v2\/tags?post=72130"}],"curies":[{"name":"wp","href":"https:\/\/api.w.org\/{rel}","templated":true}]}}