{"id":72047,"date":"2025-09-06T20:48:00","date_gmt":"2025-09-06T23:48:00","guid":{"rendered":"https:\/\/www.em.com.br\/emfoco\/?p=72047"},"modified":"2025-09-07T20:05:06","modified_gmt":"2025-09-07T23:05:06","slug":"esse-creme-ajuda-a-firmar-a-pele-e-reduzir-linhas-finas-com-uso-diario","status":"publish","type":"post","link":"https:\/\/www.em.com.br\/emfoco\/2025\/09\/06\/esse-creme-ajuda-a-firmar-a-pele-e-reduzir-linhas-finas-com-uso-diario\/","title":{"rendered":"Esse creme ajuda a firmar a pele e reduzir linhas finas com uso di\u00e1rio"},"content":{"rendered":"\n<p>Os cuidados com a pele est\u00e3o ganhando cada vez mais espa\u00e7o nas rotinas de milhares de pessoas, especialmente quando o assunto \u00e9 retardar os sinais de envelhecimento. Em meio a tantas op\u00e7\u00f5es dispon\u00edveis no mercado, torna-se fundamental identificar o creme anti-idade mais adequado para cada perfil de pele. Marcas tradicionais, como a Nivea, oferecem uma variedade significativa de produtos, cada um direcionado a necessidades espec\u00edficas e faixas et\u00e1rias distintas, segundo o site <a href=\"https:\/\/www.katiaribeiro.com.br\/voce-sabe-qual-creme-nivea-anti-idade-e-ideal-para-sua-pele-descubra-como-escolher-o-seu\/\" target=\"_blank\" rel=\"noreferrer noopener\">Katia Ribeiro.<\/a><\/p>\n\n\n\n<p>O envelhecimento cut\u00e2neo \u00e9 um processo natural, que envolve a diminui\u00e7\u00e3o da produ\u00e7\u00e3o de col\u00e1geno, elasticidade e hidrata\u00e7\u00e3o da pele. Por esse motivo, utilizar um produto antienvelhecimento adequado pode contribuir para melhorar a apar\u00eancia de linhas finas, flacidez e manchas, al\u00e9m de criar uma barreira de prote\u00e7\u00e3o contra fatores externos como polui\u00e7\u00e3o e radia\u00e7\u00e3o solar. Por\u00e9m, a escolha do item ideal depende de uma avalia\u00e7\u00e3o cuidadosa tanto do tipo da pele quanto dos objetivos individuais de cuidado.<\/p>\n\n\n\n<h2 class=\"wp-block-heading\">Como identificar seu tipo de pele antes de escolher um creme anti-idade?<\/h2>\n\n\n\n<p>Saber reconhecer se a pele \u00e9 seca, oleosa, mista ou madura \u00e9 um passo fundamental para a sele\u00e7\u00e3o eficiente de um tratamento antissinais. Pele oleosa tende a apresentar brilho constante, principalmente na zona T, enquanto a pele seca costuma ser mais opaca e com sensa\u00e7\u00e3o de repuxamento, especialmente ap\u00f3s a higieniza\u00e7\u00e3o. J\u00e1 a pele mista exibe caracter\u00edsticas de ambos os tipos: oleosidade localizada e ressecamento em \u00e1reas espec\u00edficas. A avalia\u00e7\u00e3o pode ser feita observando o aspecto logo ap\u00f3s a limpeza facial e a sensa\u00e7\u00e3o ao toque, fatores que auxiliam diretamente na escolha do produto ideal.<\/p>\n\n\n\n<h2 class=\"wp-block-heading\">Quais produtos anti-idade Nivea atendem diferentes necessidades?<\/h2>\n\n\n\n<p>A Nivea disp\u00f5e de linhas variadas dentro de seu portf\u00f3lio de cremes antissinais. Para peles jovens, a partir dos 25 anos, op\u00e7\u00f5es como o Q10 Energy s\u00e3o recomendadas, j\u00e1 que oferecem luminosidade e previnem os primeiros sinais de <a href=\"https:\/\/www.em.com.br\/emfoco\/2025\/07\/04\/autoestima-elevada-e-seu-melhor-escudo-emocional-em-2025\/\" target=\"_blank\" rel=\"noreferrer noopener\">idade<\/a>. Quem busca minimizar linhas finas e melhorar a firmeza pode contar com o Q10 Power Antissinais, que cont\u00e9m ingredientes como coenzima Q10 e creatina. J\u00e1 consumidores com pele madura, geralmente a partir dos 50 anos, podem se beneficiar do Cellular Expert Lift, que traz \u00e1cido hialur\u00f4nico e col\u00e1geno bioativo para tratar de flacidez e perda de elasticidade.<\/p>\n\n\n\n<ul class=\"wp-block-list\">\n<li><strong>Peles secas:<\/strong> Cellular Expert Lift ou Hyaluron Cellular Filler, ambos promovendo hidrata\u00e7\u00e3o profunda e aumento da firmeza.<\/li>\n\n\n\n<li><strong>Peles oleosas ou com manchas:<\/strong> Q10 Power Antissinais e Luminous630, j\u00e1 que t\u00eam textura leve, r\u00e1pida absor\u00e7\u00e3o e atuam na uniformiza\u00e7\u00e3o do tom.<\/li>\n\n\n\n<li><strong>Peles mistas:<\/strong> Q10 Energy ou Q10 Power, equilibrando hidrata\u00e7\u00e3o sem pesar.<\/li>\n\n\n\n<li><strong>Pele madura:<\/strong> Expert Lift ou Luminous630, para tratamento intenso e a\u00e7\u00e3o antimanchas.<\/li>\n<\/ul>\n\n\n<div class=\"wp-block-image\">\n<figure class=\"aligncenter size-large\"><img loading=\"lazy\" decoding=\"async\" width=\"1024\" height=\"576\" src=\"https:\/\/www.em.com.br\/emfoco\/wp-content\/uploads\/2025\/07\/creme-rosto_1751834003373-1024x576.jpg\" alt=\"O melhor creme anti-idade para cada tipo de pele\" class=\"wp-image-72049\" srcset=\"https:\/\/www.em.com.br\/emfoco\/wp-content\/uploads\/2025\/07\/creme-rosto_1751834003373-1024x576.jpg 1024w, https:\/\/www.em.com.br\/emfoco\/wp-content\/uploads\/2025\/07\/creme-rosto_1751834003373-300x169.jpg 300w, https:\/\/www.em.com.br\/emfoco\/wp-content\/uploads\/2025\/07\/creme-rosto_1751834003373-768x432.jpg 768w, https:\/\/www.em.com.br\/emfoco\/wp-content\/uploads\/2025\/07\/creme-rosto_1751834003373-750x422.jpg 750w, https:\/\/www.em.com.br\/emfoco\/wp-content\/uploads\/2025\/07\/creme-rosto_1751834003373-1140x642.jpg 1140w, https:\/\/www.em.com.br\/emfoco\/wp-content\/uploads\/2025\/07\/creme-rosto_1751834003373.jpg 1279w\" sizes=\"auto, (max-width: 1024px) 100vw, 1024px\" \/><figcaption class=\"wp-element-caption\">Creme (Cr\u00e9ditos: depositphotos.com \/ IgorVetushko)<\/figcaption><\/figure><\/div>\n\n\n<h2 class=\"wp-block-heading\">Como escolher entre cremes para o dia ou para a noite?<\/h2>\n\n\n\n<p>A defini\u00e7\u00e3o do momento de aplica\u00e7\u00e3o \u00e9 outro aspecto de destaque no cuidado antienvelhecimento. Cremes diurnos frequentemente incluem prote\u00e7\u00e3o solar, como o Q10 Power com FPS 30, al\u00e9m de ativos antioxidantes voltados \u00e0 prote\u00e7\u00e3o contra danos ambientais. J\u00e1 os produtos de uso noturno tendem a apresentar concentra\u00e7\u00f5es superiores de ingredientes como \u00e1cido hialur\u00f4nico e col\u00e1geno, potencializando resultados enquanto a pele se regenera durante o sono. A escolha entre um e outro deve considerar a rotina pessoal e as necessidades de cada etapa do dia, como explica o site <a href=\"https:\/\/crocheonline.com.br\/2025\/06\/03\/seu-creme-pode-estar-sabotando-seus-cachos-sem-voce-saber\/\" target=\"_blank\" rel=\"noreferrer noopener\">Croch\u00ea Online.<\/a><\/p>\n\n\n\n<ol class=\"wp-block-list\">\n<li><strong>Analise as demandas da pele:<\/strong> observe textura, presen\u00e7a de manchas, linhas ou flacidez.<\/li>\n\n\n\n<li><strong>Considere o momento de aplica\u00e7\u00e3o:<\/strong> opte por f\u00f3rmulas espec\u00edficas para dia ou noite.<\/li>\n\n\n\n<li><strong>Escolha pela faixa et\u00e1ria e ativos presentes:<\/strong> consulte os ingredientes indicados para seu perfil de pele.<\/li>\n\n\n\n<li><strong>Fique atento \u00e0 textura:<\/strong> peles oleosas se adaptam melhor a cremes leves, enquanto peles secas pedem f\u00f3rmulas densas.<\/li>\n<\/ol>\n\n\n\n<h2 class=\"wp-block-heading\">O que esperar de uma rotina com creme anti-idade Nivea?<\/h2>\n\n\n\n<p>Ap\u00f3s a ado\u00e7\u00e3o do creme antissinais correto, os resultados costumam aparecer gradualmente: a pele se torna mais firme, uniforme e hidratada. O segredo est\u00e1 na const\u00e2ncia do uso, adaptando sempre \u00e0 faixa et\u00e1ria, esta\u00e7\u00e3o do ano e mudan\u00e7as no aspecto cut\u00e2neo. Por meio da observa\u00e7\u00e3o di\u00e1ria, \u00e9 poss\u00edvel ajustar a rotina e potencializar os benef\u00edcios dos principais ativos presentes nos produtos Nivea, como o \u00e1cido hialur\u00f4nico, Q10 e antioxidantes.<\/p>\n\n\n\n<p>Priorizar o cuidado personalizado contribui para uma apar\u00eancia mais saud\u00e1vel e confiante. A busca pelo produto ideal deve considerar individualidade, tipo cut\u00e2neo e prefer\u00eancias em rela\u00e7\u00e3o a textura e fragr\u00e2ncia. Atentar-se a esses detalhes transforma o cuidado di\u00e1rio em um verdadeiro compromisso com o bem-estar e a sa\u00fade da pele.<\/p>\n","protected":false},"excerpt":{"rendered":"<p>Os cuidados com a pele est\u00e3o ganhando cada vez mais espa\u00e7o nas rotinas de milhares de pessoas, especialmente quando o assunto \u00e9 retardar os sinais de envelhecimento. Em meio a tantas op\u00e7\u00f5es dispon\u00edveis no mercado, torna-se fundamental identificar o creme anti-idade mais adequado para cada perfil de pele. Marcas tradicionais, como a Nivea, oferecem uma [&hellip;]<\/p>\n","protected":false},"author":10,"featured_media":72048,"comment_status":"open","ping_status":"open","sticky":false,"template":"","format":"standard","meta":{"jnews-multi-image_gallery":[],"jnews_single_post":{"format":"standard"},"jnews_primary_category":[],"jnews_social_meta":[],"jnews_override_counter":[],"footnotes":""},"categories":[8691,1],"tags":[6496,2616,7618,627],"class_list":["post-72047","post","type-post","status-publish","format-standard","has-post-thumbnail","hentry","category-bem-estar","category-noticias","tag-anti-idade","tag-beleza","tag-creme","tag-envelhecimento"],"yoast_head":"<!-- This site is optimized with the Yoast SEO plugin v23.8 - https:\/\/yoast.com\/wordpress\/plugins\/seo\/ -->\n<title>Esse creme ajuda a firmar a pele e reduzir linhas finas com uso di\u00e1rio - Estado de Minas - Em foco<\/title>\n<meta name=\"description\" content=\"Cada tipo de pele pede um cuidado diferente e a Nivea tem o creme ideal para garantir resultados vis\u00edveis e duradouros.\" \/>\n<meta name=\"robots\" content=\"index, follow, max-snippet:-1, max-image-preview:large, max-video-preview:-1\" \/>\n<link rel=\"canonical\" href=\"https:\/\/www.em.com.br\/emfoco\/2025\/09\/06\/esse-creme-ajuda-a-firmar-a-pele-e-reduzir-linhas-finas-com-uso-diario\/\" \/>\n<meta property=\"og:locale\" content=\"pt_BR\" \/>\n<meta property=\"og:type\" content=\"article\" \/>\n<meta property=\"og:title\" content=\"Esse creme ajuda a firmar a pele e reduzir linhas finas com uso di\u00e1rio - Estado de Minas - Em foco\" \/>\n<meta property=\"og:description\" content=\"Cada tipo de pele pede um cuidado diferente e a Nivea tem o creme ideal para garantir resultados vis\u00edveis e duradouros.\" \/>\n<meta property=\"og:url\" content=\"https:\/\/www.em.com.br\/emfoco\/2025\/09\/06\/esse-creme-ajuda-a-firmar-a-pele-e-reduzir-linhas-finas-com-uso-diario\/\" \/>\n<meta property=\"og:site_name\" content=\"Estado de Minas - Em foco\" \/>\n<meta property=\"article:published_time\" content=\"2025-09-06T23:48:00+00:00\" \/>\n<meta property=\"article:modified_time\" content=\"2025-09-07T23:05:06+00:00\" \/>\n<meta property=\"og:image\" content=\"https:\/\/www.em.com.br\/emfoco\/wp-content\/uploads\/2025\/07\/creme-rosto_1751833943551.jpg\" \/>\n\t<meta property=\"og:image:width\" content=\"1280\" \/>\n\t<meta property=\"og:image:height\" content=\"720\" \/>\n\t<meta property=\"og:image:type\" content=\"image\/jpeg\" \/>\n<meta name=\"author\" content=\"Patryck Reinehr\" \/>\n<meta name=\"twitter:card\" content=\"summary_large_image\" \/>\n<meta name=\"twitter:label1\" content=\"Escrito por\" \/>\n\t<meta name=\"twitter:data1\" content=\"Patryck Reinehr\" \/>\n\t<meta name=\"twitter:label2\" content=\"Est. tempo de leitura\" \/>\n\t<meta name=\"twitter:data2\" content=\"5 minutos\" \/>\n<!-- \/ Yoast SEO plugin. -->","yoast_head_json":{"title":"Esse creme ajuda a firmar a pele e reduzir linhas finas com uso di\u00e1rio - Estado de Minas - Em foco","description":"Cada tipo de pele pede um cuidado diferente e a Nivea tem o creme ideal para garantir resultados vis\u00edveis e duradouros.","robots":{"index":"index","follow":"follow","max-snippet":"max-snippet:-1","max-image-preview":"max-image-preview:large","max-video-preview":"max-video-preview:-1"},"canonical":"https:\/\/www.em.com.br\/emfoco\/2025\/09\/06\/esse-creme-ajuda-a-firmar-a-pele-e-reduzir-linhas-finas-com-uso-diario\/","og_locale":"pt_BR","og_type":"article","og_title":"Esse creme ajuda a firmar a pele e reduzir linhas finas com uso di\u00e1rio - Estado de Minas - Em foco","og_description":"Cada tipo de pele pede um cuidado diferente e a Nivea tem o creme ideal para garantir resultados vis\u00edveis e duradouros.","og_url":"https:\/\/www.em.com.br\/emfoco\/2025\/09\/06\/esse-creme-ajuda-a-firmar-a-pele-e-reduzir-linhas-finas-com-uso-diario\/","og_site_name":"Estado de Minas - Em foco","article_published_time":"2025-09-06T23:48:00+00:00","article_modified_time":"2025-09-07T23:05:06+00:00","og_image":[{"width":1280,"height":720,"url":"https:\/\/www.em.com.br\/emfoco\/wp-content\/uploads\/2025\/07\/creme-rosto_1751833943551.jpg","type":"image\/jpeg"}],"author":"Patryck Reinehr","twitter_card":"summary_large_image","twitter_misc":{"Escrito por":"Patryck Reinehr","Est. tempo de leitura":"5 minutos"},"schema":{"@context":"https:\/\/schema.org","@graph":[{"@type":"WebPage","@id":"https:\/\/www.em.com.br\/emfoco\/2025\/09\/06\/esse-creme-ajuda-a-firmar-a-pele-e-reduzir-linhas-finas-com-uso-diario\/","url":"https:\/\/www.em.com.br\/emfoco\/2025\/09\/06\/esse-creme-ajuda-a-firmar-a-pele-e-reduzir-linhas-finas-com-uso-diario\/","name":"Esse creme ajuda a firmar a pele e reduzir linhas finas com uso di\u00e1rio - Estado de Minas - Em foco","isPartOf":{"@id":"https:\/\/www.em.com.br\/emfoco\/#website"},"primaryImageOfPage":{"@id":"https:\/\/www.em.com.br\/emfoco\/2025\/09\/06\/esse-creme-ajuda-a-firmar-a-pele-e-reduzir-linhas-finas-com-uso-diario\/#primaryimage"},"image":{"@id":"https:\/\/www.em.com.br\/emfoco\/2025\/09\/06\/esse-creme-ajuda-a-firmar-a-pele-e-reduzir-linhas-finas-com-uso-diario\/#primaryimage"},"thumbnailUrl":"https:\/\/www.em.com.br\/emfoco\/wp-content\/uploads\/2025\/07\/creme-rosto_1751833943551.jpg","datePublished":"2025-09-06T23:48:00+00:00","dateModified":"2025-09-07T23:05:06+00:00","author":{"@id":"https:\/\/www.em.com.br\/emfoco\/#\/schema\/person\/43407752bebcbbb4d0ec79deedc0d7ce"},"description":"Cada tipo de pele pede um cuidado diferente e a Nivea tem o creme ideal para garantir resultados vis\u00edveis e duradouros.","breadcrumb":{"@id":"https:\/\/www.em.com.br\/emfoco\/2025\/09\/06\/esse-creme-ajuda-a-firmar-a-pele-e-reduzir-linhas-finas-com-uso-diario\/#breadcrumb"},"inLanguage":"pt-BR","potentialAction":[{"@type":"ReadAction","target":["https:\/\/www.em.com.br\/emfoco\/2025\/09\/06\/esse-creme-ajuda-a-firmar-a-pele-e-reduzir-linhas-finas-com-uso-diario\/"]}]},{"@type":"ImageObject","inLanguage":"pt-BR","@id":"https:\/\/www.em.com.br\/emfoco\/2025\/09\/06\/esse-creme-ajuda-a-firmar-a-pele-e-reduzir-linhas-finas-com-uso-diario\/#primaryimage","url":"https:\/\/www.em.com.br\/emfoco\/wp-content\/uploads\/2025\/07\/creme-rosto_1751833943551.jpg","contentUrl":"https:\/\/www.em.com.br\/emfoco\/wp-content\/uploads\/2025\/07\/creme-rosto_1751833943551.jpg","width":1280,"height":720,"caption":"Creme (Cr\u00e9ditos: depositphotos.com \/ joannawnuk)"},{"@type":"BreadcrumbList","@id":"https:\/\/www.em.com.br\/emfoco\/2025\/09\/06\/esse-creme-ajuda-a-firmar-a-pele-e-reduzir-linhas-finas-com-uso-diario\/#breadcrumb","itemListElement":[{"@type":"ListItem","position":1,"name":"In\u00edcio","item":"https:\/\/www.em.com.br\/emfoco\/"},{"@type":"ListItem","position":2,"name":"Esse creme ajuda a firmar a pele e reduzir linhas finas com uso di\u00e1rio"}]},{"@type":"WebSite","@id":"https:\/\/www.em.com.br\/emfoco\/#website","url":"https:\/\/www.em.com.br\/emfoco\/","name":"Estado de Minas - Em foco","description":"Acompanhe as \u00faltimas not\u00edcias e fique bem informado sobre tudo o que acontece em Minas Gerais, Brasil e no mundo.","potentialAction":[{"@type":"SearchAction","target":{"@type":"EntryPoint","urlTemplate":"https:\/\/www.em.com.br\/emfoco\/?s={search_term_string}"},"query-input":{"@type":"PropertyValueSpecification","valueRequired":true,"valueName":"search_term_string"}}],"inLanguage":"pt-BR"},{"@type":"Person","@id":"https:\/\/www.em.com.br\/emfoco\/#\/schema\/person\/43407752bebcbbb4d0ec79deedc0d7ce","name":"Patryck Reinehr","image":{"@type":"ImageObject","inLanguage":"pt-BR","@id":"https:\/\/www.em.com.br\/emfoco\/#\/schema\/person\/image\/","url":"https:\/\/secure.gravatar.com\/avatar\/570c7fb2898c0e2df0823196891bea88?s=96&d=mm&r=g","contentUrl":"https:\/\/secure.gravatar.com\/avatar\/570c7fb2898c0e2df0823196891bea88?s=96&d=mm&r=g","caption":"Patryck Reinehr"},"url":"https:\/\/www.em.com.br\/emfoco\/author\/patryckmyth\/"}]}},"_links":{"self":[{"href":"https:\/\/www.em.com.br\/emfoco\/wp-json\/wp\/v2\/posts\/72047","targetHints":{"allow":["GET"]}}],"collection":[{"href":"https:\/\/www.em.com.br\/emfoco\/wp-json\/wp\/v2\/posts"}],"about":[{"href":"https:\/\/www.em.com.br\/emfoco\/wp-json\/wp\/v2\/types\/post"}],"author":[{"embeddable":true,"href":"https:\/\/www.em.com.br\/emfoco\/wp-json\/wp\/v2\/users\/10"}],"replies":[{"embeddable":true,"href":"https:\/\/www.em.com.br\/emfoco\/wp-json\/wp\/v2\/comments?post=72047"}],"version-history":[{"count":2,"href":"https:\/\/www.em.com.br\/emfoco\/wp-json\/wp\/v2\/posts\/72047\/revisions"}],"predecessor-version":[{"id":101667,"href":"https:\/\/www.em.com.br\/emfoco\/wp-json\/wp\/v2\/posts\/72047\/revisions\/101667"}],"wp:featuredmedia":[{"embeddable":true,"href":"https:\/\/www.em.com.br\/emfoco\/wp-json\/wp\/v2\/media\/72048"}],"wp:attachment":[{"href":"https:\/\/www.em.com.br\/emfoco\/wp-json\/wp\/v2\/media?parent=72047"}],"wp:term":[{"taxonomy":"category","embeddable":true,"href":"https:\/\/www.em.com.br\/emfoco\/wp-json\/wp\/v2\/categories?post=72047"},{"taxonomy":"post_tag","embeddable":true,"href":"https:\/\/www.em.com.br\/emfoco\/wp-json\/wp\/v2\/tags?post=72047"}],"curies":[{"name":"wp","href":"https:\/\/api.w.org\/{rel}","templated":true}]}}