{"id":7175,"date":"2025-01-02T22:20:00","date_gmt":"2025-01-03T01:20:00","guid":{"rendered":"https:\/\/www.em.com.br\/emfoco\/?p=7175"},"modified":"2024-12-27T19:52:24","modified_gmt":"2024-12-27T22:52:24","slug":"o-futuro-chegou-as-tendencias-tecnologicas-que-marcaram-2024","status":"publish","type":"post","link":"https:\/\/www.em.com.br\/emfoco\/2025\/01\/02\/o-futuro-chegou-as-tendencias-tecnologicas-que-marcaram-2024\/","title":{"rendered":"O futuro chegou: as tend\u00eancias tecnol\u00f3gicas que marcaram 2024"},"content":{"rendered":"\n<p>Em 2024, o cen\u00e1rio tecnol\u00f3gico foi marcado por avan\u00e7os significativos e movimentos pol\u00edticos audaciosos. Figuras como Elon Musk ganharam destaque n\u00e3o apenas por suas empreitadas empresariais, mas tamb\u00e9m por sua presen\u00e7a no ambiente pol\u00edtico, alinhando-se ao governo de Donald Trump nos Estados Unidos. Este ano trouxe \u00e0 tona desafios e oportunidades no campo da intelig\u00eancia artificial, revelando o poder crescente de empresas e inovadores no setor.<\/p>\n\n\n\n<p>No Brasil e no mundo, as implica\u00e7\u00f5es da intelig\u00eancia artificial e o uso da tecnologia para transforma\u00e7\u00f5es sociais e econ\u00f4micas ficaram mais evidentes. A Apple, ap\u00f3s anos de expectativa, introduziu um ecossistema de intelig\u00eancia artificial que promete expandir as funcionalidades de seus dispositivos. No entanto, o avan\u00e7o tecnol\u00f3gico tamb\u00e9m gerou discuss\u00f5es acaloradas sobre \u00e9tica e privacidade, especialmente com startups impulsionando limites em troca de dados pessoais.<\/p>\n\n\n\n<h2 class=\"wp-block-heading\">Elon Musk e seu Impacto Pol\u00edtico<\/h2>\n\n\n\n<p>Elon Musk, conhecido por suas empresas inovadoras como Tesla e <strong><a href=\"https:\/\/www.spacex.com\/\" target=\"_blank\" rel=\"noreferrer noopener\">SpaceX<\/a><\/strong>, surpreendeu ao unir esfor\u00e7os com Donald Trump para integrar uma nova era de efici\u00eancia no governo dos Estados Unidos. Sua participa\u00e7\u00e3o no governo sublinha a tend\u00eancia crescente de figuras do setor tecnol\u00f3gico migrando para pap\u00e9is pol\u00edticos, buscando alinhar suas vis\u00f5es de inova\u00e7\u00e3o com pol\u00edticas governamentais.<\/p>\n\n\n\n<p>Esse envolvimento reflete a crescente influ\u00eancia do setor tecnol\u00f3gico nas decis\u00f5es pol\u00edticas, uma din\u00e2mica que pode redefinir pr\u00e1ticas e estruturas, ao conectar diretamente avan\u00e7os tecnol\u00f3gicos com necessidades governamentais e sociais.<\/p>\n\n\n\n<figure class=\"wp-block-image size-large\"><img loading=\"lazy\" decoding=\"async\" width=\"1024\" height=\"576\" src=\"https:\/\/www.em.com.br\/emfoco\/wp-content\/uploads\/2024\/12\/elon-musk_1735339665049-1024x576.jpg\" alt=\"O futuro chegou: as tend\u00eancias tecnol\u00f3gicas que marcaram 2024\" class=\"wp-image-7179\" srcset=\"https:\/\/www.em.com.br\/emfoco\/wp-content\/uploads\/2024\/12\/elon-musk_1735339665049-1024x576.jpg 1024w, https:\/\/www.em.com.br\/emfoco\/wp-content\/uploads\/2024\/12\/elon-musk_1735339665049-300x169.jpg 300w, https:\/\/www.em.com.br\/emfoco\/wp-content\/uploads\/2024\/12\/elon-musk_1735339665049-768x432.jpg 768w, https:\/\/www.em.com.br\/emfoco\/wp-content\/uploads\/2024\/12\/elon-musk_1735339665049-750x422.jpg 750w, https:\/\/www.em.com.br\/emfoco\/wp-content\/uploads\/2024\/12\/elon-musk_1735339665049-1140x641.jpg 1140w, https:\/\/www.em.com.br\/emfoco\/wp-content\/uploads\/2024\/12\/elon-musk_1735339665049.jpg 1280w\" sizes=\"auto, (max-width: 1024px) 100vw, 1024px\" \/><figcaption class=\"wp-element-caption\">Elon Musk &#8211; Cr\u00e9ditos: depositphotos.com \/ rafapress<\/figcaption><\/figure>\n\n\n\n<h2 class=\"wp-block-heading\">A Revolu\u00e7\u00e3o da Intelig\u00eancia Artificial na Apple<\/h2>\n\n\n\n<p>A Apple fez hist\u00f3ria em 2024 com o lan\u00e7amento do Apple Intelligence, um ambicioso ecossistema de intelig\u00eancia artificial. Este movimento posiciona a marca como protagonista no mercado de IA generativa, ao tornar suas solu\u00e7\u00f5es ainda mais integradas e eficazes. O impacto desta inova\u00e7\u00e3o estende-se al\u00e9m do consumidor final, promovendo novas formas de intera\u00e7\u00e3o e uso da tecnologia nos dispositivos Apple.<\/p>\n\n\n\n<p>Com promessas de funcionalidades aprimoradas, o Apple Intelligence demonstra como as empresas de tecnologia est\u00e3o competindo para oferecer produtos que n\u00e3o apenas respondam, mas antecipem as necessidades dos usu\u00e1rios, criando um ambiente digital mais intuitivo e fluido.<\/p>\n\n\n\n<h2 class=\"wp-block-heading\">O Crescente Debate sobre Privacidade e Tecnologia<\/h2>\n\n\n\n<p><strong>Por que a privacidade digital se tornou uma quest\u00e3o t\u00e3o debatida?<\/strong><\/p>\n\n\n\n<p>Em meio \u00e0 introdu\u00e7\u00e3o de novas tecnologias, a quest\u00e3o da privacidade ganhou destaque. Startups como a Tools For Humanity, liderada por Sam Altman, levantaram debates \u00e9ticos com iniciativas que trocam biometria por compensa\u00e7\u00e3o financeira. A coleta de dados da \u00edris, por exemplo, gerou receios sobre o uso e seguran\u00e7a das informa\u00e7\u00f5es pessoais.<\/p>\n\n\n\n<p>Essas pr\u00e1ticas trazem \u00e0 tona a discuss\u00e3o sobre como equilibrar inova\u00e7\u00e3o com direitos individuais, sendo fundamental o <strong><a href=\"https:\/\/www.em.com.br\/emfoco\/2024\/12\/18\/congonhas-e-o-caminho-para-o-desenvolvimento-urbano-sustentavel\/\" target=\"_blank\" rel=\"noreferrer noopener\">desenvolvimento<\/a><\/strong> de regulamenta\u00e7\u00f5es que possam proteger os consumidores enquanto promovem avan\u00e7os tecnol\u00f3gicos respons\u00e1veis e seguros.<\/p>\n\n\n\n<h2 class=\"wp-block-heading\">Transforma\u00e7\u00f5es e Desafios Futuros<\/h2>\n\n\n\n<p>O ano de 2024 tamb\u00e9m foi marcado por desafios significativos, especialmente no setor de tecnologia de semicondutores, com a Intel enfrentando uma lideran\u00e7a incerta. Esta situa\u00e7\u00e3o exemplifica os obst\u00e1culos que grandes corpora\u00e7\u00f5es enfrentam em tempos de r\u00e1pidas mudan\u00e7as tecnol\u00f3gicas e concorr\u00eancia global feroz, principalmente das empresas chinesas emergentes.<\/p>\n\n\n\n<p>\u00c0 medida que o mundo avan\u00e7a para 2025, a expectativa \u00e9 de que as empresas do setor tecnol\u00f3gico continuem a n\u00e3o apenas inovar, mas tamb\u00e9m a reformular suas estrat\u00e9gias para lidar com um ambiente em constante evolu\u00e7\u00e3o. A verdadeira inova\u00e7\u00e3o estar\u00e1 em como estas empresas conseguem combinar tecnologia de ponta com quest\u00f5es \u00e9ticas e culturais, equilibrando crescimento com responsabilidade social.<\/p>\n","protected":false},"excerpt":{"rendered":"<p>Em 2024, o cen\u00e1rio tecnol\u00f3gico foi marcado por avan\u00e7os significativos e movimentos pol\u00edticos audaciosos. Figuras como Elon Musk ganharam destaque n\u00e3o apenas por suas empreitadas empresariais, mas tamb\u00e9m por sua presen\u00e7a no ambiente pol\u00edtico, alinhando-se ao governo de Donald Trump nos Estados Unidos. Este ano trouxe \u00e0 tona desafios e oportunidades no campo da intelig\u00eancia [&hellip;]<\/p>\n","protected":false},"author":5,"featured_media":7178,"comment_status":"open","ping_status":"open","sticky":false,"template":"","format":"standard","meta":{"jnews-multi-image_gallery":[],"jnews_single_post":{"format":"standard"},"jnews_primary_category":[],"jnews_social_meta":[],"jnews_override_counter":[],"footnotes":""},"categories":[29,1],"tags":[782,959,161,1920],"class_list":["post-7175","post","type-post","status-publish","format-standard","has-post-thumbnail","hentry","category-entretenimento","category-noticias","tag-782","tag-novidades","tag-tecnologia","tag-tendencia"],"yoast_head":"<!-- This site is optimized with the Yoast SEO plugin v23.8 - https:\/\/yoast.com\/wordpress\/plugins\/seo\/ -->\n<title>O futuro chegou: as tend\u00eancias tecnol\u00f3gicas que marcaram 2024 - Estado de Minas - Em foco<\/title>\n<meta name=\"description\" content=\"2024 foi um ano de grandes avan\u00e7os e debates sobre tecnologia. Entenda as principais tend\u00eancias e desafios que marcaram o ano.\" \/>\n<meta name=\"robots\" content=\"index, follow, max-snippet:-1, max-image-preview:large, max-video-preview:-1\" \/>\n<link rel=\"canonical\" href=\"https:\/\/www.em.com.br\/emfoco\/2025\/01\/02\/o-futuro-chegou-as-tendencias-tecnologicas-que-marcaram-2024\/\" \/>\n<meta property=\"og:locale\" content=\"pt_BR\" \/>\n<meta property=\"og:type\" content=\"article\" \/>\n<meta property=\"og:title\" content=\"O futuro chegou: as tend\u00eancias tecnol\u00f3gicas que marcaram 2024 - Estado de Minas - Em foco\" \/>\n<meta property=\"og:description\" content=\"2024 foi um ano de grandes avan\u00e7os e debates sobre tecnologia. Entenda as principais tend\u00eancias e desafios que marcaram o ano.\" \/>\n<meta property=\"og:url\" content=\"https:\/\/www.em.com.br\/emfoco\/2025\/01\/02\/o-futuro-chegou-as-tendencias-tecnologicas-que-marcaram-2024\/\" \/>\n<meta property=\"og:site_name\" content=\"Estado de Minas - Em foco\" \/>\n<meta property=\"article:published_time\" content=\"2025-01-03T01:20:00+00:00\" \/>\n<meta property=\"article:modified_time\" content=\"2024-12-27T22:52:24+00:00\" \/>\n<meta property=\"og:image\" content=\"https:\/\/www.em.com.br\/emfoco\/wp-content\/uploads\/2024\/12\/futuro_1735339560218.jpg\" \/>\n\t<meta property=\"og:image:width\" content=\"1280\" \/>\n\t<meta property=\"og:image:height\" content=\"720\" \/>\n\t<meta property=\"og:image:type\" content=\"image\/jpeg\" \/>\n<meta name=\"author\" content=\"N\u00fabia Rangel\" \/>\n<meta name=\"twitter:card\" content=\"summary_large_image\" \/>\n<meta name=\"twitter:label1\" content=\"Escrito por\" \/>\n\t<meta name=\"twitter:data1\" content=\"N\u00fabia Rangel\" \/>\n\t<meta name=\"twitter:label2\" content=\"Est. tempo de leitura\" \/>\n\t<meta name=\"twitter:data2\" content=\"4 minutos\" \/>\n<!-- \/ Yoast SEO plugin. -->","yoast_head_json":{"title":"O futuro chegou: as tend\u00eancias tecnol\u00f3gicas que marcaram 2024 - Estado de Minas - Em foco","description":"2024 foi um ano de grandes avan\u00e7os e debates sobre tecnologia. Entenda as principais tend\u00eancias e desafios que marcaram o ano.","robots":{"index":"index","follow":"follow","max-snippet":"max-snippet:-1","max-image-preview":"max-image-preview:large","max-video-preview":"max-video-preview:-1"},"canonical":"https:\/\/www.em.com.br\/emfoco\/2025\/01\/02\/o-futuro-chegou-as-tendencias-tecnologicas-que-marcaram-2024\/","og_locale":"pt_BR","og_type":"article","og_title":"O futuro chegou: as tend\u00eancias tecnol\u00f3gicas que marcaram 2024 - Estado de Minas - Em foco","og_description":"2024 foi um ano de grandes avan\u00e7os e debates sobre tecnologia. Entenda as principais tend\u00eancias e desafios que marcaram o ano.","og_url":"https:\/\/www.em.com.br\/emfoco\/2025\/01\/02\/o-futuro-chegou-as-tendencias-tecnologicas-que-marcaram-2024\/","og_site_name":"Estado de Minas - Em foco","article_published_time":"2025-01-03T01:20:00+00:00","article_modified_time":"2024-12-27T22:52:24+00:00","og_image":[{"width":1280,"height":720,"url":"https:\/\/www.em.com.br\/emfoco\/wp-content\/uploads\/2024\/12\/futuro_1735339560218.jpg","type":"image\/jpeg"}],"author":"N\u00fabia Rangel","twitter_card":"summary_large_image","twitter_misc":{"Escrito por":"N\u00fabia Rangel","Est. tempo de leitura":"4 minutos"},"schema":{"@context":"https:\/\/schema.org","@graph":[{"@type":"WebPage","@id":"https:\/\/www.em.com.br\/emfoco\/2025\/01\/02\/o-futuro-chegou-as-tendencias-tecnologicas-que-marcaram-2024\/","url":"https:\/\/www.em.com.br\/emfoco\/2025\/01\/02\/o-futuro-chegou-as-tendencias-tecnologicas-que-marcaram-2024\/","name":"O futuro chegou: as tend\u00eancias tecnol\u00f3gicas que marcaram 2024 - Estado de Minas - Em foco","isPartOf":{"@id":"https:\/\/www.em.com.br\/emfoco\/#website"},"primaryImageOfPage":{"@id":"https:\/\/www.em.com.br\/emfoco\/2025\/01\/02\/o-futuro-chegou-as-tendencias-tecnologicas-que-marcaram-2024\/#primaryimage"},"image":{"@id":"https:\/\/www.em.com.br\/emfoco\/2025\/01\/02\/o-futuro-chegou-as-tendencias-tecnologicas-que-marcaram-2024\/#primaryimage"},"thumbnailUrl":"https:\/\/www.em.com.br\/emfoco\/wp-content\/uploads\/2024\/12\/futuro_1735339560218.jpg","datePublished":"2025-01-03T01:20:00+00:00","dateModified":"2024-12-27T22:52:24+00:00","author":{"@id":"https:\/\/www.em.com.br\/emfoco\/#\/schema\/person\/524437ef54f8a5d32591b143307f2e20"},"description":"2024 foi um ano de grandes avan\u00e7os e debates sobre tecnologia. Entenda as principais tend\u00eancias e desafios que marcaram o ano.","breadcrumb":{"@id":"https:\/\/www.em.com.br\/emfoco\/2025\/01\/02\/o-futuro-chegou-as-tendencias-tecnologicas-que-marcaram-2024\/#breadcrumb"},"inLanguage":"pt-BR","potentialAction":[{"@type":"ReadAction","target":["https:\/\/www.em.com.br\/emfoco\/2025\/01\/02\/o-futuro-chegou-as-tendencias-tecnologicas-que-marcaram-2024\/"]}]},{"@type":"ImageObject","inLanguage":"pt-BR","@id":"https:\/\/www.em.com.br\/emfoco\/2025\/01\/02\/o-futuro-chegou-as-tendencias-tecnologicas-que-marcaram-2024\/#primaryimage","url":"https:\/\/www.em.com.br\/emfoco\/wp-content\/uploads\/2024\/12\/futuro_1735339560218.jpg","contentUrl":"https:\/\/www.em.com.br\/emfoco\/wp-content\/uploads\/2024\/12\/futuro_1735339560218.jpg","width":1280,"height":720,"caption":"Imagem Ilustrativa de futuro - Cr\u00e9ditos: depositphotos.com \/ VitalikRadko"},{"@type":"BreadcrumbList","@id":"https:\/\/www.em.com.br\/emfoco\/2025\/01\/02\/o-futuro-chegou-as-tendencias-tecnologicas-que-marcaram-2024\/#breadcrumb","itemListElement":[{"@type":"ListItem","position":1,"name":"In\u00edcio","item":"https:\/\/www.em.com.br\/emfoco\/"},{"@type":"ListItem","position":2,"name":"O futuro chegou: as tend\u00eancias tecnol\u00f3gicas que marcaram 2024"}]},{"@type":"WebSite","@id":"https:\/\/www.em.com.br\/emfoco\/#website","url":"https:\/\/www.em.com.br\/emfoco\/","name":"Estado de Minas - Em foco","description":"Acompanhe as \u00faltimas not\u00edcias e fique bem informado sobre tudo o que acontece em Minas Gerais, Brasil e no mundo.","potentialAction":[{"@type":"SearchAction","target":{"@type":"EntryPoint","urlTemplate":"https:\/\/www.em.com.br\/emfoco\/?s={search_term_string}"},"query-input":{"@type":"PropertyValueSpecification","valueRequired":true,"valueName":"search_term_string"}}],"inLanguage":"pt-BR"},{"@type":"Person","@id":"https:\/\/www.em.com.br\/emfoco\/#\/schema\/person\/524437ef54f8a5d32591b143307f2e20","name":"N\u00fabia Rangel","image":{"@type":"ImageObject","inLanguage":"pt-BR","@id":"https:\/\/www.em.com.br\/emfoco\/#\/schema\/person\/image\/","url":"https:\/\/secure.gravatar.com\/avatar\/47cff2827a5ba23c37e8068c86817ea4?s=96&d=mm&r=g","contentUrl":"https:\/\/secure.gravatar.com\/avatar\/47cff2827a5ba23c37e8068c86817ea4?s=96&d=mm&r=g","caption":"N\u00fabia Rangel"},"sameAs":["https:\/\/www.em.com.br\/emfoco\/"],"url":"https:\/\/www.em.com.br\/emfoco\/author\/nubiamyth\/"}]}},"_links":{"self":[{"href":"https:\/\/www.em.com.br\/emfoco\/wp-json\/wp\/v2\/posts\/7175","targetHints":{"allow":["GET"]}}],"collection":[{"href":"https:\/\/www.em.com.br\/emfoco\/wp-json\/wp\/v2\/posts"}],"about":[{"href":"https:\/\/www.em.com.br\/emfoco\/wp-json\/wp\/v2\/types\/post"}],"author":[{"embeddable":true,"href":"https:\/\/www.em.com.br\/emfoco\/wp-json\/wp\/v2\/users\/5"}],"replies":[{"embeddable":true,"href":"https:\/\/www.em.com.br\/emfoco\/wp-json\/wp\/v2\/comments?post=7175"}],"version-history":[{"count":2,"href":"https:\/\/www.em.com.br\/emfoco\/wp-json\/wp\/v2\/posts\/7175\/revisions"}],"predecessor-version":[{"id":7180,"href":"https:\/\/www.em.com.br\/emfoco\/wp-json\/wp\/v2\/posts\/7175\/revisions\/7180"}],"wp:featuredmedia":[{"embeddable":true,"href":"https:\/\/www.em.com.br\/emfoco\/wp-json\/wp\/v2\/media\/7178"}],"wp:attachment":[{"href":"https:\/\/www.em.com.br\/emfoco\/wp-json\/wp\/v2\/media?parent=7175"}],"wp:term":[{"taxonomy":"category","embeddable":true,"href":"https:\/\/www.em.com.br\/emfoco\/wp-json\/wp\/v2\/categories?post=7175"},{"taxonomy":"post_tag","embeddable":true,"href":"https:\/\/www.em.com.br\/emfoco\/wp-json\/wp\/v2\/tags?post=7175"}],"curies":[{"name":"wp","href":"https:\/\/api.w.org\/{rel}","templated":true}]}}