{"id":71723,"date":"2025-07-06T10:38:30","date_gmt":"2025-07-06T13:38:30","guid":{"rendered":"https:\/\/www.em.com.br\/emfoco\/?p=71723"},"modified":"2025-07-05T11:33:11","modified_gmt":"2025-07-05T14:33:11","slug":"sentido-da-vida-na-visao-surpreendente-da-ia","status":"publish","type":"post","link":"https:\/\/www.em.com.br\/emfoco\/2025\/07\/06\/sentido-da-vida-na-visao-surpreendente-da-ia\/","title":{"rendered":"Sentido da vida na vis\u00e3o surpreendente da IA"},"content":{"rendered":"\n<p>Explorar o significado da vida \u00e9 uma busca complexa que muitas culturas e indiv\u00edduos tentaram desvendar ao longo dos s\u00e9culos. Diferentes \u00e1reas do conhecimento oferecem perspectivas variadas, desde a filosofia at\u00e9 a ci\u00eancia, sem uma resposta conclusiva. O sentido da vida pode ser visto como uma quest\u00e3o subjetiva, onde cada pessoa deve encontrar seu pr\u00f3prio prop\u00f3sito.<\/p>\n\n\n\n<h2 class=\"wp-block-heading\">Como a intelig\u00eancia artificial aborda o sentido da vida?<\/h2>\n\n\n\n<p>A <strong>intelig\u00eancia artificial (IA)<\/strong> n\u00e3o possui consci\u00eancia ou sentimentos, mas \u00e9 programada para analisar dados e oferecer respostas com base em informa\u00e7\u00f5es dispon\u00edveis. Quando questionada sobre o sentido da vida, a IA geralmente fornece respostas amplas e baseadas em an\u00e1lises de textos e conceitos coletados de <a href=\"https:\/\/www.em.com.br\/emfoco\/2025\/07\/01\/8-curiosidades-surpreendentes-sobre-as-serpentes\/\" target=\"_blank\" rel=\"noreferrer noopener\">diversas <\/a>fontes. Ela pode apresentar perspectivas filos\u00f3ficas, cient\u00edficas ou at\u00e9 mesmo culturais.<\/p>\n\n\n\n<p>No entanto, a resposta da intelig\u00eancia artificial sobre o sentido da vida \u00e9 limitada por sua programa\u00e7\u00e3o. Ela n\u00e3o expressa cren\u00e7as ou emo\u00e7\u00f5es, mas sim interpreta\u00e7\u00f5es baseadas em dados. Esse tipo de an\u00e1lise pode ajudar a estimular discuss\u00f5es ou reflex\u00f5es, mas n\u00e3o oferece uma resposta pessoal ou definitiva.<\/p>\n\n\n<div class=\"wp-block-image\">\n<figure class=\"aligncenter size-large\"><img loading=\"lazy\" decoding=\"async\" width=\"1024\" height=\"576\" src=\"https:\/\/www.em.com.br\/emfoco\/wp-content\/uploads\/2025\/07\/Sentido-da-vida_1751717530058-1024x576.jpg\" alt=\"Sentido da vida\" class=\"wp-image-71726\" srcset=\"https:\/\/www.em.com.br\/emfoco\/wp-content\/uploads\/2025\/07\/Sentido-da-vida_1751717530058-1024x576.jpg 1024w, https:\/\/www.em.com.br\/emfoco\/wp-content\/uploads\/2025\/07\/Sentido-da-vida_1751717530058-300x169.jpg 300w, https:\/\/www.em.com.br\/emfoco\/wp-content\/uploads\/2025\/07\/Sentido-da-vida_1751717530058-768x432.jpg 768w, https:\/\/www.em.com.br\/emfoco\/wp-content\/uploads\/2025\/07\/Sentido-da-vida_1751717530058-750x422.jpg 750w, https:\/\/www.em.com.br\/emfoco\/wp-content\/uploads\/2025\/07\/Sentido-da-vida_1751717530058-1140x641.jpg 1140w, https:\/\/www.em.com.br\/emfoco\/wp-content\/uploads\/2025\/07\/Sentido-da-vida_1751717530058.jpg 1280w\" sizes=\"auto, (max-width: 1024px) 100vw, 1024px\" \/><figcaption class=\"wp-element-caption\">Sentido da vida &#8211; Cr\u00e9ditos: depositphotos.com \/ HayDmitriy<\/figcaption><\/figure><\/div>\n\n\n<h2 class=\"wp-block-heading\">A filosofia pode oferecer respostas mais satisfat\u00f3rias?<\/h2>\n\n\n\n<p>A filosofia tem sido, ao longo dos s\u00e9culos, uma fonte rica de ideias sobre o sentido da vida. De <strong>Plat\u00e3o<\/strong> a <strong>Nietzsche<\/strong>, muitos fil\u00f3sofos exploraram essa quest\u00e3o sob diferentes \u00f3ticas. Para algumas correntes filos\u00f3ficas, o sentido da vida est\u00e1 atrelado a conceitos como o amor, a felicidade ou a busca pelo conhecimento.<\/p>\n\n\n\n<p>Embora a filosofia ofere\u00e7a diversas perspectivas, a resposta definitiva ainda \u00e9 uma quest\u00e3o de interpreta\u00e7\u00e3o pessoal. Fil\u00f3sofos argumentam que cada indiv\u00edduo deve procurar seu pr\u00f3prio prop\u00f3sito, levando em conta seus valores e experi\u00eancias pessoais. Assim, a filosofia oferece um ponto de partida para reflex\u00f5es mais profundas, embora n\u00e3o forne\u00e7a uma \u00fanica resposta.<\/p>\n\n\n\n<h2 class=\"wp-block-heading\">Qual \u00e9 o papel da ci\u00eancia na busca pelo sentido da vida?<\/h2>\n\n\n\n<p>A ci\u00eancia foca na compreens\u00e3o do universo por meio de evid\u00eancias emp\u00edricas e observa\u00e7\u00f5es. Embora contribua significativamente para a evolu\u00e7\u00e3o do conhecimento humano, a ci\u00eancia <a href=\"https:\/\/economia.uol.com.br\/noticias\/bloomberg\/2015\/06\/25\/nova-ia-do-google-responde-a-perguntas-bobas-de-ti-e-lhe-diz-qual-e-o-sentido-da-vida.htm\" target=\"_blank\" rel=\"noreferrer noopener\">geralmente <\/a>se concentra em explicar o &#8220;como&#8221; das coisas, deixando de lado quest\u00f5es subjetivas como o sentido da vida.<\/p>\n\n\n\n<p>Alguns cientistas, entretanto, buscam compreender as origens da vida e a natureza da consci\u00eancia, o que pode, indiretamente, influenciar a discuss\u00e3o sobre o sentido da vida. No entanto, a ci\u00eancia, por si s\u00f3, n\u00e3o responde \u00e0 quest\u00e3o filos\u00f3fica do prop\u00f3sito da exist\u00eancia, mas fornece contextos que podem inspirar novas reflex\u00f5es.<\/p>\n\n\n\n<h2 class=\"wp-block-heading\">Estamos mais pr\u00f3ximos de responder a esta quest\u00e3o no s\u00e9culo 21?<\/h2>\n\n\n\n<p>Com o avan\u00e7o da tecnologia e das comunica\u00e7\u00f5es, a exposi\u00e7\u00e3o a diferentes ideias e culturas se tornou mais acess\u00edvel, permitindo um interc\u00e2mbio maior de perspectivas sobre o sentido da vida. A globaliza\u00e7\u00e3o e as redes sociais facilitaram o di\u00e1logo sobre essa quest\u00e3o complexa, possibilitando novas interpreta\u00e7\u00f5es e discuss\u00f5es.<\/p>\n\n\n\n<p>No s\u00e9culo 21, n\u00e3o parece haver uma resposta definitiva sobre o prop\u00f3sito da exist\u00eancia. A tecnologia, como a intelig\u00eancia artificial, contribui para explorar diversas abordagens, mas a resposta permanece individual. A busca pelo sentido continua a ser uma jornada pessoal, influenciada por cren\u00e7as, experi\u00eancias e contextos individuais.<\/p>\n\n\n\n<h2 class=\"wp-block-heading\">Por que a resposta a essa pergunta ainda intriga a humanidade?<\/h2>\n\n\n\n<p>O sentido da vida \u00e9 uma quest\u00e3o existencial fundamental que toca o \u00edntimo de cada ser humano. Essa indaga\u00e7\u00e3o transcende culturas e \u00e9pocas, impulsionando filosofias, religi\u00f5es e ci\u00eancias a buscar respostas. A vontade de entender nosso lugar no universo e o prop\u00f3sito de nossa exist\u00eancia desperta o imagin\u00e1rio humano.<\/p>\n\n\n\n<p>A busca pelo sentido da vida intriga, pois \u00e9 uma reflex\u00e3o profunda sobre nossa pr\u00f3pria exist\u00eancia. Envolve quest\u00f5es \u00e9ticas, emocionais e espirituais, desafiando limita\u00e7\u00f5es e encorajando a explora\u00e7\u00e3o dos limites do conhecimento humano. Essa busca incessante por significado \u00e9 uma jornada que, embora n\u00e3o tenha destino certo, continua a enriquecer a experi\u00eancia humana de maneira \u00fanica para cada indiv\u00edduo.<\/p>\n","protected":false},"excerpt":{"rendered":"<p>Explorar o significado da vida \u00e9 uma busca complexa que muitas culturas e indiv\u00edduos tentaram desvendar ao longo dos s\u00e9culos. Diferentes \u00e1reas do conhecimento oferecem perspectivas variadas, desde a filosofia at\u00e9 a ci\u00eancia, sem uma resposta conclusiva. O sentido da vida pode ser visto como uma quest\u00e3o subjetiva, onde cada pessoa deve encontrar seu pr\u00f3prio [&hellip;]<\/p>\n","protected":false},"author":15,"featured_media":71725,"comment_status":"open","ping_status":"open","sticky":false,"template":"","format":"standard","meta":{"jnews-multi-image_gallery":[],"jnews_single_post":{"format":"standard"},"jnews_primary_category":[],"jnews_social_meta":[],"jnews_override_counter":[],"footnotes":""},"categories":[8819],"tags":[11649,884,9518,1249,9519],"class_list":["post-71723","post","type-post","status-publish","format-standard","has-post-thumbnail","hentry","category-curiosidades","tag-busca-pelo-significado","tag-ciencia","tag-filosofia","tag-inteligencia-artificial","tag-sentido-da-vida"],"yoast_head":"<!-- This site is optimized with the Yoast SEO plugin v23.8 - https:\/\/yoast.com\/wordpress\/plugins\/seo\/ -->\n<title>Sentido da vida na vis\u00e3o surpreendente da IA - Estado de Minas - Em foco<\/title>\n<meta name=\"description\" content=\"Quando questionada sobre o sentido da vida, a intelig\u00eancia artificial deu uma resposta inusitada que mistura filosofia e l\u00f3gica.\" \/>\n<meta name=\"robots\" content=\"index, follow, max-snippet:-1, max-image-preview:large, max-video-preview:-1\" \/>\n<link rel=\"canonical\" href=\"https:\/\/www.em.com.br\/emfoco\/2025\/07\/06\/sentido-da-vida-na-visao-surpreendente-da-ia\/\" \/>\n<meta property=\"og:locale\" content=\"pt_BR\" \/>\n<meta property=\"og:type\" content=\"article\" \/>\n<meta property=\"og:title\" content=\"Sentido da vida na vis\u00e3o surpreendente da IA - Estado de Minas - Em foco\" \/>\n<meta property=\"og:description\" content=\"Quando questionada sobre o sentido da vida, a intelig\u00eancia artificial deu uma resposta inusitada que mistura filosofia e l\u00f3gica.\" \/>\n<meta property=\"og:url\" content=\"https:\/\/www.em.com.br\/emfoco\/2025\/07\/06\/sentido-da-vida-na-visao-surpreendente-da-ia\/\" \/>\n<meta property=\"og:site_name\" content=\"Estado de Minas - Em foco\" \/>\n<meta property=\"article:published_time\" content=\"2025-07-06T13:38:30+00:00\" \/>\n<meta property=\"article:modified_time\" content=\"2025-07-05T14:33:11+00:00\" \/>\n<meta property=\"og:image\" content=\"https:\/\/www.em.com.br\/emfoco\/wp-content\/uploads\/2025\/07\/computador_1751717477018.jpg\" \/>\n\t<meta property=\"og:image:width\" content=\"1280\" \/>\n\t<meta property=\"og:image:height\" content=\"720\" \/>\n\t<meta property=\"og:image:type\" content=\"image\/jpeg\" \/>\n<meta name=\"author\" content=\"Douglas Myth\" \/>\n<meta name=\"twitter:card\" content=\"summary_large_image\" \/>\n<meta name=\"twitter:label1\" content=\"Escrito por\" \/>\n\t<meta name=\"twitter:data1\" content=\"Douglas Myth\" \/>\n\t<meta name=\"twitter:label2\" content=\"Est. tempo de leitura\" \/>\n\t<meta name=\"twitter:data2\" content=\"4 minutos\" \/>\n<!-- \/ Yoast SEO plugin. -->","yoast_head_json":{"title":"Sentido da vida na vis\u00e3o surpreendente da IA - Estado de Minas - Em foco","description":"Quando questionada sobre o sentido da vida, a intelig\u00eancia artificial deu uma resposta inusitada que mistura filosofia e l\u00f3gica.","robots":{"index":"index","follow":"follow","max-snippet":"max-snippet:-1","max-image-preview":"max-image-preview:large","max-video-preview":"max-video-preview:-1"},"canonical":"https:\/\/www.em.com.br\/emfoco\/2025\/07\/06\/sentido-da-vida-na-visao-surpreendente-da-ia\/","og_locale":"pt_BR","og_type":"article","og_title":"Sentido da vida na vis\u00e3o surpreendente da IA - Estado de Minas - Em foco","og_description":"Quando questionada sobre o sentido da vida, a intelig\u00eancia artificial deu uma resposta inusitada que mistura filosofia e l\u00f3gica.","og_url":"https:\/\/www.em.com.br\/emfoco\/2025\/07\/06\/sentido-da-vida-na-visao-surpreendente-da-ia\/","og_site_name":"Estado de Minas - Em foco","article_published_time":"2025-07-06T13:38:30+00:00","article_modified_time":"2025-07-05T14:33:11+00:00","og_image":[{"width":1280,"height":720,"url":"https:\/\/www.em.com.br\/emfoco\/wp-content\/uploads\/2025\/07\/computador_1751717477018.jpg","type":"image\/jpeg"}],"author":"Douglas Myth","twitter_card":"summary_large_image","twitter_misc":{"Escrito por":"Douglas Myth","Est. tempo de leitura":"4 minutos"},"schema":{"@context":"https:\/\/schema.org","@graph":[{"@type":"WebPage","@id":"https:\/\/www.em.com.br\/emfoco\/2025\/07\/06\/sentido-da-vida-na-visao-surpreendente-da-ia\/","url":"https:\/\/www.em.com.br\/emfoco\/2025\/07\/06\/sentido-da-vida-na-visao-surpreendente-da-ia\/","name":"Sentido da vida na vis\u00e3o surpreendente da IA - Estado de Minas - Em foco","isPartOf":{"@id":"https:\/\/www.em.com.br\/emfoco\/#website"},"primaryImageOfPage":{"@id":"https:\/\/www.em.com.br\/emfoco\/2025\/07\/06\/sentido-da-vida-na-visao-surpreendente-da-ia\/#primaryimage"},"image":{"@id":"https:\/\/www.em.com.br\/emfoco\/2025\/07\/06\/sentido-da-vida-na-visao-surpreendente-da-ia\/#primaryimage"},"thumbnailUrl":"https:\/\/www.em.com.br\/emfoco\/wp-content\/uploads\/2025\/07\/computador_1751717477018.jpg","datePublished":"2025-07-06T13:38:30+00:00","dateModified":"2025-07-05T14:33:11+00:00","author":{"@id":"https:\/\/www.em.com.br\/emfoco\/#\/schema\/person\/bba594b7eebe9b9885fec3a5c7837089"},"description":"Quando questionada sobre o sentido da vida, a intelig\u00eancia artificial deu uma resposta inusitada que mistura filosofia e l\u00f3gica.","breadcrumb":{"@id":"https:\/\/www.em.com.br\/emfoco\/2025\/07\/06\/sentido-da-vida-na-visao-surpreendente-da-ia\/#breadcrumb"},"inLanguage":"pt-BR","potentialAction":[{"@type":"ReadAction","target":["https:\/\/www.em.com.br\/emfoco\/2025\/07\/06\/sentido-da-vida-na-visao-surpreendente-da-ia\/"]}]},{"@type":"ImageObject","inLanguage":"pt-BR","@id":"https:\/\/www.em.com.br\/emfoco\/2025\/07\/06\/sentido-da-vida-na-visao-surpreendente-da-ia\/#primaryimage","url":"https:\/\/www.em.com.br\/emfoco\/wp-content\/uploads\/2025\/07\/computador_1751717477018.jpg","contentUrl":"https:\/\/www.em.com.br\/emfoco\/wp-content\/uploads\/2025\/07\/computador_1751717477018.jpg","width":1280,"height":720,"caption":"Sentido da vida - Cr\u00e9ditos: depositphotos.com \/ GaudiLab"},{"@type":"BreadcrumbList","@id":"https:\/\/www.em.com.br\/emfoco\/2025\/07\/06\/sentido-da-vida-na-visao-surpreendente-da-ia\/#breadcrumb","itemListElement":[{"@type":"ListItem","position":1,"name":"In\u00edcio","item":"https:\/\/www.em.com.br\/emfoco\/"},{"@type":"ListItem","position":2,"name":"Sentido da vida na vis\u00e3o surpreendente da IA"}]},{"@type":"WebSite","@id":"https:\/\/www.em.com.br\/emfoco\/#website","url":"https:\/\/www.em.com.br\/emfoco\/","name":"Estado de Minas - Em foco","description":"Acompanhe as \u00faltimas not\u00edcias e fique bem informado sobre tudo o que acontece em Minas Gerais, Brasil e no mundo.","potentialAction":[{"@type":"SearchAction","target":{"@type":"EntryPoint","urlTemplate":"https:\/\/www.em.com.br\/emfoco\/?s={search_term_string}"},"query-input":{"@type":"PropertyValueSpecification","valueRequired":true,"valueName":"search_term_string"}}],"inLanguage":"pt-BR"},{"@type":"Person","@id":"https:\/\/www.em.com.br\/emfoco\/#\/schema\/person\/bba594b7eebe9b9885fec3a5c7837089","name":"Douglas Myth","image":{"@type":"ImageObject","inLanguage":"pt-BR","@id":"https:\/\/www.em.com.br\/emfoco\/#\/schema\/person\/image\/","url":"https:\/\/secure.gravatar.com\/avatar\/1ac3cf50d0e68642c697dc0c960c802f?s=96&d=mm&r=g","contentUrl":"https:\/\/secure.gravatar.com\/avatar\/1ac3cf50d0e68642c697dc0c960c802f?s=96&d=mm&r=g","caption":"Douglas Myth"},"url":"https:\/\/www.em.com.br\/emfoco\/author\/douglasmyth\/"}]}},"_links":{"self":[{"href":"https:\/\/www.em.com.br\/emfoco\/wp-json\/wp\/v2\/posts\/71723","targetHints":{"allow":["GET"]}}],"collection":[{"href":"https:\/\/www.em.com.br\/emfoco\/wp-json\/wp\/v2\/posts"}],"about":[{"href":"https:\/\/www.em.com.br\/emfoco\/wp-json\/wp\/v2\/types\/post"}],"author":[{"embeddable":true,"href":"https:\/\/www.em.com.br\/emfoco\/wp-json\/wp\/v2\/users\/15"}],"replies":[{"embeddable":true,"href":"https:\/\/www.em.com.br\/emfoco\/wp-json\/wp\/v2\/comments?post=71723"}],"version-history":[{"count":2,"href":"https:\/\/www.em.com.br\/emfoco\/wp-json\/wp\/v2\/posts\/71723\/revisions"}],"predecessor-version":[{"id":71727,"href":"https:\/\/www.em.com.br\/emfoco\/wp-json\/wp\/v2\/posts\/71723\/revisions\/71727"}],"wp:featuredmedia":[{"embeddable":true,"href":"https:\/\/www.em.com.br\/emfoco\/wp-json\/wp\/v2\/media\/71725"}],"wp:attachment":[{"href":"https:\/\/www.em.com.br\/emfoco\/wp-json\/wp\/v2\/media?parent=71723"}],"wp:term":[{"taxonomy":"category","embeddable":true,"href":"https:\/\/www.em.com.br\/emfoco\/wp-json\/wp\/v2\/categories?post=71723"},{"taxonomy":"post_tag","embeddable":true,"href":"https:\/\/www.em.com.br\/emfoco\/wp-json\/wp\/v2\/tags?post=71723"}],"curies":[{"name":"wp","href":"https:\/\/api.w.org\/{rel}","templated":true}]}}