{"id":71718,"date":"2025-07-06T09:18:48","date_gmt":"2025-07-06T12:18:48","guid":{"rendered":"https:\/\/www.em.com.br\/emfoco\/?p=71718"},"modified":"2025-07-05T09:07:57","modified_gmt":"2025-07-05T12:07:57","slug":"veja-o-que-o-seu-sobrenome-diz-sobre-seus-antepassados","status":"publish","type":"post","link":"https:\/\/www.em.com.br\/emfoco\/2025\/07\/06\/veja-o-que-o-seu-sobrenome-diz-sobre-seus-antepassados\/","title":{"rendered":"Veja o que o seu sobrenome diz sobre seus antepassados"},"content":{"rendered":"\n<p>Quer saber mais sobre a origem e evolu\u00e7\u00e3o dos sobrenomes? Eles s\u00e3o marcas distintivas de identidade familiar. Surgiram, de maneira mais formal, durante a Idade M\u00e9dia, quando a popula\u00e7\u00e3o come\u00e7ou a se expandir e se tornou essencial diferenciar pessoas com o mesmo nome de batismo. Dessa forma, a adi\u00e7\u00e3o de um segundo nome, ou sobrenome, tornou-se comum. Esse sistema ajudou a distinguir indiv\u00edduos em documentos legais e eclesi\u00e1sticos, al\u00e9m de facilitar o rastreamento de heran\u00e7as e propriedades.<\/p>\n\n\n\n<h2 class=\"wp-block-heading\">Como surgiram os sobrenomes?<\/h2>\n\n\n\n<p>A origem dos sobrenomes est\u00e1 intimamente ligada a diversos fatores sociais e culturais. Muitos deles come\u00e7aram a ser utilizados para identificar pessoas com base na <a href=\"https:\/\/www.em.com.br\/emfoco\/2025\/07\/03\/7-curiosidades-sobre-os-anos-70-que-poucos-lembram-hoje-em-dia\/\" target=\"_blank\" rel=\"noreferrer noopener\">ocupa\u00e7\u00e3o<\/a>, como &#8220;Ferreira&#8221; ou &#8220;M\u00fcller&#8221;, que se referem a ferreiros e moleiros, respectivamente. Nomes baseados em profiss\u00f5es eram uma forma pr\u00e1tica de identificar algu\u00e9m em uma comunidade.<\/p>\n\n\n\n<p>Outros sobrenomes podem ter surgido a partir de caracter\u00edsticas f\u00edsicas ou pessoais. Por exemplo, o sobrenome &#8220;Branco&#8221; poderia ter descrito algu\u00e9m com cabelos claros, enquanto &#8220;Grande&#8221; poderia se referir a uma pessoa de estatura elevada. Esses nomes, inicialmente usados de maneira informal, acabaram sendo formalizados e herdados por descendentes.<\/p>\n\n\n<div class=\"wp-block-image\">\n<figure class=\"aligncenter size-large\"><img loading=\"lazy\" decoding=\"async\" width=\"1024\" height=\"576\" src=\"https:\/\/www.em.com.br\/emfoco\/wp-content\/uploads\/2025\/07\/me_1751717170792-1024x576.jpg\" alt=\"Sobrenomes\" class=\"wp-image-71720\" srcset=\"https:\/\/www.em.com.br\/emfoco\/wp-content\/uploads\/2025\/07\/me_1751717170792-1024x576.jpg 1024w, https:\/\/www.em.com.br\/emfoco\/wp-content\/uploads\/2025\/07\/me_1751717170792-300x169.jpg 300w, https:\/\/www.em.com.br\/emfoco\/wp-content\/uploads\/2025\/07\/me_1751717170792-768x432.jpg 768w, https:\/\/www.em.com.br\/emfoco\/wp-content\/uploads\/2025\/07\/me_1751717170792-750x422.jpg 750w, https:\/\/www.em.com.br\/emfoco\/wp-content\/uploads\/2025\/07\/me_1751717170792-1140x641.jpg 1140w, https:\/\/www.em.com.br\/emfoco\/wp-content\/uploads\/2025\/07\/me_1751717170792.jpg 1280w\" sizes=\"auto, (max-width: 1024px) 100vw, 1024px\" \/><figcaption class=\"wp-element-caption\">Sobrenomes &#8211; Cr\u00e9ditos: depositphotos.com \/ Milkos<\/figcaption><\/figure><\/div>\n\n\n<h2 class=\"wp-block-heading\">Por que os sobrenomes se tornaram necess\u00e1rios?<\/h2>\n\n\n\n<p>O crescimento populacional e a complexidade das sociedades em forma\u00e7\u00e3o demandaram uma maneira mais eficaz de identifica\u00e7\u00e3o. Com o aumento das transa\u00e7\u00f5es comerciais e legais, a necessidade de diferenciar indiv\u00edduos para fins jur\u00eddicos e econ\u00f4micos se tornou evidente. Isso foi especialmente importante em lugares onde o uso de documentos e registros era necess\u00e1rio.<\/p>\n\n\n\n<p>Al\u00e9m disso, o aumento do poder das autoridades civis e eclesi\u00e1sticas exigiu uma identifica\u00e7\u00e3o clara dos indiv\u00edduos, principalmente em aspectos como matrim\u00f4nio, impostos, e heran\u00e7as. Assim, os sobrenomes come\u00e7aram a se consolidar, servindo tanto a prop\u00f3sitos sociais quanto legais.<\/p>\n\n\n\n<h2 class=\"wp-block-heading\">Como os sobrenomes refletem a cultura local?<\/h2>\n\n\n\n<p>Os sobrenomes s\u00e3o um reflexo direto da <a href=\"https:\/\/g1.globo.com\/sp\/sao-paulo\/noticia\/2025\/06\/14\/de-onde-vem-seu-sobrenome-e-o-que-ele-diz-sobre-a-historia-do-brasil-segundo-doutora-em-linguistica-conheca-categorias.ghtml\" target=\"_blank\" rel=\"noreferrer noopener\">geografia <\/a>e cultura de onde eles se originaram. Em muitos casos, os nomes s\u00e3o derivados de localidades ou caracter\u00edsticas do ambiente onde uma fam\u00edlia residia. Sobrenomes como &#8220;Campos&#8221; podem indicar algu\u00e9m que vive pr\u00f3ximo a campos abertos, enquanto &#8220;Costa&#8221; sugere uma proximidade com a costa mar\u00edtima.<\/p>\n\n\n\n<p>No entanto, h\u00e1 tamb\u00e9m uma rica tradi\u00e7\u00e3o de sobrenomes que se originam de hist\u00f3ricos culturais e lingu\u00edsticos. Isso \u00e9 evidente em sobrenomes que carregam prefixos ou sufixos que indicam origem geogr\u00e1fica, como &#8220;Mac&#8221; na tradi\u00e7\u00e3o celta, que significa &#8220;filho de&#8221;. Essas conex\u00f5es ajudam a tra\u00e7ar a linha ancestral e cultural de uma fam\u00edlia.<\/p>\n\n\n\n<h2 class=\"wp-block-heading\">Qual \u00e9 o papel dos sobrenomes hoje?<\/h2>\n\n\n\n<p>Embora as raz\u00f5es originais para a ado\u00e7\u00e3o de sobrenomes tenham se transformado, eles continuam desempenhando um papel vital na identifica\u00e7\u00e3o individual e familiar. Em sociedades modernas, os sobrenomes ajudam a preservar a heran\u00e7a familiar e as tradi\u00e7\u00f5es culturais, proporcionando um senso de continuidade e identidade ao longo das gera\u00e7\u00f5es.<\/p>\n\n\n\n<p>Al\u00e9m disso, o uso de sobrenomes em formul\u00e1rios e documentos ainda \u00e9 cr\u00edtico para a organiza\u00e7\u00e3o social, pol\u00edtica e econ\u00f4mica. Eles promovem a integridade dos registros civis e permitem o rastreamento de informa\u00e7\u00f5es familiares, como hist\u00f3rico m\u00e9dico e genealogia.<\/p>\n\n\n\n<h2 class=\"wp-block-heading\">Os sobrenomes podem mudar ao longo do tempo?<\/h2>\n\n\n\n<p>Sim, os sobrenomes podem e frequentemente mudam ao longo do tempo devido a uma variedade de raz\u00f5es. Mudan\u00e7as ortogr\u00e1ficas podem ocorrer com a migra\u00e7\u00e3o de fam\u00edlias para novos pa\u00edses, adaptando-se \u00e0 l\u00edngua e alfabeto local. Em alguns casos, sobrenomes foram alterados ou simplificados para facilitar a pron\u00fancia ou a escrita nos novos contextos culturais e lingu\u00edsticos.<\/p>\n\n\n\n<p>Al\u00e9m disso, eventos hist\u00f3ricos ou mudan\u00e7as sociais tamb\u00e9m podem levar \u00e0 altera\u00e7\u00e3o dos sobrenomes. Algumas fam\u00edlias optaram por mudar de sobrenome devido a associa\u00e7\u00f5es indesej\u00e1veis ou conota\u00e7\u00f5es hist\u00f3ricas. Esses processos de mudan\u00e7a e adapta\u00e7\u00e3o s\u00e3o testemunhos da evolu\u00e7\u00e3o cont\u00ednua das identidades familiares.<\/p>\n","protected":false},"excerpt":{"rendered":"<p>Quer saber mais sobre a origem e evolu\u00e7\u00e3o dos sobrenomes? Eles s\u00e3o marcas distintivas de identidade familiar. Surgiram, de maneira mais formal, durante a Idade M\u00e9dia, quando a popula\u00e7\u00e3o come\u00e7ou a se expandir e se tornou essencial diferenciar pessoas com o mesmo nome de batismo. Dessa forma, a adi\u00e7\u00e3o de um segundo nome, ou sobrenome, [&hellip;]<\/p>\n","protected":false},"author":15,"featured_media":71721,"comment_status":"open","ping_status":"open","sticky":false,"template":"","format":"standard","meta":{"jnews-multi-image_gallery":[],"jnews_single_post":{"format":"standard"},"jnews_primary_category":[],"jnews_social_meta":[],"jnews_override_counter":[],"footnotes":""},"categories":[8819],"tags":[159,11648,237,631,11338],"class_list":["post-71718","post","type-post","status-publish","format-standard","has-post-thumbnail","hentry","category-curiosidades","tag-cultura","tag-genealogia","tag-historia","tag-identidade","tag-sobrenomes"],"yoast_head":"<!-- This site is optimized with the Yoast SEO plugin v23.8 - https:\/\/yoast.com\/wordpress\/plugins\/seo\/ -->\n<title>Veja o que o seu sobrenome diz sobre seus antepassados - Estado de Minas - Em foco<\/title>\n<meta name=\"description\" content=\"Sobrenomes surgiram para identificar fam\u00edlias, origens ou profiss\u00f5es. Veja o que o seu pode revelar sobre seus antepassados.\" \/>\n<meta name=\"robots\" content=\"index, follow, max-snippet:-1, max-image-preview:large, max-video-preview:-1\" \/>\n<link rel=\"canonical\" href=\"https:\/\/www.em.com.br\/emfoco\/2025\/07\/06\/veja-o-que-o-seu-sobrenome-diz-sobre-seus-antepassados\/\" \/>\n<meta property=\"og:locale\" content=\"pt_BR\" \/>\n<meta property=\"og:type\" content=\"article\" \/>\n<meta property=\"og:title\" content=\"Veja o que o seu sobrenome diz sobre seus antepassados - Estado de Minas - Em foco\" \/>\n<meta property=\"og:description\" content=\"Sobrenomes surgiram para identificar fam\u00edlias, origens ou profiss\u00f5es. Veja o que o seu pode revelar sobre seus antepassados.\" \/>\n<meta property=\"og:url\" content=\"https:\/\/www.em.com.br\/emfoco\/2025\/07\/06\/veja-o-que-o-seu-sobrenome-diz-sobre-seus-antepassados\/\" \/>\n<meta property=\"og:site_name\" content=\"Estado de Minas - Em foco\" \/>\n<meta property=\"article:published_time\" content=\"2025-07-06T12:18:48+00:00\" \/>\n<meta property=\"article:modified_time\" content=\"2025-07-05T12:07:57+00:00\" \/>\n<meta property=\"og:image\" content=\"https:\/\/www.em.com.br\/emfoco\/wp-content\/uploads\/2025\/07\/duvida_1751717224025.jpg\" \/>\n\t<meta property=\"og:image:width\" content=\"1280\" \/>\n\t<meta property=\"og:image:height\" content=\"720\" \/>\n\t<meta property=\"og:image:type\" content=\"image\/jpeg\" \/>\n<meta name=\"author\" content=\"Douglas Myth\" \/>\n<meta name=\"twitter:card\" content=\"summary_large_image\" \/>\n<meta name=\"twitter:label1\" content=\"Escrito por\" \/>\n\t<meta name=\"twitter:data1\" content=\"Douglas Myth\" \/>\n\t<meta name=\"twitter:label2\" content=\"Est. tempo de leitura\" \/>\n\t<meta name=\"twitter:data2\" content=\"4 minutos\" \/>\n<!-- \/ Yoast SEO plugin. -->","yoast_head_json":{"title":"Veja o que o seu sobrenome diz sobre seus antepassados - Estado de Minas - Em foco","description":"Sobrenomes surgiram para identificar fam\u00edlias, origens ou profiss\u00f5es. Veja o que o seu pode revelar sobre seus antepassados.","robots":{"index":"index","follow":"follow","max-snippet":"max-snippet:-1","max-image-preview":"max-image-preview:large","max-video-preview":"max-video-preview:-1"},"canonical":"https:\/\/www.em.com.br\/emfoco\/2025\/07\/06\/veja-o-que-o-seu-sobrenome-diz-sobre-seus-antepassados\/","og_locale":"pt_BR","og_type":"article","og_title":"Veja o que o seu sobrenome diz sobre seus antepassados - Estado de Minas - Em foco","og_description":"Sobrenomes surgiram para identificar fam\u00edlias, origens ou profiss\u00f5es. Veja o que o seu pode revelar sobre seus antepassados.","og_url":"https:\/\/www.em.com.br\/emfoco\/2025\/07\/06\/veja-o-que-o-seu-sobrenome-diz-sobre-seus-antepassados\/","og_site_name":"Estado de Minas - Em foco","article_published_time":"2025-07-06T12:18:48+00:00","article_modified_time":"2025-07-05T12:07:57+00:00","og_image":[{"width":1280,"height":720,"url":"https:\/\/www.em.com.br\/emfoco\/wp-content\/uploads\/2025\/07\/duvida_1751717224025.jpg","type":"image\/jpeg"}],"author":"Douglas Myth","twitter_card":"summary_large_image","twitter_misc":{"Escrito por":"Douglas Myth","Est. tempo de leitura":"4 minutos"},"schema":{"@context":"https:\/\/schema.org","@graph":[{"@type":"WebPage","@id":"https:\/\/www.em.com.br\/emfoco\/2025\/07\/06\/veja-o-que-o-seu-sobrenome-diz-sobre-seus-antepassados\/","url":"https:\/\/www.em.com.br\/emfoco\/2025\/07\/06\/veja-o-que-o-seu-sobrenome-diz-sobre-seus-antepassados\/","name":"Veja o que o seu sobrenome diz sobre seus antepassados - Estado de Minas - Em foco","isPartOf":{"@id":"https:\/\/www.em.com.br\/emfoco\/#website"},"primaryImageOfPage":{"@id":"https:\/\/www.em.com.br\/emfoco\/2025\/07\/06\/veja-o-que-o-seu-sobrenome-diz-sobre-seus-antepassados\/#primaryimage"},"image":{"@id":"https:\/\/www.em.com.br\/emfoco\/2025\/07\/06\/veja-o-que-o-seu-sobrenome-diz-sobre-seus-antepassados\/#primaryimage"},"thumbnailUrl":"https:\/\/www.em.com.br\/emfoco\/wp-content\/uploads\/2025\/07\/duvida_1751717224025.jpg","datePublished":"2025-07-06T12:18:48+00:00","dateModified":"2025-07-05T12:07:57+00:00","author":{"@id":"https:\/\/www.em.com.br\/emfoco\/#\/schema\/person\/bba594b7eebe9b9885fec3a5c7837089"},"description":"Sobrenomes surgiram para identificar fam\u00edlias, origens ou profiss\u00f5es. Veja o que o seu pode revelar sobre seus antepassados.","breadcrumb":{"@id":"https:\/\/www.em.com.br\/emfoco\/2025\/07\/06\/veja-o-que-o-seu-sobrenome-diz-sobre-seus-antepassados\/#breadcrumb"},"inLanguage":"pt-BR","potentialAction":[{"@type":"ReadAction","target":["https:\/\/www.em.com.br\/emfoco\/2025\/07\/06\/veja-o-que-o-seu-sobrenome-diz-sobre-seus-antepassados\/"]}]},{"@type":"ImageObject","inLanguage":"pt-BR","@id":"https:\/\/www.em.com.br\/emfoco\/2025\/07\/06\/veja-o-que-o-seu-sobrenome-diz-sobre-seus-antepassados\/#primaryimage","url":"https:\/\/www.em.com.br\/emfoco\/wp-content\/uploads\/2025\/07\/duvida_1751717224025.jpg","contentUrl":"https:\/\/www.em.com.br\/emfoco\/wp-content\/uploads\/2025\/07\/duvida_1751717224025.jpg","width":1280,"height":720,"caption":"Sobrenomes - Cr\u00e9ditos: depositphotos.com \/ luismolinero"},{"@type":"BreadcrumbList","@id":"https:\/\/www.em.com.br\/emfoco\/2025\/07\/06\/veja-o-que-o-seu-sobrenome-diz-sobre-seus-antepassados\/#breadcrumb","itemListElement":[{"@type":"ListItem","position":1,"name":"In\u00edcio","item":"https:\/\/www.em.com.br\/emfoco\/"},{"@type":"ListItem","position":2,"name":"Veja o que o seu sobrenome diz sobre seus antepassados"}]},{"@type":"WebSite","@id":"https:\/\/www.em.com.br\/emfoco\/#website","url":"https:\/\/www.em.com.br\/emfoco\/","name":"Estado de Minas - Em foco","description":"Acompanhe as \u00faltimas not\u00edcias e fique bem informado sobre tudo o que acontece em Minas Gerais, Brasil e no mundo.","potentialAction":[{"@type":"SearchAction","target":{"@type":"EntryPoint","urlTemplate":"https:\/\/www.em.com.br\/emfoco\/?s={search_term_string}"},"query-input":{"@type":"PropertyValueSpecification","valueRequired":true,"valueName":"search_term_string"}}],"inLanguage":"pt-BR"},{"@type":"Person","@id":"https:\/\/www.em.com.br\/emfoco\/#\/schema\/person\/bba594b7eebe9b9885fec3a5c7837089","name":"Douglas Myth","image":{"@type":"ImageObject","inLanguage":"pt-BR","@id":"https:\/\/www.em.com.br\/emfoco\/#\/schema\/person\/image\/","url":"https:\/\/secure.gravatar.com\/avatar\/1ac3cf50d0e68642c697dc0c960c802f?s=96&d=mm&r=g","contentUrl":"https:\/\/secure.gravatar.com\/avatar\/1ac3cf50d0e68642c697dc0c960c802f?s=96&d=mm&r=g","caption":"Douglas Myth"},"url":"https:\/\/www.em.com.br\/emfoco\/author\/douglasmyth\/"}]}},"_links":{"self":[{"href":"https:\/\/www.em.com.br\/emfoco\/wp-json\/wp\/v2\/posts\/71718","targetHints":{"allow":["GET"]}}],"collection":[{"href":"https:\/\/www.em.com.br\/emfoco\/wp-json\/wp\/v2\/posts"}],"about":[{"href":"https:\/\/www.em.com.br\/emfoco\/wp-json\/wp\/v2\/types\/post"}],"author":[{"embeddable":true,"href":"https:\/\/www.em.com.br\/emfoco\/wp-json\/wp\/v2\/users\/15"}],"replies":[{"embeddable":true,"href":"https:\/\/www.em.com.br\/emfoco\/wp-json\/wp\/v2\/comments?post=71718"}],"version-history":[{"count":2,"href":"https:\/\/www.em.com.br\/emfoco\/wp-json\/wp\/v2\/posts\/71718\/revisions"}],"predecessor-version":[{"id":71722,"href":"https:\/\/www.em.com.br\/emfoco\/wp-json\/wp\/v2\/posts\/71718\/revisions\/71722"}],"wp:featuredmedia":[{"embeddable":true,"href":"https:\/\/www.em.com.br\/emfoco\/wp-json\/wp\/v2\/media\/71721"}],"wp:attachment":[{"href":"https:\/\/www.em.com.br\/emfoco\/wp-json\/wp\/v2\/media?parent=71718"}],"wp:term":[{"taxonomy":"category","embeddable":true,"href":"https:\/\/www.em.com.br\/emfoco\/wp-json\/wp\/v2\/categories?post=71718"},{"taxonomy":"post_tag","embeddable":true,"href":"https:\/\/www.em.com.br\/emfoco\/wp-json\/wp\/v2\/tags?post=71718"}],"curies":[{"name":"wp","href":"https:\/\/api.w.org\/{rel}","templated":true}]}}