{"id":71691,"date":"2025-07-06T09:38:58","date_gmt":"2025-07-06T12:38:58","guid":{"rendered":"https:\/\/www.em.com.br\/emfoco\/?p=71691"},"modified":"2025-07-05T11:26:48","modified_gmt":"2025-07-05T14:26:48","slug":"idosos-com-lacos-sociais-fortes-vivem-mais-e-com-mais-saude-diz-estudo","status":"publish","type":"post","link":"https:\/\/www.em.com.br\/emfoco\/2025\/07\/06\/idosos-com-lacos-sociais-fortes-vivem-mais-e-com-mais-saude-diz-estudo\/","title":{"rendered":"Idosos com la\u00e7os sociais fortes vivem mais e com mais sa\u00fade, diz estudo"},"content":{"rendered":"\n<p>As <a href=\"https:\/\/www.terra.com.br\/vida-e-estilo\/saude\/por-que-a-amizade-e-fundamental-para-idosos,870f27a4589c89c58dcbe1e028524d70jknflgld.html\" target=\"_blank\" rel=\"noreferrer noopener\">amizades <\/a>desempenham um papel vital em todas as fases da vida, contudo, durante a terceira idade, adquirem um significado especial. Manter la\u00e7os sociais nessa etapa pode trazer m\u00faltiplos benef\u00edcios, desde melhorias na <a href=\"https:\/\/www.em.com.br\/emfoco\/2025\/07\/04\/vacinacao-para-idosos-e-prioridade-em-2025-e-salva-milhares-de-vidas\/\" target=\"_blank\" rel=\"noreferrer noopener\">sa\u00fade<\/a> mental at\u00e9 o fortalecimento do bem-estar emocional. Indiv\u00edduos idosos, muitas vezes, experimentam mudan\u00e7as significativas em suas rotinas devido \u00e0 aposentadoria e \u00e0 sa\u00edda dos filhos de casa, o que pode levar a um aumento na sensa\u00e7\u00e3o de solid\u00e3o. Ter amigos nessa fase \u00e9 crucial para combater esses sentimentos e promover uma vida mais rica e satisfat\u00f3ria.<\/p>\n\n\n\n<p>Nesse contexto, as amizades n\u00e3o s\u00f3 proporcionam companhia, mas tamb\u00e9m oferecem apoio emocional, um sentido de pertencimento e a oportunidade de compartilhar experi\u00eancias enriquecedoras. Cultivar essas rela\u00e7\u00f5es requer dedica\u00e7\u00e3o e, muitas vezes, a ado\u00e7\u00e3o de novas formas de manter-se conectado. Seja por meio de encontros presenciais ou virtuais, o mais importante \u00e9 manter o contato regular, evitando o isolamento e promovendo intera\u00e7\u00f5es significativas.<\/p>\n\n\n\n<h2 class=\"wp-block-heading\">Diversifica\u00e7\u00e3o dos relacionamentos e la\u00e7os sociais<\/h2>\n\n\n\n<p>A diversidade nas rela\u00e7\u00f5es sociais \u00e9 um aspecto fundamental para um envelhecimento saud\u00e1vel. Al\u00e9m das amizades antigas, que carregam consigo uma hist\u00f3ria compartilhada, \u00e9 importante estar aberto a novas conex\u00f5es. Participar de grupos e atividades comunit\u00e1rias pode ser uma excelente forma de conhecer pessoas com interesses semelhantes e aumentar a rede de contatos.<\/p>\n\n\n\n<p>As amizades intergeracionais tamb\u00e9m podem trazer uma nova perspectiva sobre a vida e proporcionar aprendizados m\u00fatuos. Trocar experi\u00eancias com pessoas de diferentes idades enriquece o conhecimento e oferece diferentes modos de ver o mundo. Seja por meio de projetos de voluntariado ou clubes sociais, participar de atividades com uma faixa et\u00e1ria diversificada pode ser extremamente gratificante.<\/p>\n\n\n\n<h2 class=\"wp-block-heading\">Benef\u00edcios psicol\u00f3gicos, emocionais e cognitivos das amizades<\/h2>\n\n\n\n<p>Os benef\u00edcios emocionais de manter amizades na terceira idade s\u00e3o amplamente reconhecidos. Indiv\u00edduos com redes de apoio s\u00f3lidas encontram mais facilidade em lidar com acontecimentos estressantes, como problemas de sa\u00fade ou a perda de entes queridos. Al\u00e9m disso, essas conex\u00f5es est\u00e3o associadas a uma menor incid\u00eancia de depress\u00e3o e ansiedade.<\/p>\n\n\n\n<p>A intera\u00e7\u00e3o social tamb\u00e9m desempenha um papel importante na preserva\u00e7\u00e3o da sa\u00fade cognitiva. Engajar-se em conversas e atividades sociais estimula o c\u00e9rebro, ajudando a retardar o decl\u00ednio cognitivo. A sensa\u00e7\u00e3o de pertencimento e o apoio emocional oferecido por amigos s\u00e3o fundamentais para uma vida mais plena e significativa. Existem estudos que indicam que o conv\u00edvio social frequente pode melhorar a mem\u00f3ria e a capacidade de racioc\u00ednio, promovendo bem-estar integral na terceira idade.<\/p>\n\n\n\n<figure class=\"wp-block-image size-large\"><img loading=\"lazy\" decoding=\"async\" width=\"1024\" height=\"576\" src=\"https:\/\/www.em.com.br\/emfoco\/wp-content\/uploads\/2025\/07\/IDOSO-FELIZ_1751679704082-1024x576.jpg\" alt=\"Idosos com la\u00e7os sociais fortes vivem mais e com mais sa\u00fade diz estudo\" class=\"wp-image-71694\" srcset=\"https:\/\/www.em.com.br\/emfoco\/wp-content\/uploads\/2025\/07\/IDOSO-FELIZ_1751679704082-1024x576.jpg 1024w, https:\/\/www.em.com.br\/emfoco\/wp-content\/uploads\/2025\/07\/IDOSO-FELIZ_1751679704082-300x169.jpg 300w, https:\/\/www.em.com.br\/emfoco\/wp-content\/uploads\/2025\/07\/IDOSO-FELIZ_1751679704082-768x432.jpg 768w, https:\/\/www.em.com.br\/emfoco\/wp-content\/uploads\/2025\/07\/IDOSO-FELIZ_1751679704082-750x422.jpg 750w, https:\/\/www.em.com.br\/emfoco\/wp-content\/uploads\/2025\/07\/IDOSO-FELIZ_1751679704082-1140x641.jpg 1140w, https:\/\/www.em.com.br\/emfoco\/wp-content\/uploads\/2025\/07\/IDOSO-FELIZ_1751679704082.jpg 1280w\" sizes=\"auto, (max-width: 1024px) 100vw, 1024px\" \/><figcaption class=\"wp-element-caption\">Idosos jogando carta &#8211; Cr\u00e9ditos: depositphotos.com \/ diego_cervo<\/figcaption><\/figure>\n\n\n\n<h2 class=\"wp-block-heading\">Estrat\u00e9gias para fortalecer la\u00e7os sociais e amizades<\/h2>\n\n\n\n<p>Cultivar amizades s\u00f3lidas na terceira idade exige esfor\u00e7o, mas traz compensa\u00e7\u00f5es valiosas. Participar de atividades de lazer, como caminhadas em grupo ou aulas de dan\u00e7a, facilita a cria\u00e7\u00e3o de la\u00e7os. Al\u00e9m disso, hobbies compartilhados, como artesanato ou fotografia, podem ser excelentes catalisadores para novas amizades.<\/p>\n\n\n\n<p>Manter uma comunica\u00e7\u00e3o aberta e honesta \u00e9 crucial para o fortalecimento dos la\u00e7os. Demonstrar interesse genu\u00edno pelas hist\u00f3rias e experi\u00eancias dos amigos e estar dispon\u00edvel para ouvir e apoiar s\u00e3o atitudes que ajudam a nutrir conex\u00f5es duradouras. O mais importante \u00e9 reconhecer que cada amizade \u00e9 \u00fanica e deve ser cuidada com aten\u00e7\u00e3o e afeto.<\/p>\n\n\n\n<h2 class=\"wp-block-heading\">O papel das redes de apoio e recursos comunit\u00e1rios<\/h2>\n\n\n\n<p>A participa\u00e7\u00e3o em redes de apoio e recursos oferecidos pela comunidade pode ser fundamental para idosos que buscam fortalecer relacionamentos sociais. Clubes de terceira idade, grupos de voluntariado, associa\u00e7\u00f5es culturais e programas de integra\u00e7\u00e3o s\u00e3o espa\u00e7os ideais para ampliar v\u00ednculos sociais e construir novas amizades.<\/p>\n\n\n\n<p>Al\u00e9m disso, o acesso a servi\u00e7os de apoio psicol\u00f3gico e a atividades promovidas por institui\u00e7\u00f5es sociais facilita a inclus\u00e3o, reduz o sentimento de isolamento e potencializa a sa\u00fade mental. A participa\u00e7\u00e3o ativa nesses ambientes contribui para a autonomia dos idosos, promovendo qualidade de vida e bem-estar emocional cont\u00ednuo.<\/p>\n\n\n\n<h2 class=\"wp-block-heading\">Perguntas e respostas<\/h2>\n\n\n\n<ol class=\"wp-block-list\">\n<li><strong>Como as amizades impactam a sa\u00fade f\u00edsica na terceira idade?<\/strong> <br>Amizades proporcionam um suporte emocional que pode melhorar a sa\u00fade f\u00edsica ao diminuir o estresse e promover um estilo de vida mais ativo.<\/li>\n\n\n\n<li><strong>Por que as amizades intergeracionais s\u00e3o importantes?<\/strong> <br>Elas oferecem novas perspectivas e ampliam o repert\u00f3rio de experi\u00eancias, al\u00e9m de promoverem entendimento entre diferentes gera\u00e7\u00f5es.<\/li>\n\n\n\n<li><strong>Quais atividades ajudam a criar novas amizades na velhice?<\/strong> <br>Participar de grupos de interesses comuns, atividades comunit\u00e1rias, e frequentar centros de conviv\u00eancia s\u00e3o \u00f3timas maneiras de fazer novas conhecen\u00e7as.<\/li>\n\n\n\n<li><strong>Como a tecnologia pode ajudar na manuten\u00e7\u00e3o de amizades?<\/strong> <br>A tecnologia permite a comunica\u00e7\u00e3o instant\u00e2nea e facilita o contato mesmo \u00e0 dist\u00e2ncia, sendo uma aliada importante para manter v\u00ednculos sociais.<\/li>\n<\/ol>\n","protected":false},"excerpt":{"rendered":"<p>As amizades desempenham um papel vital em todas as fases da vida, contudo, durante a terceira idade, adquirem um significado especial. Manter la\u00e7os sociais nessa etapa pode trazer m\u00faltiplos benef\u00edcios, desde melhorias na sa\u00fade mental at\u00e9 o fortalecimento do bem-estar emocional. Indiv\u00edduos idosos, muitas vezes, experimentam mudan\u00e7as significativas em suas rotinas devido \u00e0 aposentadoria e [&hellip;]<\/p>\n","protected":false},"author":18,"featured_media":71693,"comment_status":"open","ping_status":"open","sticky":false,"template":"","format":"standard","meta":{"jnews-multi-image_gallery":[],"jnews_single_post":{"format":"standard"},"jnews_primary_category":[],"jnews_social_meta":[],"jnews_override_counter":[],"footnotes":""},"categories":[9053],"tags":[3641,11646,260,410],"class_list":["post-71691","post","type-post","status-publish","format-standard","has-post-thumbnail","hentry","category-saude","tag-amizade","tag-amizade-idosos","tag-idosos","tag-saude-mental"],"yoast_head":"<!-- This site is optimized with the Yoast SEO plugin v23.8 - https:\/\/yoast.com\/wordpress\/plugins\/seo\/ -->\n<title>Idosos com la\u00e7os sociais fortes vivem mais e com mais sa\u00fade, diz estudo - Estado de Minas - Em foco<\/title>\n<meta name=\"description\" content=\"Ter amigos depois dos 60 \u00e9 mais do que companhia. Veja os impactos que essas conex\u00f5es provocam no humor, na mem\u00f3ria e na vitalidade.\" \/>\n<meta name=\"robots\" content=\"index, follow, max-snippet:-1, max-image-preview:large, max-video-preview:-1\" \/>\n<link rel=\"canonical\" href=\"https:\/\/www.em.com.br\/emfoco\/2025\/07\/06\/idosos-com-lacos-sociais-fortes-vivem-mais-e-com-mais-saude-diz-estudo\/\" \/>\n<meta property=\"og:locale\" content=\"pt_BR\" \/>\n<meta property=\"og:type\" content=\"article\" \/>\n<meta property=\"og:title\" content=\"Idosos com la\u00e7os sociais fortes vivem mais e com mais sa\u00fade, diz estudo - Estado de Minas - Em foco\" \/>\n<meta property=\"og:description\" content=\"Ter amigos depois dos 60 \u00e9 mais do que companhia. Veja os impactos que essas conex\u00f5es provocam no humor, na mem\u00f3ria e na vitalidade.\" \/>\n<meta property=\"og:url\" content=\"https:\/\/www.em.com.br\/emfoco\/2025\/07\/06\/idosos-com-lacos-sociais-fortes-vivem-mais-e-com-mais-saude-diz-estudo\/\" \/>\n<meta property=\"og:site_name\" content=\"Estado de Minas - Em foco\" \/>\n<meta property=\"article:published_time\" content=\"2025-07-06T12:38:58+00:00\" \/>\n<meta property=\"article:modified_time\" content=\"2025-07-05T14:26:48+00:00\" \/>\n<meta property=\"og:image\" content=\"https:\/\/www.em.com.br\/emfoco\/wp-content\/uploads\/2025\/07\/IDOSO-FELIZ_1751679667489.jpg\" \/>\n\t<meta property=\"og:image:width\" content=\"1280\" \/>\n\t<meta property=\"og:image:height\" content=\"720\" \/>\n\t<meta property=\"og:image:type\" content=\"image\/jpeg\" \/>\n<meta name=\"author\" content=\"Julio Cesar\" \/>\n<meta name=\"twitter:card\" content=\"summary_large_image\" \/>\n<meta name=\"twitter:label1\" content=\"Escrito por\" \/>\n\t<meta name=\"twitter:data1\" content=\"Julio Cesar\" \/>\n\t<meta name=\"twitter:label2\" content=\"Est. tempo de leitura\" \/>\n\t<meta name=\"twitter:data2\" content=\"5 minutos\" \/>\n<!-- \/ Yoast SEO plugin. -->","yoast_head_json":{"title":"Idosos com la\u00e7os sociais fortes vivem mais e com mais sa\u00fade, diz estudo - Estado de Minas - Em foco","description":"Ter amigos depois dos 60 \u00e9 mais do que companhia. Veja os impactos que essas conex\u00f5es provocam no humor, na mem\u00f3ria e na vitalidade.","robots":{"index":"index","follow":"follow","max-snippet":"max-snippet:-1","max-image-preview":"max-image-preview:large","max-video-preview":"max-video-preview:-1"},"canonical":"https:\/\/www.em.com.br\/emfoco\/2025\/07\/06\/idosos-com-lacos-sociais-fortes-vivem-mais-e-com-mais-saude-diz-estudo\/","og_locale":"pt_BR","og_type":"article","og_title":"Idosos com la\u00e7os sociais fortes vivem mais e com mais sa\u00fade, diz estudo - Estado de Minas - Em foco","og_description":"Ter amigos depois dos 60 \u00e9 mais do que companhia. Veja os impactos que essas conex\u00f5es provocam no humor, na mem\u00f3ria e na vitalidade.","og_url":"https:\/\/www.em.com.br\/emfoco\/2025\/07\/06\/idosos-com-lacos-sociais-fortes-vivem-mais-e-com-mais-saude-diz-estudo\/","og_site_name":"Estado de Minas - Em foco","article_published_time":"2025-07-06T12:38:58+00:00","article_modified_time":"2025-07-05T14:26:48+00:00","og_image":[{"width":1280,"height":720,"url":"https:\/\/www.em.com.br\/emfoco\/wp-content\/uploads\/2025\/07\/IDOSO-FELIZ_1751679667489.jpg","type":"image\/jpeg"}],"author":"Julio Cesar","twitter_card":"summary_large_image","twitter_misc":{"Escrito por":"Julio Cesar","Est. tempo de leitura":"5 minutos"},"schema":{"@context":"https:\/\/schema.org","@graph":[{"@type":"WebPage","@id":"https:\/\/www.em.com.br\/emfoco\/2025\/07\/06\/idosos-com-lacos-sociais-fortes-vivem-mais-e-com-mais-saude-diz-estudo\/","url":"https:\/\/www.em.com.br\/emfoco\/2025\/07\/06\/idosos-com-lacos-sociais-fortes-vivem-mais-e-com-mais-saude-diz-estudo\/","name":"Idosos com la\u00e7os sociais fortes vivem mais e com mais sa\u00fade, diz estudo - Estado de Minas - Em foco","isPartOf":{"@id":"https:\/\/www.em.com.br\/emfoco\/#website"},"primaryImageOfPage":{"@id":"https:\/\/www.em.com.br\/emfoco\/2025\/07\/06\/idosos-com-lacos-sociais-fortes-vivem-mais-e-com-mais-saude-diz-estudo\/#primaryimage"},"image":{"@id":"https:\/\/www.em.com.br\/emfoco\/2025\/07\/06\/idosos-com-lacos-sociais-fortes-vivem-mais-e-com-mais-saude-diz-estudo\/#primaryimage"},"thumbnailUrl":"https:\/\/www.em.com.br\/emfoco\/wp-content\/uploads\/2025\/07\/IDOSO-FELIZ_1751679667489.jpg","datePublished":"2025-07-06T12:38:58+00:00","dateModified":"2025-07-05T14:26:48+00:00","author":{"@id":"https:\/\/www.em.com.br\/emfoco\/#\/schema\/person\/08c4a03e38018bbab9038d5f788321fc"},"description":"Ter amigos depois dos 60 \u00e9 mais do que companhia. Veja os impactos que essas conex\u00f5es provocam no humor, na mem\u00f3ria e na vitalidade.","breadcrumb":{"@id":"https:\/\/www.em.com.br\/emfoco\/2025\/07\/06\/idosos-com-lacos-sociais-fortes-vivem-mais-e-com-mais-saude-diz-estudo\/#breadcrumb"},"inLanguage":"pt-BR","potentialAction":[{"@type":"ReadAction","target":["https:\/\/www.em.com.br\/emfoco\/2025\/07\/06\/idosos-com-lacos-sociais-fortes-vivem-mais-e-com-mais-saude-diz-estudo\/"]}]},{"@type":"ImageObject","inLanguage":"pt-BR","@id":"https:\/\/www.em.com.br\/emfoco\/2025\/07\/06\/idosos-com-lacos-sociais-fortes-vivem-mais-e-com-mais-saude-diz-estudo\/#primaryimage","url":"https:\/\/www.em.com.br\/emfoco\/wp-content\/uploads\/2025\/07\/IDOSO-FELIZ_1751679667489.jpg","contentUrl":"https:\/\/www.em.com.br\/emfoco\/wp-content\/uploads\/2025\/07\/IDOSO-FELIZ_1751679667489.jpg","width":1280,"height":720,"caption":"Idoso feliz - Cr\u00e9ditos: depositphotos.com \/ TarasMalyarevich"},{"@type":"BreadcrumbList","@id":"https:\/\/www.em.com.br\/emfoco\/2025\/07\/06\/idosos-com-lacos-sociais-fortes-vivem-mais-e-com-mais-saude-diz-estudo\/#breadcrumb","itemListElement":[{"@type":"ListItem","position":1,"name":"In\u00edcio","item":"https:\/\/www.em.com.br\/emfoco\/"},{"@type":"ListItem","position":2,"name":"Idosos com la\u00e7os sociais fortes vivem mais e com mais sa\u00fade, diz estudo"}]},{"@type":"WebSite","@id":"https:\/\/www.em.com.br\/emfoco\/#website","url":"https:\/\/www.em.com.br\/emfoco\/","name":"Estado de Minas - Em foco","description":"Acompanhe as \u00faltimas not\u00edcias e fique bem informado sobre tudo o que acontece em Minas Gerais, Brasil e no mundo.","potentialAction":[{"@type":"SearchAction","target":{"@type":"EntryPoint","urlTemplate":"https:\/\/www.em.com.br\/emfoco\/?s={search_term_string}"},"query-input":{"@type":"PropertyValueSpecification","valueRequired":true,"valueName":"search_term_string"}}],"inLanguage":"pt-BR"},{"@type":"Person","@id":"https:\/\/www.em.com.br\/emfoco\/#\/schema\/person\/08c4a03e38018bbab9038d5f788321fc","name":"Julio Cesar","image":{"@type":"ImageObject","inLanguage":"pt-BR","@id":"https:\/\/www.em.com.br\/emfoco\/#\/schema\/person\/image\/","url":"https:\/\/secure.gravatar.com\/avatar\/ab1ea64f0d4f4c1385f8ef10d5a6e758?s=96&d=mm&r=g","contentUrl":"https:\/\/secure.gravatar.com\/avatar\/ab1ea64f0d4f4c1385f8ef10d5a6e758?s=96&d=mm&r=g","caption":"Julio Cesar"},"url":"https:\/\/www.em.com.br\/emfoco\/author\/juliomyth\/"}]}},"_links":{"self":[{"href":"https:\/\/www.em.com.br\/emfoco\/wp-json\/wp\/v2\/posts\/71691","targetHints":{"allow":["GET"]}}],"collection":[{"href":"https:\/\/www.em.com.br\/emfoco\/wp-json\/wp\/v2\/posts"}],"about":[{"href":"https:\/\/www.em.com.br\/emfoco\/wp-json\/wp\/v2\/types\/post"}],"author":[{"embeddable":true,"href":"https:\/\/www.em.com.br\/emfoco\/wp-json\/wp\/v2\/users\/18"}],"replies":[{"embeddable":true,"href":"https:\/\/www.em.com.br\/emfoco\/wp-json\/wp\/v2\/comments?post=71691"}],"version-history":[{"count":3,"href":"https:\/\/www.em.com.br\/emfoco\/wp-json\/wp\/v2\/posts\/71691\/revisions"}],"predecessor-version":[{"id":71848,"href":"https:\/\/www.em.com.br\/emfoco\/wp-json\/wp\/v2\/posts\/71691\/revisions\/71848"}],"wp:featuredmedia":[{"embeddable":true,"href":"https:\/\/www.em.com.br\/emfoco\/wp-json\/wp\/v2\/media\/71693"}],"wp:attachment":[{"href":"https:\/\/www.em.com.br\/emfoco\/wp-json\/wp\/v2\/media?parent=71691"}],"wp:term":[{"taxonomy":"category","embeddable":true,"href":"https:\/\/www.em.com.br\/emfoco\/wp-json\/wp\/v2\/categories?post=71691"},{"taxonomy":"post_tag","embeddable":true,"href":"https:\/\/www.em.com.br\/emfoco\/wp-json\/wp\/v2\/tags?post=71691"}],"curies":[{"name":"wp","href":"https:\/\/api.w.org\/{rel}","templated":true}]}}