{"id":71656,"date":"2025-07-06T08:18:00","date_gmt":"2025-07-06T11:18:00","guid":{"rendered":"https:\/\/www.em.com.br\/emfoco\/?p=71656"},"modified":"2025-07-04T22:25:52","modified_gmt":"2025-07-05T01:25:52","slug":"o-que-muda-na-aposentadoria-por-idade-este-ano","status":"publish","type":"post","link":"https:\/\/www.em.com.br\/emfoco\/2025\/07\/06\/o-que-muda-na-aposentadoria-por-idade-este-ano\/","title":{"rendered":"Confira as mudan\u00e7as na aposentadoria por idade desse ano!"},"content":{"rendered":"\n<p>A aposentadoria por idade sempre foi uma das modalidades mais buscadas pelos trabalhadores no <strong>Brasil<\/strong>, visto que oferece uma forma de garantir seguran\u00e7a financeira ap\u00f3s anos de dedica\u00e7\u00e3o ao mercado de trabalho. Com as reformas ocorridas nas \u00faltimas d\u00e9cadas, especialmente a de 2019, entender as nuances deste tipo de benef\u00edcio tornou-se essencial para aqueles que est\u00e3o pr\u00f3ximos de encerrar suas jornadas laborais.<\/p>\n\n\n\n<p>Historicamente, a aposentadoria por idade exigia dos trabalhadores um requisito et\u00e1rio espec\u00edfico, junto a um tempo m\u00ednimo de contribui\u00e7\u00e3o. At\u00e9 a reforma da <strong><a href=\"https:\/\/www.gov.br\/inss\/pt-br\/noticias\/noticias\/confira-as-principais-mudancas-da-nova-previdencia\" target=\"_blank\" rel=\"noreferrer noopener\">Previd\u00eancia de 2019<\/a><\/strong>, as regras eram mais indulgentes, por\u00e9m, com as mudan\u00e7as implementadas, tais requisitos passaram por uma reestrutura\u00e7\u00e3o significativa. Atualmente, \u00e9 essencial que homens e mulheres compreendam as novas exig\u00eancias para planejar adequadamente o futuro financeiro.<\/p>\n\n\n\n<h2 class=\"wp-block-heading\">Quais s\u00e3o as regras de idade m\u00ednima para aposentadoria?<\/h2>\n\n\n<div class=\"wp-block-image\">\n<figure class=\"aligncenter size-large\"><img loading=\"lazy\" decoding=\"async\" width=\"1024\" height=\"576\" src=\"https:\/\/www.em.com.br\/emfoco\/wp-content\/uploads\/2025\/06\/idoso-computador_1744372658031-1024x576.jpg\" alt=\"Aposentadoria por tempo de contribui\u00e7\u00e3o muda com nova regra\" class=\"wp-image-54992\" srcset=\"https:\/\/www.em.com.br\/emfoco\/wp-content\/uploads\/2025\/06\/idoso-computador_1744372658031-1024x576.jpg 1024w, https:\/\/www.em.com.br\/emfoco\/wp-content\/uploads\/2025\/06\/idoso-computador_1744372658031-300x169.jpg 300w, https:\/\/www.em.com.br\/emfoco\/wp-content\/uploads\/2025\/06\/idoso-computador_1744372658031-768x432.jpg 768w, https:\/\/www.em.com.br\/emfoco\/wp-content\/uploads\/2025\/06\/idoso-computador_1744372658031-750x422.jpg 750w, https:\/\/www.em.com.br\/emfoco\/wp-content\/uploads\/2025\/06\/idoso-computador_1744372658031-1140x641.jpg 1140w, https:\/\/www.em.com.br\/emfoco\/wp-content\/uploads\/2025\/06\/idoso-computador_1744372658031.jpg 1280w\" sizes=\"auto, (max-width: 1024px) 100vw, 1024px\" \/><figcaption class=\"wp-element-caption\">Senhor feliz olhando para o notebook &#8211; Cr\u00e9ditos: depositphotos.com \/ NatashaFedorova<\/figcaption><\/figure><\/div>\n\n\n<p>Para homens, a regra atual demanda uma idade m\u00ednima de 65 anos, enquanto para as mulheres, a exig\u00eancia \u00e9 de 62 anos. Essa altera\u00e7\u00e3o busca acomodar diferen\u00e7as sociais e hist\u00f3ricas de longevidade e participa\u00e7\u00e3o no mercado de trabalho. <\/p>\n\n\n\n<p>Al\u00e9m da idade m\u00ednima, h\u00e1 tamb\u00e9m a necessidade de um tempo de contribui\u00e7\u00e3o. Ambas as exig\u00eancias visam garantir que o trabalhador tenha uma rela\u00e7\u00e3o prolongada com o sistema de previd\u00eancia antes de solicitar o benef\u00edcio.<\/p>\n\n\n\n<h2 class=\"wp-block-heading\">Como a reforma da Previd\u00eancia de 2019 influenciou a aposentadoria por idade?<\/h2>\n\n\n\n<p>A reforma da <strong>Previd\u00eancia de 2019<\/strong> alterou profundamente o cen\u00e1rio previdenci\u00e1rio brasileiro. Uma das principais mudan\u00e7as foi o aumento da idade m\u00ednima, especialmente para as mulheres, e a introdu\u00e7\u00e3o de regras de transi\u00e7\u00e3o para aqueles que j\u00e1 estavam no mercado de trabalho, mas ainda n\u00e3o se aposentaram. Estas regras t\u00eam como objetivo suavizar a transi\u00e7\u00e3o para as novas exig\u00eancias, permitindo que o trabalhador atinja a aposentadoria de forma menos abrupta.<\/p>\n\n\n\n<h2 class=\"wp-block-heading\">Quais s\u00e3o as regras de transi\u00e7\u00e3o para a aposentadoria por idade?<\/h2>\n\n\n\n<p>As regras de transi\u00e7\u00e3o s\u00e3o um conjunto de normas provis\u00f3rias destinadas a assegurar que aqueles pr\u00f3ximos da aposentadoria n\u00e3o sejam abruptamente afetados pelas novas condi\u00e7\u00f5es. Uma das principais regras inclui um aumento progressivo da idade m\u00ednima para as mulheres, de forma que se acrescente um aumento gradativo at\u00e9 alcan\u00e7ar os 62 anos exigidos pela nova norma. Al\u00e9m disso, h\u00e1 a perman\u00eancia de um tempo de contribui\u00e7\u00e3o m\u00ednimo para todos aqueles inscritos no regimento previdenci\u00e1rio.<\/p>\n\n\n\n<p>Para os trabalhadores que j\u00e1 acumulavam um tempo significativo de contribui\u00e7\u00e3o na \u00e9poca da reforma, as regras de transi\u00e7\u00e3o tamb\u00e9m incorrem em um sistema de pontos, onde a soma da idade e do tempo de contribui\u00e7\u00e3o deve atingir determinado valor para que a aposentadoria se torne vi\u00e1vel.<\/p>\n\n\n\n<h2 class=\"wp-block-heading\">Conclus\u00e3o sobre o cen\u00e1rio atual da aposentadoria por idade<\/h2>\n\n\n\n<p>Em um cen\u00e1rio de constante adapta\u00e7\u00e3o das leis previdenci\u00e1rias, \u00e9 fundamental que os trabalhadores se mantenham informados sobre suas possibilidades e requisitos para a aposentadoria. Buscar assist\u00eancia especializada \u00e9 crucial, assim como frequentar as fontes oficiais, como o <strong><a href=\"https:\/\/www.em.com.br\/emfoco\/2025\/07\/04\/pagamento-do-inss-segue-novo-cronograma-veja-como-fica\/\" target=\"_blank\" rel=\"noreferrer noopener\">INSS<\/a><\/strong>, para checar informa\u00e7\u00f5es atualizadas. <\/p>\n\n\n\n<p>A aposentadoria por idade representa seguran\u00e7a e tranquilidade ap\u00f3s anos de trabalho \u00e1rduo; portanto, uma compreens\u00e3o clara das exig\u00eancias pode evitar surpresas e assegurar uma transi\u00e7\u00e3o tranquila para a vida p\u00f3s-trabalho.<\/p>\n","protected":false},"excerpt":{"rendered":"<p>A aposentadoria por idade sempre foi uma das modalidades mais buscadas pelos trabalhadores no Brasil, visto que oferece uma forma de garantir seguran\u00e7a financeira ap\u00f3s anos de dedica\u00e7\u00e3o ao mercado de trabalho. Com as reformas ocorridas nas \u00faltimas d\u00e9cadas, especialmente a de 2019, entender as nuances deste tipo de benef\u00edcio tornou-se essencial para aqueles que [&hellip;]<\/p>\n","protected":false},"author":20,"featured_media":54988,"comment_status":"open","ping_status":"open","sticky":false,"template":"","format":"standard","meta":{"jnews-multi-image_gallery":[],"jnews_single_post":{"format":"standard"},"jnews_primary_category":[],"jnews_social_meta":[],"jnews_override_counter":[],"footnotes":""},"categories":[28,1],"tags":[11642,174,11643],"class_list":["post-71656","post","type-post","status-publish","format-standard","has-post-thumbnail","hentry","category-economia","category-noticias","tag-aposentadoria-por-idade","tag-inss","tag-reforma-de-2019"],"yoast_head":"<!-- This site is optimized with the Yoast SEO plugin v23.8 - https:\/\/yoast.com\/wordpress\/plugins\/seo\/ -->\n<title>Confira as mudan\u00e7as na aposentadoria por idade desse ano! - Estado de Minas - Em foco<\/title>\n<meta name=\"description\" content=\"As regras da aposentadoria por idade mudaram em 2025. Veja como isso afeta homens e mulheres que querem seguran\u00e7a financeira.\" \/>\n<meta name=\"robots\" content=\"index, follow, max-snippet:-1, max-image-preview:large, max-video-preview:-1\" \/>\n<link rel=\"canonical\" href=\"https:\/\/www.em.com.br\/emfoco\/2025\/07\/06\/o-que-muda-na-aposentadoria-por-idade-este-ano\/\" \/>\n<meta property=\"og:locale\" content=\"pt_BR\" \/>\n<meta property=\"og:type\" content=\"article\" \/>\n<meta property=\"og:title\" content=\"Confira as mudan\u00e7as na aposentadoria por idade desse ano! - Estado de Minas - Em foco\" \/>\n<meta property=\"og:description\" content=\"As regras da aposentadoria por idade mudaram em 2025. Veja como isso afeta homens e mulheres que querem seguran\u00e7a financeira.\" \/>\n<meta property=\"og:url\" content=\"https:\/\/www.em.com.br\/emfoco\/2025\/07\/06\/o-que-muda-na-aposentadoria-por-idade-este-ano\/\" \/>\n<meta property=\"og:site_name\" content=\"Estado de Minas - Em foco\" \/>\n<meta property=\"article:published_time\" content=\"2025-07-06T11:18:00+00:00\" \/>\n<meta property=\"article:modified_time\" content=\"2025-07-05T01:25:52+00:00\" \/>\n<meta property=\"og:image\" content=\"https:\/\/www.em.com.br\/emfoco\/wp-content\/uploads\/2025\/06\/aposentado-dinheiro-reais_1743473135543.jpg\" \/>\n\t<meta property=\"og:image:width\" content=\"1280\" \/>\n\t<meta property=\"og:image:height\" content=\"720\" \/>\n\t<meta property=\"og:image:type\" content=\"image\/jpeg\" \/>\n<meta name=\"author\" content=\"Ingrid Diniz\" \/>\n<meta name=\"twitter:card\" content=\"summary_large_image\" \/>\n<meta name=\"twitter:label1\" content=\"Escrito por\" \/>\n\t<meta name=\"twitter:data1\" content=\"Ingrid Diniz\" \/>\n\t<meta name=\"twitter:label2\" content=\"Est. tempo de leitura\" \/>\n\t<meta name=\"twitter:data2\" content=\"4 minutos\" \/>\n<!-- \/ Yoast SEO plugin. -->","yoast_head_json":{"title":"Confira as mudan\u00e7as na aposentadoria por idade desse ano! - Estado de Minas - Em foco","description":"As regras da aposentadoria por idade mudaram em 2025. Veja como isso afeta homens e mulheres que querem seguran\u00e7a financeira.","robots":{"index":"index","follow":"follow","max-snippet":"max-snippet:-1","max-image-preview":"max-image-preview:large","max-video-preview":"max-video-preview:-1"},"canonical":"https:\/\/www.em.com.br\/emfoco\/2025\/07\/06\/o-que-muda-na-aposentadoria-por-idade-este-ano\/","og_locale":"pt_BR","og_type":"article","og_title":"Confira as mudan\u00e7as na aposentadoria por idade desse ano! - Estado de Minas - Em foco","og_description":"As regras da aposentadoria por idade mudaram em 2025. Veja como isso afeta homens e mulheres que querem seguran\u00e7a financeira.","og_url":"https:\/\/www.em.com.br\/emfoco\/2025\/07\/06\/o-que-muda-na-aposentadoria-por-idade-este-ano\/","og_site_name":"Estado de Minas - Em foco","article_published_time":"2025-07-06T11:18:00+00:00","article_modified_time":"2025-07-05T01:25:52+00:00","og_image":[{"width":1280,"height":720,"url":"https:\/\/www.em.com.br\/emfoco\/wp-content\/uploads\/2025\/06\/aposentado-dinheiro-reais_1743473135543.jpg","type":"image\/jpeg"}],"author":"Ingrid Diniz","twitter_card":"summary_large_image","twitter_misc":{"Escrito por":"Ingrid Diniz","Est. tempo de leitura":"4 minutos"},"schema":{"@context":"https:\/\/schema.org","@graph":[{"@type":"WebPage","@id":"https:\/\/www.em.com.br\/emfoco\/2025\/07\/06\/o-que-muda-na-aposentadoria-por-idade-este-ano\/","url":"https:\/\/www.em.com.br\/emfoco\/2025\/07\/06\/o-que-muda-na-aposentadoria-por-idade-este-ano\/","name":"Confira as mudan\u00e7as na aposentadoria por idade desse ano! - Estado de Minas - Em foco","isPartOf":{"@id":"https:\/\/www.em.com.br\/emfoco\/#website"},"primaryImageOfPage":{"@id":"https:\/\/www.em.com.br\/emfoco\/2025\/07\/06\/o-que-muda-na-aposentadoria-por-idade-este-ano\/#primaryimage"},"image":{"@id":"https:\/\/www.em.com.br\/emfoco\/2025\/07\/06\/o-que-muda-na-aposentadoria-por-idade-este-ano\/#primaryimage"},"thumbnailUrl":"https:\/\/www.em.com.br\/emfoco\/wp-content\/uploads\/2025\/06\/aposentado-dinheiro-reais_1743473135543.jpg","datePublished":"2025-07-06T11:18:00+00:00","dateModified":"2025-07-05T01:25:52+00:00","author":{"@id":"https:\/\/www.em.com.br\/emfoco\/#\/schema\/person\/649e610b4eb8fff87ff394e54fe17b2b"},"description":"As regras da aposentadoria por idade mudaram em 2025. Veja como isso afeta homens e mulheres que querem seguran\u00e7a financeira.","breadcrumb":{"@id":"https:\/\/www.em.com.br\/emfoco\/2025\/07\/06\/o-que-muda-na-aposentadoria-por-idade-este-ano\/#breadcrumb"},"inLanguage":"pt-BR","potentialAction":[{"@type":"ReadAction","target":["https:\/\/www.em.com.br\/emfoco\/2025\/07\/06\/o-que-muda-na-aposentadoria-por-idade-este-ano\/"]}]},{"@type":"ImageObject","inLanguage":"pt-BR","@id":"https:\/\/www.em.com.br\/emfoco\/2025\/07\/06\/o-que-muda-na-aposentadoria-por-idade-este-ano\/#primaryimage","url":"https:\/\/www.em.com.br\/emfoco\/wp-content\/uploads\/2025\/06\/aposentado-dinheiro-reais_1743473135543.jpg","contentUrl":"https:\/\/www.em.com.br\/emfoco\/wp-content\/uploads\/2025\/06\/aposentado-dinheiro-reais_1743473135543.jpg","width":1280,"height":720,"caption":"Novas regras do INSS que podem antecipar sua aposentadoria - Cr\u00e9ditos: depositphotos.com \/ rochu_2008"},{"@type":"BreadcrumbList","@id":"https:\/\/www.em.com.br\/emfoco\/2025\/07\/06\/o-que-muda-na-aposentadoria-por-idade-este-ano\/#breadcrumb","itemListElement":[{"@type":"ListItem","position":1,"name":"In\u00edcio","item":"https:\/\/www.em.com.br\/emfoco\/"},{"@type":"ListItem","position":2,"name":"Confira as mudan\u00e7as na aposentadoria por idade desse ano!"}]},{"@type":"WebSite","@id":"https:\/\/www.em.com.br\/emfoco\/#website","url":"https:\/\/www.em.com.br\/emfoco\/","name":"Estado de Minas - Em foco","description":"Acompanhe as \u00faltimas not\u00edcias e fique bem informado sobre tudo o que acontece em Minas Gerais, Brasil e no mundo.","potentialAction":[{"@type":"SearchAction","target":{"@type":"EntryPoint","urlTemplate":"https:\/\/www.em.com.br\/emfoco\/?s={search_term_string}"},"query-input":{"@type":"PropertyValueSpecification","valueRequired":true,"valueName":"search_term_string"}}],"inLanguage":"pt-BR"},{"@type":"Person","@id":"https:\/\/www.em.com.br\/emfoco\/#\/schema\/person\/649e610b4eb8fff87ff394e54fe17b2b","name":"Ingrid Diniz","image":{"@type":"ImageObject","inLanguage":"pt-BR","@id":"https:\/\/www.em.com.br\/emfoco\/#\/schema\/person\/image\/","url":"https:\/\/secure.gravatar.com\/avatar\/a3baa1449ec5c39b4c42babc9d4f3951?s=96&d=mm&r=g","contentUrl":"https:\/\/secure.gravatar.com\/avatar\/a3baa1449ec5c39b4c42babc9d4f3951?s=96&d=mm&r=g","caption":"Ingrid Diniz"},"sameAs":["https:\/\/www.em.com.br\/"],"url":"https:\/\/www.em.com.br\/emfoco\/author\/ingridmyth\/"}]}},"_links":{"self":[{"href":"https:\/\/www.em.com.br\/emfoco\/wp-json\/wp\/v2\/posts\/71656","targetHints":{"allow":["GET"]}}],"collection":[{"href":"https:\/\/www.em.com.br\/emfoco\/wp-json\/wp\/v2\/posts"}],"about":[{"href":"https:\/\/www.em.com.br\/emfoco\/wp-json\/wp\/v2\/types\/post"}],"author":[{"embeddable":true,"href":"https:\/\/www.em.com.br\/emfoco\/wp-json\/wp\/v2\/users\/20"}],"replies":[{"embeddable":true,"href":"https:\/\/www.em.com.br\/emfoco\/wp-json\/wp\/v2\/comments?post=71656"}],"version-history":[{"count":2,"href":"https:\/\/www.em.com.br\/emfoco\/wp-json\/wp\/v2\/posts\/71656\/revisions"}],"predecessor-version":[{"id":71679,"href":"https:\/\/www.em.com.br\/emfoco\/wp-json\/wp\/v2\/posts\/71656\/revisions\/71679"}],"wp:featuredmedia":[{"embeddable":true,"href":"https:\/\/www.em.com.br\/emfoco\/wp-json\/wp\/v2\/media\/54988"}],"wp:attachment":[{"href":"https:\/\/www.em.com.br\/emfoco\/wp-json\/wp\/v2\/media?parent=71656"}],"wp:term":[{"taxonomy":"category","embeddable":true,"href":"https:\/\/www.em.com.br\/emfoco\/wp-json\/wp\/v2\/categories?post=71656"},{"taxonomy":"post_tag","embeddable":true,"href":"https:\/\/www.em.com.br\/emfoco\/wp-json\/wp\/v2\/tags?post=71656"}],"curies":[{"name":"wp","href":"https:\/\/api.w.org\/{rel}","templated":true}]}}