{"id":71561,"date":"2025-07-06T20:08:00","date_gmt":"2025-07-06T23:08:00","guid":{"rendered":"https:\/\/www.em.com.br\/emfoco\/?p=71561"},"modified":"2025-07-04T18:31:25","modified_gmt":"2025-07-04T21:31:25","slug":"esse-e-o-exercicio-mais-eficaz-para-definir-o-abdomen-rapido-sem-aparelhos","status":"publish","type":"post","link":"https:\/\/www.em.com.br\/emfoco\/2025\/07\/06\/esse-e-o-exercicio-mais-eficaz-para-definir-o-abdomen-rapido-sem-aparelhos\/","title":{"rendered":"Esse \u00e9 o exerc\u00edcio mais eficaz para definir o abd\u00f4men r\u00e1pido sem aparelhos"},"content":{"rendered":"\n<p>No vasto universo dos exerc\u00edcios de peso corporal, a prancha destaca-se por sua efic\u00e1cia e simplicidade. Em ess\u00eancia, ela consiste em manter o corpo em uma linha reta, sustentado entre as m\u00e3os (ou cotovelos) e as pontas dos p\u00e9s, como se fosse uma t\u00e1bua r\u00edgida. Esta posi\u00e7\u00e3o isom\u00e9trica \u00e9 um equil\u00edbrio perfeito entre for\u00e7a, equil\u00edbrio e consci\u00eancia corporal. Al\u00e9m de fortalecer os m\u00fasculos profundos do corpo, especialmente os abdominais e das costas, a prancha melhora a postura e reduz o risco de les\u00f5es.<\/p>\n\n\n\n<p>Para aqueles que buscam uma transforma\u00e7\u00e3o corporal r\u00e1pida, uma rotina de <a href=\"https:\/\/www.em.com.br\/emfoco\/2025\/06\/22\/5-exercicios-faceis-e-seguros-para-quem-ja-passou-dos-60\/\" target=\"_blank\" rel=\"noreferrer noopener\">exerc\u00edcios <\/a>de prancha, realizada de 3 a 5 vezes por semana, pode trazer resultados not\u00e1veis em apenas tr\u00eas semanas. O treinamento come\u00e7a a mostrar mudan\u00e7as vis\u00edveis com um abd\u00f4men mais definido e uma postura mais ereta. Portanto, \u00e9 uma ferramenta poderosa para ganhar estabilidade, tonifica\u00e7\u00e3o e efici\u00eancia nos movimentos di\u00e1rios.<\/p>\n\n\n\n<h2 class=\"wp-block-heading\">Quais s\u00e3o os benef\u00edcios da prancha?<\/h2>\n\n\n\n<p>Os exerc\u00edcios de <a href=\"https:\/\/oglobo.globo.com\/saude\/noticia\/2025\/01\/19\/esqueca-o-abdominal-metodo-para-deixar-a-regiao-definida-em-apenas-um-mes-saiba-qual.ghtml\" target=\"_blank\" rel=\"noreferrer noopener\">prancha <\/a>s\u00e3o essenciais para o fortalecimento do\u00a0<strong>core<\/strong>, que inclui uma s\u00e9rie de m\u00fasculos profundos que d\u00e3o suporte \u00e0 coluna vertebral. O fortalecimento desses m\u00fasculos n\u00e3o s\u00f3 melhora a postura como tamb\u00e9m contribui para uma maior resist\u00eancia f\u00edsica. Praticar este exerc\u00edcio regularmente proporciona uma base s\u00f3lida para outros tipos de movimentos f\u00edsicos, aumentando a efici\u00eancia e reduzindo o risco de les\u00f5es.<\/p>\n\n\n\n<h2 class=\"wp-block-heading\">Como incorporar a prancha na rotina di\u00e1ria?<\/h2>\n\n\n\n<p>A adi\u00e7\u00e3o da prancha na rotina di\u00e1ria torna-se simples pelo fato de ser um exerc\u00edcio que n\u00e3o requer equipamento especial e pode ser realizado em qualquer lugar. Manter a posi\u00e7\u00e3o de prancha por intervalos de 5 minutos diariamente n\u00e3o apenas desperta os m\u00fasculos de forma suave, como tamb\u00e9m promove a regularidade, garantindo resultados duradouros. Seu impacto sobre a sa\u00fade vai al\u00e9m do f\u00edsico, pois fortalece n\u00e3o apenas o corpo, mas tamb\u00e9m a confian\u00e7a pessoal.<\/p>\n\n\n\n<figure class=\"wp-block-image size-large\"><img loading=\"lazy\" decoding=\"async\" width=\"1024\" height=\"576\" src=\"https:\/\/www.em.com.br\/emfoco\/wp-content\/uploads\/2025\/07\/prancha-exercicio_1751666594649-1024x576.jpg\" alt=\"\" class=\"wp-image-71591\" srcset=\"https:\/\/www.em.com.br\/emfoco\/wp-content\/uploads\/2025\/07\/prancha-exercicio_1751666594649-1024x576.jpg 1024w, https:\/\/www.em.com.br\/emfoco\/wp-content\/uploads\/2025\/07\/prancha-exercicio_1751666594649-300x169.jpg 300w, https:\/\/www.em.com.br\/emfoco\/wp-content\/uploads\/2025\/07\/prancha-exercicio_1751666594649-768x432.jpg 768w, https:\/\/www.em.com.br\/emfoco\/wp-content\/uploads\/2025\/07\/prancha-exercicio_1751666594649-750x422.jpg 750w, https:\/\/www.em.com.br\/emfoco\/wp-content\/uploads\/2025\/07\/prancha-exercicio_1751666594649-1140x641.jpg 1140w, https:\/\/www.em.com.br\/emfoco\/wp-content\/uploads\/2025\/07\/prancha-exercicio_1751666594649.jpg 1280w\" sizes=\"auto, (max-width: 1024px) 100vw, 1024px\" \/><figcaption class=\"wp-element-caption\">Mulher fazendo prancha &#8211; Cr\u00e9ditos: depositphotos.com \/ undrey<\/figcaption><\/figure>\n\n\n\n<h2 class=\"wp-block-heading\">Quais s\u00e3o as varia\u00e7\u00f5es da prancha para resultados r\u00e1pidos?<\/h2>\n\n\n\n<ul class=\"wp-block-list\">\n<li>Prancha alta para &#8220;cachorro olhando para baixo&#8221;: Comece em posi\u00e7\u00e3o de prancha alta, com as m\u00e3os no ch\u00e3o na altura dos ombros e o corpo em linha reta, depois levante os quadris para cima formando um &#8220;V&#8221; invertido.<\/li>\n\n\n\n<li>Prancha com joelhos flexionados: Nesta varia\u00e7\u00e3o, os gl\u00fateos e tend\u00f5es do joelho s\u00e3o fortalecidos, oferecendo maior foco nos m\u00fasculos estabilizadores.<\/li>\n\n\n\n<li>Prancha alta com rota\u00e7\u00e3o: Inclui rota\u00e7\u00e3o do tronco e um maior enfoque nos obl\u00edquos, promovendo mobilidade e estabilidade do\u00a0<strong>core<\/strong>.<\/li>\n\n\n\n<li>Prancha lateral: Mant\u00e9m apenas um antebra\u00e7o e as laterais dos p\u00e9s apoiados no ch\u00e3o, intensificando o trabalho na musculatura lateral do abd\u00f4men.<\/li>\n\n\n\n<li>Prancha com apoio em um bra\u00e7o s\u00f3: Aumenta o desafio para o equil\u00edbrio, ativando o\u00a0<strong>core<\/strong>\u00a0de forma mais intensa.<\/li>\n\n\n\n<li>Prancha com eleva\u00e7\u00e3o alternada de pernas: Alterna a eleva\u00e7\u00e3o de cada perna, focando ainda mais nos gl\u00fateos e na estabilidade do tronco.<\/li>\n\n\n\n<li>Prancha com toque de ombro: Enquanto mant\u00e9m a posi\u00e7\u00e3o, toque alternadamente cada ombro com a m\u00e3o oposta, melhorando controle e estabilidade.<\/li>\n\n\n\n<li>Prancha com joelhos ao cotovelo: Leve os joelhos em dire\u00e7\u00e3o aos cotovelos, trabalhando abd\u00f4men, flexores do quadril e ombros.<\/li>\n\n\n\n<li>Prancha &#8220;spider&#8221;: Na posi\u00e7\u00e3o de prancha, leve o joelho em dire\u00e7\u00e3o \u00e0 parte externa do cotovelo, ativando profundamente os obl\u00edquos.<\/li>\n\n\n\n<li>Prancha din\u00e2mica: Alterne movimentos r\u00e1pidos de descida e subida entre prancha baixa e alta para trabalhar n\u00e3o s\u00f3 for\u00e7a, mas tamb\u00e9m resist\u00eancia.<\/li>\n<\/ul>\n\n\n\n<h2 class=\"wp-block-heading\">Qual \u00e9 a efic\u00e1cia de uma rotina de prancha de tr\u00eas semanas?<\/h2>\n\n\n\n<p>De acordo com especialistas, seguindo uma rotina de prancha adequada, os primeiros resultados podem ser observados em cerca de tr\u00eas a quatro semanas. No in\u00edcio, isso se traduz em um abd\u00f4men mais firme e em uma postura mais ereta. Continuando essa pr\u00e1tica, al\u00e9m do refor\u00e7o f\u00edsico, h\u00e1 tamb\u00e9m um aumento na confian\u00e7a em si mesmo. Este m\u00e9todo n\u00e3o s\u00f3 esculpe o corpo, mas tamb\u00e9m estabelece uma base s\u00f3lida para um estilo de vida mais saud\u00e1vel e ativo. Por isso, ao investir apenas alguns minutos por dia, a pr\u00e1tica da prancha pode fornecer um impulso significativo em dire\u00e7\u00e3o a objetivos de sa\u00fade e forma f\u00edsica.<\/p>\n\n\n\n<p><\/p>\n","protected":false},"excerpt":{"rendered":"<p>No vasto universo dos exerc\u00edcios de peso corporal, a prancha destaca-se por sua efic\u00e1cia e simplicidade. Em ess\u00eancia, ela consiste em manter o corpo em uma linha reta, sustentado entre as m\u00e3os (ou cotovelos) e as pontas dos p\u00e9s, como se fosse uma t\u00e1bua r\u00edgida. Esta posi\u00e7\u00e3o isom\u00e9trica \u00e9 um equil\u00edbrio perfeito entre for\u00e7a, equil\u00edbrio [&hellip;]<\/p>\n","protected":false},"author":11,"featured_media":71592,"comment_status":"open","ping_status":"open","sticky":false,"template":"","format":"standard","meta":{"jnews-multi-image_gallery":[],"jnews_single_post":{"format":"standard"},"jnews_primary_category":[],"jnews_social_meta":[],"jnews_override_counter":[],"footnotes":""},"categories":[8819,1],"tags":[9962,4131,6377,11625],"class_list":["post-71561","post","type-post","status-publish","format-standard","has-post-thumbnail","hentry","category-curiosidades","category-noticias","tag-abdomen","tag-exercicios","tag-exercicios-em-casa","tag-prancha"],"yoast_head":"<!-- This site is optimized with the Yoast SEO plugin v23.8 - https:\/\/yoast.com\/wordpress\/plugins\/seo\/ -->\n<title>Esse \u00e9 o exerc\u00edcio mais eficaz para definir o abd\u00f4men r\u00e1pido sem aparelhos - Estado de Minas - Em foco<\/title>\n<meta name=\"description\" content=\"Um \u00fanico exerc\u00edcio pode melhorar sua for\u00e7a, estabilidade e at\u00e9 sua autoestima. Conhe\u00e7a os benef\u00edcios da prancha.\" \/>\n<meta name=\"robots\" content=\"index, follow, max-snippet:-1, max-image-preview:large, max-video-preview:-1\" \/>\n<link rel=\"canonical\" href=\"https:\/\/www.em.com.br\/emfoco\/2025\/07\/06\/esse-e-o-exercicio-mais-eficaz-para-definir-o-abdomen-rapido-sem-aparelhos\/\" \/>\n<meta property=\"og:locale\" content=\"pt_BR\" \/>\n<meta property=\"og:type\" content=\"article\" \/>\n<meta property=\"og:title\" content=\"Esse \u00e9 o exerc\u00edcio mais eficaz para definir o abd\u00f4men r\u00e1pido sem aparelhos - Estado de Minas - Em foco\" \/>\n<meta property=\"og:description\" content=\"Um \u00fanico exerc\u00edcio pode melhorar sua for\u00e7a, estabilidade e at\u00e9 sua autoestima. Conhe\u00e7a os benef\u00edcios da prancha.\" \/>\n<meta property=\"og:url\" content=\"https:\/\/www.em.com.br\/emfoco\/2025\/07\/06\/esse-e-o-exercicio-mais-eficaz-para-definir-o-abdomen-rapido-sem-aparelhos\/\" \/>\n<meta property=\"og:site_name\" content=\"Estado de Minas - Em foco\" \/>\n<meta property=\"article:published_time\" content=\"2025-07-06T23:08:00+00:00\" \/>\n<meta property=\"article:modified_time\" content=\"2025-07-04T21:31:25+00:00\" \/>\n<meta property=\"og:image\" content=\"https:\/\/www.em.com.br\/emfoco\/wp-content\/uploads\/2025\/07\/prancha-exercicio_1751666674569.jpg\" \/>\n\t<meta property=\"og:image:width\" content=\"1280\" \/>\n\t<meta property=\"og:image:height\" content=\"720\" \/>\n\t<meta property=\"og:image:type\" content=\"image\/jpeg\" \/>\n<meta name=\"author\" content=\"Andre\u0301 Rangel\u00a0\" \/>\n<meta name=\"twitter:card\" content=\"summary_large_image\" \/>\n<meta name=\"twitter:label1\" content=\"Escrito por\" \/>\n\t<meta name=\"twitter:data1\" content=\"Andre\u0301 Rangel\u00a0\" \/>\n\t<meta name=\"twitter:label2\" content=\"Est. tempo de leitura\" \/>\n\t<meta name=\"twitter:data2\" content=\"4 minutos\" \/>\n<!-- \/ Yoast SEO plugin. -->","yoast_head_json":{"title":"Esse \u00e9 o exerc\u00edcio mais eficaz para definir o abd\u00f4men r\u00e1pido sem aparelhos - Estado de Minas - Em foco","description":"Um \u00fanico exerc\u00edcio pode melhorar sua for\u00e7a, estabilidade e at\u00e9 sua autoestima. Conhe\u00e7a os benef\u00edcios da prancha.","robots":{"index":"index","follow":"follow","max-snippet":"max-snippet:-1","max-image-preview":"max-image-preview:large","max-video-preview":"max-video-preview:-1"},"canonical":"https:\/\/www.em.com.br\/emfoco\/2025\/07\/06\/esse-e-o-exercicio-mais-eficaz-para-definir-o-abdomen-rapido-sem-aparelhos\/","og_locale":"pt_BR","og_type":"article","og_title":"Esse \u00e9 o exerc\u00edcio mais eficaz para definir o abd\u00f4men r\u00e1pido sem aparelhos - Estado de Minas - Em foco","og_description":"Um \u00fanico exerc\u00edcio pode melhorar sua for\u00e7a, estabilidade e at\u00e9 sua autoestima. Conhe\u00e7a os benef\u00edcios da prancha.","og_url":"https:\/\/www.em.com.br\/emfoco\/2025\/07\/06\/esse-e-o-exercicio-mais-eficaz-para-definir-o-abdomen-rapido-sem-aparelhos\/","og_site_name":"Estado de Minas - Em foco","article_published_time":"2025-07-06T23:08:00+00:00","article_modified_time":"2025-07-04T21:31:25+00:00","og_image":[{"width":1280,"height":720,"url":"https:\/\/www.em.com.br\/emfoco\/wp-content\/uploads\/2025\/07\/prancha-exercicio_1751666674569.jpg","type":"image\/jpeg"}],"author":"Andre\u0301 Rangel\u00a0","twitter_card":"summary_large_image","twitter_misc":{"Escrito por":"Andre\u0301 Rangel\u00a0","Est. tempo de leitura":"4 minutos"},"schema":{"@context":"https:\/\/schema.org","@graph":[{"@type":"WebPage","@id":"https:\/\/www.em.com.br\/emfoco\/2025\/07\/06\/esse-e-o-exercicio-mais-eficaz-para-definir-o-abdomen-rapido-sem-aparelhos\/","url":"https:\/\/www.em.com.br\/emfoco\/2025\/07\/06\/esse-e-o-exercicio-mais-eficaz-para-definir-o-abdomen-rapido-sem-aparelhos\/","name":"Esse \u00e9 o exerc\u00edcio mais eficaz para definir o abd\u00f4men r\u00e1pido sem aparelhos - Estado de Minas - Em foco","isPartOf":{"@id":"https:\/\/www.em.com.br\/emfoco\/#website"},"primaryImageOfPage":{"@id":"https:\/\/www.em.com.br\/emfoco\/2025\/07\/06\/esse-e-o-exercicio-mais-eficaz-para-definir-o-abdomen-rapido-sem-aparelhos\/#primaryimage"},"image":{"@id":"https:\/\/www.em.com.br\/emfoco\/2025\/07\/06\/esse-e-o-exercicio-mais-eficaz-para-definir-o-abdomen-rapido-sem-aparelhos\/#primaryimage"},"thumbnailUrl":"https:\/\/www.em.com.br\/emfoco\/wp-content\/uploads\/2025\/07\/prancha-exercicio_1751666674569.jpg","datePublished":"2025-07-06T23:08:00+00:00","dateModified":"2025-07-04T21:31:25+00:00","author":{"@id":"https:\/\/www.em.com.br\/emfoco\/#\/schema\/person\/60eda09c1fedf0d6891f4cef4b60b8b8"},"description":"Um \u00fanico exerc\u00edcio pode melhorar sua for\u00e7a, estabilidade e at\u00e9 sua autoestima. Conhe\u00e7a os benef\u00edcios da prancha.","breadcrumb":{"@id":"https:\/\/www.em.com.br\/emfoco\/2025\/07\/06\/esse-e-o-exercicio-mais-eficaz-para-definir-o-abdomen-rapido-sem-aparelhos\/#breadcrumb"},"inLanguage":"pt-BR","potentialAction":[{"@type":"ReadAction","target":["https:\/\/www.em.com.br\/emfoco\/2025\/07\/06\/esse-e-o-exercicio-mais-eficaz-para-definir-o-abdomen-rapido-sem-aparelhos\/"]}]},{"@type":"ImageObject","inLanguage":"pt-BR","@id":"https:\/\/www.em.com.br\/emfoco\/2025\/07\/06\/esse-e-o-exercicio-mais-eficaz-para-definir-o-abdomen-rapido-sem-aparelhos\/#primaryimage","url":"https:\/\/www.em.com.br\/emfoco\/wp-content\/uploads\/2025\/07\/prancha-exercicio_1751666674569.jpg","contentUrl":"https:\/\/www.em.com.br\/emfoco\/wp-content\/uploads\/2025\/07\/prancha-exercicio_1751666674569.jpg","width":1280,"height":720,"caption":"prancha exerc\u00edcio - Cr\u00e9ditos: depositphotos.com \/ ArturVerkhovetskiy"},{"@type":"BreadcrumbList","@id":"https:\/\/www.em.com.br\/emfoco\/2025\/07\/06\/esse-e-o-exercicio-mais-eficaz-para-definir-o-abdomen-rapido-sem-aparelhos\/#breadcrumb","itemListElement":[{"@type":"ListItem","position":1,"name":"In\u00edcio","item":"https:\/\/www.em.com.br\/emfoco\/"},{"@type":"ListItem","position":2,"name":"Esse \u00e9 o exerc\u00edcio mais eficaz para definir o abd\u00f4men r\u00e1pido sem aparelhos"}]},{"@type":"WebSite","@id":"https:\/\/www.em.com.br\/emfoco\/#website","url":"https:\/\/www.em.com.br\/emfoco\/","name":"Estado de Minas - Em foco","description":"Acompanhe as \u00faltimas not\u00edcias e fique bem informado sobre tudo o que acontece em Minas Gerais, Brasil e no mundo.","potentialAction":[{"@type":"SearchAction","target":{"@type":"EntryPoint","urlTemplate":"https:\/\/www.em.com.br\/emfoco\/?s={search_term_string}"},"query-input":{"@type":"PropertyValueSpecification","valueRequired":true,"valueName":"search_term_string"}}],"inLanguage":"pt-BR"},{"@type":"Person","@id":"https:\/\/www.em.com.br\/emfoco\/#\/schema\/person\/60eda09c1fedf0d6891f4cef4b60b8b8","name":"Andre\u0301 Rangel\u00a0","image":{"@type":"ImageObject","inLanguage":"pt-BR","@id":"https:\/\/www.em.com.br\/emfoco\/#\/schema\/person\/image\/","url":"https:\/\/secure.gravatar.com\/avatar\/6234dc814c77c8ef6d8bba622c787efc?s=96&d=mm&r=g","contentUrl":"https:\/\/secure.gravatar.com\/avatar\/6234dc814c77c8ef6d8bba622c787efc?s=96&d=mm&r=g","caption":"Andre\u0301 Rangel\u00a0"},"url":"https:\/\/www.em.com.br\/emfoco\/author\/luizmyth\/"}]}},"_links":{"self":[{"href":"https:\/\/www.em.com.br\/emfoco\/wp-json\/wp\/v2\/posts\/71561","targetHints":{"allow":["GET"]}}],"collection":[{"href":"https:\/\/www.em.com.br\/emfoco\/wp-json\/wp\/v2\/posts"}],"about":[{"href":"https:\/\/www.em.com.br\/emfoco\/wp-json\/wp\/v2\/types\/post"}],"author":[{"embeddable":true,"href":"https:\/\/www.em.com.br\/emfoco\/wp-json\/wp\/v2\/users\/11"}],"replies":[{"embeddable":true,"href":"https:\/\/www.em.com.br\/emfoco\/wp-json\/wp\/v2\/comments?post=71561"}],"version-history":[{"count":2,"href":"https:\/\/www.em.com.br\/emfoco\/wp-json\/wp\/v2\/posts\/71561\/revisions"}],"predecessor-version":[{"id":71593,"href":"https:\/\/www.em.com.br\/emfoco\/wp-json\/wp\/v2\/posts\/71561\/revisions\/71593"}],"wp:featuredmedia":[{"embeddable":true,"href":"https:\/\/www.em.com.br\/emfoco\/wp-json\/wp\/v2\/media\/71592"}],"wp:attachment":[{"href":"https:\/\/www.em.com.br\/emfoco\/wp-json\/wp\/v2\/media?parent=71561"}],"wp:term":[{"taxonomy":"category","embeddable":true,"href":"https:\/\/www.em.com.br\/emfoco\/wp-json\/wp\/v2\/categories?post=71561"},{"taxonomy":"post_tag","embeddable":true,"href":"https:\/\/www.em.com.br\/emfoco\/wp-json\/wp\/v2\/tags?post=71561"}],"curies":[{"name":"wp","href":"https:\/\/api.w.org\/{rel}","templated":true}]}}