{"id":71254,"date":"2025-07-07T09:08:00","date_gmt":"2025-07-07T12:08:00","guid":{"rendered":"https:\/\/www.em.com.br\/emfoco\/?p=71254"},"modified":"2025-07-06T16:26:16","modified_gmt":"2025-07-06T19:26:16","slug":"conheca-os-7-cuidados-essenciais-para-suas-orquideas-florescerem-o-ano-todo","status":"publish","type":"post","link":"https:\/\/www.em.com.br\/emfoco\/2025\/07\/07\/conheca-os-7-cuidados-essenciais-para-suas-orquideas-florescerem-o-ano-todo\/","title":{"rendered":"Conhe\u00e7a os 7 cuidados essenciais para suas orqu\u00eddeas florescerem o ano todo"},"content":{"rendered":"\n<p><strong>O primeiro passo no cuidado com orqu\u00eddeas \u00e9 escolher a esp\u00e9cie certa para o ambiente dispon\u00edvel.<\/strong> As orqu\u00eddeas, por serem plantas ex\u00f3ticas, precisam de condi\u00e7\u00f5es espec\u00edficas que variam de acordo com cada esp\u00e9cie. Geralmente, orqu\u00eddeas como <strong>Phalaenopsis<\/strong>, <strong>Dendrobium <\/strong>e <strong>Cattleya <\/strong>se adaptam bem a ambientes internos, pois n\u00e3o exigem intensa ilumina\u00e7\u00e3o. Orqu\u00eddeas nativas, como as do g\u00eanero Oncidium, tamb\u00e9m s\u00e3o \u00f3timas op\u00e7\u00f5es para quem deseja explorar variedades sem grandes adapta\u00e7\u00f5es.<\/p>\n\n\n\n<p>Al\u00e9m de escolher a esp\u00e9cie adequada, \u00e9 fundamental preparar o substrato correto. <strong>Um bom substrato deve permitir a drenagem adequada de \u00e1gua para evitar o apodrecimento das ra\u00edzes.<\/strong> Misturas de casca de pinus, carv\u00e3o vegetal e esfagno s\u00e3o ideais. A escolha do vaso tamb\u00e9m influencia: prefira vasos de barro ou cachepots que facilitem a circula\u00e7\u00e3o de ar. Outra dica \u00e9 garantir que o vaso possua furos suficientes para o escoamento da \u00e1gua.<\/p>\n\n\n\n<h2 class=\"wp-block-heading\">Quais s\u00e3o os cuidados di\u00e1rios necess\u00e1rios?<\/h2>\n\n\n\n<p><strong>As orqu\u00eddeas requerem aten\u00e7\u00e3o di\u00e1ria quanto \u00e0 rega e \u00e0 luminosidade.<\/strong> Elas preferem ambientes iluminados, mas sem exposi\u00e7\u00e3o direta ao sol. Uma boa pr\u00e1tica \u00e9 coloc\u00e1-las pr\u00f3ximas a janelas com cortinas que filtram a luz solar, mantendo assim a luminosidade suave e difusa. Lembre-se tamb\u00e9m de girar os vasos semanalmente, para que toda a planta receba ilumina\u00e7\u00e3o de maneira uniforme.<\/p>\n\n\n\n<p><strong>A rega \u00e9 um aspecto crucial.<\/strong> As orqu\u00eddeas prosperam em substratos \u00famidos, n\u00e3o encharcados. Um truque \u00fatil \u00e9 enfiar o dedo no substrato para verificar a umidade. Se estiver seco, \u00e9 hora de regar. Em geral, regar uma vez por semana no inverno e duas vezes no ver\u00e3o costuma ser suficiente, mas sempre adeque conforme o clima local. Utilize sempre \u00e1gua em temperatura ambiente e de boa qualidade, preferencialmente sem excesso de cloro.<\/p>\n\n\n\n<figure class=\"wp-block-image size-large\"><img loading=\"lazy\" decoding=\"async\" width=\"1024\" height=\"576\" src=\"https:\/\/www.em.com.br\/emfoco\/wp-content\/uploads\/2025\/07\/orquideas_1751636100653-1024x576.jpg\" alt=\"Conhe\u00e7a os 7 cuidados essenciais para suas orqu\u00eddeas florescerem o ano todo\" class=\"wp-image-71282\" srcset=\"https:\/\/www.em.com.br\/emfoco\/wp-content\/uploads\/2025\/07\/orquideas_1751636100653-1024x576.jpg 1024w, https:\/\/www.em.com.br\/emfoco\/wp-content\/uploads\/2025\/07\/orquideas_1751636100653-300x169.jpg 300w, https:\/\/www.em.com.br\/emfoco\/wp-content\/uploads\/2025\/07\/orquideas_1751636100653-768x432.jpg 768w, https:\/\/www.em.com.br\/emfoco\/wp-content\/uploads\/2025\/07\/orquideas_1751636100653-750x422.jpg 750w, https:\/\/www.em.com.br\/emfoco\/wp-content\/uploads\/2025\/07\/orquideas_1751636100653-1140x641.jpg 1140w, https:\/\/www.em.com.br\/emfoco\/wp-content\/uploads\/2025\/07\/orquideas_1751636100653.jpg 1280w\" sizes=\"auto, (max-width: 1024px) 100vw, 1024px\" \/><figcaption class=\"wp-element-caption\">Parede de orqu\u00eddeas &#8211; Cr\u00e9ditos: depositphotos.com \/ JillLang<\/figcaption><\/figure>\n\n\n\n<h2 class=\"wp-block-heading\">Como fertilizar eficazmente suas orqu\u00eddeas?<\/h2>\n\n\n\n<p><strong>A fertiliza\u00e7\u00e3o regular \u00e9 imprescind\u00edvel para o florescimento das orqu\u00eddeas.<\/strong> Elas se beneficiam de nutrientes extras durante todo o ano, mas principalmente na fase de crescimento e flora\u00e7\u00e3o. Uma solu\u00e7\u00e3o completa e equilibrada de fertilizante para orqu\u00eddeas, dilu\u00edda conforme as instru\u00e7\u00f5es, deve ser aplicada a cada quinze dias. Se poss\u00edvel, intercale <strong><a href=\"https:\/\/nutricaodesafras.com.br\/fertilizantes#:~:text=Os%20fertilizantes%20s%C3%A3o%20subst%C3%A2ncias%20ou,por%20ind%C3%BAstrias%20qu%C3%ADmicas%2C%20ou%20org%C3%A2nicos.\" target=\"_blank\" rel=\"noreferrer noopener\">fertilizantes <\/a><\/strong>ricos em f\u00f3sforo (para estimular a flora\u00e7\u00e3o) e c\u00e1lcio (para fortalecimento das ra\u00edzes).<\/p>\n\n\n\n<p>Al\u00e9m do fertilizante l\u00edquido, complementos como cascas de ovos trituradas podem fornecer c\u00e1lcio, enquanto a canela em p\u00f3 pode atuar como um fungicida natural. \u00c9 essencial n\u00e3o exagerar na fertiliza\u00e7\u00e3o para n\u00e3o causar ac\u00famulo de sais no substrato, o que pode praticar danos \u00e0s ra\u00edzes. Para evitar isso, uma dica importante \u00e9 lavar o substrato com \u00e1gua corrente a cada dois meses para eliminar res\u00edduos acumulados.<\/p>\n\n\n\n<h2 class=\"wp-block-heading\">Quais s\u00e3o os sinais para ficar de olho em suas orqu\u00eddeas?<\/h2>\n\n\n\n<p><strong>Para garantir orqu\u00eddeas saud\u00e1veis, observe atentamente sinais de estresse ou pragas.<\/strong> As folhas devem ser verdes e firmes; folhas amareladas podem indicar excesso de sol ou falta de <strong><a href=\"https:\/\/www.em.com.br\/emfoco\/2025\/06\/24\/os-nutrientes-essenciais-para-melhorar-seu-desempenho-nos-treinos\/\" target=\"_blank\" rel=\"noreferrer noopener\">nutrientes<\/a><\/strong>. Manchas pretas ou crescimento lento podem ser sinal de infec\u00e7\u00f5es f\u00fangicas, que exigem tratamento com fungicidas espec\u00edficos. Fique atento tamb\u00e9m \u00e0 presen\u00e7a de pequenos insetos ou teias, sinalizando infesta\u00e7\u00e3o de pragas comuns, como pulg\u00f5es e cochonilhas.<\/p>\n\n\n\n<p><strong>Outro ponto de aten\u00e7\u00e3o s\u00e3o as ra\u00edzes.<\/strong> Ra\u00edzes saud\u00e1veis s\u00e3o verdejantes e firmes. Se elas estiverem marrons ou moles, \u00e9 necess\u00e1rio ajustar a rega ou o substrato. Manter um monitoramento atento ajuda a detectar problemas precocemente, facilitando a recupera\u00e7\u00e3o.<\/p>\n\n\n\n<h2 class=\"wp-block-heading\">Por que suas orqu\u00eddeas n\u00e3o florescem e como corrigir isso?<\/h2>\n\n\n\n<p><strong>Se as orqu\u00eddeas n\u00e3o florescem, a causa pode ser a falta de luz adequada ou estresse h\u00eddrico.<\/strong> Verifique a posi\u00e7\u00e3o da planta, assegurando-se de que a luz \u00e9 suficiente, mas sem excesso. Per\u00edodos de descanso, como a redu\u00e7\u00e3o da rega ap\u00f3s a flora\u00e7\u00e3o, s\u00e3o vitais para o cicatrizar. O repouso tamb\u00e9m pode ser promovido com pequenas varia\u00e7\u00f5es na temperatura e diminui\u00e7\u00e3o do fertilizante.<\/p>\n\n\n\n<p><strong>A temperatura tamb\u00e9m exerce um papel crucial.<\/strong> As varia\u00e7\u00f5es de temperatura entre o dia e a noite podem estimular a flora\u00e7\u00e3o. Garantir um ambiente ideal promover\u00e1 n\u00e3o apenas uma flora\u00e7\u00e3o mais frequente, mas tamb\u00e9m incentivar\u00e1 o surgimento de flores mais v\u00edvidas e saud\u00e1veis. N\u00e3o esque\u00e7a de verificar tamb\u00e9m se a planta n\u00e3o est\u00e1 sofrendo com mudan\u00e7as bruscas de local ou correntes de ar frio, j\u00e1 que isso pode impactar negativamente o ciclo das flores.<\/p>\n","protected":false},"excerpt":{"rendered":"<p>O primeiro passo no cuidado com orqu\u00eddeas \u00e9 escolher a esp\u00e9cie certa para o ambiente dispon\u00edvel. As orqu\u00eddeas, por serem plantas ex\u00f3ticas, precisam de condi\u00e7\u00f5es espec\u00edficas que variam de acordo com cada esp\u00e9cie. Geralmente, orqu\u00eddeas como Phalaenopsis, Dendrobium e Cattleya se adaptam bem a ambientes internos, pois n\u00e3o exigem intensa ilumina\u00e7\u00e3o. Orqu\u00eddeas nativas, como as [&hellip;]<\/p>\n","protected":false},"author":13,"featured_media":71281,"comment_status":"open","ping_status":"open","sticky":false,"template":"","format":"standard","meta":{"jnews-multi-image_gallery":[],"jnews_single_post":{"format":"standard"},"jnews_primary_category":[],"jnews_social_meta":[],"jnews_override_counter":[],"footnotes":""},"categories":[8819,1],"tags":[6026,3357,3358,3137],"class_list":["post-71254","post","type-post","status-publish","format-standard","has-post-thumbnail","hentry","category-curiosidades","category-noticias","tag-cuidados-com-plantas","tag-flores","tag-jardinagem","tag-orquideas"],"yoast_head":"<!-- This site is optimized with the Yoast SEO plugin v23.8 - https:\/\/yoast.com\/wordpress\/plugins\/seo\/ -->\n<title>Conhe\u00e7a os 7 cuidados essenciais para suas orqu\u00eddeas florescerem o ano todo - Estado de Minas - Em foco<\/title>\n<meta name=\"description\" content=\"Orqu\u00eddeas saud\u00e1veis precisam de luz certa, substrato drenado e cuidados simples. Saiba como mant\u00ea-las belas com pouco esfor\u00e7o.\" \/>\n<meta name=\"robots\" content=\"index, follow, max-snippet:-1, max-image-preview:large, max-video-preview:-1\" \/>\n<link rel=\"canonical\" href=\"https:\/\/www.em.com.br\/emfoco\/2025\/07\/07\/conheca-os-7-cuidados-essenciais-para-suas-orquideas-florescerem-o-ano-todo\/\" \/>\n<meta property=\"og:locale\" content=\"pt_BR\" \/>\n<meta property=\"og:type\" content=\"article\" \/>\n<meta property=\"og:title\" content=\"Conhe\u00e7a os 7 cuidados essenciais para suas orqu\u00eddeas florescerem o ano todo - Estado de Minas - Em foco\" \/>\n<meta property=\"og:description\" content=\"Orqu\u00eddeas saud\u00e1veis precisam de luz certa, substrato drenado e cuidados simples. Saiba como mant\u00ea-las belas com pouco esfor\u00e7o.\" \/>\n<meta property=\"og:url\" content=\"https:\/\/www.em.com.br\/emfoco\/2025\/07\/07\/conheca-os-7-cuidados-essenciais-para-suas-orquideas-florescerem-o-ano-todo\/\" \/>\n<meta property=\"og:site_name\" content=\"Estado de Minas - Em foco\" \/>\n<meta property=\"article:published_time\" content=\"2025-07-07T12:08:00+00:00\" \/>\n<meta property=\"article:modified_time\" content=\"2025-07-06T19:26:16+00:00\" \/>\n<meta property=\"og:image\" content=\"https:\/\/www.em.com.br\/emfoco\/wp-content\/uploads\/2025\/07\/orquideas_1751636076397.jpg\" \/>\n\t<meta property=\"og:image:width\" content=\"1279\" \/>\n\t<meta property=\"og:image:height\" content=\"720\" \/>\n\t<meta property=\"og:image:type\" content=\"image\/jpeg\" \/>\n<meta name=\"author\" content=\"Gabriel Martins\" \/>\n<meta name=\"twitter:card\" content=\"summary_large_image\" \/>\n<meta name=\"twitter:label1\" content=\"Escrito por\" \/>\n\t<meta name=\"twitter:data1\" content=\"Gabriel Martins\" \/>\n\t<meta name=\"twitter:label2\" content=\"Est. tempo de leitura\" \/>\n\t<meta name=\"twitter:data2\" content=\"5 minutos\" \/>\n<!-- \/ Yoast SEO plugin. -->","yoast_head_json":{"title":"Conhe\u00e7a os 7 cuidados essenciais para suas orqu\u00eddeas florescerem o ano todo - Estado de Minas - Em foco","description":"Orqu\u00eddeas saud\u00e1veis precisam de luz certa, substrato drenado e cuidados simples. Saiba como mant\u00ea-las belas com pouco esfor\u00e7o.","robots":{"index":"index","follow":"follow","max-snippet":"max-snippet:-1","max-image-preview":"max-image-preview:large","max-video-preview":"max-video-preview:-1"},"canonical":"https:\/\/www.em.com.br\/emfoco\/2025\/07\/07\/conheca-os-7-cuidados-essenciais-para-suas-orquideas-florescerem-o-ano-todo\/","og_locale":"pt_BR","og_type":"article","og_title":"Conhe\u00e7a os 7 cuidados essenciais para suas orqu\u00eddeas florescerem o ano todo - Estado de Minas - Em foco","og_description":"Orqu\u00eddeas saud\u00e1veis precisam de luz certa, substrato drenado e cuidados simples. Saiba como mant\u00ea-las belas com pouco esfor\u00e7o.","og_url":"https:\/\/www.em.com.br\/emfoco\/2025\/07\/07\/conheca-os-7-cuidados-essenciais-para-suas-orquideas-florescerem-o-ano-todo\/","og_site_name":"Estado de Minas - Em foco","article_published_time":"2025-07-07T12:08:00+00:00","article_modified_time":"2025-07-06T19:26:16+00:00","og_image":[{"width":1279,"height":720,"url":"https:\/\/www.em.com.br\/emfoco\/wp-content\/uploads\/2025\/07\/orquideas_1751636076397.jpg","type":"image\/jpeg"}],"author":"Gabriel Martins","twitter_card":"summary_large_image","twitter_misc":{"Escrito por":"Gabriel Martins","Est. tempo de leitura":"5 minutos"},"schema":{"@context":"https:\/\/schema.org","@graph":[{"@type":"WebPage","@id":"https:\/\/www.em.com.br\/emfoco\/2025\/07\/07\/conheca-os-7-cuidados-essenciais-para-suas-orquideas-florescerem-o-ano-todo\/","url":"https:\/\/www.em.com.br\/emfoco\/2025\/07\/07\/conheca-os-7-cuidados-essenciais-para-suas-orquideas-florescerem-o-ano-todo\/","name":"Conhe\u00e7a os 7 cuidados essenciais para suas orqu\u00eddeas florescerem o ano todo - Estado de Minas - Em foco","isPartOf":{"@id":"https:\/\/www.em.com.br\/emfoco\/#website"},"primaryImageOfPage":{"@id":"https:\/\/www.em.com.br\/emfoco\/2025\/07\/07\/conheca-os-7-cuidados-essenciais-para-suas-orquideas-florescerem-o-ano-todo\/#primaryimage"},"image":{"@id":"https:\/\/www.em.com.br\/emfoco\/2025\/07\/07\/conheca-os-7-cuidados-essenciais-para-suas-orquideas-florescerem-o-ano-todo\/#primaryimage"},"thumbnailUrl":"https:\/\/www.em.com.br\/emfoco\/wp-content\/uploads\/2025\/07\/orquideas_1751636076397.jpg","datePublished":"2025-07-07T12:08:00+00:00","dateModified":"2025-07-06T19:26:16+00:00","author":{"@id":"https:\/\/www.em.com.br\/emfoco\/#\/schema\/person\/1c9ddeab18b98abeffef834667bcf08a"},"description":"Orqu\u00eddeas saud\u00e1veis precisam de luz certa, substrato drenado e cuidados simples. Saiba como mant\u00ea-las belas com pouco esfor\u00e7o.","breadcrumb":{"@id":"https:\/\/www.em.com.br\/emfoco\/2025\/07\/07\/conheca-os-7-cuidados-essenciais-para-suas-orquideas-florescerem-o-ano-todo\/#breadcrumb"},"inLanguage":"pt-BR","potentialAction":[{"@type":"ReadAction","target":["https:\/\/www.em.com.br\/emfoco\/2025\/07\/07\/conheca-os-7-cuidados-essenciais-para-suas-orquideas-florescerem-o-ano-todo\/"]}]},{"@type":"ImageObject","inLanguage":"pt-BR","@id":"https:\/\/www.em.com.br\/emfoco\/2025\/07\/07\/conheca-os-7-cuidados-essenciais-para-suas-orquideas-florescerem-o-ano-todo\/#primaryimage","url":"https:\/\/www.em.com.br\/emfoco\/wp-content\/uploads\/2025\/07\/orquideas_1751636076397.jpg","contentUrl":"https:\/\/www.em.com.br\/emfoco\/wp-content\/uploads\/2025\/07\/orquideas_1751636076397.jpg","width":1279,"height":720,"caption":"Crescimento cont\u00ednuo com replantio na \u00e9poca certa - Cr\u00e9ditos: depositphotos.com \/ joanvadell"},{"@type":"BreadcrumbList","@id":"https:\/\/www.em.com.br\/emfoco\/2025\/07\/07\/conheca-os-7-cuidados-essenciais-para-suas-orquideas-florescerem-o-ano-todo\/#breadcrumb","itemListElement":[{"@type":"ListItem","position":1,"name":"In\u00edcio","item":"https:\/\/www.em.com.br\/emfoco\/"},{"@type":"ListItem","position":2,"name":"Conhe\u00e7a os 7 cuidados essenciais para suas orqu\u00eddeas florescerem o ano todo"}]},{"@type":"WebSite","@id":"https:\/\/www.em.com.br\/emfoco\/#website","url":"https:\/\/www.em.com.br\/emfoco\/","name":"Estado de Minas - Em foco","description":"Acompanhe as \u00faltimas not\u00edcias e fique bem informado sobre tudo o que acontece em Minas Gerais, Brasil e no mundo.","potentialAction":[{"@type":"SearchAction","target":{"@type":"EntryPoint","urlTemplate":"https:\/\/www.em.com.br\/emfoco\/?s={search_term_string}"},"query-input":{"@type":"PropertyValueSpecification","valueRequired":true,"valueName":"search_term_string"}}],"inLanguage":"pt-BR"},{"@type":"Person","@id":"https:\/\/www.em.com.br\/emfoco\/#\/schema\/person\/1c9ddeab18b98abeffef834667bcf08a","name":"Gabriel Martins","image":{"@type":"ImageObject","inLanguage":"pt-BR","@id":"https:\/\/www.em.com.br\/emfoco\/#\/schema\/person\/image\/","url":"https:\/\/secure.gravatar.com\/avatar\/f0f1e2efdfd88f1ad2cb08c5c2731e50?s=96&d=mm&r=g","contentUrl":"https:\/\/secure.gravatar.com\/avatar\/f0f1e2efdfd88f1ad2cb08c5c2731e50?s=96&d=mm&r=g","caption":"Gabriel Martins"},"sameAs":["https:\/\/www.em.com.br\/emfoco\/"],"url":"https:\/\/www.em.com.br\/emfoco\/author\/gabrielmartinsmyth\/"}]}},"_links":{"self":[{"href":"https:\/\/www.em.com.br\/emfoco\/wp-json\/wp\/v2\/posts\/71254","targetHints":{"allow":["GET"]}}],"collection":[{"href":"https:\/\/www.em.com.br\/emfoco\/wp-json\/wp\/v2\/posts"}],"about":[{"href":"https:\/\/www.em.com.br\/emfoco\/wp-json\/wp\/v2\/types\/post"}],"author":[{"embeddable":true,"href":"https:\/\/www.em.com.br\/emfoco\/wp-json\/wp\/v2\/users\/13"}],"replies":[{"embeddable":true,"href":"https:\/\/www.em.com.br\/emfoco\/wp-json\/wp\/v2\/comments?post=71254"}],"version-history":[{"count":2,"href":"https:\/\/www.em.com.br\/emfoco\/wp-json\/wp\/v2\/posts\/71254\/revisions"}],"predecessor-version":[{"id":71283,"href":"https:\/\/www.em.com.br\/emfoco\/wp-json\/wp\/v2\/posts\/71254\/revisions\/71283"}],"wp:featuredmedia":[{"embeddable":true,"href":"https:\/\/www.em.com.br\/emfoco\/wp-json\/wp\/v2\/media\/71281"}],"wp:attachment":[{"href":"https:\/\/www.em.com.br\/emfoco\/wp-json\/wp\/v2\/media?parent=71254"}],"wp:term":[{"taxonomy":"category","embeddable":true,"href":"https:\/\/www.em.com.br\/emfoco\/wp-json\/wp\/v2\/categories?post=71254"},{"taxonomy":"post_tag","embeddable":true,"href":"https:\/\/www.em.com.br\/emfoco\/wp-json\/wp\/v2\/tags?post=71254"}],"curies":[{"name":"wp","href":"https:\/\/api.w.org\/{rel}","templated":true}]}}