{"id":70997,"date":"2025-07-05T20:28:00","date_gmt":"2025-07-05T23:28:00","guid":{"rendered":"https:\/\/www.em.com.br\/emfoco\/?p=70997"},"modified":"2025-07-03T18:43:58","modified_gmt":"2025-07-03T21:43:58","slug":"o-mal-silencioso-que-esta-adoecendo-milhoes-de-brasileiros-e-muitos-nao-sabem","status":"publish","type":"post","link":"https:\/\/www.em.com.br\/emfoco\/2025\/07\/05\/o-mal-silencioso-que-esta-adoecendo-milhoes-de-brasileiros-e-muitos-nao-sabem\/","title":{"rendered":"O mal silencioso que est\u00e1 adoecendo milh\u00f5es de brasileiros e muitos n\u00e3o sabem"},"content":{"rendered":"\n<p>A inatividade f\u00edsica, amplamente conhecida como\u00a0<strong><a href=\"https:\/\/www.em.com.br\/emfoco\/2025\/06\/02\/sedentarismo-e-o-maior-inimigo-silencioso-conheca-seus-perigos-e-como-pode-afetar-seu-corpo-e-mente\/\" target=\"_blank\" rel=\"noreferrer noopener\">sedentarismo<\/a><\/strong>, vem se tornando um problema de sa\u00fade p\u00fablica em escala global. Para que uma pessoa seja considerada sedent\u00e1ria, seu gasto cal\u00f3rico deve ser inferior a 2.200 calorias por semana apenas em atividades f\u00edsicas. Este estilo de vida tem s\u00e9rias consequ\u00eancias para a sa\u00fade, entre as quais est\u00e1 a sensa\u00e7\u00e3o de falta de ar durante a pr\u00e1tica de exerc\u00edcios f\u00edsicos.<\/p>\n\n\n\n<p>A aus\u00eancia de ar em momentos de esfor\u00e7o \u00e9 um sintoma frequente em pessoas que levam um estilo de vida sedent\u00e1rio. Isso ocorre porque a capacidade pulmonar \u00e9 reduzida, j\u00e1 que o sedentarismo compromete a efici\u00eancia respirat\u00f3ria. M\u00fasculos essenciais para a respira\u00e7\u00e3o se enfraquecem, tornando tarefas f\u00edsicas desafiadoras e, muitas vezes, desconfort\u00e1veis.<\/p>\n\n\n\n<h2 class=\"wp-block-heading\">Quais s\u00e3o os indicativos de um estilo de vida sedent\u00e1rio?<\/h2>\n\n\n\n<p>Os sinais de um estilo de vida sedent\u00e1rio podem aparecer durante atividades rotineiras, como caminhar pequenas dist\u00e2ncias ou realizar tarefas dom\u00e9sticas. Sintomas adicionais a serem observados incluem sudorese excessiva, desconforto no peito e batimentos card\u00edacos acelerados. A presen\u00e7a desses sintomas pode sinalizar problemas de sa\u00fade mais s\u00e9rios, exigindo aten\u00e7\u00e3o m\u00e9dica especializada, podendo at\u00e9 ser necess\u00e1rio buscar avalia\u00e7\u00e3o em servi\u00e7os de sa\u00fade de grandes cidades, como no&nbsp;<strong>Rio de Janeiro<\/strong>&nbsp;ou em hospitais p\u00fablicos do&nbsp;<strong>Brasil<\/strong>.<\/p>\n\n\n\n<h2 class=\"wp-block-heading\">Qual \u00e9 o impacto do sedentarismo na sa\u00fade global?<\/h2>\n\n\n\n<p>A&nbsp;<strong>Organiza\u00e7\u00e3o Mundial da Sa\u00fade<\/strong>&nbsp;(OMS) destaca que o sedentarismo \u00e9 uma preocupa\u00e7\u00e3o em diversos pa\u00edses, incluindo o Brasil, onde 47% da popula\u00e7\u00e3o era fisicamente inativa em&nbsp;<strong>2018<\/strong>. Entre os adolescentes, essa cifra atinge 84%. A falta de atividade f\u00edsica regular est\u00e1 associada a cerca de 5 milh\u00f5es de mortes anuais, fazendo da atividade f\u00edsica uma prioridade para pol\u00edticas de sa\u00fade p\u00fablica em pa\u00edses como o Brasil e outras grandes na\u00e7\u00f5es.<\/p>\n\n\n\n<figure class=\"wp-block-image\"><img decoding=\"async\" src=\"https:\/\/www.em.com.br\/emfoco\/wp-content\/uploads\/2025\/05\/sedentarismo-_1748616241713-1024x576.jpg\" alt=\"\"\/><figcaption class=\"wp-element-caption\">Homem sedent\u00e1rio no sof\u00e1 &#8211; Cr\u00e9ditos: depositphotos.com \/ txking<\/figcaption><\/figure>\n\n\n\n<h2 class=\"wp-block-heading\">Qual \u00e9 o efeito econ\u00f4mico do sedentarismo?<\/h2>\n\n\n\n<p>Os custos econ\u00f4micos da inatividade f\u00edsica s\u00e3o significativos, estimados em cerca de&nbsp;<strong>68 bilh\u00f5es de d\u00f3lares<\/strong>&nbsp;por ano no mundo todo. Esse montante inclui despesas m\u00e9dicas aumentadas e redu\u00e7\u00f5es na produtividade laboral direta, relacionadas a doen\u00e7as que poderiam ser evitadas por meio de um estilo de vida mais ativo. O impacto econ\u00f4mico \u00e9 sentido tanto em \u00e2mbito nacional quanto regional, afetando governos e empresas.<\/p>\n\n\n\n<h2 class=\"wp-block-heading\">Quais s\u00e3o as estrat\u00e9gias para combater o sedentarismo?<\/h2>\n\n\n\n<p>Transformar um estilo de vida sedent\u00e1rio demanda const\u00e2ncia e passos graduais. Iniciativas como incorporar caminhadas regulares e aumentar gradualmente a intensidade de exerc\u00edcios f\u00edsicos podem ser eficazes. \u00c9 importante promover uma rotina que melhore a resist\u00eancia f\u00edsica e possibilite a realiza\u00e7\u00e3o de esfor\u00e7os de maneira confort\u00e1vel e duradoura. Algumas cidades brasileiras, como o\u00a0<strong>Rio de Janeiro<\/strong>, promovem eventos p\u00fablicos de incentivo \u00e0 atividade f\u00edsica, e programas do Minist\u00e9rio da Sa\u00fade do Brasil tamb\u00e9m recomendam o uso de aplicativos como o\u00a0<a href=\"https:\/\/www.tudocelular.com\/mercado\/noticias\/n236990\/strava-runna-lancam-assinatura-conjunta.html\" target=\"_blank\" rel=\"noreferrer noopener\"><strong>Strava<\/strong>\u00a0<\/a>ou o\u00a0<strong>Google Fit<\/strong>\u00a0para monitorar o progresso dos exerc\u00edcios di\u00e1rios.<\/p>\n\n\n\n<p>O sedentarismo apresenta riscos consider\u00e1veis tanto para a sa\u00fade quanto para a economia, mas mudan\u00e7as simples no cotidiano podem amenizar essas consequ\u00eancias. Incentivar a pr\u00e1tica regular de exerc\u00edcios \u00e9 fundamental para prevenir doen\u00e7as e melhorar a qualidade de vida das popula\u00e7\u00f5es.<\/p>\n","protected":false},"excerpt":{"rendered":"<p>A inatividade f\u00edsica, amplamente conhecida como\u00a0sedentarismo, vem se tornando um problema de sa\u00fade p\u00fablica em escala global. Para que uma pessoa seja considerada sedent\u00e1ria, seu gasto cal\u00f3rico deve ser inferior a 2.200 calorias por semana apenas em atividades f\u00edsicas. Este estilo de vida tem s\u00e9rias consequ\u00eancias para a sa\u00fade, entre as quais est\u00e1 a sensa\u00e7\u00e3o [&hellip;]<\/p>\n","protected":false},"author":11,"featured_media":53415,"comment_status":"open","ping_status":"open","sticky":false,"template":"","format":"standard","meta":{"jnews-multi-image_gallery":[],"jnews_single_post":{"format":"standard"},"jnews_primary_category":[],"jnews_social_meta":[],"jnews_override_counter":[],"footnotes":""},"categories":[8819,1],"tags":[5207,415,7839],"class_list":["post-70997","post","type-post","status-publish","format-standard","has-post-thumbnail","hentry","category-curiosidades","category-noticias","tag-exercicio","tag-saude","tag-sedentarismo"],"yoast_head":"<!-- This site is optimized with the Yoast SEO plugin v23.8 - https:\/\/yoast.com\/wordpress\/plugins\/seo\/ -->\n<title>O mal silencioso que est\u00e1 adoecendo milh\u00f5es de brasileiros e muitos n\u00e3o sabem - Estado de Minas - Em foco<\/title>\n<meta name=\"description\" content=\"Se atividades simples deixam voc\u00ea sem ar, \u00e9 hora de reavaliar sua rotina. Veja o que diz a OMS sobre os riscos de uma vida parada.\" \/>\n<meta name=\"robots\" content=\"index, follow, max-snippet:-1, max-image-preview:large, max-video-preview:-1\" \/>\n<link rel=\"canonical\" href=\"https:\/\/www.em.com.br\/emfoco\/2025\/07\/05\/o-mal-silencioso-que-esta-adoecendo-milhoes-de-brasileiros-e-muitos-nao-sabem\/\" \/>\n<meta property=\"og:locale\" content=\"pt_BR\" \/>\n<meta property=\"og:type\" content=\"article\" \/>\n<meta property=\"og:title\" content=\"O mal silencioso que est\u00e1 adoecendo milh\u00f5es de brasileiros e muitos n\u00e3o sabem - Estado de Minas - Em foco\" \/>\n<meta property=\"og:description\" content=\"Se atividades simples deixam voc\u00ea sem ar, \u00e9 hora de reavaliar sua rotina. Veja o que diz a OMS sobre os riscos de uma vida parada.\" \/>\n<meta property=\"og:url\" content=\"https:\/\/www.em.com.br\/emfoco\/2025\/07\/05\/o-mal-silencioso-que-esta-adoecendo-milhoes-de-brasileiros-e-muitos-nao-sabem\/\" \/>\n<meta property=\"og:site_name\" content=\"Estado de Minas - Em foco\" \/>\n<meta property=\"article:published_time\" content=\"2025-07-05T23:28:00+00:00\" \/>\n<meta property=\"article:modified_time\" content=\"2025-07-03T21:43:58+00:00\" \/>\n<meta property=\"og:image\" content=\"https:\/\/www.em.com.br\/emfoco\/wp-content\/uploads\/2025\/05\/falta-de-ar_1748616310378.jpg\" \/>\n\t<meta property=\"og:image:width\" content=\"1280\" \/>\n\t<meta property=\"og:image:height\" content=\"720\" \/>\n\t<meta property=\"og:image:type\" content=\"image\/jpeg\" \/>\n<meta name=\"author\" content=\"Andre\u0301 Rangel\u00a0\" \/>\n<meta name=\"twitter:card\" content=\"summary_large_image\" \/>\n<meta name=\"twitter:label1\" content=\"Escrito por\" \/>\n\t<meta name=\"twitter:data1\" content=\"Andre\u0301 Rangel\u00a0\" \/>\n\t<meta name=\"twitter:label2\" content=\"Est. tempo de leitura\" \/>\n\t<meta name=\"twitter:data2\" content=\"4 minutos\" \/>\n<!-- \/ Yoast SEO plugin. -->","yoast_head_json":{"title":"O mal silencioso que est\u00e1 adoecendo milh\u00f5es de brasileiros e muitos n\u00e3o sabem - Estado de Minas - Em foco","description":"Se atividades simples deixam voc\u00ea sem ar, \u00e9 hora de reavaliar sua rotina. Veja o que diz a OMS sobre os riscos de uma vida parada.","robots":{"index":"index","follow":"follow","max-snippet":"max-snippet:-1","max-image-preview":"max-image-preview:large","max-video-preview":"max-video-preview:-1"},"canonical":"https:\/\/www.em.com.br\/emfoco\/2025\/07\/05\/o-mal-silencioso-que-esta-adoecendo-milhoes-de-brasileiros-e-muitos-nao-sabem\/","og_locale":"pt_BR","og_type":"article","og_title":"O mal silencioso que est\u00e1 adoecendo milh\u00f5es de brasileiros e muitos n\u00e3o sabem - Estado de Minas - Em foco","og_description":"Se atividades simples deixam voc\u00ea sem ar, \u00e9 hora de reavaliar sua rotina. Veja o que diz a OMS sobre os riscos de uma vida parada.","og_url":"https:\/\/www.em.com.br\/emfoco\/2025\/07\/05\/o-mal-silencioso-que-esta-adoecendo-milhoes-de-brasileiros-e-muitos-nao-sabem\/","og_site_name":"Estado de Minas - Em foco","article_published_time":"2025-07-05T23:28:00+00:00","article_modified_time":"2025-07-03T21:43:58+00:00","og_image":[{"width":1280,"height":720,"url":"https:\/\/www.em.com.br\/emfoco\/wp-content\/uploads\/2025\/05\/falta-de-ar_1748616310378.jpg","type":"image\/jpeg"}],"author":"Andre\u0301 Rangel\u00a0","twitter_card":"summary_large_image","twitter_misc":{"Escrito por":"Andre\u0301 Rangel\u00a0","Est. tempo de leitura":"4 minutos"},"schema":{"@context":"https:\/\/schema.org","@graph":[{"@type":"WebPage","@id":"https:\/\/www.em.com.br\/emfoco\/2025\/07\/05\/o-mal-silencioso-que-esta-adoecendo-milhoes-de-brasileiros-e-muitos-nao-sabem\/","url":"https:\/\/www.em.com.br\/emfoco\/2025\/07\/05\/o-mal-silencioso-que-esta-adoecendo-milhoes-de-brasileiros-e-muitos-nao-sabem\/","name":"O mal silencioso que est\u00e1 adoecendo milh\u00f5es de brasileiros e muitos n\u00e3o sabem - Estado de Minas - Em foco","isPartOf":{"@id":"https:\/\/www.em.com.br\/emfoco\/#website"},"primaryImageOfPage":{"@id":"https:\/\/www.em.com.br\/emfoco\/2025\/07\/05\/o-mal-silencioso-que-esta-adoecendo-milhoes-de-brasileiros-e-muitos-nao-sabem\/#primaryimage"},"image":{"@id":"https:\/\/www.em.com.br\/emfoco\/2025\/07\/05\/o-mal-silencioso-que-esta-adoecendo-milhoes-de-brasileiros-e-muitos-nao-sabem\/#primaryimage"},"thumbnailUrl":"https:\/\/www.em.com.br\/emfoco\/wp-content\/uploads\/2025\/05\/falta-de-ar_1748616310378.jpg","datePublished":"2025-07-05T23:28:00+00:00","dateModified":"2025-07-03T21:43:58+00:00","author":{"@id":"https:\/\/www.em.com.br\/emfoco\/#\/schema\/person\/60eda09c1fedf0d6891f4cef4b60b8b8"},"description":"Se atividades simples deixam voc\u00ea sem ar, \u00e9 hora de reavaliar sua rotina. Veja o que diz a OMS sobre os riscos de uma vida parada.","breadcrumb":{"@id":"https:\/\/www.em.com.br\/emfoco\/2025\/07\/05\/o-mal-silencioso-que-esta-adoecendo-milhoes-de-brasileiros-e-muitos-nao-sabem\/#breadcrumb"},"inLanguage":"pt-BR","potentialAction":[{"@type":"ReadAction","target":["https:\/\/www.em.com.br\/emfoco\/2025\/07\/05\/o-mal-silencioso-que-esta-adoecendo-milhoes-de-brasileiros-e-muitos-nao-sabem\/"]}]},{"@type":"ImageObject","inLanguage":"pt-BR","@id":"https:\/\/www.em.com.br\/emfoco\/2025\/07\/05\/o-mal-silencioso-que-esta-adoecendo-milhoes-de-brasileiros-e-muitos-nao-sabem\/#primaryimage","url":"https:\/\/www.em.com.br\/emfoco\/wp-content\/uploads\/2025\/05\/falta-de-ar_1748616310378.jpg","contentUrl":"https:\/\/www.em.com.br\/emfoco\/wp-content\/uploads\/2025\/05\/falta-de-ar_1748616310378.jpg","width":1280,"height":720,"caption":"Falta de ar subindo escadas - Cr\u00e9ditos: depositphotos.com \/ imagepointfr"},{"@type":"BreadcrumbList","@id":"https:\/\/www.em.com.br\/emfoco\/2025\/07\/05\/o-mal-silencioso-que-esta-adoecendo-milhoes-de-brasileiros-e-muitos-nao-sabem\/#breadcrumb","itemListElement":[{"@type":"ListItem","position":1,"name":"In\u00edcio","item":"https:\/\/www.em.com.br\/emfoco\/"},{"@type":"ListItem","position":2,"name":"O mal silencioso que est\u00e1 adoecendo milh\u00f5es de brasileiros e muitos n\u00e3o sabem"}]},{"@type":"WebSite","@id":"https:\/\/www.em.com.br\/emfoco\/#website","url":"https:\/\/www.em.com.br\/emfoco\/","name":"Estado de Minas - Em foco","description":"Acompanhe as \u00faltimas not\u00edcias e fique bem informado sobre tudo o que acontece em Minas Gerais, Brasil e no mundo.","potentialAction":[{"@type":"SearchAction","target":{"@type":"EntryPoint","urlTemplate":"https:\/\/www.em.com.br\/emfoco\/?s={search_term_string}"},"query-input":{"@type":"PropertyValueSpecification","valueRequired":true,"valueName":"search_term_string"}}],"inLanguage":"pt-BR"},{"@type":"Person","@id":"https:\/\/www.em.com.br\/emfoco\/#\/schema\/person\/60eda09c1fedf0d6891f4cef4b60b8b8","name":"Andre\u0301 Rangel\u00a0","image":{"@type":"ImageObject","inLanguage":"pt-BR","@id":"https:\/\/www.em.com.br\/emfoco\/#\/schema\/person\/image\/","url":"https:\/\/secure.gravatar.com\/avatar\/6234dc814c77c8ef6d8bba622c787efc?s=96&d=mm&r=g","contentUrl":"https:\/\/secure.gravatar.com\/avatar\/6234dc814c77c8ef6d8bba622c787efc?s=96&d=mm&r=g","caption":"Andre\u0301 Rangel\u00a0"},"url":"https:\/\/www.em.com.br\/emfoco\/author\/luizmyth\/"}]}},"_links":{"self":[{"href":"https:\/\/www.em.com.br\/emfoco\/wp-json\/wp\/v2\/posts\/70997","targetHints":{"allow":["GET"]}}],"collection":[{"href":"https:\/\/www.em.com.br\/emfoco\/wp-json\/wp\/v2\/posts"}],"about":[{"href":"https:\/\/www.em.com.br\/emfoco\/wp-json\/wp\/v2\/types\/post"}],"author":[{"embeddable":true,"href":"https:\/\/www.em.com.br\/emfoco\/wp-json\/wp\/v2\/users\/11"}],"replies":[{"embeddable":true,"href":"https:\/\/www.em.com.br\/emfoco\/wp-json\/wp\/v2\/comments?post=70997"}],"version-history":[{"count":4,"href":"https:\/\/www.em.com.br\/emfoco\/wp-json\/wp\/v2\/posts\/70997\/revisions"}],"predecessor-version":[{"id":71021,"href":"https:\/\/www.em.com.br\/emfoco\/wp-json\/wp\/v2\/posts\/70997\/revisions\/71021"}],"wp:featuredmedia":[{"embeddable":true,"href":"https:\/\/www.em.com.br\/emfoco\/wp-json\/wp\/v2\/media\/53415"}],"wp:attachment":[{"href":"https:\/\/www.em.com.br\/emfoco\/wp-json\/wp\/v2\/media?parent=70997"}],"wp:term":[{"taxonomy":"category","embeddable":true,"href":"https:\/\/www.em.com.br\/emfoco\/wp-json\/wp\/v2\/categories?post=70997"},{"taxonomy":"post_tag","embeddable":true,"href":"https:\/\/www.em.com.br\/emfoco\/wp-json\/wp\/v2\/tags?post=70997"}],"curies":[{"name":"wp","href":"https:\/\/api.w.org\/{rel}","templated":true}]}}