{"id":70990,"date":"2025-07-05T19:28:00","date_gmt":"2025-07-05T22:28:00","guid":{"rendered":"https:\/\/www.em.com.br\/emfoco\/?p=70990"},"modified":"2025-07-03T18:44:30","modified_gmt":"2025-07-03T21:44:30","slug":"sera-que-estou-fazendo-a-escolha-certa-antes-de-casar-todo-mundo-sente-isso","status":"publish","type":"post","link":"https:\/\/www.em.com.br\/emfoco\/2025\/07\/05\/sera-que-estou-fazendo-a-escolha-certa-antes-de-casar-todo-mundo-sente-isso\/","title":{"rendered":"\u201cSer\u00e1 que estou fazendo a escolha certa?\u201d Antes de casar todo mundo sente isso"},"content":{"rendered":"\n<p>O caminho para o altar est\u00e1 pavimentado com emo\u00e7\u00f5es variadas e complexas, e o<a href=\"https:\/\/oglobo.globo.com\/saude\/medicina\/noticia\/2023\/02\/por-que-sentimos-frio-na-barriga-quando-estamos-apaixonados.ghtml\" target=\"_blank\" rel=\"noreferrer noopener\"> frio na barriga<\/a> que muitos sentem antes do casamento \u00e9 mais comum do que se possa imaginar. Este fen\u00f4meno, muitas vezes alimentado pela ansiedade, surge devido \u00e0 imensa responsabilidade e ao compromisso inerente \u00e0 vida conjugal. Contudo, essa apreens\u00e3o n\u00e3o significa necessariamente que se est\u00e1 cometendo um erro, mas pode ser um convite para refletir sobre uma decis\u00e3o que mudar\u00e1 para sempre a din\u00e2mica de vida de duas pessoas.<\/p>\n\n\n\n<p>\u00c9 frequente que, \u00e0 medida que o grande dia se aproxima, os noivos comecem a questionar sua prontid\u00e3o para um passo t\u00e3o significativo. Essa d\u00favida, muitas vezes traduzida pelo pensamento &#8220;eu n\u00e3o estou pronto(a)&#8221;, \u00e9 uma manifesta\u00e7\u00e3o natural da incerteza diante do desconhecido. Muitos casais avan\u00e7am impulsionados pela in\u00e9rcia das rela\u00e7\u00f5es, sem avaliar profundamente sua prontid\u00e3o emocional para o matrim\u00f4nio. \u00c9 essencial ponderar se est\u00e3o prontos para crescer e apoiar mutuamente ao longo da vida, confirmando que est\u00e3o realmente dispostos a esse compromisso.<\/p>\n\n\n\n<h2 class=\"wp-block-heading\">Como lidar com a mudan\u00e7a incerta que o casamento traz?<\/h2>\n\n\n\n<p>O casamento marca uma transi\u00e7\u00e3o significativa na vida de qualquer pessoa, o que pode provocar a sensa\u00e7\u00e3o de que suas vidas mudar\u00e3o para sempre. Muitos enfrentam o desafio de reconfigurar suas rotinas e identidades em torno de uma parceria, temendo perder a pr\u00f3pria independ\u00eancia. Essa adapta\u00e7\u00e3o demanda n\u00e3o s\u00f3 aceita\u00e7\u00e3o, mas tamb\u00e9m uma profunda transforma\u00e7\u00e3o interior, pois o casamento n\u00e3o deve limitar, mas, sim, enriquecer a vida dos envolvidos.<\/p>\n\n\n\n<p>A decis\u00e3o de unir-se a algu\u00e9m para sempre soa como um desafio intimidador para muitos. Ao longo do noivado, \u00e9 comum que os parceiros questionem suas decis\u00f5es, ponderando se est\u00e3o com a pessoa certa para dividir a vida. O medo de estar escolhendo a pessoa errada conduz a uma an\u00e1lise minuciosa sobre as compatibilidades e desacordos, transformando o per\u00edodo pr\u00e9-nupcial em um intenso teste emocional.<\/p>\n\n\n\n<figure class=\"wp-block-image size-large\"><img loading=\"lazy\" decoding=\"async\" width=\"1024\" height=\"576\" src=\"https:\/\/www.em.com.br\/emfoco\/wp-content\/uploads\/2025\/07\/noivo-em-duvida_1751581943517-1024x576.jpg\" alt=\"\" class=\"wp-image-71024\" srcset=\"https:\/\/www.em.com.br\/emfoco\/wp-content\/uploads\/2025\/07\/noivo-em-duvida_1751581943517-1024x576.jpg 1024w, https:\/\/www.em.com.br\/emfoco\/wp-content\/uploads\/2025\/07\/noivo-em-duvida_1751581943517-300x169.jpg 300w, https:\/\/www.em.com.br\/emfoco\/wp-content\/uploads\/2025\/07\/noivo-em-duvida_1751581943517-768x432.jpg 768w, https:\/\/www.em.com.br\/emfoco\/wp-content\/uploads\/2025\/07\/noivo-em-duvida_1751581943517-750x422.jpg 750w, https:\/\/www.em.com.br\/emfoco\/wp-content\/uploads\/2025\/07\/noivo-em-duvida_1751581943517-1140x641.jpg 1140w, https:\/\/www.em.com.br\/emfoco\/wp-content\/uploads\/2025\/07\/noivo-em-duvida_1751581943517.jpg 1280w\" sizes=\"auto, (max-width: 1024px) 100vw, 1024px\" \/><figcaption class=\"wp-element-caption\">Noivo em d\u00favida &#8211; Cr\u00e9ditos: depositphotos.com \/ Lina_Aster<\/figcaption><\/figure>\n\n\n\n<h2 class=\"wp-block-heading\">Como saber se n\u00e3o estamos nos contentando com pouco?<\/h2>\n\n\n\n<p>A d\u00favida sobre estar se contentando com pouco em um <a href=\"https:\/\/www.em.com.br\/emfoco\/2025\/07\/01\/relacionamentos-apos-os-50-estao-mais-livres-e-conectados\/\" target=\"_blank\" rel=\"noreferrer noopener\">relacionamento <\/a>deriva de inseguran\u00e7as e do medo da solid\u00e3o. Em uma \u00e9poca de tantas possibilidades, muitos se perguntam se comprometer \u00e9 desistir de algo melhor que poderia existir. Este pensamento \u00e9 alimentado pelo chamado paradoxo da escolha, onde mais op\u00e7\u00f5es geram maior indecis\u00e3o e insatisfa\u00e7\u00e3o. \u00c9 necess\u00e1rio ponderar n\u00e3o apenas sobre os defeitos, mas principalmente sobre os valores e os objetivos em comum.<\/p>\n\n\n\n<p>Outra preocupa\u00e7\u00e3o frequente entre os casais que se preparam para o matrim\u00f4nio reside na transforma\u00e7\u00e3o da rela\u00e7\u00e3o p\u00f3s-casamento. O temor de que a rotina possa diminuir a intensidade rom\u00e2ntica \u00e9 natural, mas estudos indicam que o amor companheiro, aquele em que o parceiro \u00e9 tamb\u00e9m um melhor amigo, pode fornecer a base s\u00f3lida e duradoura t\u00e3o desejada para um casamento saud\u00e1vel.<\/p>\n\n\n\n<h2 class=\"wp-block-heading\">Ser\u00e1 que o casamento pode comprometer o amor rom\u00e2ntico?<\/h2>\n\n\n\n<p>\u00c9 ing\u00eanuo acreditar que um casamento ir\u00e1, por si s\u00f3, perpetuar ou destruir o amor rom\u00e2ntico. A parceria baseada na amizade e no respeito m\u00fatuo tende a florescer em um ambiente de compromisso. Desse modo, o entendimento de que amor e casamento s\u00e3o sin\u00f4nimos de constante renova\u00e7\u00e3o pode ajudar a dissipar medos e incertezas, garantindo que o prop\u00f3sito de estar junto seja sempre maior do que qualquer inseguran\u00e7a circunstancial.<\/p>\n\n\n\n<p>Por fim, enfrentar medos antes do casamento n\u00e3o \u00e9 um sinal de fraqueza, mas um processo de autoconhecimento e valida\u00e7\u00e3o das escolhas feitas. A verdadeira quest\u00e3o a se considerar \u00e9 se os parceiros est\u00e3o preparados para abra\u00e7ar a jornada conjunta, independente dos desafios que possam surgir. Encarando medos e expectativas com honestidade, os casais podem construir, juntos, uma hist\u00f3ria s\u00f3lida e significativa, baseada em amor e respeito m\u00fatuo.<\/p>\n\n\n\n<h2 class=\"wp-block-heading\">Como a influ\u00eancia da fam\u00edlia e dos amigos impacta a decis\u00e3o?<\/h2>\n\n\n\n<p>O papel da fam\u00edlia e dos amigos \u00e9 frequentemente um fator de peso para quem est\u00e1 prestes a casar. Em cidades como&nbsp;<strong>S\u00e3o Paulo<\/strong>&nbsp;e no mundo inteiro, o apoio &#8211; ou a desaprova\u00e7\u00e3o &#8211; das pessoas pr\u00f3ximas pode afetar significativamente o n\u00edvel de confian\u00e7a dos noivos em sua decis\u00e3o. Em muitos casos, o envolvimento da fam\u00edlia pode tornar a experi\u00eancia do casamento mais acolhedora e rica, mas tamb\u00e9m adicionar press\u00e3o social para cumprir expectativas ou tradi\u00e7\u00f5es. Avaliar at\u00e9 que ponto essas opini\u00f5es externas est\u00e3o influenciando a escolha \u00e9 fundamental para n\u00e3o perder de vista as pr\u00f3prias vontades e necessidades.<\/p>\n\n\n\n<h2 class=\"wp-block-heading\">Como lidar com o medo do futuro em uma sociedade em constante mudan\u00e7a?<\/h2>\n\n\n\n<p>Em tempos de constantes transforma\u00e7\u00f5es, como as ocorridas ao longo das \u00faltimas d\u00e9cadas em&nbsp;<strong>Brasil<\/strong>, muitos casais hesitam diante das incertezas sobre trabalho, moradia ou at\u00e9 mesmo mudan\u00e7as sociais ligadas a direitos e modelos de fam\u00edlia. O medo do futuro \u00e9 amplificado por not\u00edcias em sites como&nbsp;<strong>G1<\/strong>&nbsp;ou durante eventos globais como a pandemia de&nbsp;<strong>2020<\/strong>, que trouxeram novas reflex\u00f5es sobre conviv\u00eancia e adapta\u00e7\u00e3o em situa\u00e7\u00f5es inesperadas. Preparar-se para o futuro \u00e9, sobretudo, aprender juntos a lidar com o inesperado, mantendo o di\u00e1logo aberto e a flexibilidade diante das transforma\u00e7\u00f5es que a vida pode apresentar.<\/p>\n","protected":false},"excerpt":{"rendered":"<p>O caminho para o altar est\u00e1 pavimentado com emo\u00e7\u00f5es variadas e complexas, e o frio na barriga que muitos sentem antes do casamento \u00e9 mais comum do que se possa imaginar. Este fen\u00f4meno, muitas vezes alimentado pela ansiedade, surge devido \u00e0 imensa responsabilidade e ao compromisso inerente \u00e0 vida conjugal. Contudo, essa apreens\u00e3o n\u00e3o significa [&hellip;]<\/p>\n","protected":false},"author":11,"featured_media":71023,"comment_status":"open","ping_status":"open","sticky":false,"template":"","format":"standard","meta":{"jnews-multi-image_gallery":[],"jnews_single_post":{"format":"standard"},"jnews_primary_category":[],"jnews_social_meta":[],"jnews_override_counter":[],"footnotes":""},"categories":[8819,1],"tags":[506,6291,5023,905],"class_list":["post-70990","post","type-post","status-publish","format-standard","has-post-thumbnail","hentry","category-curiosidades","category-noticias","tag-amor","tag-casamento","tag-medo","tag-relacionamento"],"yoast_head":"<!-- This site is optimized with the Yoast SEO plugin v23.8 - https:\/\/yoast.com\/wordpress\/plugins\/seo\/ -->\n<title>\u201cSer\u00e1 que estou fazendo a escolha certa?\u201d Antes de casar todo mundo sente isso - Estado de Minas - Em foco<\/title>\n<meta name=\"description\" content=\"O frio na barriga antes do casamento n\u00e3o \u00e9 sinal de fraqueza, mas de reflex\u00e3o. Veja como esse sentimento pode indicar maturidade emocional.\" \/>\n<meta name=\"robots\" content=\"index, follow, max-snippet:-1, max-image-preview:large, max-video-preview:-1\" \/>\n<link rel=\"canonical\" href=\"https:\/\/www.em.com.br\/emfoco\/2025\/07\/05\/sera-que-estou-fazendo-a-escolha-certa-antes-de-casar-todo-mundo-sente-isso\/\" \/>\n<meta property=\"og:locale\" content=\"pt_BR\" \/>\n<meta property=\"og:type\" content=\"article\" \/>\n<meta property=\"og:title\" content=\"\u201cSer\u00e1 que estou fazendo a escolha certa?\u201d Antes de casar todo mundo sente isso - Estado de Minas - Em foco\" \/>\n<meta property=\"og:description\" content=\"O frio na barriga antes do casamento n\u00e3o \u00e9 sinal de fraqueza, mas de reflex\u00e3o. Veja como esse sentimento pode indicar maturidade emocional.\" \/>\n<meta property=\"og:url\" content=\"https:\/\/www.em.com.br\/emfoco\/2025\/07\/05\/sera-que-estou-fazendo-a-escolha-certa-antes-de-casar-todo-mundo-sente-isso\/\" \/>\n<meta property=\"og:site_name\" content=\"Estado de Minas - Em foco\" \/>\n<meta property=\"article:published_time\" content=\"2025-07-05T22:28:00+00:00\" \/>\n<meta property=\"article:modified_time\" content=\"2025-07-03T21:44:30+00:00\" \/>\n<meta property=\"og:image\" content=\"https:\/\/www.em.com.br\/emfoco\/wp-content\/uploads\/2025\/07\/noiva-em-duvida_1751581887648.jpg\" \/>\n\t<meta property=\"og:image:width\" content=\"1280\" \/>\n\t<meta property=\"og:image:height\" content=\"720\" \/>\n\t<meta property=\"og:image:type\" content=\"image\/jpeg\" \/>\n<meta name=\"author\" content=\"Andre\u0301 Rangel\u00a0\" \/>\n<meta name=\"twitter:card\" content=\"summary_large_image\" \/>\n<meta name=\"twitter:label1\" content=\"Escrito por\" \/>\n\t<meta name=\"twitter:data1\" content=\"Andre\u0301 Rangel\u00a0\" \/>\n\t<meta name=\"twitter:label2\" content=\"Est. tempo de leitura\" \/>\n\t<meta name=\"twitter:data2\" content=\"5 minutos\" \/>\n<!-- \/ Yoast SEO plugin. -->","yoast_head_json":{"title":"\u201cSer\u00e1 que estou fazendo a escolha certa?\u201d Antes de casar todo mundo sente isso - Estado de Minas - Em foco","description":"O frio na barriga antes do casamento n\u00e3o \u00e9 sinal de fraqueza, mas de reflex\u00e3o. Veja como esse sentimento pode indicar maturidade emocional.","robots":{"index":"index","follow":"follow","max-snippet":"max-snippet:-1","max-image-preview":"max-image-preview:large","max-video-preview":"max-video-preview:-1"},"canonical":"https:\/\/www.em.com.br\/emfoco\/2025\/07\/05\/sera-que-estou-fazendo-a-escolha-certa-antes-de-casar-todo-mundo-sente-isso\/","og_locale":"pt_BR","og_type":"article","og_title":"\u201cSer\u00e1 que estou fazendo a escolha certa?\u201d Antes de casar todo mundo sente isso - Estado de Minas - Em foco","og_description":"O frio na barriga antes do casamento n\u00e3o \u00e9 sinal de fraqueza, mas de reflex\u00e3o. Veja como esse sentimento pode indicar maturidade emocional.","og_url":"https:\/\/www.em.com.br\/emfoco\/2025\/07\/05\/sera-que-estou-fazendo-a-escolha-certa-antes-de-casar-todo-mundo-sente-isso\/","og_site_name":"Estado de Minas - Em foco","article_published_time":"2025-07-05T22:28:00+00:00","article_modified_time":"2025-07-03T21:44:30+00:00","og_image":[{"width":1280,"height":720,"url":"https:\/\/www.em.com.br\/emfoco\/wp-content\/uploads\/2025\/07\/noiva-em-duvida_1751581887648.jpg","type":"image\/jpeg"}],"author":"Andre\u0301 Rangel\u00a0","twitter_card":"summary_large_image","twitter_misc":{"Escrito por":"Andre\u0301 Rangel\u00a0","Est. tempo de leitura":"5 minutos"},"schema":{"@context":"https:\/\/schema.org","@graph":[{"@type":"WebPage","@id":"https:\/\/www.em.com.br\/emfoco\/2025\/07\/05\/sera-que-estou-fazendo-a-escolha-certa-antes-de-casar-todo-mundo-sente-isso\/","url":"https:\/\/www.em.com.br\/emfoco\/2025\/07\/05\/sera-que-estou-fazendo-a-escolha-certa-antes-de-casar-todo-mundo-sente-isso\/","name":"\u201cSer\u00e1 que estou fazendo a escolha certa?\u201d Antes de casar todo mundo sente isso - Estado de Minas - Em foco","isPartOf":{"@id":"https:\/\/www.em.com.br\/emfoco\/#website"},"primaryImageOfPage":{"@id":"https:\/\/www.em.com.br\/emfoco\/2025\/07\/05\/sera-que-estou-fazendo-a-escolha-certa-antes-de-casar-todo-mundo-sente-isso\/#primaryimage"},"image":{"@id":"https:\/\/www.em.com.br\/emfoco\/2025\/07\/05\/sera-que-estou-fazendo-a-escolha-certa-antes-de-casar-todo-mundo-sente-isso\/#primaryimage"},"thumbnailUrl":"https:\/\/www.em.com.br\/emfoco\/wp-content\/uploads\/2025\/07\/noiva-em-duvida_1751581887648.jpg","datePublished":"2025-07-05T22:28:00+00:00","dateModified":"2025-07-03T21:44:30+00:00","author":{"@id":"https:\/\/www.em.com.br\/emfoco\/#\/schema\/person\/60eda09c1fedf0d6891f4cef4b60b8b8"},"description":"O frio na barriga antes do casamento n\u00e3o \u00e9 sinal de fraqueza, mas de reflex\u00e3o. Veja como esse sentimento pode indicar maturidade emocional.","breadcrumb":{"@id":"https:\/\/www.em.com.br\/emfoco\/2025\/07\/05\/sera-que-estou-fazendo-a-escolha-certa-antes-de-casar-todo-mundo-sente-isso\/#breadcrumb"},"inLanguage":"pt-BR","potentialAction":[{"@type":"ReadAction","target":["https:\/\/www.em.com.br\/emfoco\/2025\/07\/05\/sera-que-estou-fazendo-a-escolha-certa-antes-de-casar-todo-mundo-sente-isso\/"]}]},{"@type":"ImageObject","inLanguage":"pt-BR","@id":"https:\/\/www.em.com.br\/emfoco\/2025\/07\/05\/sera-que-estou-fazendo-a-escolha-certa-antes-de-casar-todo-mundo-sente-isso\/#primaryimage","url":"https:\/\/www.em.com.br\/emfoco\/wp-content\/uploads\/2025\/07\/noiva-em-duvida_1751581887648.jpg","contentUrl":"https:\/\/www.em.com.br\/emfoco\/wp-content\/uploads\/2025\/07\/noiva-em-duvida_1751581887648.jpg","width":1280,"height":720,"caption":"Noiva em d\u00favida - Cr\u00e9ditos: depositphotos.com \/ itsajoop"},{"@type":"BreadcrumbList","@id":"https:\/\/www.em.com.br\/emfoco\/2025\/07\/05\/sera-que-estou-fazendo-a-escolha-certa-antes-de-casar-todo-mundo-sente-isso\/#breadcrumb","itemListElement":[{"@type":"ListItem","position":1,"name":"In\u00edcio","item":"https:\/\/www.em.com.br\/emfoco\/"},{"@type":"ListItem","position":2,"name":"\u201cSer\u00e1 que estou fazendo a escolha certa?\u201d Antes de casar todo mundo sente isso"}]},{"@type":"WebSite","@id":"https:\/\/www.em.com.br\/emfoco\/#website","url":"https:\/\/www.em.com.br\/emfoco\/","name":"Estado de Minas - Em foco","description":"Acompanhe as \u00faltimas not\u00edcias e fique bem informado sobre tudo o que acontece em Minas Gerais, Brasil e no mundo.","potentialAction":[{"@type":"SearchAction","target":{"@type":"EntryPoint","urlTemplate":"https:\/\/www.em.com.br\/emfoco\/?s={search_term_string}"},"query-input":{"@type":"PropertyValueSpecification","valueRequired":true,"valueName":"search_term_string"}}],"inLanguage":"pt-BR"},{"@type":"Person","@id":"https:\/\/www.em.com.br\/emfoco\/#\/schema\/person\/60eda09c1fedf0d6891f4cef4b60b8b8","name":"Andre\u0301 Rangel\u00a0","image":{"@type":"ImageObject","inLanguage":"pt-BR","@id":"https:\/\/www.em.com.br\/emfoco\/#\/schema\/person\/image\/","url":"https:\/\/secure.gravatar.com\/avatar\/6234dc814c77c8ef6d8bba622c787efc?s=96&d=mm&r=g","contentUrl":"https:\/\/secure.gravatar.com\/avatar\/6234dc814c77c8ef6d8bba622c787efc?s=96&d=mm&r=g","caption":"Andre\u0301 Rangel\u00a0"},"url":"https:\/\/www.em.com.br\/emfoco\/author\/luizmyth\/"}]}},"_links":{"self":[{"href":"https:\/\/www.em.com.br\/emfoco\/wp-json\/wp\/v2\/posts\/70990","targetHints":{"allow":["GET"]}}],"collection":[{"href":"https:\/\/www.em.com.br\/emfoco\/wp-json\/wp\/v2\/posts"}],"about":[{"href":"https:\/\/www.em.com.br\/emfoco\/wp-json\/wp\/v2\/types\/post"}],"author":[{"embeddable":true,"href":"https:\/\/www.em.com.br\/emfoco\/wp-json\/wp\/v2\/users\/11"}],"replies":[{"embeddable":true,"href":"https:\/\/www.em.com.br\/emfoco\/wp-json\/wp\/v2\/comments?post=70990"}],"version-history":[{"count":3,"href":"https:\/\/www.em.com.br\/emfoco\/wp-json\/wp\/v2\/posts\/70990\/revisions"}],"predecessor-version":[{"id":71025,"href":"https:\/\/www.em.com.br\/emfoco\/wp-json\/wp\/v2\/posts\/70990\/revisions\/71025"}],"wp:featuredmedia":[{"embeddable":true,"href":"https:\/\/www.em.com.br\/emfoco\/wp-json\/wp\/v2\/media\/71023"}],"wp:attachment":[{"href":"https:\/\/www.em.com.br\/emfoco\/wp-json\/wp\/v2\/media?parent=70990"}],"wp:term":[{"taxonomy":"category","embeddable":true,"href":"https:\/\/www.em.com.br\/emfoco\/wp-json\/wp\/v2\/categories?post=70990"},{"taxonomy":"post_tag","embeddable":true,"href":"https:\/\/www.em.com.br\/emfoco\/wp-json\/wp\/v2\/tags?post=70990"}],"curies":[{"name":"wp","href":"https:\/\/api.w.org\/{rel}","templated":true}]}}