{"id":70888,"date":"2025-07-04T22:39:00","date_gmt":"2025-07-05T01:39:00","guid":{"rendered":"https:\/\/www.em.com.br\/emfoco\/?p=70888"},"modified":"2025-07-03T21:03:47","modified_gmt":"2025-07-04T00:03:47","slug":"descanso-semanal-remunerado-e-direito-garantido-pela-clt","status":"publish","type":"post","link":"https:\/\/www.em.com.br\/emfoco\/2025\/07\/04\/descanso-semanal-remunerado-e-direito-garantido-pela-clt\/","title":{"rendered":"Descanso semanal remunerado \u00e9 direito garantido pela CLT!"},"content":{"rendered":"\n<p>O <strong>Descanso Semanal Remunerado<\/strong> (<a href=\"https:\/\/www.planalto.gov.br\/ccivil_03\/leis\/l0605.htm\" target=\"_blank\" rel=\"noreferrer noopener\">DSR<\/a>) \u00e9 um direito garantido aos trabalhadores na legisla\u00e7\u00e3o brasileira, que consiste em um dia de folga por semana sem preju\u00edzo da remunera\u00e7\u00e3o mensal. O <strong>DSR<\/strong>, geralmente, \u00e9 concedido aos domingos, mas pode ser transferido para outro dia da semana, dependendo do acordo entre empregador e empregado. Esse per\u00edodo de descanso visa proporcionar uma pausa nas atividades laborais, colaborando para o bem-estar f\u00edsico e mental do colaborador.<\/p>\n\n\n\n<h2 class=\"wp-block-heading\">Quais s\u00e3o as regras do DSR na legisla\u00e7\u00e3o brasileira?<\/h2>\n\n\n<div class=\"wp-block-image\">\n<figure class=\"aligncenter size-large\"><img loading=\"lazy\" decoding=\"async\" width=\"1024\" height=\"576\" src=\"https:\/\/www.em.com.br\/emfoco\/wp-content\/uploads\/2025\/06\/carteira-de-trabalh_1748978867226-1024x576.jpg\" alt=\"Horas extras na CLT exigem aten\u00e7\u00e3o m\u00e1xima do RH\" class=\"wp-image-55049\" srcset=\"https:\/\/www.em.com.br\/emfoco\/wp-content\/uploads\/2025\/06\/carteira-de-trabalh_1748978867226-1024x576.jpg 1024w, https:\/\/www.em.com.br\/emfoco\/wp-content\/uploads\/2025\/06\/carteira-de-trabalh_1748978867226-300x169.jpg 300w, https:\/\/www.em.com.br\/emfoco\/wp-content\/uploads\/2025\/06\/carteira-de-trabalh_1748978867226-768x432.jpg 768w, https:\/\/www.em.com.br\/emfoco\/wp-content\/uploads\/2025\/06\/carteira-de-trabalh_1748978867226-750x422.jpg 750w, https:\/\/www.em.com.br\/emfoco\/wp-content\/uploads\/2025\/06\/carteira-de-trabalh_1748978867226-1140x641.jpg 1140w, https:\/\/www.em.com.br\/emfoco\/wp-content\/uploads\/2025\/06\/carteira-de-trabalh_1748978867226.jpg 1280w\" sizes=\"auto, (max-width: 1024px) 100vw, 1024px\" \/><figcaption class=\"wp-element-caption\">CLT &#8211; Cr\u00e9ditos: depositphotos.com \/ rmcarvalhobsb<\/figcaption><\/figure><\/div>\n\n\n<p>De acordo com a <strong>Consolida\u00e7\u00e3o das Leis do Trabalho<\/strong> (<a href=\"https:\/\/www.em.com.br\/emfoco\/2025\/06\/29\/clt-ou-autonomo-o-debate-mais-quente-do-mercado-de-trabalho-em-2025\/\" target=\"_blank\" rel=\"noreferrer noopener\">CLT<\/a>), todo empregado tem direito a um repouso semanal remunerado de 24 horas consecutivas, preferencialmente aos domingos. Em algumas atividades, devido \u00e0 natureza do trabalho, o <strong>DSR <\/strong>pode ocorrer em outro dia da semana. A legisla\u00e7\u00e3o tamb\u00e9m prev\u00ea que caso o empregado tenha faltas injustificadas durante a semana, poder\u00e1 perder o direito \u00e0 remunera\u00e7\u00e3o do <strong>DSR <\/strong>referente \u00e0quele per\u00edodo.<\/p>\n\n\n\n<h2 class=\"wp-block-heading\">Quem tem direito ao DSR?<\/h2>\n\n\n\n<p>O direito ao <strong>Descanso Semanal Remunerado<\/strong> \u00e9 extens\u00edvel a todos os empregados regidos pela <strong>CLT<\/strong>, tanto no setor p\u00fablico quanto privado. Al\u00e9m de trabalhadores formais, o direito se aplica tamb\u00e9m a trabalhadores dom\u00e9sticos e empregados em regime parcial. \u00c9 importante que o empregador respeite este direito, sob pena de estar em desconformidade com a legisla\u00e7\u00e3o trabalhista vigente, o que pode acarretar em penalidades legais.<\/p>\n\n\n\n<h2 class=\"wp-block-heading\">Como o DSR impacta na qualidade de vida do trabalhador?<\/h2>\n\n\n\n<p>O <strong>DSR<\/strong> tem um impacto significativo na qualidade de vida dos trabalhadores, uma vez que proporciona um per\u00edodo regular de descanso sem preju\u00edzo ao sal\u00e1rio. Essa pausa semanal \u00e9 fundamental para a recupera\u00e7\u00e3o f\u00edsica e mental, diminuindo o estresse e prevenindo doen\u00e7as ocupacionais. A pr\u00e1tica regular desse direito \u00e9 essencial para manter um equil\u00edbrio saud\u00e1vel entre vida pessoal e profissional.<\/p>\n\n\n\n<h2 class=\"wp-block-heading\">O que acontece se o empregador n\u00e3o respeitar o DSR?<\/h2>\n\n\n\n<p>Se o empregador n\u00e3o conceder o <strong>DSR <\/strong>conforme estabelecido, o trabalhador tem o direito de buscar o cumprimento da legisla\u00e7\u00e3o atrav\u00e9s de uma reclama\u00e7\u00e3o trabalhista. O empregador pode ser obrigado a pagar o valor correspondente a esses dias n\u00e3o concedidos como repouso, al\u00e9m de outras poss\u00edveis san\u00e7\u00f5es legais. Garantir o <strong>DSR <\/strong>\u00e9 importante para evitar conflitos judiciais e promover rela\u00e7\u00f5es laborais saud\u00e1veis.<\/p>\n\n\n\n<h2 class=\"wp-block-heading\">Quais s\u00e3o os benef\u00edcios do cumprimento do DSR para a empresa?<\/h2>\n\n\n\n<p>Respeitar o <strong>DSR <\/strong>pode trazer uma s\u00e9rie de benef\u00edcios para as empresas, incluindo a melhora na produtividade dos empregados, que estar\u00e3o mais descansados e motivados. Al\u00e9m disso, assegura um ambiente de trabalho mais harmonioso e pode reduzir o \u00edndice de absente\u00edsmo e doen\u00e7as relacionadas ao trabalho. <\/p>\n\n\n\n<p>Cumprir com esse direito legalmente estabelecido tamb\u00e9m refor\u00e7a a reputa\u00e7\u00e3o da empresa, demonstrando respeito pelas normas trabalhistas e valoriza\u00e7\u00e3o dos seus colaboradores.<\/p>\n","protected":false},"excerpt":{"rendered":"<p>O Descanso Semanal Remunerado (DSR) \u00e9 um direito garantido aos trabalhadores na legisla\u00e7\u00e3o brasileira, que consiste em um dia de folga por semana sem preju\u00edzo da remunera\u00e7\u00e3o mensal. O DSR, geralmente, \u00e9 concedido aos domingos, mas pode ser transferido para outro dia da semana, dependendo do acordo entre empregador e empregado. Esse per\u00edodo de descanso [&hellip;]<\/p>\n","protected":false},"author":20,"featured_media":58455,"comment_status":"open","ping_status":"open","sticky":false,"template":"","format":"standard","meta":{"jnews-multi-image_gallery":[],"jnews_single_post":{"format":"standard"},"jnews_primary_category":[],"jnews_social_meta":[],"jnews_override_counter":[],"footnotes":""},"categories":[28,1],"tags":[1052,11533,2320,9988],"class_list":["post-70888","post","type-post","status-publish","format-standard","has-post-thumbnail","hentry","category-economia","category-noticias","tag-clt","tag-descanso-semanal-remunerado","tag-direitos-trabalhistas","tag-dsr"],"yoast_head":"<!-- This site is optimized with the Yoast SEO plugin v23.8 - https:\/\/yoast.com\/wordpress\/plugins\/seo\/ -->\n<title>Descanso semanal remunerado \u00e9 direito garantido pela CLT! - Estado de Minas - Em foco<\/title>\n<meta name=\"description\" content=\"Descanso semanal remunerado \u00e9 direito de todo trabalhador com carteira assinada. Veja como funciona e quando voc\u00ea pode perd\u00ea-lo.\" \/>\n<meta name=\"robots\" content=\"index, follow, max-snippet:-1, max-image-preview:large, max-video-preview:-1\" \/>\n<link rel=\"canonical\" href=\"https:\/\/www.em.com.br\/emfoco\/2025\/07\/04\/descanso-semanal-remunerado-e-direito-garantido-pela-clt\/\" \/>\n<meta property=\"og:locale\" content=\"pt_BR\" \/>\n<meta property=\"og:type\" content=\"article\" \/>\n<meta property=\"og:title\" content=\"Descanso semanal remunerado \u00e9 direito garantido pela CLT! - Estado de Minas - Em foco\" \/>\n<meta property=\"og:description\" content=\"Descanso semanal remunerado \u00e9 direito de todo trabalhador com carteira assinada. Veja como funciona e quando voc\u00ea pode perd\u00ea-lo.\" \/>\n<meta property=\"og:url\" content=\"https:\/\/www.em.com.br\/emfoco\/2025\/07\/04\/descanso-semanal-remunerado-e-direito-garantido-pela-clt\/\" \/>\n<meta property=\"og:site_name\" content=\"Estado de Minas - Em foco\" \/>\n<meta property=\"article:published_time\" content=\"2025-07-05T01:39:00+00:00\" \/>\n<meta property=\"article:modified_time\" content=\"2025-07-04T00:03:47+00:00\" \/>\n<meta property=\"og:image\" content=\"https:\/\/www.em.com.br\/emfoco\/wp-content\/uploads\/2025\/06\/descanso_1749537517084.jpg\" \/>\n\t<meta property=\"og:image:width\" content=\"1280\" \/>\n\t<meta property=\"og:image:height\" content=\"720\" \/>\n\t<meta property=\"og:image:type\" content=\"image\/jpeg\" \/>\n<meta name=\"author\" content=\"Ingrid Diniz\" \/>\n<meta name=\"twitter:card\" content=\"summary_large_image\" \/>\n<meta name=\"twitter:label1\" content=\"Escrito por\" \/>\n\t<meta name=\"twitter:data1\" content=\"Ingrid Diniz\" \/>\n\t<meta name=\"twitter:label2\" content=\"Est. tempo de leitura\" \/>\n\t<meta name=\"twitter:data2\" content=\"3 minutos\" \/>\n<!-- \/ Yoast SEO plugin. -->","yoast_head_json":{"title":"Descanso semanal remunerado \u00e9 direito garantido pela CLT! - Estado de Minas - Em foco","description":"Descanso semanal remunerado \u00e9 direito de todo trabalhador com carteira assinada. Veja como funciona e quando voc\u00ea pode perd\u00ea-lo.","robots":{"index":"index","follow":"follow","max-snippet":"max-snippet:-1","max-image-preview":"max-image-preview:large","max-video-preview":"max-video-preview:-1"},"canonical":"https:\/\/www.em.com.br\/emfoco\/2025\/07\/04\/descanso-semanal-remunerado-e-direito-garantido-pela-clt\/","og_locale":"pt_BR","og_type":"article","og_title":"Descanso semanal remunerado \u00e9 direito garantido pela CLT! - Estado de Minas - Em foco","og_description":"Descanso semanal remunerado \u00e9 direito de todo trabalhador com carteira assinada. Veja como funciona e quando voc\u00ea pode perd\u00ea-lo.","og_url":"https:\/\/www.em.com.br\/emfoco\/2025\/07\/04\/descanso-semanal-remunerado-e-direito-garantido-pela-clt\/","og_site_name":"Estado de Minas - Em foco","article_published_time":"2025-07-05T01:39:00+00:00","article_modified_time":"2025-07-04T00:03:47+00:00","og_image":[{"width":1280,"height":720,"url":"https:\/\/www.em.com.br\/emfoco\/wp-content\/uploads\/2025\/06\/descanso_1749537517084.jpg","type":"image\/jpeg"}],"author":"Ingrid Diniz","twitter_card":"summary_large_image","twitter_misc":{"Escrito por":"Ingrid Diniz","Est. tempo de leitura":"3 minutos"},"schema":{"@context":"https:\/\/schema.org","@graph":[{"@type":"WebPage","@id":"https:\/\/www.em.com.br\/emfoco\/2025\/07\/04\/descanso-semanal-remunerado-e-direito-garantido-pela-clt\/","url":"https:\/\/www.em.com.br\/emfoco\/2025\/07\/04\/descanso-semanal-remunerado-e-direito-garantido-pela-clt\/","name":"Descanso semanal remunerado \u00e9 direito garantido pela CLT! - Estado de Minas - Em foco","isPartOf":{"@id":"https:\/\/www.em.com.br\/emfoco\/#website"},"primaryImageOfPage":{"@id":"https:\/\/www.em.com.br\/emfoco\/2025\/07\/04\/descanso-semanal-remunerado-e-direito-garantido-pela-clt\/#primaryimage"},"image":{"@id":"https:\/\/www.em.com.br\/emfoco\/2025\/07\/04\/descanso-semanal-remunerado-e-direito-garantido-pela-clt\/#primaryimage"},"thumbnailUrl":"https:\/\/www.em.com.br\/emfoco\/wp-content\/uploads\/2025\/06\/descanso_1749537517084.jpg","datePublished":"2025-07-05T01:39:00+00:00","dateModified":"2025-07-04T00:03:47+00:00","author":{"@id":"https:\/\/www.em.com.br\/emfoco\/#\/schema\/person\/649e610b4eb8fff87ff394e54fe17b2b"},"description":"Descanso semanal remunerado \u00e9 direito de todo trabalhador com carteira assinada. Veja como funciona e quando voc\u00ea pode perd\u00ea-lo.","breadcrumb":{"@id":"https:\/\/www.em.com.br\/emfoco\/2025\/07\/04\/descanso-semanal-remunerado-e-direito-garantido-pela-clt\/#breadcrumb"},"inLanguage":"pt-BR","potentialAction":[{"@type":"ReadAction","target":["https:\/\/www.em.com.br\/emfoco\/2025\/07\/04\/descanso-semanal-remunerado-e-direito-garantido-pela-clt\/"]}]},{"@type":"ImageObject","inLanguage":"pt-BR","@id":"https:\/\/www.em.com.br\/emfoco\/2025\/07\/04\/descanso-semanal-remunerado-e-direito-garantido-pela-clt\/#primaryimage","url":"https:\/\/www.em.com.br\/emfoco\/wp-content\/uploads\/2025\/06\/descanso_1749537517084.jpg","contentUrl":"https:\/\/www.em.com.br\/emfoco\/wp-content\/uploads\/2025\/06\/descanso_1749537517084.jpg","width":1280,"height":720,"caption":"Homem deitado em sof\u00e1 amarelo - Cr\u00e9ditos: depositphotos.com \/ Y-Boychenko"},{"@type":"BreadcrumbList","@id":"https:\/\/www.em.com.br\/emfoco\/2025\/07\/04\/descanso-semanal-remunerado-e-direito-garantido-pela-clt\/#breadcrumb","itemListElement":[{"@type":"ListItem","position":1,"name":"In\u00edcio","item":"https:\/\/www.em.com.br\/emfoco\/"},{"@type":"ListItem","position":2,"name":"Descanso semanal remunerado \u00e9 direito garantido pela CLT!"}]},{"@type":"WebSite","@id":"https:\/\/www.em.com.br\/emfoco\/#website","url":"https:\/\/www.em.com.br\/emfoco\/","name":"Estado de Minas - Em foco","description":"Acompanhe as \u00faltimas not\u00edcias e fique bem informado sobre tudo o que acontece em Minas Gerais, Brasil e no mundo.","potentialAction":[{"@type":"SearchAction","target":{"@type":"EntryPoint","urlTemplate":"https:\/\/www.em.com.br\/emfoco\/?s={search_term_string}"},"query-input":{"@type":"PropertyValueSpecification","valueRequired":true,"valueName":"search_term_string"}}],"inLanguage":"pt-BR"},{"@type":"Person","@id":"https:\/\/www.em.com.br\/emfoco\/#\/schema\/person\/649e610b4eb8fff87ff394e54fe17b2b","name":"Ingrid Diniz","image":{"@type":"ImageObject","inLanguage":"pt-BR","@id":"https:\/\/www.em.com.br\/emfoco\/#\/schema\/person\/image\/","url":"https:\/\/secure.gravatar.com\/avatar\/a3baa1449ec5c39b4c42babc9d4f3951?s=96&d=mm&r=g","contentUrl":"https:\/\/secure.gravatar.com\/avatar\/a3baa1449ec5c39b4c42babc9d4f3951?s=96&d=mm&r=g","caption":"Ingrid Diniz"},"sameAs":["https:\/\/www.em.com.br\/"],"url":"https:\/\/www.em.com.br\/emfoco\/author\/ingridmyth\/"}]}},"_links":{"self":[{"href":"https:\/\/www.em.com.br\/emfoco\/wp-json\/wp\/v2\/posts\/70888","targetHints":{"allow":["GET"]}}],"collection":[{"href":"https:\/\/www.em.com.br\/emfoco\/wp-json\/wp\/v2\/posts"}],"about":[{"href":"https:\/\/www.em.com.br\/emfoco\/wp-json\/wp\/v2\/types\/post"}],"author":[{"embeddable":true,"href":"https:\/\/www.em.com.br\/emfoco\/wp-json\/wp\/v2\/users\/20"}],"replies":[{"embeddable":true,"href":"https:\/\/www.em.com.br\/emfoco\/wp-json\/wp\/v2\/comments?post=70888"}],"version-history":[{"count":1,"href":"https:\/\/www.em.com.br\/emfoco\/wp-json\/wp\/v2\/posts\/70888\/revisions"}],"predecessor-version":[{"id":70926,"href":"https:\/\/www.em.com.br\/emfoco\/wp-json\/wp\/v2\/posts\/70888\/revisions\/70926"}],"wp:featuredmedia":[{"embeddable":true,"href":"https:\/\/www.em.com.br\/emfoco\/wp-json\/wp\/v2\/media\/58455"}],"wp:attachment":[{"href":"https:\/\/www.em.com.br\/emfoco\/wp-json\/wp\/v2\/media?parent=70888"}],"wp:term":[{"taxonomy":"category","embeddable":true,"href":"https:\/\/www.em.com.br\/emfoco\/wp-json\/wp\/v2\/categories?post=70888"},{"taxonomy":"post_tag","embeddable":true,"href":"https:\/\/www.em.com.br\/emfoco\/wp-json\/wp\/v2\/tags?post=70888"}],"curies":[{"name":"wp","href":"https:\/\/api.w.org\/{rel}","templated":true}]}}