{"id":70816,"date":"2025-07-04T06:18:00","date_gmt":"2025-07-04T09:18:00","guid":{"rendered":"https:\/\/www.em.com.br\/emfoco\/?p=70816"},"modified":"2025-07-03T14:07:12","modified_gmt":"2025-07-03T17:07:12","slug":"melhor-forma-de-pedir-o-bpc-sem-erro-e-garantir-o-auxilio","status":"publish","type":"post","link":"https:\/\/www.em.com.br\/emfoco\/2025\/07\/04\/melhor-forma-de-pedir-o-bpc-sem-erro-e-garantir-o-auxilio\/","title":{"rendered":"Melhor forma de pedir o BPC sem erro e garantir o aux\u00edlio"},"content":{"rendered":"\n<p>O <strong>Benef\u00edcio de Presta\u00e7\u00e3o Continuada<\/strong> (<a href=\"https:\/\/www.em.com.br\/emfoco\/2025\/06\/28\/o-guia-definitivo-para-conseguir-o-bpc-loas-sem-erro\/\" target=\"_blank\" rel=\"noreferrer noopener\">BPC<\/a>) \u00e9 um aux\u00edlio assistencial oferecido no Brasil para garantir condi\u00e7\u00f5es m\u00ednimas de vida para idosos e pessoas com defici\u00eancia (PcDs). Esse benef\u00edcio visa atender as necessidades b\u00e1sicas de indiv\u00edduos pertencentes a fam\u00edlias de baixa renda, alinhando-se \u00e0s diretrizes estabelecidas pela <strong>Lei Org\u00e2nica de Assist\u00eancia Social<\/strong> (<a href=\"https:\/\/www.planalto.gov.br\/ccivil_03\/leis\/l8742.htm\" target=\"_blank\" rel=\"noreferrer noopener\">LOAS<\/a>).<\/p>\n\n\n\n<p>Os destinat\u00e1rios do <strong>BPC <\/strong>incluem os idosos com idade superior a 65 anos e as PcDs de qualquer idade. Para ter direito ao benef\u00edcio, \u00e9 imprescind\u00edvel que a renda familiar per capita n\u00e3o ultrapasse 1\/4 do sal\u00e1rio m\u00ednimo vigente. Essa limita\u00e7\u00e3o busca assegurar que o apoio chegue realmente \u00e0queles que mais necessitam, promovendo a inclus\u00e3o social e dignidade.<\/p>\n\n\n\n<h2 class=\"wp-block-heading\">Como solicitar o BPC de maneira eficiente?<\/h2>\n\n\n<div class=\"wp-block-image\">\n<figure class=\"aligncenter size-large\"><img loading=\"lazy\" decoding=\"async\" width=\"1024\" height=\"576\" src=\"https:\/\/www.em.com.br\/emfoco\/wp-content\/uploads\/2025\/06\/aposentado-dinheiro-reais_1743473135543-1024x576.jpg\" alt=\"Brasileiros comemoram ao descobrir como pedir aposentadoria imediata\" class=\"wp-image-54988\" srcset=\"https:\/\/www.em.com.br\/emfoco\/wp-content\/uploads\/2025\/06\/aposentado-dinheiro-reais_1743473135543-1024x576.jpg 1024w, https:\/\/www.em.com.br\/emfoco\/wp-content\/uploads\/2025\/06\/aposentado-dinheiro-reais_1743473135543-300x169.jpg 300w, https:\/\/www.em.com.br\/emfoco\/wp-content\/uploads\/2025\/06\/aposentado-dinheiro-reais_1743473135543-768x432.jpg 768w, https:\/\/www.em.com.br\/emfoco\/wp-content\/uploads\/2025\/06\/aposentado-dinheiro-reais_1743473135543-750x422.jpg 750w, https:\/\/www.em.com.br\/emfoco\/wp-content\/uploads\/2025\/06\/aposentado-dinheiro-reais_1743473135543-1140x641.jpg 1140w, https:\/\/www.em.com.br\/emfoco\/wp-content\/uploads\/2025\/06\/aposentado-dinheiro-reais_1743473135543.jpg 1280w\" sizes=\"auto, (max-width: 1024px) 100vw, 1024px\" \/><figcaption class=\"wp-element-caption\">Idosa colocando dinheiro na bolsa &#8211; Cr\u00e9ditos: depositphotos.com \/ rochu_2008<\/figcaption><\/figure><\/div>\n\n\n<p>Interessados em receber o <strong>BPC <\/strong>devem, antes de tudo, garantir que seus dados estejam atualizados no <strong>Cadastro \u00danico<\/strong> <strong>para Programas Sociais do Governo Federal<\/strong> (<a href=\"https:\/\/www.gov.br\/pt-br\/servicos\/consultar-dados-do-cadastro-unico-cadunico\" target=\"_blank\" rel=\"noreferrer noopener\">Cad\u00danico<\/a>). Esta atualiza\u00e7\u00e3o \u00e9 necess\u00e1ria a cada 24 meses, ao menos, e deve ser realizada no <strong>Centro de Refer\u00eancia em Assist\u00eancia Social<\/strong> (CRAS) mais pr\u00f3ximo.<\/p>\n\n\n\n<p>O pedido para obten\u00e7\u00e3o do benef\u00edcio pode ser feito tanto no site quanto no aplicativo &#8220;<strong>Meu INSS<\/strong>&#8220;. \u00c9 necess\u00e1rio usar o mesmo login e senha do portal <strong>GOV.BR<\/strong>, utilizando o CPF e uma senha cadastrada. Ap\u00f3s acessar a plataforma, o solicitante deve buscar por &#8220;<strong>Benef\u00edcio de Assist\u00eancia para Pessoa com Defici\u00eancia<\/strong>&#8221; ou &#8220;<strong>Benef\u00edcio de Assist\u00eancia para Pessoa Idosa<\/strong>&#8221; e preencher o formul\u00e1rio necess\u00e1rio. Posteriormente, o INSS realizar\u00e1 an\u00e1lises socioecon\u00f4micas, administrativas e m\u00e9dicas, se for o caso de PcDs.<\/p>\n\n\n\n<h2 class=\"wp-block-heading\">Qual \u00e9 o calend\u00e1rio de pagamento do BPC?<\/h2>\n\n\n\n<p>A operacionaliza\u00e7\u00e3o dos pagamentos do <strong>BPC<\/strong>, embora gerenciada pelo <strong>Minist\u00e9rio do Desenvolvimento Social<\/strong> (MDS), \u00e9 realizada pelo <strong>Instituto Nacional do Seguro Social<\/strong> (INSS). O pagamento n\u00e3o \u00e9 vital\u00edcio, exigindo que o benefici\u00e1rio esteja sempre em conformidade com as regras estabelecidas. Os dep\u00f3sitos referentes ao m\u00eas-base de julho, por exemplo, s\u00e3o realizados em datas definidas conforme o pen\u00faltimo d\u00edgito do <strong>N\u00famero de Benef\u00edcio<\/strong> (NB), seguindo a ordem crescente de 1 a 0.<\/p>\n\n\n\n<ul class=\"wp-block-list\">\n<li>Pen\u00faltimo d\u00edgito 1: 25 de julho<\/li>\n\n\n\n<li>Pen\u00faltimo d\u00edgito 2: 28 de julho<\/li>\n\n\n\n<li>Pen\u00faltimo d\u00edgito 3: 29 de julho<\/li>\n\n\n\n<li>Pen\u00faltimo d\u00edgito 4: 30 de julho<\/li>\n\n\n\n<li>Pen\u00faltimo d\u00edgito 5: 31 de julho<\/li>\n\n\n\n<li>Pen\u00faltimo d\u00edgito 6: 1\u00ba de agosto<\/li>\n\n\n\n<li>Pen\u00faltimo d\u00edgito 7: 4 de agosto<\/li>\n\n\n\n<li>Pen\u00faltimo d\u00edgito 8: 5 de agosto<\/li>\n\n\n\n<li>Pen\u00faltimo d\u00edgito 9: 6 de agosto<\/li>\n\n\n\n<li>Pen\u00faltimo d\u00edgito 0: 7 de agosto<\/li>\n<\/ul>\n\n\n\n<h2 class=\"wp-block-heading\">Qual \u00e9 o valor das parcelas do BPC?<\/h2>\n\n\n\n<p>O valor das parcelas do <strong>BPC <\/strong>\u00e9 fixado em R$ 1.518,00 para julho de 2025, correspondente ao sal\u00e1rio m\u00ednimo nacional vigente. Enquanto n\u00e3o houver novo reajuste no sal\u00e1rio m\u00ednimo, o valor das parcelas permanecer\u00e1 o mesmo. Esse valor visa garantir que os benefici\u00e1rios possam ao menos cobrir suas necessidades mais imediatas.<\/p>\n\n\n\n<p>Para aqueles com d\u00favidas adicionais sobre o <strong>BPC<\/strong>, o <strong>Disque Social do MDS<\/strong> e a <strong>Central de Atendimento do INSS<\/strong> oferecem suporte por meio dos n\u00fameros 121 e 135, respectivamente. Os servi\u00e7os autom\u00e1ticos funcionam 24 horas, e o atendimento humano est\u00e1 dispon\u00edvel de segunda a s\u00e1bado, das 7h \u00e0s 22h.<\/p>\n","protected":false},"excerpt":{"rendered":"<p>O Benef\u00edcio de Presta\u00e7\u00e3o Continuada (BPC) \u00e9 um aux\u00edlio assistencial oferecido no Brasil para garantir condi\u00e7\u00f5es m\u00ednimas de vida para idosos e pessoas com defici\u00eancia (PcDs). Esse benef\u00edcio visa atender as necessidades b\u00e1sicas de indiv\u00edduos pertencentes a fam\u00edlias de baixa renda, alinhando-se \u00e0s diretrizes estabelecidas pela Lei Org\u00e2nica de Assist\u00eancia Social (LOAS). Os destinat\u00e1rios do [&hellip;]<\/p>\n","protected":false},"author":20,"featured_media":54991,"comment_status":"open","ping_status":"open","sticky":false,"template":"","format":"standard","meta":{"jnews-multi-image_gallery":[],"jnews_single_post":{"format":"standard"},"jnews_primary_category":[],"jnews_social_meta":[],"jnews_override_counter":[],"footnotes":""},"categories":[28,1],"tags":[257,258,10687],"class_list":["post-70816","post","type-post","status-publish","format-standard","has-post-thumbnail","hentry","category-economia","category-noticias","tag-bpc","tag-loas","tag-pcds"],"yoast_head":"<!-- This site is optimized with the Yoast SEO plugin v23.8 - https:\/\/yoast.com\/wordpress\/plugins\/seo\/ -->\n<title>Melhor forma de pedir o BPC sem erro e garantir o aux\u00edlio - Estado de Minas - Em foco<\/title>\n<meta name=\"description\" content=\"Descubra como garantir o Benef\u00edcio de Presta\u00e7\u00e3o Continuada com um passo a passo simples que promete transformar a vida de quem mais precisa.\" \/>\n<meta name=\"robots\" content=\"index, follow, max-snippet:-1, max-image-preview:large, max-video-preview:-1\" \/>\n<link rel=\"canonical\" href=\"https:\/\/www.em.com.br\/emfoco\/2025\/07\/04\/melhor-forma-de-pedir-o-bpc-sem-erro-e-garantir-o-auxilio\/\" \/>\n<meta property=\"og:locale\" content=\"pt_BR\" \/>\n<meta property=\"og:type\" content=\"article\" \/>\n<meta property=\"og:title\" content=\"Melhor forma de pedir o BPC sem erro e garantir o aux\u00edlio - Estado de Minas - Em foco\" \/>\n<meta property=\"og:description\" content=\"Descubra como garantir o Benef\u00edcio de Presta\u00e7\u00e3o Continuada com um passo a passo simples que promete transformar a vida de quem mais precisa.\" \/>\n<meta property=\"og:url\" content=\"https:\/\/www.em.com.br\/emfoco\/2025\/07\/04\/melhor-forma-de-pedir-o-bpc-sem-erro-e-garantir-o-auxilio\/\" \/>\n<meta property=\"og:site_name\" content=\"Estado de Minas - Em foco\" \/>\n<meta property=\"article:published_time\" content=\"2025-07-04T09:18:00+00:00\" \/>\n<meta property=\"article:modified_time\" content=\"2025-07-03T17:07:12+00:00\" \/>\n<meta property=\"og:image\" content=\"https:\/\/www.em.com.br\/emfoco\/wp-content\/uploads\/2025\/06\/idoso-com-dinheiro-reais_1743473065115.jpg\" \/>\n\t<meta property=\"og:image:width\" content=\"1280\" \/>\n\t<meta property=\"og:image:height\" content=\"720\" \/>\n\t<meta property=\"og:image:type\" content=\"image\/jpeg\" \/>\n<meta name=\"author\" content=\"Ingrid Diniz\" \/>\n<meta name=\"twitter:card\" content=\"summary_large_image\" \/>\n<meta name=\"twitter:label1\" content=\"Escrito por\" \/>\n\t<meta name=\"twitter:data1\" content=\"Ingrid Diniz\" \/>\n\t<meta name=\"twitter:label2\" content=\"Est. tempo de leitura\" \/>\n\t<meta name=\"twitter:data2\" content=\"4 minutos\" \/>\n<!-- \/ Yoast SEO plugin. -->","yoast_head_json":{"title":"Melhor forma de pedir o BPC sem erro e garantir o aux\u00edlio - Estado de Minas - Em foco","description":"Descubra como garantir o Benef\u00edcio de Presta\u00e7\u00e3o Continuada com um passo a passo simples que promete transformar a vida de quem mais precisa.","robots":{"index":"index","follow":"follow","max-snippet":"max-snippet:-1","max-image-preview":"max-image-preview:large","max-video-preview":"max-video-preview:-1"},"canonical":"https:\/\/www.em.com.br\/emfoco\/2025\/07\/04\/melhor-forma-de-pedir-o-bpc-sem-erro-e-garantir-o-auxilio\/","og_locale":"pt_BR","og_type":"article","og_title":"Melhor forma de pedir o BPC sem erro e garantir o aux\u00edlio - Estado de Minas - Em foco","og_description":"Descubra como garantir o Benef\u00edcio de Presta\u00e7\u00e3o Continuada com um passo a passo simples que promete transformar a vida de quem mais precisa.","og_url":"https:\/\/www.em.com.br\/emfoco\/2025\/07\/04\/melhor-forma-de-pedir-o-bpc-sem-erro-e-garantir-o-auxilio\/","og_site_name":"Estado de Minas - Em foco","article_published_time":"2025-07-04T09:18:00+00:00","article_modified_time":"2025-07-03T17:07:12+00:00","og_image":[{"width":1280,"height":720,"url":"https:\/\/www.em.com.br\/emfoco\/wp-content\/uploads\/2025\/06\/idoso-com-dinheiro-reais_1743473065115.jpg","type":"image\/jpeg"}],"author":"Ingrid Diniz","twitter_card":"summary_large_image","twitter_misc":{"Escrito por":"Ingrid Diniz","Est. tempo de leitura":"4 minutos"},"schema":{"@context":"https:\/\/schema.org","@graph":[{"@type":"WebPage","@id":"https:\/\/www.em.com.br\/emfoco\/2025\/07\/04\/melhor-forma-de-pedir-o-bpc-sem-erro-e-garantir-o-auxilio\/","url":"https:\/\/www.em.com.br\/emfoco\/2025\/07\/04\/melhor-forma-de-pedir-o-bpc-sem-erro-e-garantir-o-auxilio\/","name":"Melhor forma de pedir o BPC sem erro e garantir o aux\u00edlio - Estado de Minas - Em foco","isPartOf":{"@id":"https:\/\/www.em.com.br\/emfoco\/#website"},"primaryImageOfPage":{"@id":"https:\/\/www.em.com.br\/emfoco\/2025\/07\/04\/melhor-forma-de-pedir-o-bpc-sem-erro-e-garantir-o-auxilio\/#primaryimage"},"image":{"@id":"https:\/\/www.em.com.br\/emfoco\/2025\/07\/04\/melhor-forma-de-pedir-o-bpc-sem-erro-e-garantir-o-auxilio\/#primaryimage"},"thumbnailUrl":"https:\/\/www.em.com.br\/emfoco\/wp-content\/uploads\/2025\/06\/idoso-com-dinheiro-reais_1743473065115.jpg","datePublished":"2025-07-04T09:18:00+00:00","dateModified":"2025-07-03T17:07:12+00:00","author":{"@id":"https:\/\/www.em.com.br\/emfoco\/#\/schema\/person\/649e610b4eb8fff87ff394e54fe17b2b"},"description":"Descubra como garantir o Benef\u00edcio de Presta\u00e7\u00e3o Continuada com um passo a passo simples que promete transformar a vida de quem mais precisa.","breadcrumb":{"@id":"https:\/\/www.em.com.br\/emfoco\/2025\/07\/04\/melhor-forma-de-pedir-o-bpc-sem-erro-e-garantir-o-auxilio\/#breadcrumb"},"inLanguage":"pt-BR","potentialAction":[{"@type":"ReadAction","target":["https:\/\/www.em.com.br\/emfoco\/2025\/07\/04\/melhor-forma-de-pedir-o-bpc-sem-erro-e-garantir-o-auxilio\/"]}]},{"@type":"ImageObject","inLanguage":"pt-BR","@id":"https:\/\/www.em.com.br\/emfoco\/2025\/07\/04\/melhor-forma-de-pedir-o-bpc-sem-erro-e-garantir-o-auxilio\/#primaryimage","url":"https:\/\/www.em.com.br\/emfoco\/wp-content\/uploads\/2025\/06\/idoso-com-dinheiro-reais_1743473065115.jpg","contentUrl":"https:\/\/www.em.com.br\/emfoco\/wp-content\/uploads\/2025\/06\/idoso-com-dinheiro-reais_1743473065115.jpg","width":1280,"height":720,"caption":"Pagamento do Bolsa Fam\u00edlia para NIS final 5 - Cr\u00e9ditos: depositphotos.com \/ AngelaMacario"},{"@type":"BreadcrumbList","@id":"https:\/\/www.em.com.br\/emfoco\/2025\/07\/04\/melhor-forma-de-pedir-o-bpc-sem-erro-e-garantir-o-auxilio\/#breadcrumb","itemListElement":[{"@type":"ListItem","position":1,"name":"In\u00edcio","item":"https:\/\/www.em.com.br\/emfoco\/"},{"@type":"ListItem","position":2,"name":"Melhor forma de pedir o BPC sem erro e garantir o aux\u00edlio"}]},{"@type":"WebSite","@id":"https:\/\/www.em.com.br\/emfoco\/#website","url":"https:\/\/www.em.com.br\/emfoco\/","name":"Estado de Minas - Em foco","description":"Acompanhe as \u00faltimas not\u00edcias e fique bem informado sobre tudo o que acontece em Minas Gerais, Brasil e no mundo.","potentialAction":[{"@type":"SearchAction","target":{"@type":"EntryPoint","urlTemplate":"https:\/\/www.em.com.br\/emfoco\/?s={search_term_string}"},"query-input":{"@type":"PropertyValueSpecification","valueRequired":true,"valueName":"search_term_string"}}],"inLanguage":"pt-BR"},{"@type":"Person","@id":"https:\/\/www.em.com.br\/emfoco\/#\/schema\/person\/649e610b4eb8fff87ff394e54fe17b2b","name":"Ingrid Diniz","image":{"@type":"ImageObject","inLanguage":"pt-BR","@id":"https:\/\/www.em.com.br\/emfoco\/#\/schema\/person\/image\/","url":"https:\/\/secure.gravatar.com\/avatar\/a3baa1449ec5c39b4c42babc9d4f3951?s=96&d=mm&r=g","contentUrl":"https:\/\/secure.gravatar.com\/avatar\/a3baa1449ec5c39b4c42babc9d4f3951?s=96&d=mm&r=g","caption":"Ingrid Diniz"},"sameAs":["https:\/\/www.em.com.br\/"],"url":"https:\/\/www.em.com.br\/emfoco\/author\/ingridmyth\/"}]}},"_links":{"self":[{"href":"https:\/\/www.em.com.br\/emfoco\/wp-json\/wp\/v2\/posts\/70816","targetHints":{"allow":["GET"]}}],"collection":[{"href":"https:\/\/www.em.com.br\/emfoco\/wp-json\/wp\/v2\/posts"}],"about":[{"href":"https:\/\/www.em.com.br\/emfoco\/wp-json\/wp\/v2\/types\/post"}],"author":[{"embeddable":true,"href":"https:\/\/www.em.com.br\/emfoco\/wp-json\/wp\/v2\/users\/20"}],"replies":[{"embeddable":true,"href":"https:\/\/www.em.com.br\/emfoco\/wp-json\/wp\/v2\/comments?post=70816"}],"version-history":[{"count":1,"href":"https:\/\/www.em.com.br\/emfoco\/wp-json\/wp\/v2\/posts\/70816\/revisions"}],"predecessor-version":[{"id":70838,"href":"https:\/\/www.em.com.br\/emfoco\/wp-json\/wp\/v2\/posts\/70816\/revisions\/70838"}],"wp:featuredmedia":[{"embeddable":true,"href":"https:\/\/www.em.com.br\/emfoco\/wp-json\/wp\/v2\/media\/54991"}],"wp:attachment":[{"href":"https:\/\/www.em.com.br\/emfoco\/wp-json\/wp\/v2\/media?parent=70816"}],"wp:term":[{"taxonomy":"category","embeddable":true,"href":"https:\/\/www.em.com.br\/emfoco\/wp-json\/wp\/v2\/categories?post=70816"},{"taxonomy":"post_tag","embeddable":true,"href":"https:\/\/www.em.com.br\/emfoco\/wp-json\/wp\/v2\/tags?post=70816"}],"curies":[{"name":"wp","href":"https:\/\/api.w.org\/{rel}","templated":true}]}}