{"id":70773,"date":"2025-07-06T10:28:00","date_gmt":"2025-07-06T13:28:00","guid":{"rendered":"https:\/\/www.em.com.br\/emfoco\/?p=70773"},"modified":"2025-07-05T11:38:31","modified_gmt":"2025-07-05T14:38:31","slug":"evitar-cafeina-no-fim-da-tarde-melhora-o-sono-e-reduz-a-ansiedade-noturna","status":"publish","type":"post","link":"https:\/\/www.em.com.br\/emfoco\/2025\/07\/06\/evitar-cafeina-no-fim-da-tarde-melhora-o-sono-e-reduz-a-ansiedade-noturna\/","title":{"rendered":"Evitar cafe\u00edna no fim da tarde melhora o sono e reduz a ansiedade noturna"},"content":{"rendered":"\n<p><strong>O consumo de cafe\u00edna pode impactar diretamente a qualidade do sono de um indiv\u00edduo.<\/strong> Considerada como um estimulante, esta subst\u00e2ncia \u00e9 conhecida por promover o estado de alerta e reduzir a sensa\u00e7\u00e3o de fadiga. No entanto, a ingest\u00e3o de cafe\u00edna ao final do dia pode adiar a sensa\u00e7\u00e3o de sonol\u00eancia necess\u00e1ria para iniciar um sono profundo e regenerador.<\/p>\n\n\n\n<p><strong>Mesmo em pequenas doses, a cafe\u00edna pode interferir com o ritmo circadiano, que \u00e9 o rel\u00f3gio biol\u00f3gico do corpo.<\/strong> Este efeito resulta em dificuldade para adormecer e mant\u00e9m o c\u00e9rebro em estado de alerta, quando na realidade deveria estar se preparando para o descanso noturno. Por isso, evitar cafe\u00edna algumas horas antes de dormir pode beneficiar o ciclo natural do sono. Pesquisas recentes tamb\u00e9m indicam que a cafe\u00edna pode reduzir o tempo de <strong><a href=\"https:\/\/www.tuasaude.com\/sono-rem\/\" target=\"_blank\" rel=\"noreferrer noopener\">sono REM<\/a><\/strong>, fase importante para a consolida\u00e7\u00e3o da mem\u00f3ria e para a sa\u00fade emocional.<\/p>\n\n\n\n<h2 class=\"wp-block-heading\">Por que \u00e9 recomendado evitar cafe\u00edna \u00e0 tarde?<\/h2>\n\n\n\n<p><strong>Consumir cafe\u00edna no per\u00edodo vespertino pode ter repercuss\u00f5es significativas na qualidade do descanso noturno.<\/strong> O metabolismo humano pode levar v\u00e1rias horas para processar e eliminar a cafe\u00edna do corpo. Assim, tomando uma x\u00edcara de caf\u00e9 ou ch\u00e1 no fim de tarde, a subst\u00e2ncia pode ainda estar presente em quantidades capazes de prejudicar o sono quando chega a hora de se deitar.<\/p>\n\n\n\n<p><strong>\u00c9 importante considerar que a sensibilidade \u00e0 cafe\u00edna varia de pessoa para pessoa.<\/strong> No entanto, para aqueles que sofrem constantemente de noites mal dormidas, eliminar ou reduzir o consumo de cafe\u00edna \u00e0 tarde pode ser uma das solu\u00e7\u00f5es para alcan\u00e7ar um descanso mais reparador e cont\u00ednuo. Alguns especialistas sugerem evitar o consumo de cafe\u00edna, inclusive em refrigerantes e chocolates, pelo menos seis horas antes do hor\u00e1rio de dormir.<\/p>\n\n\n\n<figure class=\"wp-block-image size-large\"><img loading=\"lazy\" decoding=\"async\" width=\"1024\" height=\"576\" src=\"https:\/\/www.em.com.br\/emfoco\/wp-content\/uploads\/2025\/04\/Sleep-trouble_1745505188135-1024x576.jpg\" alt=\"Entenda o &quot;div\u00f3rcio do sono&quot; e como isso pode salvar sua sa\u00fade mental\" class=\"wp-image-41239\" srcset=\"https:\/\/www.em.com.br\/emfoco\/wp-content\/uploads\/2025\/04\/Sleep-trouble_1745505188135-1024x576.jpg 1024w, https:\/\/www.em.com.br\/emfoco\/wp-content\/uploads\/2025\/04\/Sleep-trouble_1745505188135-300x169.jpg 300w, https:\/\/www.em.com.br\/emfoco\/wp-content\/uploads\/2025\/04\/Sleep-trouble_1745505188135-768x432.jpg 768w, https:\/\/www.em.com.br\/emfoco\/wp-content\/uploads\/2025\/04\/Sleep-trouble_1745505188135-750x422.jpg 750w, https:\/\/www.em.com.br\/emfoco\/wp-content\/uploads\/2025\/04\/Sleep-trouble_1745505188135-1140x641.jpg 1140w, https:\/\/www.em.com.br\/emfoco\/wp-content\/uploads\/2025\/04\/Sleep-trouble_1745505188135.jpg 1280w\" sizes=\"auto, (max-width: 1024px) 100vw, 1024px\" \/><figcaption class=\"wp-element-caption\">Pessoa com problema para dormir &#8211; Cr\u00e9ditos: depositphotos.com \/ AndrewLozovyi<\/figcaption><\/figure>\n\n\n\n<h2 class=\"wp-block-heading\">Como a cafe\u00edna influencia os n\u00edveis de ansiedade noturna?<\/h2>\n\n\n\n<p><strong>Al\u00e9m de impactar o sono, a cafe\u00edna tamb\u00e9m est\u00e1 associada ao aumento da ansiedade, especialmente durante a noite.<\/strong> Isso ocorre porque a subst\u00e2ncia estimula o sistema nervoso central, o que pode acentuar os sintomas de ansiedade, como agita\u00e7\u00e3o, nervosismo e acelera\u00e7\u00e3o dos batimentos card\u00edacos.<\/p>\n\n\n\n<p><strong>A redu\u00e7\u00e3o do consumo de cafe\u00edna nas horas que antecedem o sono pode ajudar a acalmar a mente e diminuir os n\u00edveis de ansiedade noturna.<\/strong> Isso \u00e9 particularmente ben\u00e9fico para pessoas que j\u00e1 s\u00e3o suscet\u00edveis \u00e0 ansiedade, uma vez que o descanso adequado \u00e9 crucial para a gest\u00e3o do estresse e para a <strong><a href=\"https:\/\/www.em.com.br\/emfoco\/2025\/07\/03\/a-verdade-sobre-o-uso-de-chatbots-na-saude-mental\/\" target=\"_blank\" rel=\"noreferrer noopener\">sa\u00fade mental em geral<\/a><\/strong>. Estudos mostram que pessoas mais sens\u00edveis \u00e0 cafe\u00edna podem experimentar picos de ansiedade mesmo com doses moderadas, refor\u00e7ando a import\u00e2ncia do consumo controlado.<\/p>\n\n\n\n<h2 class=\"wp-block-heading\">Quais s\u00e3o as alternativas \u00e0 cafe\u00edna para manter a energia \u00e0 tarde?<\/h2>\n\n\n\n<p><strong>Para aqueles que buscam evitar a cafe\u00edna \u00e0 tarde mas ainda desejam manter os n\u00edveis de energia, existem v\u00e1rias alternativas naturais.<\/strong> Optar por um lanche leve rico em prote\u00ednas e carboidratos complexos, como uma ma\u00e7\u00e3 com manteiga de amendoim ou um punhado de nozes, pode proporcionar um aumento s\u00fatil de energia sem as desvantagens da cafe\u00edna.<\/p>\n\n\n\n<p><strong>Al\u00e9m disso, substituir a cafe\u00edna por ch\u00e1s descafeinados, como o de camomila ou de hortel\u00e3-pimenta, pode n\u00e3o apenas manter o indiv\u00edduo hidratado, mas tamb\u00e9m fornecer um leve efeito calmante.<\/strong> \u00c9 fundamental encontrar uma rotina que se adeque \u00e0s necessidades pessoais enquanto ainda se promove uma noite tranquila de sono. Pequenas pausas para caminhada ao ar livre e exerc\u00edcios de respira\u00e7\u00e3o podem ser alternativas eficazes para estimular a energia e a concentra\u00e7\u00e3o durante a tarde.<\/p>\n\n\n\n<h2 class=\"wp-block-heading\">Quais s\u00e3o os benef\u00edcios de uma noite de sono sem a interfer\u00eancia da cafe\u00edna?<\/h2>\n\n\n\n<p><strong>Ao evitar os efeitos da cafe\u00edna no per\u00edodo noturno, \u00e9 poss\u00edvel colher diversos benef\u00edcios para a sa\u00fade f\u00edsica e mental.<\/strong> Uma noite de sono sem interrup\u00e7\u00f5es auxilia na consolida\u00e7\u00e3o da mem\u00f3ria, melhora o humor e promove uma recupera\u00e7\u00e3o efetiva das energias gastas durante o dia.<\/p>\n\n\n\n<p><strong>A melhoria na qualidade do sono pode, tamb\u00e9m, ter um impacto direto na produtividade e na disposi\u00e7\u00e3o ao longo do dia seguinte.<\/strong> Sem enfrentar a ansiedade ou a falta de sono causada pela cafe\u00edna, o corpo e a mente se encontram mais equipados para enfrentar os desafios di\u00e1rios com vigor renovado. O sono profundo e cont\u00ednuo tamb\u00e9m pode fortalecer o sistema imunol\u00f3gico, contribuir para o equil\u00edbrio hormonal e ajudar na manuten\u00e7\u00e3o de um peso saud\u00e1vel.<\/p>\n","protected":false},"excerpt":{"rendered":"<p>O consumo de cafe\u00edna pode impactar diretamente a qualidade do sono de um indiv\u00edduo. Considerada como um estimulante, esta subst\u00e2ncia \u00e9 conhecida por promover o estado de alerta e reduzir a sensa\u00e7\u00e3o de fadiga. No entanto, a ingest\u00e3o de cafe\u00edna ao final do dia pode adiar a sensa\u00e7\u00e3o de sonol\u00eancia necess\u00e1ria para iniciar um sono [&hellip;]<\/p>\n","protected":false},"author":13,"featured_media":36636,"comment_status":"open","ping_status":"open","sticky":false,"template":"","format":"standard","meta":{"jnews-multi-image_gallery":[],"jnews_single_post":{"format":"standard"},"jnews_primary_category":[],"jnews_social_meta":[],"jnews_override_counter":[],"footnotes":""},"categories":[8691,1],"tags":[4947,6066,415,1925],"class_list":["post-70773","post","type-post","status-publish","format-standard","has-post-thumbnail","hentry","category-bem-estar","category-noticias","tag-ansiedade","tag-cafeina","tag-saude","tag-sono"],"yoast_head":"<!-- This site is optimized with the Yoast SEO plugin v23.8 - https:\/\/yoast.com\/wordpress\/plugins\/seo\/ -->\n<title>Evitar cafe\u00edna no fim da tarde melhora o sono e reduz a ansiedade noturna - Estado de Minas - Em foco<\/title>\n<meta name=\"description\" content=\"A cafe\u00edna atrapalha o ciclo do sono e pode causar ins\u00f4nia. Conhe\u00e7a alternativas para manter a energia sem abrir m\u00e3o do descanso.\" \/>\n<meta name=\"robots\" content=\"index, follow, max-snippet:-1, max-image-preview:large, max-video-preview:-1\" \/>\n<link rel=\"canonical\" href=\"https:\/\/www.em.com.br\/emfoco\/2025\/07\/06\/evitar-cafeina-no-fim-da-tarde-melhora-o-sono-e-reduz-a-ansiedade-noturna\/\" \/>\n<meta property=\"og:locale\" content=\"pt_BR\" \/>\n<meta property=\"og:type\" content=\"article\" \/>\n<meta property=\"og:title\" content=\"Evitar cafe\u00edna no fim da tarde melhora o sono e reduz a ansiedade noturna - Estado de Minas - Em foco\" \/>\n<meta property=\"og:description\" content=\"A cafe\u00edna atrapalha o ciclo do sono e pode causar ins\u00f4nia. Conhe\u00e7a alternativas para manter a energia sem abrir m\u00e3o do descanso.\" \/>\n<meta property=\"og:url\" content=\"https:\/\/www.em.com.br\/emfoco\/2025\/07\/06\/evitar-cafeina-no-fim-da-tarde-melhora-o-sono-e-reduz-a-ansiedade-noturna\/\" \/>\n<meta property=\"og:site_name\" content=\"Estado de Minas - Em foco\" \/>\n<meta property=\"article:published_time\" content=\"2025-07-06T13:28:00+00:00\" \/>\n<meta property=\"article:modified_time\" content=\"2025-07-05T14:38:31+00:00\" \/>\n<meta property=\"og:image\" content=\"https:\/\/www.em.com.br\/emfoco\/wp-content\/uploads\/2025\/04\/Coffee_1744206842612.jpg\" \/>\n\t<meta property=\"og:image:width\" content=\"1280\" \/>\n\t<meta property=\"og:image:height\" content=\"720\" \/>\n\t<meta property=\"og:image:type\" content=\"image\/jpeg\" \/>\n<meta name=\"author\" content=\"Gabriel Martins\" \/>\n<meta name=\"twitter:card\" content=\"summary_large_image\" \/>\n<meta name=\"twitter:label1\" content=\"Escrito por\" \/>\n\t<meta name=\"twitter:data1\" content=\"Gabriel Martins\" \/>\n\t<meta name=\"twitter:label2\" content=\"Est. tempo de leitura\" \/>\n\t<meta name=\"twitter:data2\" content=\"5 minutos\" \/>\n<!-- \/ Yoast SEO plugin. -->","yoast_head_json":{"title":"Evitar cafe\u00edna no fim da tarde melhora o sono e reduz a ansiedade noturna - Estado de Minas - Em foco","description":"A cafe\u00edna atrapalha o ciclo do sono e pode causar ins\u00f4nia. Conhe\u00e7a alternativas para manter a energia sem abrir m\u00e3o do descanso.","robots":{"index":"index","follow":"follow","max-snippet":"max-snippet:-1","max-image-preview":"max-image-preview:large","max-video-preview":"max-video-preview:-1"},"canonical":"https:\/\/www.em.com.br\/emfoco\/2025\/07\/06\/evitar-cafeina-no-fim-da-tarde-melhora-o-sono-e-reduz-a-ansiedade-noturna\/","og_locale":"pt_BR","og_type":"article","og_title":"Evitar cafe\u00edna no fim da tarde melhora o sono e reduz a ansiedade noturna - Estado de Minas - Em foco","og_description":"A cafe\u00edna atrapalha o ciclo do sono e pode causar ins\u00f4nia. Conhe\u00e7a alternativas para manter a energia sem abrir m\u00e3o do descanso.","og_url":"https:\/\/www.em.com.br\/emfoco\/2025\/07\/06\/evitar-cafeina-no-fim-da-tarde-melhora-o-sono-e-reduz-a-ansiedade-noturna\/","og_site_name":"Estado de Minas - Em foco","article_published_time":"2025-07-06T13:28:00+00:00","article_modified_time":"2025-07-05T14:38:31+00:00","og_image":[{"width":1280,"height":720,"url":"https:\/\/www.em.com.br\/emfoco\/wp-content\/uploads\/2025\/04\/Coffee_1744206842612.jpg","type":"image\/jpeg"}],"author":"Gabriel Martins","twitter_card":"summary_large_image","twitter_misc":{"Escrito por":"Gabriel Martins","Est. tempo de leitura":"5 minutos"},"schema":{"@context":"https:\/\/schema.org","@graph":[{"@type":"WebPage","@id":"https:\/\/www.em.com.br\/emfoco\/2025\/07\/06\/evitar-cafeina-no-fim-da-tarde-melhora-o-sono-e-reduz-a-ansiedade-noturna\/","url":"https:\/\/www.em.com.br\/emfoco\/2025\/07\/06\/evitar-cafeina-no-fim-da-tarde-melhora-o-sono-e-reduz-a-ansiedade-noturna\/","name":"Evitar cafe\u00edna no fim da tarde melhora o sono e reduz a ansiedade noturna - Estado de Minas - Em foco","isPartOf":{"@id":"https:\/\/www.em.com.br\/emfoco\/#website"},"primaryImageOfPage":{"@id":"https:\/\/www.em.com.br\/emfoco\/2025\/07\/06\/evitar-cafeina-no-fim-da-tarde-melhora-o-sono-e-reduz-a-ansiedade-noturna\/#primaryimage"},"image":{"@id":"https:\/\/www.em.com.br\/emfoco\/2025\/07\/06\/evitar-cafeina-no-fim-da-tarde-melhora-o-sono-e-reduz-a-ansiedade-noturna\/#primaryimage"},"thumbnailUrl":"https:\/\/www.em.com.br\/emfoco\/wp-content\/uploads\/2025\/04\/Coffee_1744206842612.jpg","datePublished":"2025-07-06T13:28:00+00:00","dateModified":"2025-07-05T14:38:31+00:00","author":{"@id":"https:\/\/www.em.com.br\/emfoco\/#\/schema\/person\/1c9ddeab18b98abeffef834667bcf08a"},"description":"A cafe\u00edna atrapalha o ciclo do sono e pode causar ins\u00f4nia. Conhe\u00e7a alternativas para manter a energia sem abrir m\u00e3o do descanso.","breadcrumb":{"@id":"https:\/\/www.em.com.br\/emfoco\/2025\/07\/06\/evitar-cafeina-no-fim-da-tarde-melhora-o-sono-e-reduz-a-ansiedade-noturna\/#breadcrumb"},"inLanguage":"pt-BR","potentialAction":[{"@type":"ReadAction","target":["https:\/\/www.em.com.br\/emfoco\/2025\/07\/06\/evitar-cafeina-no-fim-da-tarde-melhora-o-sono-e-reduz-a-ansiedade-noturna\/"]}]},{"@type":"ImageObject","inLanguage":"pt-BR","@id":"https:\/\/www.em.com.br\/emfoco\/2025\/07\/06\/evitar-cafeina-no-fim-da-tarde-melhora-o-sono-e-reduz-a-ansiedade-noturna\/#primaryimage","url":"https:\/\/www.em.com.br\/emfoco\/wp-content\/uploads\/2025\/04\/Coffee_1744206842612.jpg","contentUrl":"https:\/\/www.em.com.br\/emfoco\/wp-content\/uploads\/2025\/04\/Coffee_1744206842612.jpg","width":1280,"height":720,"caption":"Caf\u00e9 - Cr\u00e9ditos: depositphotos.com \/ EdZbarzhyvetsky"},{"@type":"BreadcrumbList","@id":"https:\/\/www.em.com.br\/emfoco\/2025\/07\/06\/evitar-cafeina-no-fim-da-tarde-melhora-o-sono-e-reduz-a-ansiedade-noturna\/#breadcrumb","itemListElement":[{"@type":"ListItem","position":1,"name":"In\u00edcio","item":"https:\/\/www.em.com.br\/emfoco\/"},{"@type":"ListItem","position":2,"name":"Evitar cafe\u00edna no fim da tarde melhora o sono e reduz a ansiedade noturna"}]},{"@type":"WebSite","@id":"https:\/\/www.em.com.br\/emfoco\/#website","url":"https:\/\/www.em.com.br\/emfoco\/","name":"Estado de Minas - Em foco","description":"Acompanhe as \u00faltimas not\u00edcias e fique bem informado sobre tudo o que acontece em Minas Gerais, Brasil e no mundo.","potentialAction":[{"@type":"SearchAction","target":{"@type":"EntryPoint","urlTemplate":"https:\/\/www.em.com.br\/emfoco\/?s={search_term_string}"},"query-input":{"@type":"PropertyValueSpecification","valueRequired":true,"valueName":"search_term_string"}}],"inLanguage":"pt-BR"},{"@type":"Person","@id":"https:\/\/www.em.com.br\/emfoco\/#\/schema\/person\/1c9ddeab18b98abeffef834667bcf08a","name":"Gabriel Martins","image":{"@type":"ImageObject","inLanguage":"pt-BR","@id":"https:\/\/www.em.com.br\/emfoco\/#\/schema\/person\/image\/","url":"https:\/\/secure.gravatar.com\/avatar\/f0f1e2efdfd88f1ad2cb08c5c2731e50?s=96&d=mm&r=g","contentUrl":"https:\/\/secure.gravatar.com\/avatar\/f0f1e2efdfd88f1ad2cb08c5c2731e50?s=96&d=mm&r=g","caption":"Gabriel Martins"},"sameAs":["https:\/\/www.em.com.br\/emfoco\/"],"url":"https:\/\/www.em.com.br\/emfoco\/author\/gabrielmartinsmyth\/"}]}},"_links":{"self":[{"href":"https:\/\/www.em.com.br\/emfoco\/wp-json\/wp\/v2\/posts\/70773","targetHints":{"allow":["GET"]}}],"collection":[{"href":"https:\/\/www.em.com.br\/emfoco\/wp-json\/wp\/v2\/posts"}],"about":[{"href":"https:\/\/www.em.com.br\/emfoco\/wp-json\/wp\/v2\/types\/post"}],"author":[{"embeddable":true,"href":"https:\/\/www.em.com.br\/emfoco\/wp-json\/wp\/v2\/users\/13"}],"replies":[{"embeddable":true,"href":"https:\/\/www.em.com.br\/emfoco\/wp-json\/wp\/v2\/comments?post=70773"}],"version-history":[{"count":2,"href":"https:\/\/www.em.com.br\/emfoco\/wp-json\/wp\/v2\/posts\/70773\/revisions"}],"predecessor-version":[{"id":70790,"href":"https:\/\/www.em.com.br\/emfoco\/wp-json\/wp\/v2\/posts\/70773\/revisions\/70790"}],"wp:featuredmedia":[{"embeddable":true,"href":"https:\/\/www.em.com.br\/emfoco\/wp-json\/wp\/v2\/media\/36636"}],"wp:attachment":[{"href":"https:\/\/www.em.com.br\/emfoco\/wp-json\/wp\/v2\/media?parent=70773"}],"wp:term":[{"taxonomy":"category","embeddable":true,"href":"https:\/\/www.em.com.br\/emfoco\/wp-json\/wp\/v2\/categories?post=70773"},{"taxonomy":"post_tag","embeddable":true,"href":"https:\/\/www.em.com.br\/emfoco\/wp-json\/wp\/v2\/tags?post=70773"}],"curies":[{"name":"wp","href":"https:\/\/api.w.org\/{rel}","templated":true}]}}