{"id":70771,"date":"2025-07-06T06:48:00","date_gmt":"2025-07-06T09:48:00","guid":{"rendered":"https:\/\/www.em.com.br\/emfoco\/?p=70771"},"modified":"2025-07-05T11:37:57","modified_gmt":"2025-07-05T14:37:57","slug":"conheca-os-principais-sintomas-que-seu-corpo-esta-precisando-de-vitamina-d","status":"publish","type":"post","link":"https:\/\/www.em.com.br\/emfoco\/2025\/07\/06\/conheca-os-principais-sintomas-que-seu-corpo-esta-precisando-de-vitamina-d\/","title":{"rendered":"Conhe\u00e7a os principais sintomas que seu corpo est\u00e1 precisando de vitamina D"},"content":{"rendered":"\n<p>A vitamina D desempenha um papel crucial na manuten\u00e7\u00e3o do equil\u00edbrio do organismo. Conhecida principalmente por sua fun\u00e7\u00e3o na absor\u00e7\u00e3o de c\u00e1lcio, ela impacta significativamente diversas \u00e1reas da sa\u00fade. E embora seja essencial, sua car\u00eancia tem sido alarmante em v\u00e1rias popula\u00e7\u00f5es modernas.<\/p>\n\n\n\n<p>Estilos de vida urbanos, com exposi\u00e7\u00e3o solar reduzida, contribuem para essa defici\u00eancia. Pr\u00e9dios altos e a preval\u00eancia de trabalho em ambientes fechados limitam a s\u00edntese natural dessa vitamina pelo corpo. Al\u00e9m disso, dietas pobres em alimentos ricos em vitamina D agravam ainda mais o problema.<\/p>\n\n\n\n<h2 class=\"wp-block-heading\">Qual o papel da vitamina D na sa\u00fade \u00f3ssea?<\/h2>\n\n\n\n<p><strong>A vitamina D \u00e9 essencial para a absor\u00e7\u00e3o eficiente do c\u00e1lcio, mineral crucial para a sa\u00fade dos ossos.<\/strong> Sem n\u00edveis adequados de vitamina D, a capacidade do intestino de absorver c\u00e1lcio \u00e9 significativamente reduzida, comprometendo assim a forma\u00e7\u00e3o e a manuten\u00e7\u00e3o do esqueleto.<\/p>\n\n\n\n<p><strong>Crian\u00e7as com defici\u00eancia de vitamina D podem desenvolver raquitismo, uma condi\u00e7\u00e3o que leva ao enfraquecimento e deforma\u00e7\u00e3o dos ossos.<\/strong> Em adultos, a falta desse nutriente pode resultar em osteomal\u00e1cia, tornando os ossos fr\u00e1geis e mais suscet\u00edveis a fraturas.<\/p>\n\n\n\n<figure class=\"wp-block-image size-large\"><img loading=\"lazy\" decoding=\"async\" width=\"1024\" height=\"576\" src=\"https:\/\/www.em.com.br\/emfoco\/wp-content\/uploads\/2025\/06\/caminhada_1749826261482-1024x576.jpg\" alt=\"Caminhar 30 minutos por dia pode ser mais eficaz que rem\u00e9dios para a press\u00e3o alta\" class=\"wp-image-60036\" srcset=\"https:\/\/www.em.com.br\/emfoco\/wp-content\/uploads\/2025\/06\/caminhada_1749826261482-1024x576.jpg 1024w, https:\/\/www.em.com.br\/emfoco\/wp-content\/uploads\/2025\/06\/caminhada_1749826261482-300x169.jpg 300w, https:\/\/www.em.com.br\/emfoco\/wp-content\/uploads\/2025\/06\/caminhada_1749826261482-768x432.jpg 768w, https:\/\/www.em.com.br\/emfoco\/wp-content\/uploads\/2025\/06\/caminhada_1749826261482-750x422.jpg 750w, https:\/\/www.em.com.br\/emfoco\/wp-content\/uploads\/2025\/06\/caminhada_1749826261482-1140x641.jpg 1140w, https:\/\/www.em.com.br\/emfoco\/wp-content\/uploads\/2025\/06\/caminhada_1749826261482.jpg 1280w\" sizes=\"auto, (max-width: 1024px) 100vw, 1024px\" \/><figcaption class=\"wp-element-caption\">Mulher caminhando &#8211; Cr\u00e9ditos: depositphotos.com \/ VitalikRadko<\/figcaption><\/figure>\n\n\n\n<h2 class=\"wp-block-heading\">Como a defici\u00eancia de vitamina D afeta o sistema imunol\u00f3gico?<\/h2>\n\n\n\n<p><strong>O sistema imunol\u00f3gico depende de v\u00e1rios nutrientes para funcionar corretamente, e a vitamina D \u00e9 uma pe\u00e7a fundamental nesse quebra-cabe\u00e7a.<\/strong> Ela ajuda a modular as respostas imunes, promovendo a destrui\u00e7\u00e3o eficaz de pat\u00f3genos e a redu\u00e7\u00e3o de inflama\u00e7\u00f5es desnecess\u00e1rias.<\/p>\n\n\n\n<p><strong>Pessoas com n\u00edveis insuficientes de vitamina D podem ser mais suscet\u00edveis a infec\u00e7\u00f5es.<\/strong> Estudos indicam uma correla\u00e7\u00e3o entre baixos n\u00edveis de vitamina D e um aumento na incid\u00eancia de<strong><a href=\"https:\/\/nav.dasa.com.br\/blog\/doenca-autoimune\" target=\"_blank\" rel=\"noreferrer noopener\"> doen\u00e7as autoimunes<\/a><\/strong>, alergias e at\u00e9 gripes e resfriados recorrentes.<\/p>\n\n\n\n<h2 class=\"wp-block-heading\">\u00c9 verdade que a car\u00eancia de vitamina D pode influenciar o humor?<\/h2>\n\n\n\n<p><strong>A rela\u00e7\u00e3o entre vitamina D e sa\u00fade mental tem despertado grande interesse na comunidade cient\u00edfica.<\/strong> Alguns estudos sugerem que a defici\u00eancia de vitamina D pode estar associada a transtornos de humor, como a depress\u00e3o, devido ao seu papel na produ\u00e7\u00e3o de serotonina, o neurotransmissor do bem-estar.<\/p>\n\n\n\n<p>Regi\u00f5es com invernos longos, onde os dias s\u00e3o mais curtos, frequentemente relatam aumento em casos de transtorno afetivo sazonal. Isso pode ser em parte devido \u00e0 menor exposi\u00e7\u00e3o \u00e0 luz, reduzindo ainda mais a produ\u00e7\u00e3o de vitamina D e influenciando negativamente o humor.<\/p>\n\n\n\n<h2 class=\"wp-block-heading\">Quais outros sistemas podem ser impactados pela defici\u00eancia de vitamina D?<\/h2>\n\n\n\n<p><strong>Al\u00e9m de ossos e imunidade, a falta de vitamina D pode ter repercuss\u00f5es no sistema cardiovascular.<\/strong> Pesquisas indicam que n\u00edveis baixos desta vitamina podem estar associados a riscos aumentados de hipertens\u00e3o e doen\u00e7as card\u00edacas.<\/p>\n\n\n\n<p><strong>Ela tamb\u00e9m desempenha um papel no metabolismo.<\/strong> Estudos mostram uma liga\u00e7\u00e3o entre baixos n\u00edveis de vitamina D e resist\u00eancia \u00e0 insulina, potencialmente contribuindo para a <strong><a href=\"https:\/\/www.em.com.br\/emfoco\/2025\/06\/07\/obesidade-infantil-atinge-niveis-alarmantes-e-exige-acao-urgente\/\" target=\"_blank\" rel=\"noreferrer noopener\">obesidade <\/a><\/strong>e diabetes tipo 2. Portanto, manter n\u00edveis adequados de vitamina D pode ser vital para a sa\u00fade metab\u00f3lica geral.<\/p>\n\n\n\n<h2 class=\"wp-block-heading\">Como combater a falta de vitamina D de maneira eficaz?<\/h2>\n\n\n\n<p><strong>Para prevenir a defici\u00eancia de vitamina D, uma combina\u00e7\u00e3o de exposi\u00e7\u00e3o solar, dieta rica em alimentos como peixes gordurosos, ovos e latic\u00ednios fortificados, al\u00e9m de suplementos quando necess\u00e1rio, pode ser eficaz.<\/strong> No entanto, \u00e9 importante consultar um profissional de sa\u00fade para orienta\u00e7\u00f5es adequadas e personalizadas.<\/p>\n\n\n\n<p><strong>A exposi\u00e7\u00e3o ao sol por cerca de 15 a 30 minutos, v\u00e1rias vezes por semana, pode significar uma melhoria significativa nos n\u00edveis de vitamina D.<\/strong> Al\u00e9m disso, exames peri\u00f3dicos para monitorar esses n\u00edveis, especialmente em grupos de risco, s\u00e3o recomenda\u00e7\u00f5es fundamentais para evitar as complica\u00e7\u00f5es associadas \u00e0 sua defici\u00eancia.<\/p>\n","protected":false},"excerpt":{"rendered":"<p>A vitamina D desempenha um papel crucial na manuten\u00e7\u00e3o do equil\u00edbrio do organismo. Conhecida principalmente por sua fun\u00e7\u00e3o na absor\u00e7\u00e3o de c\u00e1lcio, ela impacta significativamente diversas \u00e1reas da sa\u00fade. E embora seja essencial, sua car\u00eancia tem sido alarmante em v\u00e1rias popula\u00e7\u00f5es modernas. Estilos de vida urbanos, com exposi\u00e7\u00e3o solar reduzida, contribuem para essa defici\u00eancia. Pr\u00e9dios [&hellip;]<\/p>\n","protected":false},"author":13,"featured_media":59850,"comment_status":"open","ping_status":"open","sticky":false,"template":"","format":"standard","meta":{"jnews-multi-image_gallery":[],"jnews_single_post":{"format":"standard"},"jnews_primary_category":[],"jnews_social_meta":[],"jnews_override_counter":[],"footnotes":""},"categories":[1,9053],"tags":[8956,5104,3080,7303],"class_list":["post-70771","post","type-post","status-publish","format-standard","has-post-thumbnail","hentry","category-noticias","category-saude","tag-humor","tag-saude-ossea","tag-sistema-imunologico","tag-vitamina-d"],"yoast_head":"<!-- This site is optimized with the Yoast SEO plugin v23.8 - https:\/\/yoast.com\/wordpress\/plugins\/seo\/ -->\n<title>Conhe\u00e7a os principais sintomas que seu corpo est\u00e1 precisando de vitamina D - Estado de Minas - Em foco<\/title>\n<meta name=\"description\" content=\"A defici\u00eancia de vitamina D afeta ossos, imunidade e at\u00e9 o humor. Entenda por que esse nutriente \u00e9 t\u00e3o essencial para sua sa\u00fade.\" \/>\n<meta name=\"robots\" content=\"index, follow, max-snippet:-1, max-image-preview:large, max-video-preview:-1\" \/>\n<link rel=\"canonical\" href=\"https:\/\/www.em.com.br\/emfoco\/2025\/07\/06\/conheca-os-principais-sintomas-que-seu-corpo-esta-precisando-de-vitamina-d\/\" \/>\n<meta property=\"og:locale\" content=\"pt_BR\" \/>\n<meta property=\"og:type\" content=\"article\" \/>\n<meta property=\"og:title\" content=\"Conhe\u00e7a os principais sintomas que seu corpo est\u00e1 precisando de vitamina D - Estado de Minas - Em foco\" \/>\n<meta property=\"og:description\" content=\"A defici\u00eancia de vitamina D afeta ossos, imunidade e at\u00e9 o humor. Entenda por que esse nutriente \u00e9 t\u00e3o essencial para sua sa\u00fade.\" \/>\n<meta property=\"og:url\" content=\"https:\/\/www.em.com.br\/emfoco\/2025\/07\/06\/conheca-os-principais-sintomas-que-seu-corpo-esta-precisando-de-vitamina-d\/\" \/>\n<meta property=\"og:site_name\" content=\"Estado de Minas - Em foco\" \/>\n<meta property=\"article:published_time\" content=\"2025-07-06T09:48:00+00:00\" \/>\n<meta property=\"article:modified_time\" content=\"2025-07-05T14:37:57+00:00\" \/>\n<meta property=\"og:image\" content=\"https:\/\/www.em.com.br\/emfoco\/wp-content\/uploads\/2025\/06\/vitamin-D_1749818706428.jpg\" \/>\n\t<meta property=\"og:image:width\" content=\"1280\" \/>\n\t<meta property=\"og:image:height\" content=\"720\" \/>\n\t<meta property=\"og:image:type\" content=\"image\/jpeg\" \/>\n<meta name=\"author\" content=\"Gabriel Martins\" \/>\n<meta name=\"twitter:card\" content=\"summary_large_image\" \/>\n<meta name=\"twitter:label1\" content=\"Escrito por\" \/>\n\t<meta name=\"twitter:data1\" content=\"Gabriel Martins\" \/>\n\t<meta name=\"twitter:label2\" content=\"Est. tempo de leitura\" \/>\n\t<meta name=\"twitter:data2\" content=\"4 minutos\" \/>\n<!-- \/ Yoast SEO plugin. -->","yoast_head_json":{"title":"Conhe\u00e7a os principais sintomas que seu corpo est\u00e1 precisando de vitamina D - Estado de Minas - Em foco","description":"A defici\u00eancia de vitamina D afeta ossos, imunidade e at\u00e9 o humor. Entenda por que esse nutriente \u00e9 t\u00e3o essencial para sua sa\u00fade.","robots":{"index":"index","follow":"follow","max-snippet":"max-snippet:-1","max-image-preview":"max-image-preview:large","max-video-preview":"max-video-preview:-1"},"canonical":"https:\/\/www.em.com.br\/emfoco\/2025\/07\/06\/conheca-os-principais-sintomas-que-seu-corpo-esta-precisando-de-vitamina-d\/","og_locale":"pt_BR","og_type":"article","og_title":"Conhe\u00e7a os principais sintomas que seu corpo est\u00e1 precisando de vitamina D - Estado de Minas - Em foco","og_description":"A defici\u00eancia de vitamina D afeta ossos, imunidade e at\u00e9 o humor. Entenda por que esse nutriente \u00e9 t\u00e3o essencial para sua sa\u00fade.","og_url":"https:\/\/www.em.com.br\/emfoco\/2025\/07\/06\/conheca-os-principais-sintomas-que-seu-corpo-esta-precisando-de-vitamina-d\/","og_site_name":"Estado de Minas - Em foco","article_published_time":"2025-07-06T09:48:00+00:00","article_modified_time":"2025-07-05T14:37:57+00:00","og_image":[{"width":1280,"height":720,"url":"https:\/\/www.em.com.br\/emfoco\/wp-content\/uploads\/2025\/06\/vitamin-D_1749818706428.jpg","type":"image\/jpeg"}],"author":"Gabriel Martins","twitter_card":"summary_large_image","twitter_misc":{"Escrito por":"Gabriel Martins","Est. tempo de leitura":"4 minutos"},"schema":{"@context":"https:\/\/schema.org","@graph":[{"@type":"WebPage","@id":"https:\/\/www.em.com.br\/emfoco\/2025\/07\/06\/conheca-os-principais-sintomas-que-seu-corpo-esta-precisando-de-vitamina-d\/","url":"https:\/\/www.em.com.br\/emfoco\/2025\/07\/06\/conheca-os-principais-sintomas-que-seu-corpo-esta-precisando-de-vitamina-d\/","name":"Conhe\u00e7a os principais sintomas que seu corpo est\u00e1 precisando de vitamina D - Estado de Minas - Em foco","isPartOf":{"@id":"https:\/\/www.em.com.br\/emfoco\/#website"},"primaryImageOfPage":{"@id":"https:\/\/www.em.com.br\/emfoco\/2025\/07\/06\/conheca-os-principais-sintomas-que-seu-corpo-esta-precisando-de-vitamina-d\/#primaryimage"},"image":{"@id":"https:\/\/www.em.com.br\/emfoco\/2025\/07\/06\/conheca-os-principais-sintomas-que-seu-corpo-esta-precisando-de-vitamina-d\/#primaryimage"},"thumbnailUrl":"https:\/\/www.em.com.br\/emfoco\/wp-content\/uploads\/2025\/06\/vitamin-D_1749818706428.jpg","datePublished":"2025-07-06T09:48:00+00:00","dateModified":"2025-07-05T14:37:57+00:00","author":{"@id":"https:\/\/www.em.com.br\/emfoco\/#\/schema\/person\/1c9ddeab18b98abeffef834667bcf08a"},"description":"A defici\u00eancia de vitamina D afeta ossos, imunidade e at\u00e9 o humor. Entenda por que esse nutriente \u00e9 t\u00e3o essencial para sua sa\u00fade.","breadcrumb":{"@id":"https:\/\/www.em.com.br\/emfoco\/2025\/07\/06\/conheca-os-principais-sintomas-que-seu-corpo-esta-precisando-de-vitamina-d\/#breadcrumb"},"inLanguage":"pt-BR","potentialAction":[{"@type":"ReadAction","target":["https:\/\/www.em.com.br\/emfoco\/2025\/07\/06\/conheca-os-principais-sintomas-que-seu-corpo-esta-precisando-de-vitamina-d\/"]}]},{"@type":"ImageObject","inLanguage":"pt-BR","@id":"https:\/\/www.em.com.br\/emfoco\/2025\/07\/06\/conheca-os-principais-sintomas-que-seu-corpo-esta-precisando-de-vitamina-d\/#primaryimage","url":"https:\/\/www.em.com.br\/emfoco\/wp-content\/uploads\/2025\/06\/vitamin-D_1749818706428.jpg","contentUrl":"https:\/\/www.em.com.br\/emfoco\/wp-content\/uploads\/2025\/06\/vitamin-D_1749818706428.jpg","width":1280,"height":720,"caption":"Imagem ilustrativa de vitamina D - Cr\u00e9ditos: depositphotos.com \/ FotoHelin"},{"@type":"BreadcrumbList","@id":"https:\/\/www.em.com.br\/emfoco\/2025\/07\/06\/conheca-os-principais-sintomas-que-seu-corpo-esta-precisando-de-vitamina-d\/#breadcrumb","itemListElement":[{"@type":"ListItem","position":1,"name":"In\u00edcio","item":"https:\/\/www.em.com.br\/emfoco\/"},{"@type":"ListItem","position":2,"name":"Conhe\u00e7a os principais sintomas que seu corpo est\u00e1 precisando de vitamina D"}]},{"@type":"WebSite","@id":"https:\/\/www.em.com.br\/emfoco\/#website","url":"https:\/\/www.em.com.br\/emfoco\/","name":"Estado de Minas - Em foco","description":"Acompanhe as \u00faltimas not\u00edcias e fique bem informado sobre tudo o que acontece em Minas Gerais, Brasil e no mundo.","potentialAction":[{"@type":"SearchAction","target":{"@type":"EntryPoint","urlTemplate":"https:\/\/www.em.com.br\/emfoco\/?s={search_term_string}"},"query-input":{"@type":"PropertyValueSpecification","valueRequired":true,"valueName":"search_term_string"}}],"inLanguage":"pt-BR"},{"@type":"Person","@id":"https:\/\/www.em.com.br\/emfoco\/#\/schema\/person\/1c9ddeab18b98abeffef834667bcf08a","name":"Gabriel Martins","image":{"@type":"ImageObject","inLanguage":"pt-BR","@id":"https:\/\/www.em.com.br\/emfoco\/#\/schema\/person\/image\/","url":"https:\/\/secure.gravatar.com\/avatar\/f0f1e2efdfd88f1ad2cb08c5c2731e50?s=96&d=mm&r=g","contentUrl":"https:\/\/secure.gravatar.com\/avatar\/f0f1e2efdfd88f1ad2cb08c5c2731e50?s=96&d=mm&r=g","caption":"Gabriel Martins"},"sameAs":["https:\/\/www.em.com.br\/emfoco\/"],"url":"https:\/\/www.em.com.br\/emfoco\/author\/gabrielmartinsmyth\/"}]}},"_links":{"self":[{"href":"https:\/\/www.em.com.br\/emfoco\/wp-json\/wp\/v2\/posts\/70771","targetHints":{"allow":["GET"]}}],"collection":[{"href":"https:\/\/www.em.com.br\/emfoco\/wp-json\/wp\/v2\/posts"}],"about":[{"href":"https:\/\/www.em.com.br\/emfoco\/wp-json\/wp\/v2\/types\/post"}],"author":[{"embeddable":true,"href":"https:\/\/www.em.com.br\/emfoco\/wp-json\/wp\/v2\/users\/13"}],"replies":[{"embeddable":true,"href":"https:\/\/www.em.com.br\/emfoco\/wp-json\/wp\/v2\/comments?post=70771"}],"version-history":[{"count":2,"href":"https:\/\/www.em.com.br\/emfoco\/wp-json\/wp\/v2\/posts\/70771\/revisions"}],"predecessor-version":[{"id":70794,"href":"https:\/\/www.em.com.br\/emfoco\/wp-json\/wp\/v2\/posts\/70771\/revisions\/70794"}],"wp:featuredmedia":[{"embeddable":true,"href":"https:\/\/www.em.com.br\/emfoco\/wp-json\/wp\/v2\/media\/59850"}],"wp:attachment":[{"href":"https:\/\/www.em.com.br\/emfoco\/wp-json\/wp\/v2\/media?parent=70771"}],"wp:term":[{"taxonomy":"category","embeddable":true,"href":"https:\/\/www.em.com.br\/emfoco\/wp-json\/wp\/v2\/categories?post=70771"},{"taxonomy":"post_tag","embeddable":true,"href":"https:\/\/www.em.com.br\/emfoco\/wp-json\/wp\/v2\/tags?post=70771"}],"curies":[{"name":"wp","href":"https:\/\/api.w.org\/{rel}","templated":true}]}}