{"id":70754,"date":"2025-07-05T06:28:00","date_gmt":"2025-07-05T09:28:00","guid":{"rendered":"https:\/\/www.em.com.br\/emfoco\/?p=70754"},"modified":"2025-07-03T14:38:22","modified_gmt":"2025-07-03T17:38:22","slug":"sudeste-entra-em-alerta-com-virada-brusca-no-clima","status":"publish","type":"post","link":"https:\/\/www.em.com.br\/emfoco\/2025\/07\/05\/sudeste-entra-em-alerta-com-virada-brusca-no-clima\/","title":{"rendered":"Sudeste entra em alerta com virada brusca no clima"},"content":{"rendered":"\n<p>As <a href=\"https:\/\/brasil.un.org\/pt-br\/175180-o-que-s%C3%A3o-mudan%C3%A7as-clim%C3%A1ticas\" target=\"_blank\" rel=\"noreferrer noopener\">mudan\u00e7as clim\u00e1ticas <\/a>est\u00e3o influenciando o clima de maneira significativa na regi\u00e3o <a href=\"https:\/\/www.em.com.br\/emfoco\/2025\/07\/03\/o-clima-vai-mudar-de-forma-radical-no-sudeste-e-em-questao-de-dias\/\" target=\"_blank\" rel=\"noreferrer noopener\">Sudeste <\/a>do Brasil, incluindo\u00a0<strong>Minas Gerais<\/strong>. A varia\u00e7\u00e3o das temperaturas, a intensidade e frequ\u00eancia das chuvas, assim como a ocorr\u00eancia de eventos clim\u00e1ticos extremos est\u00e3o entre os principais efeitos observados. Esses fen\u00f4menos t\u00eam implica\u00e7\u00f5es diretas na agricultura, recursos h\u00eddricos, sa\u00fade p\u00fablica e na vida cotidiana dos moradores da regi\u00e3o.<\/p>\n\n\n\n<h2 class=\"wp-block-heading\">Quais as previs\u00f5es de temperaturas para a regi\u00e3o Sudeste (05 a 06 de julho de 2025)?<\/h2>\n\n\n\n<ul class=\"wp-block-list\">\n<li><strong>S\u00e3o Paulo<\/strong>: M\u00e1xima de 25\u00b0C e m\u00ednima de 15\u00b0C<\/li>\n\n\n\n<li><strong>Rio de Janeiro<\/strong>: M\u00e1xima de 28\u00b0C e m\u00ednima de 18\u00b0C<\/li>\n\n\n\n<li><strong>Esp\u00edrito Santo<\/strong>: M\u00e1xima de 27\u00b0C e m\u00ednima de 17\u00b0C<\/li>\n<\/ul>\n\n\n\n<h2 class=\"wp-block-heading\">Como est\u00e1 a previs\u00e3o de temperaturas em Belo Horizonte (05 a 06 de julho de 2025)?<\/h2>\n\n\n\n<ul class=\"wp-block-list\">\n<li><strong>Belo Horizonte<\/strong>: M\u00e1xima de 24\u00b0C e m\u00ednima de 14\u00b0C<\/li>\n<\/ul>\n\n\n\n<h2 class=\"wp-block-heading\">Qual a previs\u00e3o de temperaturas em outras cidades de Minas Gerais (05 a 06 de julho de 2025)?<\/h2>\n\n\n\n<ul class=\"wp-block-list\">\n<li><strong>Uberl\u00e2ndia<\/strong>: M\u00e1xima de 26\u00b0C e m\u00ednima de 16\u00b0C<\/li>\n\n\n\n<li><strong>Juiz de Fora<\/strong>: M\u00e1xima de 23\u00b0C e m\u00ednima de 13\u00b0C<\/li>\n\n\n\n<li><strong>Monta Claros<\/strong>: M\u00e1xima de 27\u00b0C e m\u00ednima de 15\u00b0C<\/li>\n<\/ul>\n\n\n\n<h2 class=\"wp-block-heading\">H\u00e1 previs\u00e3o de frente fria e aumento de chuvas na regi\u00e3o Sudeste?<\/h2>\n\n\n\n<p>Durante esta semana, uma frente fria avan\u00e7a pela regi\u00e3o Sudeste, trazendo aumento na ocorr\u00eancia de chuvas em diversos pontos, especialmente em S\u00e3o Paulo e Minas Gerais. A capital paulista pode esperar at\u00e9 80% de probabilidade de chuvas, enquanto Belo Horizonte tem previs\u00e3o de 60% de chances de precipita\u00e7\u00e3o. No Rio de Janeiro, o sol ainda predominar\u00e1, mas h\u00e1 previs\u00e3o de aumento na nebulosidade nos pr\u00f3ximos dias. Vale destacar que cidades do interior, como&nbsp;<strong>Ribeir\u00e3o Preto<\/strong>&nbsp;e&nbsp;<strong>Po\u00e7os de Caldas<\/strong>, tamb\u00e9m podem registrar pancadas isoladas de chuva devido \u00e0 atua\u00e7\u00e3o dessa frente fria.<\/p>\n\n\n\n<figure class=\"wp-block-image\"><img decoding=\"async\" src=\"https:\/\/www.em.com.br\/emfoco\/wp-content\/uploads\/2025\/03\/clima-outono_1742572605222-1024x576.jpg\" alt=\"\"\/><figcaption class=\"wp-element-caption\">Clima &#8211; Cr\u00e9ditos: depositphotos.com \/ ifeelstock<\/figcaption><\/figure>\n\n\n\n<h2 class=\"wp-block-heading\">Qual o ranking das cidades com menor temperatura prevista?<\/h2>\n\n\n\n<ol class=\"wp-block-list\">\n<li><strong>Campos do Jord\u00e3o<\/strong>, SP: 8\u00b0C<\/li>\n\n\n\n<li><strong>Maria da F\u00e9<\/strong>, MG: 9\u00b0C<\/li>\n\n\n\n<li><strong>Monte Verde<\/strong>, MG: 10\u00b0C<\/li>\n\n\n\n<li><strong>S\u00e3o Joaquim<\/strong>, SC (Hypot\u00e9tica): 11\u00b0C<\/li>\n\n\n\n<li><strong>Gon\u00e7alves<\/strong>, MG: 12\u00b0C<\/li>\n\n\n\n<li><strong>Petr\u00f3polis<\/strong>, RJ: 13\u00b0C<\/li>\n\n\n\n<li><strong>Nova Friburgo<\/strong>, RJ: 13\u00b0C<\/li>\n\n\n\n<li><strong>Diamantina<\/strong>, MG: 14\u00b0C<\/li>\n<\/ol>\n\n\n\n<h2 class=\"wp-block-heading\">O que dizem as an\u00e1lises das previs\u00f5es clim\u00e1ticas recentes?<\/h2>\n\n\n\n<p>Especialistas em meteorologia est\u00e3o acompanhando de perto as condi\u00e7\u00f5es clim\u00e1ticas vari\u00e1veis na regi\u00e3o Sudeste do Brasil. De acordo com portais como o&nbsp;<strong>Climatempo<\/strong>, a expectativa \u00e9 que as oscila\u00e7\u00f5es de temperatura e eventos clim\u00e1ticos adversos continuem ao longo dos pr\u00f3ximos meses, impulsionadas por fatores globais como&nbsp;<strong>El Ni\u00f1o<\/strong>&nbsp;e&nbsp;<strong>La Ni\u00f1a<\/strong>. Inclusive, estudos recentes do&nbsp;<strong>INMET<\/strong>&nbsp;(Instituto Nacional de Meteorologia) destacam a import\u00e2ncia do monitoramento cont\u00ednuo das anomalias de temperatura e precipita\u00e7\u00e3o, especialmente nos meses de inverno, para preven\u00e7\u00e3o de impactos sociais e econ\u00f4micos.<\/p>\n\n\n\n<h2 class=\"wp-block-heading\">Como interpretar a previs\u00e3o do tempo? Veja dicas \u00fateis<\/h2>\n\n\n\n<p>Compreender a previs\u00e3o do tempo pode evitar surpresas desagrad\u00e1veis.&nbsp;<strong>Examine sempre a fonte da previs\u00e3o<\/strong>&nbsp;e procure termos como &#8220;probabilidade&#8221; e &#8220;tend\u00eancia&#8221; para determinar a incerteza. Al\u00e9m disso, considerar radares meteorol\u00f3gicos ao vivo pode oferecer uma vis\u00e3o em tempo real das condi\u00e7\u00f5es clim\u00e1ticas e auxiliar no planejamento di\u00e1rio. Aplicativos de meteorologia, como o&nbsp;<strong>Meteored<\/strong>&nbsp;e o pr\u00f3prio&nbsp;<strong>Climatempo<\/strong>, disponibilizam recursos interativos que ajudam no entendimento das mudan\u00e7as locais de clima e facilitam a adapta\u00e7\u00e3o da rotina conforme os avisos emitidos.<\/p>\n","protected":false},"excerpt":{"rendered":"<p>As mudan\u00e7as clim\u00e1ticas est\u00e3o influenciando o clima de maneira significativa na regi\u00e3o Sudeste do Brasil, incluindo\u00a0Minas Gerais. A varia\u00e7\u00e3o das temperaturas, a intensidade e frequ\u00eancia das chuvas, assim como a ocorr\u00eancia de eventos clim\u00e1ticos extremos est\u00e3o entre os principais efeitos observados. Esses fen\u00f4menos t\u00eam implica\u00e7\u00f5es diretas na agricultura, recursos h\u00eddricos, sa\u00fade p\u00fablica e na vida [&hellip;]<\/p>\n","protected":false},"author":11,"featured_media":39341,"comment_status":"open","ping_status":"open","sticky":false,"template":"","format":"standard","meta":{"jnews-multi-image_gallery":[],"jnews_single_post":{"format":"standard"},"jnews_primary_category":[],"jnews_social_meta":[],"jnews_override_counter":[],"footnotes":""},"categories":[30,1],"tags":[152,2089,1192,249],"class_list":["post-70754","post","type-post","status-publish","format-standard","has-post-thumbnail","hentry","category-clima","category-noticias","tag-clima","tag-frio","tag-sudeste","tag-temperatura"],"yoast_head":"<!-- This site is optimized with the Yoast SEO plugin v23.8 - https:\/\/yoast.com\/wordpress\/plugins\/seo\/ -->\n<title>Sudeste entra em alerta com virada brusca no clima - Estado de Minas - Em foco<\/title>\n<meta name=\"description\" content=\"Frente fria muda tudo no Sudeste e cidades mineiras entram em alerta com chuva forte e temperaturas abaixo do normal.\" \/>\n<meta name=\"robots\" content=\"index, follow, max-snippet:-1, max-image-preview:large, max-video-preview:-1\" \/>\n<link rel=\"canonical\" href=\"https:\/\/www.em.com.br\/emfoco\/2025\/07\/05\/sudeste-entra-em-alerta-com-virada-brusca-no-clima\/\" \/>\n<meta property=\"og:locale\" content=\"pt_BR\" \/>\n<meta property=\"og:type\" content=\"article\" \/>\n<meta property=\"og:title\" content=\"Sudeste entra em alerta com virada brusca no clima - Estado de Minas - Em foco\" \/>\n<meta property=\"og:description\" content=\"Frente fria muda tudo no Sudeste e cidades mineiras entram em alerta com chuva forte e temperaturas abaixo do normal.\" \/>\n<meta property=\"og:url\" content=\"https:\/\/www.em.com.br\/emfoco\/2025\/07\/05\/sudeste-entra-em-alerta-com-virada-brusca-no-clima\/\" \/>\n<meta property=\"og:site_name\" content=\"Estado de Minas - Em foco\" \/>\n<meta property=\"article:published_time\" content=\"2025-07-05T09:28:00+00:00\" \/>\n<meta property=\"article:modified_time\" content=\"2025-07-03T17:38:22+00:00\" \/>\n<meta property=\"og:image\" content=\"https:\/\/www.em.com.br\/emfoco\/wp-content\/uploads\/2025\/04\/clima-frio_1744910714650.jpg\" \/>\n\t<meta property=\"og:image:width\" content=\"1280\" \/>\n\t<meta property=\"og:image:height\" content=\"720\" \/>\n\t<meta property=\"og:image:type\" content=\"image\/jpeg\" \/>\n<meta name=\"author\" content=\"Andre\u0301 Rangel\u00a0\" \/>\n<meta name=\"twitter:card\" content=\"summary_large_image\" \/>\n<meta name=\"twitter:label1\" content=\"Escrito por\" \/>\n\t<meta name=\"twitter:data1\" content=\"Andre\u0301 Rangel\u00a0\" \/>\n\t<meta name=\"twitter:label2\" content=\"Est. tempo de leitura\" \/>\n\t<meta name=\"twitter:data2\" content=\"4 minutos\" \/>\n<!-- \/ Yoast SEO plugin. -->","yoast_head_json":{"title":"Sudeste entra em alerta com virada brusca no clima - Estado de Minas - Em foco","description":"Frente fria muda tudo no Sudeste e cidades mineiras entram em alerta com chuva forte e temperaturas abaixo do normal.","robots":{"index":"index","follow":"follow","max-snippet":"max-snippet:-1","max-image-preview":"max-image-preview:large","max-video-preview":"max-video-preview:-1"},"canonical":"https:\/\/www.em.com.br\/emfoco\/2025\/07\/05\/sudeste-entra-em-alerta-com-virada-brusca-no-clima\/","og_locale":"pt_BR","og_type":"article","og_title":"Sudeste entra em alerta com virada brusca no clima - Estado de Minas - Em foco","og_description":"Frente fria muda tudo no Sudeste e cidades mineiras entram em alerta com chuva forte e temperaturas abaixo do normal.","og_url":"https:\/\/www.em.com.br\/emfoco\/2025\/07\/05\/sudeste-entra-em-alerta-com-virada-brusca-no-clima\/","og_site_name":"Estado de Minas - Em foco","article_published_time":"2025-07-05T09:28:00+00:00","article_modified_time":"2025-07-03T17:38:22+00:00","og_image":[{"width":1280,"height":720,"url":"https:\/\/www.em.com.br\/emfoco\/wp-content\/uploads\/2025\/04\/clima-frio_1744910714650.jpg","type":"image\/jpeg"}],"author":"Andre\u0301 Rangel\u00a0","twitter_card":"summary_large_image","twitter_misc":{"Escrito por":"Andre\u0301 Rangel\u00a0","Est. tempo de leitura":"4 minutos"},"schema":{"@context":"https:\/\/schema.org","@graph":[{"@type":"WebPage","@id":"https:\/\/www.em.com.br\/emfoco\/2025\/07\/05\/sudeste-entra-em-alerta-com-virada-brusca-no-clima\/","url":"https:\/\/www.em.com.br\/emfoco\/2025\/07\/05\/sudeste-entra-em-alerta-com-virada-brusca-no-clima\/","name":"Sudeste entra em alerta com virada brusca no clima - Estado de Minas - Em foco","isPartOf":{"@id":"https:\/\/www.em.com.br\/emfoco\/#website"},"primaryImageOfPage":{"@id":"https:\/\/www.em.com.br\/emfoco\/2025\/07\/05\/sudeste-entra-em-alerta-com-virada-brusca-no-clima\/#primaryimage"},"image":{"@id":"https:\/\/www.em.com.br\/emfoco\/2025\/07\/05\/sudeste-entra-em-alerta-com-virada-brusca-no-clima\/#primaryimage"},"thumbnailUrl":"https:\/\/www.em.com.br\/emfoco\/wp-content\/uploads\/2025\/04\/clima-frio_1744910714650.jpg","datePublished":"2025-07-05T09:28:00+00:00","dateModified":"2025-07-03T17:38:22+00:00","author":{"@id":"https:\/\/www.em.com.br\/emfoco\/#\/schema\/person\/60eda09c1fedf0d6891f4cef4b60b8b8"},"description":"Frente fria muda tudo no Sudeste e cidades mineiras entram em alerta com chuva forte e temperaturas abaixo do normal.","breadcrumb":{"@id":"https:\/\/www.em.com.br\/emfoco\/2025\/07\/05\/sudeste-entra-em-alerta-com-virada-brusca-no-clima\/#breadcrumb"},"inLanguage":"pt-BR","potentialAction":[{"@type":"ReadAction","target":["https:\/\/www.em.com.br\/emfoco\/2025\/07\/05\/sudeste-entra-em-alerta-com-virada-brusca-no-clima\/"]}]},{"@type":"ImageObject","inLanguage":"pt-BR","@id":"https:\/\/www.em.com.br\/emfoco\/2025\/07\/05\/sudeste-entra-em-alerta-com-virada-brusca-no-clima\/#primaryimage","url":"https:\/\/www.em.com.br\/emfoco\/wp-content\/uploads\/2025\/04\/clima-frio_1744910714650.jpg","contentUrl":"https:\/\/www.em.com.br\/emfoco\/wp-content\/uploads\/2025\/04\/clima-frio_1744910714650.jpg","width":1280,"height":720,"caption":"clima frio - Cr\u00e9ditos: depositphotos.com \/ ifeelstock"},{"@type":"BreadcrumbList","@id":"https:\/\/www.em.com.br\/emfoco\/2025\/07\/05\/sudeste-entra-em-alerta-com-virada-brusca-no-clima\/#breadcrumb","itemListElement":[{"@type":"ListItem","position":1,"name":"In\u00edcio","item":"https:\/\/www.em.com.br\/emfoco\/"},{"@type":"ListItem","position":2,"name":"Sudeste entra em alerta com virada brusca no clima"}]},{"@type":"WebSite","@id":"https:\/\/www.em.com.br\/emfoco\/#website","url":"https:\/\/www.em.com.br\/emfoco\/","name":"Estado de Minas - Em foco","description":"Acompanhe as \u00faltimas not\u00edcias e fique bem informado sobre tudo o que acontece em Minas Gerais, Brasil e no mundo.","potentialAction":[{"@type":"SearchAction","target":{"@type":"EntryPoint","urlTemplate":"https:\/\/www.em.com.br\/emfoco\/?s={search_term_string}"},"query-input":{"@type":"PropertyValueSpecification","valueRequired":true,"valueName":"search_term_string"}}],"inLanguage":"pt-BR"},{"@type":"Person","@id":"https:\/\/www.em.com.br\/emfoco\/#\/schema\/person\/60eda09c1fedf0d6891f4cef4b60b8b8","name":"Andre\u0301 Rangel\u00a0","image":{"@type":"ImageObject","inLanguage":"pt-BR","@id":"https:\/\/www.em.com.br\/emfoco\/#\/schema\/person\/image\/","url":"https:\/\/secure.gravatar.com\/avatar\/6234dc814c77c8ef6d8bba622c787efc?s=96&d=mm&r=g","contentUrl":"https:\/\/secure.gravatar.com\/avatar\/6234dc814c77c8ef6d8bba622c787efc?s=96&d=mm&r=g","caption":"Andre\u0301 Rangel\u00a0"},"url":"https:\/\/www.em.com.br\/emfoco\/author\/luizmyth\/"}]}},"_links":{"self":[{"href":"https:\/\/www.em.com.br\/emfoco\/wp-json\/wp\/v2\/posts\/70754","targetHints":{"allow":["GET"]}}],"collection":[{"href":"https:\/\/www.em.com.br\/emfoco\/wp-json\/wp\/v2\/posts"}],"about":[{"href":"https:\/\/www.em.com.br\/emfoco\/wp-json\/wp\/v2\/types\/post"}],"author":[{"embeddable":true,"href":"https:\/\/www.em.com.br\/emfoco\/wp-json\/wp\/v2\/users\/11"}],"replies":[{"embeddable":true,"href":"https:\/\/www.em.com.br\/emfoco\/wp-json\/wp\/v2\/comments?post=70754"}],"version-history":[{"count":4,"href":"https:\/\/www.em.com.br\/emfoco\/wp-json\/wp\/v2\/posts\/70754\/revisions"}],"predecessor-version":[{"id":70867,"href":"https:\/\/www.em.com.br\/emfoco\/wp-json\/wp\/v2\/posts\/70754\/revisions\/70867"}],"wp:featuredmedia":[{"embeddable":true,"href":"https:\/\/www.em.com.br\/emfoco\/wp-json\/wp\/v2\/media\/39341"}],"wp:attachment":[{"href":"https:\/\/www.em.com.br\/emfoco\/wp-json\/wp\/v2\/media?parent=70754"}],"wp:term":[{"taxonomy":"category","embeddable":true,"href":"https:\/\/www.em.com.br\/emfoco\/wp-json\/wp\/v2\/categories?post=70754"},{"taxonomy":"post_tag","embeddable":true,"href":"https:\/\/www.em.com.br\/emfoco\/wp-json\/wp\/v2\/tags?post=70754"}],"curies":[{"name":"wp","href":"https:\/\/api.w.org\/{rel}","templated":true}]}}