{"id":70690,"date":"2025-07-04T19:48:00","date_gmt":"2025-07-04T22:48:00","guid":{"rendered":"https:\/\/www.em.com.br\/emfoco\/?p=70690"},"modified":"2025-07-03T20:24:47","modified_gmt":"2025-07-03T23:24:47","slug":"quais-cidades-de-minas-gerais-oferecem-a-melhor-qualidade-de-vida-em-2025","status":"publish","type":"post","link":"https:\/\/www.em.com.br\/emfoco\/2025\/07\/04\/quais-cidades-de-minas-gerais-oferecem-a-melhor-qualidade-de-vida-em-2025\/","title":{"rendered":"Quais cidades de Minas Gerais oferecem a melhor qualidade de vida em 2025"},"content":{"rendered":"\n<p>Entender a qualidade de vida em uma cidade requer a avalia\u00e7\u00e3o de diversos fatores que impactam diretamente o bem-estar dos seus moradores. Em\u00a0<strong><a href=\"https:\/\/www.em.com.br\/emfoco\/2025\/07\/02\/uma-das-cidades-mais-acolhedoras-de-minas-gerais-pode-estar-no-seu-proximo-roteiro\/\" target=\"_blank\" rel=\"noreferrer noopener\">Minas Gerais<\/a><\/strong>, aspectos como infraestrutura, educa\u00e7\u00e3o, sa\u00fade e seguran\u00e7a desempenham pap\u00e9is cruciais na determina\u00e7\u00e3o da qualidade de vida. Estes fatores s\u00e3o frequentemente analisados utilizando \u00edndices oficiais, como o\u00a0<strong>\u00cdndice de Desenvolvimento Humano Municipal (IDHM)<\/strong>, al\u00e9m de pesquisas de satisfa\u00e7\u00e3o da popula\u00e7\u00e3o local. Estes indicadores d\u00e3o uma vis\u00e3o abrangente das condi\u00e7\u00f5es de vida em diferentes munic\u00edpios.<\/p>\n\n\n\n<p>No cen\u00e1rio mineiro de&nbsp;<strong>2025<\/strong>, algumas cidades se destacam por proporcionar melhor qualidade de vida aos seus habitantes. A diversidade de caracter\u00edsticas presentes em munic\u00edpios como&nbsp;<strong>Nova Lima<\/strong>,&nbsp;<strong>Uberl\u00e2ndia<\/strong>&nbsp;e&nbsp;<strong>Po\u00e7os de Caldas<\/strong>&nbsp;retrata as v\u00e1rias dimens\u00f5es envolvidas. Cada uma dessas cidades possui particularidades que a tornam atrativas, seja por conta de seu desenvolvimento econ\u00f4mico, oferta de servi\u00e7os ou preserva\u00e7\u00e3o ambiental. Essa combina\u00e7\u00e3o de fatores resulta em uma experi\u00eancia de vida mais satisfat\u00f3ria para seus residentes.<\/p>\n\n\n\n<h2 class=\"wp-block-heading\">Como se elabora o ranking das cidades mineiras com melhor qualidade de vida?<\/h2>\n\n\n\n<p>A elabora\u00e7\u00e3o de rankings sobre qualidade de vida em Minas Gerais envolve a an\u00e1lise de uma variedade de crit\u00e9rios. Institui\u00e7\u00f5es especializadas como o&nbsp;<strong>IBGE<\/strong>&nbsp;e a&nbsp;<strong>Funda\u00e7\u00e3o Jo\u00e3o Pinheiro<\/strong>&nbsp;conduzem estudos que consideram aspectos econ\u00f4micos, sociais e ambientais. Dentre os fatores mais comuns utilizados est\u00e3o a renda per capita, a longevidade da popula\u00e7\u00e3o e o acesso \u00e0 educa\u00e7\u00e3o. Al\u00e9m dessas m\u00e9tricas, pesquisas qualitativas sobre a percep\u00e7\u00e3o dos residentes acerca de mobilidade urbana e op\u00e7\u00f5es de lazer tamb\u00e9m s\u00e3o realizadas para um panorama mais detalhado. Nos \u00faltimos anos, tamb\u00e9m foram incorporados dados sobre sustentabilidade ambiental e acesso \u00e0 tecnologia da informa\u00e7\u00e3o, que refletem a moderniza\u00e7\u00e3o dos munic\u00edpios mineiros.<\/p>\n\n\n\n<h2 class=\"wp-block-heading\">Quais s\u00e3o as 10 cidades de Minas Gerais com melhor qualidade de vida em 2025?<\/h2>\n\n\n\n<p>Em&nbsp;<strong>2025<\/strong>, o ranking das cidades mineiras com melhor<a href=\"https:\/\/www.saudebemestar.pt\/pt\/blog-saude\/qualidade-de-vida\/\" target=\"_blank\" rel=\"noreferrer noopener\">&nbsp;qualidade de vida<\/a>&nbsp;apresenta munic\u00edpios que se destacam em diferentes regi\u00f5es do estado. Entre as dez primeiras colocadas, figuram cidades conhecidas pelo desenvolvimento econ\u00f4mico, oferta de servi\u00e7os p\u00fablicos e preserva\u00e7\u00e3o ambiental. A seguir, est\u00e3o listadas as dez cidades que lideram esse ranking:<\/p>\n\n\n\n<ol class=\"wp-block-list\">\n<li><strong>Nova Lima<\/strong><\/li>\n\n\n\n<li><strong>Uberl\u00e2ndia<\/strong><\/li>\n\n\n\n<li><strong>Po\u00e7os de Caldas<\/strong><\/li>\n\n\n\n<li><strong>Lavras<\/strong><\/li>\n\n\n\n<li><strong>Vi\u00e7osa<\/strong><\/li>\n\n\n\n<li><strong>Patos de Minas<\/strong><\/li>\n\n\n\n<li><strong>Itajub\u00e1<\/strong><\/li>\n\n\n\n<li><strong>Divin\u00f3polis<\/strong><\/li>\n\n\n\n<li><strong>Juiz de Fora<\/strong><\/li>\n\n\n\n<li><strong>Sete Lagoas<\/strong><\/li>\n<\/ol>\n\n\n\n<figure class=\"wp-block-image\"><img decoding=\"async\" src=\"https:\/\/www.em.com.br\/emfoco\/wp-content\/uploads\/2025\/05\/640px-Pocos_de_Caldas-1024x576.jpg\" alt=\"\"\/><figcaption class=\"wp-element-caption\">Po\u00e7o de Caldas MG &#8211; Cr\u00e9ditos: Divulga\u00e7\u00e3o\/Wikimedia Commons<\/figcaption><\/figure>\n\n\n\n<h2 class=\"wp-block-heading\">Quais fatores contribuem para o destaque dessas cidades mineiras?<\/h2>\n\n\n\n<p>A consolida\u00e7\u00e3o dessas cidades no ranking de qualidade de vida \u00e9 atribu\u00edda a v\u00e1rios fatores. Servi\u00e7os p\u00fablicos eficientes, como sa\u00fade e educa\u00e7\u00e3o de qualidade, s\u00e3o essenciais. Nova Lima e Uberl\u00e2ndia, por exemplo, destacam-se por investimentos cont\u00ednuos nos seus sistemas de sa\u00fade, educa\u00e7\u00e3o e infraestrutura. Dinamismo econ\u00f4mico e capacidade de gerar empregos s\u00e3o igualmente importantes. Po\u00e7os de Caldas e&nbsp;<strong>Patos de Minas<\/strong>&nbsp;s\u00e3o ilustrativas nesse sentido com seus polos industriais e comerciais ativos, que atraem investimentos e favorecem o crescimento econ\u00f4mico sustent\u00e1vel. Al\u00e9m disso, a presen\u00e7a de parques industriais tecnol\u00f3gicos evidencia o incentivo \u00e0 inova\u00e7\u00e3o e \u00e0 gera\u00e7\u00e3o de empregos qualificados nessas regi\u00f5es.<\/p>\n\n\n\n<ul class=\"wp-block-list\">\n<li>Sa\u00fade p\u00fablica de qualidade<\/li>\n\n\n\n<li>Educa\u00e7\u00e3o acess\u00edvel<\/li>\n\n\n\n<li>Seguran\u00e7a e baixos \u00edndices de criminalidade<\/li>\n\n\n\n<li>Op\u00e7\u00f5es de lazer e cultura<\/li>\n\n\n\n<li>Infraestrutura urbana eficiente<\/li>\n<\/ul>\n\n\n\n<h2 class=\"wp-block-heading\">Como a qualidade de vida impacta o cotidiano dos moradores dessas cidades?<\/h2>\n\n\n\n<p>A influ\u00eancia da alta qualidade de vida se reflete em v\u00e1rios aspectos do cotidiano dos habitantes. O f\u00e1cil acesso a servi\u00e7os essenciais, como sa\u00fade e educa\u00e7\u00e3o, proporciona tranquilidade \u00e0s fam\u00edlias. Espa\u00e7os de lazer, como parques e centros culturais, tamb\u00e9m contribuem para uma conviv\u00eancia social produtiva e um desenvolvimento pessoal robusto. Al\u00e9m disso, as cidades com baixos \u00edndices de criminalidade oferecem uma sensa\u00e7\u00e3o de seguran\u00e7a que permite que os moradores desfrutem melhor dos espa\u00e7os p\u00fablicos. Em localidades como Nova Lima e Po\u00e7os de Caldas, a oferta crescente de atividades culturais e eventos esportivos tem fortalecido o senso de comunidade e o equil\u00edbrio entre trabalho e lazer.<\/p>\n\n\n\n<h2 class=\"wp-block-heading\">Quais s\u00e3o as perspectivas para a qualidade de vida nas cidades de Minas Gerais nos pr\u00f3ximos anos?<\/h2>\n\n\n\n<p>O futuro da qualidade de vida nas cidades mineiras \u00e9 promissor, com avan\u00e7os previstos em infraestrutura e tecnologia que visam resolver desafios urbanos, como a mobilidade e a preserva\u00e7\u00e3o ambiental. Projetos de revitaliza\u00e7\u00e3o urbana e pol\u00edticas p\u00fablicas voltadas para o desenvolvimento social s\u00e3o esperados para continuar impulsionando esses avan\u00e7os. A participa\u00e7\u00e3o dos cidad\u00e3os nas decis\u00f5es municipais tamb\u00e9m poder\u00e1 intensificar esses progressos, promovendo um bem-estar coletivo ainda maior nas cidades de Minas Gerais. Iniciativas de cidades inteligentes e o uso integrado de plataformas digitais prometem facilitar o acesso a informa\u00e7\u00f5es, melhorando ainda mais a vida cotidiana dos residentes.<\/p>\n","protected":false},"excerpt":{"rendered":"<p>Entender a qualidade de vida em uma cidade requer a avalia\u00e7\u00e3o de diversos fatores que impactam diretamente o bem-estar dos seus moradores. Em\u00a0Minas Gerais, aspectos como infraestrutura, educa\u00e7\u00e3o, sa\u00fade e seguran\u00e7a desempenham pap\u00e9is cruciais na determina\u00e7\u00e3o da qualidade de vida. Estes fatores s\u00e3o frequentemente analisados utilizando \u00edndices oficiais, como o\u00a0\u00cdndice de Desenvolvimento Humano Municipal (IDHM), [&hellip;]<\/p>\n","protected":false},"author":11,"featured_media":60039,"comment_status":"open","ping_status":"open","sticky":false,"template":"","format":"standard","meta":{"jnews-multi-image_gallery":[],"jnews_single_post":{"format":"standard"},"jnews_primary_category":[],"jnews_social_meta":[],"jnews_override_counter":[],"footnotes":""},"categories":[26,1],"tags":[11179,207,327],"class_list":["post-70690","post","type-post","status-publish","format-standard","has-post-thumbnail","hentry","category-cidades","category-noticias","tag-cidade-2","tag-minas-gerais","tag-qualidade-de-vida"],"yoast_head":"<!-- This site is optimized with the Yoast SEO plugin v23.8 - https:\/\/yoast.com\/wordpress\/plugins\/seo\/ -->\n<title>Quais cidades de Minas Gerais oferecem a melhor qualidade de vida em 2025 - Estado de Minas - Em foco<\/title>\n<meta name=\"description\" content=\"Veja o ranking definitivo das cidades mineiras com melhor qualidade de vida em 2025 e os fatores que garantem bem-estar e seguran\u00e7a.\" \/>\n<meta name=\"robots\" content=\"index, follow, max-snippet:-1, max-image-preview:large, max-video-preview:-1\" \/>\n<link rel=\"canonical\" href=\"https:\/\/www.em.com.br\/emfoco\/2025\/07\/04\/quais-cidades-de-minas-gerais-oferecem-a-melhor-qualidade-de-vida-em-2025\/\" \/>\n<meta property=\"og:locale\" content=\"pt_BR\" \/>\n<meta property=\"og:type\" content=\"article\" \/>\n<meta property=\"og:title\" content=\"Quais cidades de Minas Gerais oferecem a melhor qualidade de vida em 2025 - Estado de Minas - Em foco\" \/>\n<meta property=\"og:description\" content=\"Veja o ranking definitivo das cidades mineiras com melhor qualidade de vida em 2025 e os fatores que garantem bem-estar e seguran\u00e7a.\" \/>\n<meta property=\"og:url\" content=\"https:\/\/www.em.com.br\/emfoco\/2025\/07\/04\/quais-cidades-de-minas-gerais-oferecem-a-melhor-qualidade-de-vida-em-2025\/\" \/>\n<meta property=\"og:site_name\" content=\"Estado de Minas - Em foco\" \/>\n<meta property=\"article:published_time\" content=\"2025-07-04T22:48:00+00:00\" \/>\n<meta property=\"article:modified_time\" content=\"2025-07-03T23:24:47+00:00\" \/>\n<meta property=\"og:image\" content=\"https:\/\/www.em.com.br\/emfoco\/wp-content\/uploads\/2025\/06\/Pocos_de_Caldas_8342713496.jpg\" \/>\n\t<meta property=\"og:image:width\" content=\"1280\" \/>\n\t<meta property=\"og:image:height\" content=\"720\" \/>\n\t<meta property=\"og:image:type\" content=\"image\/jpeg\" \/>\n<meta name=\"author\" content=\"Andre\u0301 Rangel\u00a0\" \/>\n<meta name=\"twitter:card\" content=\"summary_large_image\" \/>\n<meta name=\"twitter:label1\" content=\"Escrito por\" \/>\n\t<meta name=\"twitter:data1\" content=\"Andre\u0301 Rangel\u00a0\" \/>\n\t<meta name=\"twitter:label2\" content=\"Est. tempo de leitura\" \/>\n\t<meta name=\"twitter:data2\" content=\"5 minutos\" \/>\n<!-- \/ Yoast SEO plugin. -->","yoast_head_json":{"title":"Quais cidades de Minas Gerais oferecem a melhor qualidade de vida em 2025 - Estado de Minas - Em foco","description":"Veja o ranking definitivo das cidades mineiras com melhor qualidade de vida em 2025 e os fatores que garantem bem-estar e seguran\u00e7a.","robots":{"index":"index","follow":"follow","max-snippet":"max-snippet:-1","max-image-preview":"max-image-preview:large","max-video-preview":"max-video-preview:-1"},"canonical":"https:\/\/www.em.com.br\/emfoco\/2025\/07\/04\/quais-cidades-de-minas-gerais-oferecem-a-melhor-qualidade-de-vida-em-2025\/","og_locale":"pt_BR","og_type":"article","og_title":"Quais cidades de Minas Gerais oferecem a melhor qualidade de vida em 2025 - Estado de Minas - Em foco","og_description":"Veja o ranking definitivo das cidades mineiras com melhor qualidade de vida em 2025 e os fatores que garantem bem-estar e seguran\u00e7a.","og_url":"https:\/\/www.em.com.br\/emfoco\/2025\/07\/04\/quais-cidades-de-minas-gerais-oferecem-a-melhor-qualidade-de-vida-em-2025\/","og_site_name":"Estado de Minas - Em foco","article_published_time":"2025-07-04T22:48:00+00:00","article_modified_time":"2025-07-03T23:24:47+00:00","og_image":[{"width":1280,"height":720,"url":"https:\/\/www.em.com.br\/emfoco\/wp-content\/uploads\/2025\/06\/Pocos_de_Caldas_8342713496.jpg","type":"image\/jpeg"}],"author":"Andre\u0301 Rangel\u00a0","twitter_card":"summary_large_image","twitter_misc":{"Escrito por":"Andre\u0301 Rangel\u00a0","Est. tempo de leitura":"5 minutos"},"schema":{"@context":"https:\/\/schema.org","@graph":[{"@type":"WebPage","@id":"https:\/\/www.em.com.br\/emfoco\/2025\/07\/04\/quais-cidades-de-minas-gerais-oferecem-a-melhor-qualidade-de-vida-em-2025\/","url":"https:\/\/www.em.com.br\/emfoco\/2025\/07\/04\/quais-cidades-de-minas-gerais-oferecem-a-melhor-qualidade-de-vida-em-2025\/","name":"Quais cidades de Minas Gerais oferecem a melhor qualidade de vida em 2025 - Estado de Minas - Em foco","isPartOf":{"@id":"https:\/\/www.em.com.br\/emfoco\/#website"},"primaryImageOfPage":{"@id":"https:\/\/www.em.com.br\/emfoco\/2025\/07\/04\/quais-cidades-de-minas-gerais-oferecem-a-melhor-qualidade-de-vida-em-2025\/#primaryimage"},"image":{"@id":"https:\/\/www.em.com.br\/emfoco\/2025\/07\/04\/quais-cidades-de-minas-gerais-oferecem-a-melhor-qualidade-de-vida-em-2025\/#primaryimage"},"thumbnailUrl":"https:\/\/www.em.com.br\/emfoco\/wp-content\/uploads\/2025\/06\/Pocos_de_Caldas_8342713496.jpg","datePublished":"2025-07-04T22:48:00+00:00","dateModified":"2025-07-03T23:24:47+00:00","author":{"@id":"https:\/\/www.em.com.br\/emfoco\/#\/schema\/person\/60eda09c1fedf0d6891f4cef4b60b8b8"},"description":"Veja o ranking definitivo das cidades mineiras com melhor qualidade de vida em 2025 e os fatores que garantem bem-estar e seguran\u00e7a.","breadcrumb":{"@id":"https:\/\/www.em.com.br\/emfoco\/2025\/07\/04\/quais-cidades-de-minas-gerais-oferecem-a-melhor-qualidade-de-vida-em-2025\/#breadcrumb"},"inLanguage":"pt-BR","potentialAction":[{"@type":"ReadAction","target":["https:\/\/www.em.com.br\/emfoco\/2025\/07\/04\/quais-cidades-de-minas-gerais-oferecem-a-melhor-qualidade-de-vida-em-2025\/"]}]},{"@type":"ImageObject","inLanguage":"pt-BR","@id":"https:\/\/www.em.com.br\/emfoco\/2025\/07\/04\/quais-cidades-de-minas-gerais-oferecem-a-melhor-qualidade-de-vida-em-2025\/#primaryimage","url":"https:\/\/www.em.com.br\/emfoco\/wp-content\/uploads\/2025\/06\/Pocos_de_Caldas_8342713496.jpg","contentUrl":"https:\/\/www.em.com.br\/emfoco\/wp-content\/uploads\/2025\/06\/Pocos_de_Caldas_8342713496.jpg","width":1280,"height":720,"caption":"Po\u00e7os de Caldas MG - Cr\u00e9ditos: Divulga\u00e7\u00e3o\/Wikimedia Commons"},{"@type":"BreadcrumbList","@id":"https:\/\/www.em.com.br\/emfoco\/2025\/07\/04\/quais-cidades-de-minas-gerais-oferecem-a-melhor-qualidade-de-vida-em-2025\/#breadcrumb","itemListElement":[{"@type":"ListItem","position":1,"name":"In\u00edcio","item":"https:\/\/www.em.com.br\/emfoco\/"},{"@type":"ListItem","position":2,"name":"Quais cidades de Minas Gerais oferecem a melhor qualidade de vida em 2025"}]},{"@type":"WebSite","@id":"https:\/\/www.em.com.br\/emfoco\/#website","url":"https:\/\/www.em.com.br\/emfoco\/","name":"Estado de Minas - Em foco","description":"Acompanhe as \u00faltimas not\u00edcias e fique bem informado sobre tudo o que acontece em Minas Gerais, Brasil e no mundo.","potentialAction":[{"@type":"SearchAction","target":{"@type":"EntryPoint","urlTemplate":"https:\/\/www.em.com.br\/emfoco\/?s={search_term_string}"},"query-input":{"@type":"PropertyValueSpecification","valueRequired":true,"valueName":"search_term_string"}}],"inLanguage":"pt-BR"},{"@type":"Person","@id":"https:\/\/www.em.com.br\/emfoco\/#\/schema\/person\/60eda09c1fedf0d6891f4cef4b60b8b8","name":"Andre\u0301 Rangel\u00a0","image":{"@type":"ImageObject","inLanguage":"pt-BR","@id":"https:\/\/www.em.com.br\/emfoco\/#\/schema\/person\/image\/","url":"https:\/\/secure.gravatar.com\/avatar\/6234dc814c77c8ef6d8bba622c787efc?s=96&d=mm&r=g","contentUrl":"https:\/\/secure.gravatar.com\/avatar\/6234dc814c77c8ef6d8bba622c787efc?s=96&d=mm&r=g","caption":"Andre\u0301 Rangel\u00a0"},"url":"https:\/\/www.em.com.br\/emfoco\/author\/luizmyth\/"}]}},"_links":{"self":[{"href":"https:\/\/www.em.com.br\/emfoco\/wp-json\/wp\/v2\/posts\/70690","targetHints":{"allow":["GET"]}}],"collection":[{"href":"https:\/\/www.em.com.br\/emfoco\/wp-json\/wp\/v2\/posts"}],"about":[{"href":"https:\/\/www.em.com.br\/emfoco\/wp-json\/wp\/v2\/types\/post"}],"author":[{"embeddable":true,"href":"https:\/\/www.em.com.br\/emfoco\/wp-json\/wp\/v2\/users\/11"}],"replies":[{"embeddable":true,"href":"https:\/\/www.em.com.br\/emfoco\/wp-json\/wp\/v2\/comments?post=70690"}],"version-history":[{"count":4,"href":"https:\/\/www.em.com.br\/emfoco\/wp-json\/wp\/v2\/posts\/70690\/revisions"}],"predecessor-version":[{"id":70726,"href":"https:\/\/www.em.com.br\/emfoco\/wp-json\/wp\/v2\/posts\/70690\/revisions\/70726"}],"wp:featuredmedia":[{"embeddable":true,"href":"https:\/\/www.em.com.br\/emfoco\/wp-json\/wp\/v2\/media\/60039"}],"wp:attachment":[{"href":"https:\/\/www.em.com.br\/emfoco\/wp-json\/wp\/v2\/media?parent=70690"}],"wp:term":[{"taxonomy":"category","embeddable":true,"href":"https:\/\/www.em.com.br\/emfoco\/wp-json\/wp\/v2\/categories?post=70690"},{"taxonomy":"post_tag","embeddable":true,"href":"https:\/\/www.em.com.br\/emfoco\/wp-json\/wp\/v2\/tags?post=70690"}],"curies":[{"name":"wp","href":"https:\/\/api.w.org\/{rel}","templated":true}]}}