{"id":70652,"date":"2025-07-04T15:18:09","date_gmt":"2025-07-04T18:18:09","guid":{"rendered":"https:\/\/www.em.com.br\/emfoco\/?p=70652"},"modified":"2025-07-03T19:56:04","modified_gmt":"2025-07-03T22:56:04","slug":"o-que-muda-nos-planos-de-saude-para-idosos-a-partir-de-2025","status":"publish","type":"post","link":"https:\/\/www.em.com.br\/emfoco\/2025\/07\/04\/o-que-muda-nos-planos-de-saude-para-idosos-a-partir-de-2025\/","title":{"rendered":"O que muda nos planos de sa\u00fade para idosos a partir de 2025"},"content":{"rendered":"\n<p>As regras para <a href=\"https:\/\/www.gazetadopovo.com.br\/economia\/stf-julga-se-planos-de-saude-podem-aumentar-mensalidade-de-idosos\/\" target=\"_blank\" rel=\"noreferrer noopener\">planos de sa\u00fade<\/a> v\u00eam passando por mudan\u00e7as significativas, especialmente no que diz respeito aos benefici\u00e1rios com mais de 60 anos. A medida visa adequar-se \u00e0s demandas de uma popula\u00e7\u00e3o envelhecida que busca cada vez mais por servi\u00e7os de sa\u00fade personalizados e acess\u00edveis. As operadoras est\u00e3o ajustando pol\u00edticas, coberturas e custos para atender melhor a este segmento da popula\u00e7\u00e3o.<\/p>\n\n\n\n<p>Os ajustes na estrutura de cobran\u00e7a e nos pacotes de servi\u00e7os s\u00e3o uma resposta \u00e0s necessidades espec\u00edficas dos idosos, considerando que essa faixa et\u00e1ria possui particularidades relacionadas \u00e0 sa\u00fade. Al\u00e9m disso, o envelhecimento populacional vem pressionando o sistema de sa\u00fade, demandando modifica\u00e7\u00f5es que garantam tanto a sustentabilidade dos planos quanto atendimento de qualidade. Destaca-se que cidades maiores, como <strong>Rio de Janeiro<\/strong> e S\u00e3o Paulo, est\u00e3o experimentando essas mudan\u00e7as de maneira ainda mais intensa, devido \u00e0 alta concentra\u00e7\u00e3o de idosos nessas regi\u00f5es e \u00e0 busca crescente por atendimento de qualidade.<\/p>\n\n\n\n<h2 class=\"wp-block-heading\">O que muda nos planos de sa\u00fade para idosos?<\/h2>\n\n\n\n<p>Com a meta de assegurar a viabilidade financeira e a qualidade do atendimento, os <a href=\"https:\/\/www.em.com.br\/emfoco\/2024\/12\/25\/seu-plano-de-saude-vai-mudar-confira\/\" target=\"_blank\" rel=\"noreferrer noopener\">planos de sa\u00fade<\/a> est\u00e3o adotando novas medidas como a revis\u00e3o das cl\u00e1usulas contratuais e das coberturas. Um dos principais focos \u00e9 a redu\u00e7\u00e3o da sinistralidade, que \u00e9 a rela\u00e7\u00e3o entre os custos com despesas m\u00e9dicas e o que \u00e9 arrecadado com as mensalidades. Para isso, muitas empresas est\u00e3o investindo em programas de preven\u00e7\u00e3o e promo\u00e7\u00e3o da sa\u00fade. Al\u00e9m disso, empresas not\u00f3rias como <strong>Unimed<\/strong> t\u00eam desenvolvido solu\u00e7\u00f5es tecnol\u00f3gicas e pacotes exclusivos para esse p\u00fablico.<\/p>\n\n\n\n<p>Al\u00e9m disso, algumas operadoras est\u00e3o criando pacotes voltados exclusivamente para os idosos, com caracter\u00edsticas e pre\u00e7os adaptados \u00e0s suas necessidades. Essas mudan\u00e7as visam oferecer acesso a tratamentos e tecnologias m\u00e9dicas que correspondam ao perfil e \u00e0s expectativas desse p\u00fablico espec\u00edfico, tentando balancear a rela\u00e7\u00e3o custo-benef\u00edcio para ambos os lados.<\/p>\n\n\n\n<h2 class=\"wp-block-heading\">Preven\u00e7\u00e3o \u00e9 a chave para qualidade de vida<\/h2>\n\n\n\n<p>Para reduzir os custos e melhorar a qualidade de vida dos benefici\u00e1rios, os planos de sa\u00fade est\u00e3o incentivando a preven\u00e7\u00e3o. Programas de sa\u00fade preventiva, como exames regulares e acompanhamento cont\u00ednuo de condi\u00e7\u00f5es cr\u00f4nicas, s\u00e3o ferramentas implementadas para minimizar o surgimento de complica\u00e7\u00f5es mais graves. Essas pol\u00edticas t\u00eam mostrado um resultado positivo, contribuindo para a redu\u00e7\u00e3o de interna\u00e7\u00f5es e a melhoria da sa\u00fade geral da popula\u00e7\u00e3o idosa.<\/p>\n\n\n\n<p>Cada vez mais se observa a integra\u00e7\u00e3o dos servi\u00e7os de cuidados em sa\u00fade \u00e0 tecnologia, usando aplicativos e plataformas digitais para monitorar a sa\u00fade dos benefici\u00e1rios. Aplicativos como o <strong>Meu Plano Sa\u00fade<\/strong>, por exemplo, est\u00e3o sendo difundidos entre esse p\u00fablico para facilitar agendamentos, consultas e acompanhamento de exames. Esse tipo de inova\u00e7\u00e3o auxilia na gest\u00e3o da sa\u00fade e no controle das condi\u00e7\u00f5es cr\u00f4nicas, tornando o processo mais din\u00e2mico e eficiente.<\/p>\n\n\n\n<figure class=\"wp-block-image size-large\"><img loading=\"lazy\" decoding=\"async\" width=\"1024\" height=\"576\" src=\"https:\/\/www.em.com.br\/emfoco\/wp-content\/uploads\/2025\/07\/Idoso-tirando-sangue_1751542304927-1024x576.jpg\" alt=\"O que muda nos planos de sa\u00fade para idosos a partir de 2025\" class=\"wp-image-70655\" srcset=\"https:\/\/www.em.com.br\/emfoco\/wp-content\/uploads\/2025\/07\/Idoso-tirando-sangue_1751542304927-1024x576.jpg 1024w, https:\/\/www.em.com.br\/emfoco\/wp-content\/uploads\/2025\/07\/Idoso-tirando-sangue_1751542304927-300x169.jpg 300w, https:\/\/www.em.com.br\/emfoco\/wp-content\/uploads\/2025\/07\/Idoso-tirando-sangue_1751542304927-768x432.jpg 768w, https:\/\/www.em.com.br\/emfoco\/wp-content\/uploads\/2025\/07\/Idoso-tirando-sangue_1751542304927-750x422.jpg 750w, https:\/\/www.em.com.br\/emfoco\/wp-content\/uploads\/2025\/07\/Idoso-tirando-sangue_1751542304927-1140x641.jpg 1140w, https:\/\/www.em.com.br\/emfoco\/wp-content\/uploads\/2025\/07\/Idoso-tirando-sangue_1751542304927.jpg 1280w\" sizes=\"auto, (max-width: 1024px) 100vw, 1024px\" \/><figcaption class=\"wp-element-caption\">Aferindo a press\u00e3o arterial &#8211; Cr\u00e9ditos: depositphotos.com \/ DragonImages<\/figcaption><\/figure>\n\n\n\n<h2 class=\"wp-block-heading\">Como a regulamenta\u00e7\u00e3o influencia as mudan\u00e7as?<\/h2>\n\n\n\n<p>A regulamenta\u00e7\u00e3o dos planos de sa\u00fade no <strong>Brasil<\/strong>, promovida por \u00f3rg\u00e3os como a <strong>Ag\u00eancia Nacional de Sa\u00fade Suplementar<\/strong> (ANS), exerce papel crucial nas mudan\u00e7as de regras. Normativas que incentivam a transpar\u00eancia e o cumprimento de contratos s\u00e3o impulsionadoras de um mercado mais seguro e justo. Recentemente, regulamenta\u00e7\u00f5es passaram a exigir que as operadoras especificassem detalhadamente a cobertura para idosos, garantindo mais clareza e evitando surpresas desagrad\u00e1veis para os consumidores.<\/p>\n\n\n\n<p>Com as diretrizes claras, os benefici\u00e1rios t\u00eam maior controle sobre seus direitos e obriga\u00e7\u00f5es, resultando em um mercado mais competitivo, onde o consumidor pode escolher a operadora ou o tipo de plano que melhor se adapta \u00e0s suas necessidades espec\u00edficas.<\/p>\n\n\n\n<h2 class=\"wp-block-heading\">As mudan\u00e7as s\u00e3o ben\u00e9ficas para os idosos?<\/h2>\n\n\n\n<p>A readequa\u00e7\u00e3o dos planos de sa\u00fade voltados para idosos traz, sem d\u00favida, impactos positivos. O foco em atendimento personalizado, a melhoria na comunica\u00e7\u00e3o entre benefici\u00e1rios e operadoras, e a \u00eanfase em cuidados preventivos simbolizam um avan\u00e7o na qualidade dos servi\u00e7os. Contudo, h\u00e1 desafios a serem superados, incluindo o equil\u00edbrio econ\u00f4mico-financeiro das operadoras e a adapta\u00e7\u00e3o cont\u00ednua \u00e0s regula\u00e7\u00f5es do setor.<\/p>\n\n\n\n<p>As empresas precisam buscar formas de manter o equil\u00edbrio financeiro sem sobrecarregar os consumidores, especialmente em um cen\u00e1rio econ\u00f4mico desafiador. Para os idosos, as mudan\u00e7as oferecem acesso a servi\u00e7os mais alinhados com suas necessidades, mas cabe a cada benefici\u00e1rio estar atento \u00e0s ofertas e condi\u00e7\u00f5es contratuais.<\/p>\n\n\n\n<h2 class=\"wp-block-heading\">Perguntas e respostas<\/h2>\n\n\n\n<ol class=\"wp-block-list\">\n<li><strong>Quais s\u00e3o as principais mudan\u00e7as nos planos de sa\u00fade para idosos?<\/strong> <br>Revis\u00e3o das cl\u00e1usulas contratuais, foco maior em preven\u00e7\u00e3o e promo\u00e7\u00e3o de sa\u00fade, e adapta\u00e7\u00e3o das coberturas \u00e0s necessidades espec\u00edficas dos idosos.<\/li>\n\n\n\n<li><strong>Como os planos de sa\u00fade est\u00e3o incentivando a preven\u00e7\u00e3o?<\/strong> <br>Atrav\u00e9s de programas de sa\u00fade preventiva, monitoramento cont\u00ednuo e uso de tecnologias digitais para controle de condi\u00e7\u00f5es de sa\u00fade, como o aplicativo Meu Plano Sa\u00fade.<\/li>\n\n\n\n<li><strong>Qual o papel da ANS nessas mudan\u00e7as?<\/strong> <br>A ANS regula o setor, exigindo transpar\u00eancia nas informa\u00e7\u00f5es e cobrindo cl\u00e1usulas espec\u00edficas para a prote\u00e7\u00e3o dos idosos.<\/li>\n\n\n\n<li><strong>As mudan\u00e7as afetam o custo do plano?<\/strong> <br>As mudan\u00e7as podem afetar os custos, mas em geral visam melhorar a rela\u00e7\u00e3o custo-benef\u00edcio, oferecendo servi\u00e7os mais adequados \u00e0s necessidades dos idosos.<\/li>\n<\/ol>\n","protected":false},"excerpt":{"rendered":"<p>As regras para planos de sa\u00fade v\u00eam passando por mudan\u00e7as significativas, especialmente no que diz respeito aos benefici\u00e1rios com mais de 60 anos. A medida visa adequar-se \u00e0s demandas de uma popula\u00e7\u00e3o envelhecida que busca cada vez mais por servi\u00e7os de sa\u00fade personalizados e acess\u00edveis. As operadoras est\u00e3o ajustando pol\u00edticas, coberturas e custos para atender [&hellip;]<\/p>\n","protected":false},"author":18,"featured_media":70654,"comment_status":"open","ping_status":"open","sticky":false,"template":"","format":"standard","meta":{"jnews-multi-image_gallery":[],"jnews_single_post":{"format":"standard"},"jnews_primary_category":[],"jnews_social_meta":[],"jnews_override_counter":[],"footnotes":""},"categories":[1],"tags":[4568,260,4366,415],"class_list":["post-70652","post","type-post","status-publish","format-standard","has-post-thumbnail","hentry","category-noticias","tag-aumento","tag-idosos","tag-plano-de-saude","tag-saude"],"yoast_head":"<!-- This site is optimized with the Yoast SEO plugin v23.8 - https:\/\/yoast.com\/wordpress\/plugins\/seo\/ -->\n<title>O que muda nos planos de sa\u00fade para idosos a partir de 2025 - Estado de Minas - Em foco<\/title>\n<meta name=\"description\" content=\"Novas regras em planos de sa\u00fade prometem mais cuidado e transpar\u00eancia para idosos. Entenda o que est\u00e1 mudando e como isso afeta voc\u00ea.\" \/>\n<meta name=\"robots\" content=\"index, follow, max-snippet:-1, max-image-preview:large, max-video-preview:-1\" \/>\n<link rel=\"canonical\" href=\"https:\/\/www.em.com.br\/emfoco\/2025\/07\/04\/o-que-muda-nos-planos-de-saude-para-idosos-a-partir-de-2025\/\" \/>\n<meta property=\"og:locale\" content=\"pt_BR\" \/>\n<meta property=\"og:type\" content=\"article\" \/>\n<meta property=\"og:title\" content=\"O que muda nos planos de sa\u00fade para idosos a partir de 2025 - Estado de Minas - Em foco\" \/>\n<meta property=\"og:description\" content=\"Novas regras em planos de sa\u00fade prometem mais cuidado e transpar\u00eancia para idosos. Entenda o que est\u00e1 mudando e como isso afeta voc\u00ea.\" \/>\n<meta property=\"og:url\" content=\"https:\/\/www.em.com.br\/emfoco\/2025\/07\/04\/o-que-muda-nos-planos-de-saude-para-idosos-a-partir-de-2025\/\" \/>\n<meta property=\"og:site_name\" content=\"Estado de Minas - Em foco\" \/>\n<meta property=\"article:published_time\" content=\"2025-07-04T18:18:09+00:00\" \/>\n<meta property=\"article:modified_time\" content=\"2025-07-03T22:56:04+00:00\" \/>\n<meta property=\"og:image\" content=\"https:\/\/www.em.com.br\/emfoco\/wp-content\/uploads\/2025\/07\/PLANO-DE-SAUDE_1751542045396.jpg\" \/>\n\t<meta property=\"og:image:width\" content=\"1280\" \/>\n\t<meta property=\"og:image:height\" content=\"720\" \/>\n\t<meta property=\"og:image:type\" content=\"image\/jpeg\" \/>\n<meta name=\"author\" content=\"Julio Cesar\" \/>\n<meta name=\"twitter:card\" content=\"summary_large_image\" \/>\n<meta name=\"twitter:label1\" content=\"Escrito por\" \/>\n\t<meta name=\"twitter:data1\" content=\"Julio Cesar\" \/>\n\t<meta name=\"twitter:label2\" content=\"Est. tempo de leitura\" \/>\n\t<meta name=\"twitter:data2\" content=\"5 minutos\" \/>\n<!-- \/ Yoast SEO plugin. -->","yoast_head_json":{"title":"O que muda nos planos de sa\u00fade para idosos a partir de 2025 - Estado de Minas - Em foco","description":"Novas regras em planos de sa\u00fade prometem mais cuidado e transpar\u00eancia para idosos. Entenda o que est\u00e1 mudando e como isso afeta voc\u00ea.","robots":{"index":"index","follow":"follow","max-snippet":"max-snippet:-1","max-image-preview":"max-image-preview:large","max-video-preview":"max-video-preview:-1"},"canonical":"https:\/\/www.em.com.br\/emfoco\/2025\/07\/04\/o-que-muda-nos-planos-de-saude-para-idosos-a-partir-de-2025\/","og_locale":"pt_BR","og_type":"article","og_title":"O que muda nos planos de sa\u00fade para idosos a partir de 2025 - Estado de Minas - Em foco","og_description":"Novas regras em planos de sa\u00fade prometem mais cuidado e transpar\u00eancia para idosos. Entenda o que est\u00e1 mudando e como isso afeta voc\u00ea.","og_url":"https:\/\/www.em.com.br\/emfoco\/2025\/07\/04\/o-que-muda-nos-planos-de-saude-para-idosos-a-partir-de-2025\/","og_site_name":"Estado de Minas - Em foco","article_published_time":"2025-07-04T18:18:09+00:00","article_modified_time":"2025-07-03T22:56:04+00:00","og_image":[{"width":1280,"height":720,"url":"https:\/\/www.em.com.br\/emfoco\/wp-content\/uploads\/2025\/07\/PLANO-DE-SAUDE_1751542045396.jpg","type":"image\/jpeg"}],"author":"Julio Cesar","twitter_card":"summary_large_image","twitter_misc":{"Escrito por":"Julio Cesar","Est. tempo de leitura":"5 minutos"},"schema":{"@context":"https:\/\/schema.org","@graph":[{"@type":"WebPage","@id":"https:\/\/www.em.com.br\/emfoco\/2025\/07\/04\/o-que-muda-nos-planos-de-saude-para-idosos-a-partir-de-2025\/","url":"https:\/\/www.em.com.br\/emfoco\/2025\/07\/04\/o-que-muda-nos-planos-de-saude-para-idosos-a-partir-de-2025\/","name":"O que muda nos planos de sa\u00fade para idosos a partir de 2025 - Estado de Minas - Em foco","isPartOf":{"@id":"https:\/\/www.em.com.br\/emfoco\/#website"},"primaryImageOfPage":{"@id":"https:\/\/www.em.com.br\/emfoco\/2025\/07\/04\/o-que-muda-nos-planos-de-saude-para-idosos-a-partir-de-2025\/#primaryimage"},"image":{"@id":"https:\/\/www.em.com.br\/emfoco\/2025\/07\/04\/o-que-muda-nos-planos-de-saude-para-idosos-a-partir-de-2025\/#primaryimage"},"thumbnailUrl":"https:\/\/www.em.com.br\/emfoco\/wp-content\/uploads\/2025\/07\/PLANO-DE-SAUDE_1751542045396.jpg","datePublished":"2025-07-04T18:18:09+00:00","dateModified":"2025-07-03T22:56:04+00:00","author":{"@id":"https:\/\/www.em.com.br\/emfoco\/#\/schema\/person\/08c4a03e38018bbab9038d5f788321fc"},"description":"Novas regras em planos de sa\u00fade prometem mais cuidado e transpar\u00eancia para idosos. Entenda o que est\u00e1 mudando e como isso afeta voc\u00ea.","breadcrumb":{"@id":"https:\/\/www.em.com.br\/emfoco\/2025\/07\/04\/o-que-muda-nos-planos-de-saude-para-idosos-a-partir-de-2025\/#breadcrumb"},"inLanguage":"pt-BR","potentialAction":[{"@type":"ReadAction","target":["https:\/\/www.em.com.br\/emfoco\/2025\/07\/04\/o-que-muda-nos-planos-de-saude-para-idosos-a-partir-de-2025\/"]}]},{"@type":"ImageObject","inLanguage":"pt-BR","@id":"https:\/\/www.em.com.br\/emfoco\/2025\/07\/04\/o-que-muda-nos-planos-de-saude-para-idosos-a-partir-de-2025\/#primaryimage","url":"https:\/\/www.em.com.br\/emfoco\/wp-content\/uploads\/2025\/07\/PLANO-DE-SAUDE_1751542045396.jpg","contentUrl":"https:\/\/www.em.com.br\/emfoco\/wp-content\/uploads\/2025\/07\/PLANO-DE-SAUDE_1751542045396.jpg","width":1280,"height":720,"caption":"Vendo contrato do plano de sa\u00fade - Cr\u00e9ditos: depositphotos.com \/ VitalikRadko"},{"@type":"BreadcrumbList","@id":"https:\/\/www.em.com.br\/emfoco\/2025\/07\/04\/o-que-muda-nos-planos-de-saude-para-idosos-a-partir-de-2025\/#breadcrumb","itemListElement":[{"@type":"ListItem","position":1,"name":"In\u00edcio","item":"https:\/\/www.em.com.br\/emfoco\/"},{"@type":"ListItem","position":2,"name":"O que muda nos planos de sa\u00fade para idosos a partir de 2025"}]},{"@type":"WebSite","@id":"https:\/\/www.em.com.br\/emfoco\/#website","url":"https:\/\/www.em.com.br\/emfoco\/","name":"Estado de Minas - Em foco","description":"Acompanhe as \u00faltimas not\u00edcias e fique bem informado sobre tudo o que acontece em Minas Gerais, Brasil e no mundo.","potentialAction":[{"@type":"SearchAction","target":{"@type":"EntryPoint","urlTemplate":"https:\/\/www.em.com.br\/emfoco\/?s={search_term_string}"},"query-input":{"@type":"PropertyValueSpecification","valueRequired":true,"valueName":"search_term_string"}}],"inLanguage":"pt-BR"},{"@type":"Person","@id":"https:\/\/www.em.com.br\/emfoco\/#\/schema\/person\/08c4a03e38018bbab9038d5f788321fc","name":"Julio Cesar","image":{"@type":"ImageObject","inLanguage":"pt-BR","@id":"https:\/\/www.em.com.br\/emfoco\/#\/schema\/person\/image\/","url":"https:\/\/secure.gravatar.com\/avatar\/ab1ea64f0d4f4c1385f8ef10d5a6e758?s=96&d=mm&r=g","contentUrl":"https:\/\/secure.gravatar.com\/avatar\/ab1ea64f0d4f4c1385f8ef10d5a6e758?s=96&d=mm&r=g","caption":"Julio Cesar"},"url":"https:\/\/www.em.com.br\/emfoco\/author\/juliomyth\/"}]}},"_links":{"self":[{"href":"https:\/\/www.em.com.br\/emfoco\/wp-json\/wp\/v2\/posts\/70652","targetHints":{"allow":["GET"]}}],"collection":[{"href":"https:\/\/www.em.com.br\/emfoco\/wp-json\/wp\/v2\/posts"}],"about":[{"href":"https:\/\/www.em.com.br\/emfoco\/wp-json\/wp\/v2\/types\/post"}],"author":[{"embeddable":true,"href":"https:\/\/www.em.com.br\/emfoco\/wp-json\/wp\/v2\/users\/18"}],"replies":[{"embeddable":true,"href":"https:\/\/www.em.com.br\/emfoco\/wp-json\/wp\/v2\/comments?post=70652"}],"version-history":[{"count":2,"href":"https:\/\/www.em.com.br\/emfoco\/wp-json\/wp\/v2\/posts\/70652\/revisions"}],"predecessor-version":[{"id":70657,"href":"https:\/\/www.em.com.br\/emfoco\/wp-json\/wp\/v2\/posts\/70652\/revisions\/70657"}],"wp:featuredmedia":[{"embeddable":true,"href":"https:\/\/www.em.com.br\/emfoco\/wp-json\/wp\/v2\/media\/70654"}],"wp:attachment":[{"href":"https:\/\/www.em.com.br\/emfoco\/wp-json\/wp\/v2\/media?parent=70652"}],"wp:term":[{"taxonomy":"category","embeddable":true,"href":"https:\/\/www.em.com.br\/emfoco\/wp-json\/wp\/v2\/categories?post=70652"},{"taxonomy":"post_tag","embeddable":true,"href":"https:\/\/www.em.com.br\/emfoco\/wp-json\/wp\/v2\/tags?post=70652"}],"curies":[{"name":"wp","href":"https:\/\/api.w.org\/{rel}","templated":true}]}}