{"id":70638,"date":"2025-07-03T18:58:00","date_gmt":"2025-07-03T21:58:00","guid":{"rendered":"https:\/\/www.em.com.br\/emfoco\/?p=70638"},"modified":"2025-07-02T23:56:31","modified_gmt":"2025-07-03T02:56:31","slug":"brasileiros-comemoram-nova-chance-de-sacar-o-fgts","status":"publish","type":"post","link":"https:\/\/www.em.com.br\/emfoco\/2025\/07\/03\/brasileiros-comemoram-nova-chance-de-sacar-o-fgts\/","title":{"rendered":"Brasileiros comemoram nova chance de sacar o FGTS!"},"content":{"rendered":"\n<p>O <strong>Fundo de Garantia do Tempo de Servi\u00e7o<\/strong> (<a href=\"https:\/\/www.em.com.br\/emfoco\/2025\/06\/29\/multa-de-40-do-fgts-pode-render-mais-do-que-voce-imagina\/\" target=\"_blank\" rel=\"noreferrer noopener\">FGTS<\/a>) \u00e9 um direito dos trabalhadores brasileiros, criado para proteg\u00ea-los em situa\u00e7\u00f5es de demiss\u00e3o sem justa causa. Recentemente, uma nova modalidade de saque foi introduzida, conhecida como <strong>saque-anivers\u00e1rio<\/strong>. Essa op\u00e7\u00e3o permite que o trabalhador retire parte do saldo de sua conta do <strong>FGTS <\/strong>anualmente, no m\u00eas de seu anivers\u00e1rio, oferecendo uma alternativa ao saque tradicional.<\/p>\n\n\n\n<p>O saque-anivers\u00e1rio oferece flexibilidade ao trabalhador, permitindo acesso a uma parte dos recursos do <strong>FGTS <\/strong>sem precisar ser demitido. A ades\u00e3o a essa modalidade \u00e9 opcional e pode ser feita atrav\u00e9s do site ou aplicativo do <strong>FGTS<\/strong>. Uma vez solicitada, a quantia \u00e9 depositada na conta banc\u00e1ria cadastrada em at\u00e9 cinco dias \u00fateis, desde que o pedido seja realizado no m\u00eas de anivers\u00e1rio do trabalhador.<\/p>\n\n\n\n<h2 class=\"wp-block-heading\">Como funciona o saque-anivers\u00e1rio do FGTS?<\/h2>\n\n\n<div class=\"wp-block-image\">\n<figure class=\"aligncenter size-large\"><img loading=\"lazy\" decoding=\"async\" width=\"1024\" height=\"576\" src=\"https:\/\/www.em.com.br\/emfoco\/wp-content\/uploads\/2025\/06\/Bubble_speech_with_cut_out_phrase_fgts_in_the_paper-1024x576.jpg\" alt=\"Multa de 40% do FGTS pode render mais do que voc\u00ea imagina\" class=\"wp-image-56493\" srcset=\"https:\/\/www.em.com.br\/emfoco\/wp-content\/uploads\/2025\/06\/Bubble_speech_with_cut_out_phrase_fgts_in_the_paper-1024x576.jpg 1024w, https:\/\/www.em.com.br\/emfoco\/wp-content\/uploads\/2025\/06\/Bubble_speech_with_cut_out_phrase_fgts_in_the_paper-300x169.jpg 300w, https:\/\/www.em.com.br\/emfoco\/wp-content\/uploads\/2025\/06\/Bubble_speech_with_cut_out_phrase_fgts_in_the_paper-768x432.jpg 768w, https:\/\/www.em.com.br\/emfoco\/wp-content\/uploads\/2025\/06\/Bubble_speech_with_cut_out_phrase_fgts_in_the_paper-750x422.jpg 750w, https:\/\/www.em.com.br\/emfoco\/wp-content\/uploads\/2025\/06\/Bubble_speech_with_cut_out_phrase_fgts_in_the_paper-1140x642.jpg 1140w, https:\/\/www.em.com.br\/emfoco\/wp-content\/uploads\/2025\/06\/Bubble_speech_with_cut_out_phrase_fgts_in_the_paper.jpg 1279w\" sizes=\"auto, (max-width: 1024px) 100vw, 1024px\" \/><figcaption class=\"wp-element-caption\">Papel escrito FGTS &#8211; Cr\u00e9ditos: depositphotos.com \/ fernandokazuo<\/figcaption><\/figure><\/div>\n\n\n<p>O saque-anivers\u00e1rio \u00e9 uma modalidade que permite ao trabalhador retirar anualmente uma porcentagem do saldo de suas contas vinculadas ao <strong>FGTS<\/strong>. A porcentagem <strong>varia de 5% a 50%<\/strong>, dependendo do valor total dispon\u00edvel nas contas. Al\u00e9m disso, \u00e9 adicionada uma parcela fixa, que tamb\u00e9m varia conforme a faixa de saldo. Essa op\u00e7\u00e3o de saque \u00e9 uma alternativa ao saque-rescis\u00e3o, que libera o valor total em caso de demiss\u00e3o sem justa causa.<\/p>\n\n\n\n<h2 class=\"wp-block-heading\">Quais s\u00e3o as vantagens e desvantagens do saque-anivers\u00e1rio?<\/h2>\n\n\n\n<p>Uma das principais vantagens do saque-anivers\u00e1rio \u00e9 a possibilidade de acesso regular a parte dos recursos do <strong>FGTS<\/strong>, o que pode ser \u00fatil em situa\u00e7\u00f5es de emerg\u00eancia financeira ou para planejamento de gastos. No entanto, essa modalidade tem suas desvantagens. Ao optar pelo saque-anivers\u00e1rio, o trabalhador perde o direito de sacar o valor total do <strong>FGTS <\/strong>em caso de demiss\u00e3o sem justa causa, mantendo apenas o direito \u00e0 multa rescis\u00f3ria de 40% sobre o saldo.<\/p>\n\n\n\n<h2 class=\"wp-block-heading\">Como realizar a ades\u00e3o ao saque-anivers\u00e1rio?<\/h2>\n\n\n\n<p>A ades\u00e3o ao saque-anivers\u00e1rio \u00e9 um processo simples e pode ser feito de forma digital. O trabalhador deve acessar o site ou aplicativo do <strong><a href=\"https:\/\/www.gov.br\/trabalho-e-emprego\/pt-br\/servicos\/empregador\/fgtsdigital\" target=\"_blank\" rel=\"noreferrer noopener\">FGTS <\/a><\/strong>e seguir as instru\u00e7\u00f5es para optar por essa modalidade. \u00c9 importante lembrar que, uma vez feita a ades\u00e3o, o trabalhador s\u00f3 poder\u00e1 retornar \u00e0 modalidade tradicional de saque ap\u00f3s 25 meses, e desde que n\u00e3o haja empr\u00e9stimos vinculados ao <strong>FGTS <\/strong>em andamento.<\/p>\n\n\n\n<h2 class=\"wp-block-heading\">Quanto \u00e9 poss\u00edvel sacar no saque-anivers\u00e1rio?<\/h2>\n\n\n\n<p>A quantia dispon\u00edvel para saque no saque-anivers\u00e1rio depende do saldo total das contas vinculadas ao <strong>FGTS<\/strong>. A tabela de al\u00edquotas determina a porcentagem que pode ser retirada, al\u00e9m de uma parcela fixa adicional. Por exemplo, para saldos menores, a al\u00edquota \u00e9 maior, enquanto para saldos mais elevados, a al\u00edquota \u00e9 menor, mas a parcela fixa \u00e9 mais significativa. Essa estrutura visa equilibrar o acesso aos recursos, independentemente do valor total dispon\u00edvel.<\/p>\n\n\n\n<p>O saque-anivers\u00e1rio do <strong>FGTS <\/strong>representa uma op\u00e7\u00e3o interessante para trabalhadores que desejam maior controle sobre seus recursos, permitindo acesso regular a parte do saldo. No entanto, \u00e9 crucial avaliar cuidadosamente as implica\u00e7\u00f5es dessa escolha, especialmente em rela\u00e7\u00e3o \u00e0 perda do direito ao saque total em caso de demiss\u00e3o. Assim, cada trabalhador deve considerar suas necessidades financeiras e perspectivas de emprego antes de optar por essa modalidade.<\/p>\n","protected":false},"excerpt":{"rendered":"<p>O Fundo de Garantia do Tempo de Servi\u00e7o (FGTS) \u00e9 um direito dos trabalhadores brasileiros, criado para proteg\u00ea-los em situa\u00e7\u00f5es de demiss\u00e3o sem justa causa. Recentemente, uma nova modalidade de saque foi introduzida, conhecida como saque-anivers\u00e1rio. Essa op\u00e7\u00e3o permite que o trabalhador retire parte do saldo de sua conta do FGTS anualmente, no m\u00eas de [&hellip;]<\/p>\n","protected":false},"author":20,"featured_media":56495,"comment_status":"open","ping_status":"open","sticky":false,"template":"","format":"standard","meta":{"jnews-multi-image_gallery":[],"jnews_single_post":{"format":"standard"},"jnews_primary_category":[],"jnews_social_meta":[],"jnews_override_counter":[],"footnotes":""},"categories":[28,1],"tags":[1036],"class_list":["post-70638","post","type-post","status-publish","format-standard","has-post-thumbnail","hentry","category-economia","category-noticias","tag-fgts"],"yoast_head":"<!-- This site is optimized with the Yoast SEO plugin v23.8 - https:\/\/yoast.com\/wordpress\/plugins\/seo\/ -->\n<title>Brasileiros comemoram nova chance de sacar o FGTS! - Estado de Minas - Em foco<\/title>\n<meta name=\"description\" content=\"Saque-anivers\u00e1rio do FGTS libera parte do valor no m\u00eas do anivers\u00e1rio com vantagens e algumas restri\u00e7\u00f5es para quem optar pela modalidade.\" \/>\n<meta name=\"robots\" content=\"index, follow, max-snippet:-1, max-image-preview:large, max-video-preview:-1\" \/>\n<link rel=\"canonical\" href=\"https:\/\/www.em.com.br\/emfoco\/2025\/07\/03\/brasileiros-comemoram-nova-chance-de-sacar-o-fgts\/\" \/>\n<meta property=\"og:locale\" content=\"pt_BR\" \/>\n<meta property=\"og:type\" content=\"article\" \/>\n<meta property=\"og:title\" content=\"Brasileiros comemoram nova chance de sacar o FGTS! - Estado de Minas - Em foco\" \/>\n<meta property=\"og:description\" content=\"Saque-anivers\u00e1rio do FGTS libera parte do valor no m\u00eas do anivers\u00e1rio com vantagens e algumas restri\u00e7\u00f5es para quem optar pela modalidade.\" \/>\n<meta property=\"og:url\" content=\"https:\/\/www.em.com.br\/emfoco\/2025\/07\/03\/brasileiros-comemoram-nova-chance-de-sacar-o-fgts\/\" \/>\n<meta property=\"og:site_name\" content=\"Estado de Minas - Em foco\" \/>\n<meta property=\"article:published_time\" content=\"2025-07-03T21:58:00+00:00\" \/>\n<meta property=\"article:modified_time\" content=\"2025-07-03T02:56:31+00:00\" \/>\n<meta property=\"og:image\" content=\"https:\/\/www.em.com.br\/emfoco\/wp-content\/uploads\/2025\/06\/FGTS_1749151209424.jpg\" \/>\n\t<meta property=\"og:image:width\" content=\"1280\" \/>\n\t<meta property=\"og:image:height\" content=\"720\" \/>\n\t<meta property=\"og:image:type\" content=\"image\/jpeg\" \/>\n<meta name=\"author\" content=\"Ingrid Diniz\" \/>\n<meta name=\"twitter:card\" content=\"summary_large_image\" \/>\n<meta name=\"twitter:label1\" content=\"Escrito por\" \/>\n\t<meta name=\"twitter:data1\" content=\"Ingrid Diniz\" \/>\n\t<meta name=\"twitter:label2\" content=\"Est. tempo de leitura\" \/>\n\t<meta name=\"twitter:data2\" content=\"4 minutos\" \/>\n<!-- \/ Yoast SEO plugin. -->","yoast_head_json":{"title":"Brasileiros comemoram nova chance de sacar o FGTS! - Estado de Minas - Em foco","description":"Saque-anivers\u00e1rio do FGTS libera parte do valor no m\u00eas do anivers\u00e1rio com vantagens e algumas restri\u00e7\u00f5es para quem optar pela modalidade.","robots":{"index":"index","follow":"follow","max-snippet":"max-snippet:-1","max-image-preview":"max-image-preview:large","max-video-preview":"max-video-preview:-1"},"canonical":"https:\/\/www.em.com.br\/emfoco\/2025\/07\/03\/brasileiros-comemoram-nova-chance-de-sacar-o-fgts\/","og_locale":"pt_BR","og_type":"article","og_title":"Brasileiros comemoram nova chance de sacar o FGTS! - Estado de Minas - Em foco","og_description":"Saque-anivers\u00e1rio do FGTS libera parte do valor no m\u00eas do anivers\u00e1rio com vantagens e algumas restri\u00e7\u00f5es para quem optar pela modalidade.","og_url":"https:\/\/www.em.com.br\/emfoco\/2025\/07\/03\/brasileiros-comemoram-nova-chance-de-sacar-o-fgts\/","og_site_name":"Estado de Minas - Em foco","article_published_time":"2025-07-03T21:58:00+00:00","article_modified_time":"2025-07-03T02:56:31+00:00","og_image":[{"width":1280,"height":720,"url":"https:\/\/www.em.com.br\/emfoco\/wp-content\/uploads\/2025\/06\/FGTS_1749151209424.jpg","type":"image\/jpeg"}],"author":"Ingrid Diniz","twitter_card":"summary_large_image","twitter_misc":{"Escrito por":"Ingrid Diniz","Est. tempo de leitura":"4 minutos"},"schema":{"@context":"https:\/\/schema.org","@graph":[{"@type":"WebPage","@id":"https:\/\/www.em.com.br\/emfoco\/2025\/07\/03\/brasileiros-comemoram-nova-chance-de-sacar-o-fgts\/","url":"https:\/\/www.em.com.br\/emfoco\/2025\/07\/03\/brasileiros-comemoram-nova-chance-de-sacar-o-fgts\/","name":"Brasileiros comemoram nova chance de sacar o FGTS! - Estado de Minas - Em foco","isPartOf":{"@id":"https:\/\/www.em.com.br\/emfoco\/#website"},"primaryImageOfPage":{"@id":"https:\/\/www.em.com.br\/emfoco\/2025\/07\/03\/brasileiros-comemoram-nova-chance-de-sacar-o-fgts\/#primaryimage"},"image":{"@id":"https:\/\/www.em.com.br\/emfoco\/2025\/07\/03\/brasileiros-comemoram-nova-chance-de-sacar-o-fgts\/#primaryimage"},"thumbnailUrl":"https:\/\/www.em.com.br\/emfoco\/wp-content\/uploads\/2025\/06\/FGTS_1749151209424.jpg","datePublished":"2025-07-03T21:58:00+00:00","dateModified":"2025-07-03T02:56:31+00:00","author":{"@id":"https:\/\/www.em.com.br\/emfoco\/#\/schema\/person\/649e610b4eb8fff87ff394e54fe17b2b"},"description":"Saque-anivers\u00e1rio do FGTS libera parte do valor no m\u00eas do anivers\u00e1rio com vantagens e algumas restri\u00e7\u00f5es para quem optar pela modalidade.","breadcrumb":{"@id":"https:\/\/www.em.com.br\/emfoco\/2025\/07\/03\/brasileiros-comemoram-nova-chance-de-sacar-o-fgts\/#breadcrumb"},"inLanguage":"pt-BR","potentialAction":[{"@type":"ReadAction","target":["https:\/\/www.em.com.br\/emfoco\/2025\/07\/03\/brasileiros-comemoram-nova-chance-de-sacar-o-fgts\/"]}]},{"@type":"ImageObject","inLanguage":"pt-BR","@id":"https:\/\/www.em.com.br\/emfoco\/2025\/07\/03\/brasileiros-comemoram-nova-chance-de-sacar-o-fgts\/#primaryimage","url":"https:\/\/www.em.com.br\/emfoco\/wp-content\/uploads\/2025\/06\/FGTS_1749151209424.jpg","contentUrl":"https:\/\/www.em.com.br\/emfoco\/wp-content\/uploads\/2025\/06\/FGTS_1749151209424.jpg","width":1280,"height":720,"caption":"Moradores de Manga t\u00eam direito a saque de at\u00e9 R$ 6.220 do FGTS - Cr\u00e9ditos: depositphotos.com \/ rafapress"},{"@type":"BreadcrumbList","@id":"https:\/\/www.em.com.br\/emfoco\/2025\/07\/03\/brasileiros-comemoram-nova-chance-de-sacar-o-fgts\/#breadcrumb","itemListElement":[{"@type":"ListItem","position":1,"name":"In\u00edcio","item":"https:\/\/www.em.com.br\/emfoco\/"},{"@type":"ListItem","position":2,"name":"Brasileiros comemoram nova chance de sacar o FGTS!"}]},{"@type":"WebSite","@id":"https:\/\/www.em.com.br\/emfoco\/#website","url":"https:\/\/www.em.com.br\/emfoco\/","name":"Estado de Minas - Em foco","description":"Acompanhe as \u00faltimas not\u00edcias e fique bem informado sobre tudo o que acontece em Minas Gerais, Brasil e no mundo.","potentialAction":[{"@type":"SearchAction","target":{"@type":"EntryPoint","urlTemplate":"https:\/\/www.em.com.br\/emfoco\/?s={search_term_string}"},"query-input":{"@type":"PropertyValueSpecification","valueRequired":true,"valueName":"search_term_string"}}],"inLanguage":"pt-BR"},{"@type":"Person","@id":"https:\/\/www.em.com.br\/emfoco\/#\/schema\/person\/649e610b4eb8fff87ff394e54fe17b2b","name":"Ingrid Diniz","image":{"@type":"ImageObject","inLanguage":"pt-BR","@id":"https:\/\/www.em.com.br\/emfoco\/#\/schema\/person\/image\/","url":"https:\/\/secure.gravatar.com\/avatar\/a3baa1449ec5c39b4c42babc9d4f3951?s=96&d=mm&r=g","contentUrl":"https:\/\/secure.gravatar.com\/avatar\/a3baa1449ec5c39b4c42babc9d4f3951?s=96&d=mm&r=g","caption":"Ingrid Diniz"},"sameAs":["https:\/\/www.em.com.br\/"],"url":"https:\/\/www.em.com.br\/emfoco\/author\/ingridmyth\/"}]}},"_links":{"self":[{"href":"https:\/\/www.em.com.br\/emfoco\/wp-json\/wp\/v2\/posts\/70638","targetHints":{"allow":["GET"]}}],"collection":[{"href":"https:\/\/www.em.com.br\/emfoco\/wp-json\/wp\/v2\/posts"}],"about":[{"href":"https:\/\/www.em.com.br\/emfoco\/wp-json\/wp\/v2\/types\/post"}],"author":[{"embeddable":true,"href":"https:\/\/www.em.com.br\/emfoco\/wp-json\/wp\/v2\/users\/20"}],"replies":[{"embeddable":true,"href":"https:\/\/www.em.com.br\/emfoco\/wp-json\/wp\/v2\/comments?post=70638"}],"version-history":[{"count":1,"href":"https:\/\/www.em.com.br\/emfoco\/wp-json\/wp\/v2\/posts\/70638\/revisions"}],"predecessor-version":[{"id":70648,"href":"https:\/\/www.em.com.br\/emfoco\/wp-json\/wp\/v2\/posts\/70638\/revisions\/70648"}],"wp:featuredmedia":[{"embeddable":true,"href":"https:\/\/www.em.com.br\/emfoco\/wp-json\/wp\/v2\/media\/56495"}],"wp:attachment":[{"href":"https:\/\/www.em.com.br\/emfoco\/wp-json\/wp\/v2\/media?parent=70638"}],"wp:term":[{"taxonomy":"category","embeddable":true,"href":"https:\/\/www.em.com.br\/emfoco\/wp-json\/wp\/v2\/categories?post=70638"},{"taxonomy":"post_tag","embeddable":true,"href":"https:\/\/www.em.com.br\/emfoco\/wp-json\/wp\/v2\/tags?post=70638"}],"curies":[{"name":"wp","href":"https:\/\/api.w.org\/{rel}","templated":true}]}}