{"id":70637,"date":"2025-07-03T16:38:00","date_gmt":"2025-07-03T19:38:00","guid":{"rendered":"https:\/\/www.em.com.br\/emfoco\/?p=70637"},"modified":"2025-07-02T23:41:35","modified_gmt":"2025-07-03T02:41:35","slug":"trabalhadores-descobrem-direito-a-adicional-que-muda-salario","status":"publish","type":"post","link":"https:\/\/www.em.com.br\/emfoco\/2025\/07\/03\/trabalhadores-descobrem-direito-a-adicional-que-muda-salario\/","title":{"rendered":"Trabalhadores descobrem direito a adicional que muda sal\u00e1rio"},"content":{"rendered":"\n<p>Em 2025, a discuss\u00e3o sobre adicionais legais no ambiente de trabalho continua a ser um tema relevante para trabalhadores e empregadores. Os adicionais de insalubridade, periculosidade e noturno s\u00e3o direitos garantidos pela legisla\u00e7\u00e3o trabalhista brasileira, que visam compensar os riscos e condi\u00e7\u00f5es adversas enfrentadas por alguns profissionais. Entender quem tem direito a esses adicionais e como eles s\u00e3o calculados \u00e9 essencial para garantir que os direitos dos trabalhadores sejam respeitados.<\/p>\n\n\n\n<p>O adicional de <strong>insalubridade<\/strong> \u00e9 concedido a trabalhadores que exercem suas atividades em condi\u00e7\u00f5es que possam ser prejudiciais \u00e0 sa\u00fade. Isso inclui exposi\u00e7\u00e3o a agentes qu\u00edmicos, f\u00edsicos ou biol\u00f3gicos. A legisla\u00e7\u00e3o prev\u00ea tr\u00eas graus de insalubridade: m\u00ednimo, m\u00e9dio e m\u00e1ximo, com percentuais de 10%, 20% e 40% sobre o sal\u00e1rio m\u00ednimo, respectivamente. A caracteriza\u00e7\u00e3o e a classifica\u00e7\u00e3o do grau de insalubridade s\u00e3o realizadas por meio de per\u00edcia t\u00e9cnica, que avalia o ambiente de trabalho.<\/p>\n\n\n\n<h2 class=\"wp-block-heading\">O que caracteriza o adicional de periculosidade?<\/h2>\n\n\n<div class=\"wp-block-image\">\n<figure class=\"aligncenter size-large\"><img loading=\"lazy\" decoding=\"async\" width=\"1024\" height=\"576\" src=\"https:\/\/www.em.com.br\/emfoco\/wp-content\/uploads\/2025\/06\/trabalho_1748978792702-1024x576.jpg\" alt=\"Empresas est\u00e3o mudando tudo com terceiriza\u00e7\u00e3o\" class=\"wp-image-55054\" srcset=\"https:\/\/www.em.com.br\/emfoco\/wp-content\/uploads\/2025\/06\/trabalho_1748978792702-1024x576.jpg 1024w, https:\/\/www.em.com.br\/emfoco\/wp-content\/uploads\/2025\/06\/trabalho_1748978792702-300x169.jpg 300w, https:\/\/www.em.com.br\/emfoco\/wp-content\/uploads\/2025\/06\/trabalho_1748978792702-768x432.jpg 768w, https:\/\/www.em.com.br\/emfoco\/wp-content\/uploads\/2025\/06\/trabalho_1748978792702-750x422.jpg 750w, https:\/\/www.em.com.br\/emfoco\/wp-content\/uploads\/2025\/06\/trabalho_1748978792702-1140x641.jpg 1140w, https:\/\/www.em.com.br\/emfoco\/wp-content\/uploads\/2025\/06\/trabalho_1748978792702.jpg 1280w\" sizes=\"auto, (max-width: 1024px) 100vw, 1024px\" \/><figcaption class=\"wp-element-caption\">Trabalhadores &#8211; Cr\u00e9ditos: depositphotos.com \/ Krakenimages.com<\/figcaption><\/figure><\/div>\n\n\n<p>O adicional de <strong>periculosidade<\/strong> \u00e9 devido aos trabalhadores que desempenham atividades que os exp\u00f5em a riscos iminentes de vida, como eletricistas, vigilantes e trabalhadores que lidam com inflam\u00e1veis ou explosivos. Este adicional \u00e9 calculado com base em 30% do sal\u00e1rio do empregado, excluindo-se outros adicionais, como gratifica\u00e7\u00f5es e pr\u00eamios. A defini\u00e7\u00e3o de atividades perigosas \u00e9 regulamentada pela <strong>Norma Regulamentadora NR-16<\/strong> do <strong><a href=\"https:\/\/www.gov.br\/trabalho-e-emprego\/pt-br\" target=\"_blank\" rel=\"noreferrer noopener\">Minist\u00e9rio do Trabalho<\/a><\/strong>.<\/p>\n\n\n\n<h2 class=\"wp-block-heading\">Como funciona o adicional noturno?<\/h2>\n\n\n\n<p>O <strong>adicional noturno<\/strong> \u00e9 um direito dos trabalhadores que exercem suas fun\u00e7\u00f5es entre as 22h e as 5h do dia seguinte. Este adicional \u00e9 de 20% sobre a hora trabalhada, e a hora noturna \u00e9 reduzida para 52 minutos e 30 segundos, conforme previsto na <strong>Consolida\u00e7\u00e3o das Leis do Trabalho<\/strong> (<a href=\"https:\/\/www.em.com.br\/emfoco\/2025\/06\/29\/clt-ou-autonomo-o-debate-mais-quente-do-mercado-de-trabalho-em-2025\/\" target=\"_blank\" rel=\"noreferrer noopener\">CLT<\/a>). Essa redu\u00e7\u00e3o visa compensar o desgaste f\u00edsico e mental adicional enfrentado por quem trabalha durante a noite.<\/p>\n\n\n\n<h2 class=\"wp-block-heading\">Quais s\u00e3o os passos para garantir o recebimento dos adicionais?<\/h2>\n\n\n\n<p>Para assegurar o recebimento dos adicionais de insalubridade, periculosidade e noturno, \u00e9 importante seguir alguns passos:<\/p>\n\n\n\n<ol class=\"wp-block-list\">\n<li><strong>Verifica\u00e7\u00e3o do ambiente de trabalho:<\/strong> Identificar se as condi\u00e7\u00f5es de trabalho se enquadram nas normas que garantem os adicionais.<\/li>\n\n\n\n<li><strong>Solicita\u00e7\u00e3o de per\u00edcia t\u00e9cnica:<\/strong> No caso de insalubridade e periculosidade, uma per\u00edcia pode ser necess\u00e1ria para confirmar o direito ao adicional.<\/li>\n\n\n\n<li><strong>Consulta ao sindicato:<\/strong> Buscar orienta\u00e7\u00e3o e apoio do sindicato da categoria pode facilitar o processo de reivindica\u00e7\u00e3o dos direitos.<\/li>\n\n\n\n<li><strong>Negocia\u00e7\u00e3o com o empregador:<\/strong> Em muitos casos, uma conversa direta com o empregador pode resolver a quest\u00e3o de forma amig\u00e1vel.<\/li>\n\n\n\n<li><strong>A\u00e7\u00e3o judicial:<\/strong> Se necess\u00e1rio, recorrer \u00e0 <strong>Justi\u00e7a do Trabalho<\/strong> para garantir o cumprimento dos direitos.<\/li>\n<\/ol>\n\n\n\n<h2 class=\"wp-block-heading\">Quem tem direito a esses adicionais?<\/h2>\n\n\n\n<p>Os adicionais de insalubridade, periculosidade e noturno s\u00e3o direitos de todos os trabalhadores que se enquadram nas condi\u00e7\u00f5es estabelecidas pela legisla\u00e7\u00e3o. No entanto, \u00e9 fundamental que o empregador cumpra com as normas de seguran\u00e7a e sa\u00fade no trabalho, fornecendo os <strong>Equipamentos de Prote\u00e7\u00e3o Individual<\/strong> (EPIs) adequados e realizando treinamentos regulares. Al\u00e9m disso, \u00e9 importante que os trabalhadores estejam cientes de seus direitos e busquem informa\u00e7\u00f5es junto aos sindicatos e \u00f3rg\u00e3os competentes.<\/p>\n\n\n\n<p>Em suma, os adicionais legais s\u00e3o uma forma de compensar os trabalhadores por condi\u00e7\u00f5es de trabalho adversas e riscos \u00e0 sa\u00fade e seguran\u00e7a. Em 2025, a conscientiza\u00e7\u00e3o sobre esses direitos continua a ser crucial para garantir que todos os trabalhadores recebam o que lhes \u00e9 devido, promovendo um ambiente de trabalho mais justo e seguro.<\/p>\n","protected":false},"excerpt":{"rendered":"<p>Em 2025, a discuss\u00e3o sobre adicionais legais no ambiente de trabalho continua a ser um tema relevante para trabalhadores e empregadores. Os adicionais de insalubridade, periculosidade e noturno s\u00e3o direitos garantidos pela legisla\u00e7\u00e3o trabalhista brasileira, que visam compensar os riscos e condi\u00e7\u00f5es adversas enfrentadas por alguns profissionais. Entender quem tem direito a esses adicionais e [&hellip;]<\/p>\n","protected":false},"author":20,"featured_media":56491,"comment_status":"open","ping_status":"open","sticky":false,"template":"","format":"standard","meta":{"jnews-multi-image_gallery":[],"jnews_single_post":{"format":"standard"},"jnews_primary_category":[],"jnews_social_meta":[],"jnews_override_counter":[],"footnotes":""},"categories":[28,1],"tags":[1479,1052,11503],"class_list":["post-70637","post","type-post","status-publish","format-standard","has-post-thumbnail","hentry","category-economia","category-noticias","tag-adicionais","tag-clt","tag-ministerio-do-trabalho"],"yoast_head":"<!-- This site is optimized with the Yoast SEO plugin v23.8 - https:\/\/yoast.com\/wordpress\/plugins\/seo\/ -->\n<title>Trabalhadores descobrem direito a adicional que muda sal\u00e1rio - Estado de Minas - Em foco<\/title>\n<meta name=\"description\" content=\"Saiba como garantir adicional no contracheque com regras de insalubridade, periculosidade e trabalho noturno que seguem atualizadas.\" \/>\n<meta name=\"robots\" content=\"index, follow, max-snippet:-1, max-image-preview:large, max-video-preview:-1\" \/>\n<link rel=\"canonical\" href=\"https:\/\/www.em.com.br\/emfoco\/2025\/07\/03\/trabalhadores-descobrem-direito-a-adicional-que-muda-salario\/\" \/>\n<meta property=\"og:locale\" content=\"pt_BR\" \/>\n<meta property=\"og:type\" content=\"article\" \/>\n<meta property=\"og:title\" content=\"Trabalhadores descobrem direito a adicional que muda sal\u00e1rio - Estado de Minas - Em foco\" \/>\n<meta property=\"og:description\" content=\"Saiba como garantir adicional no contracheque com regras de insalubridade, periculosidade e trabalho noturno que seguem atualizadas.\" \/>\n<meta property=\"og:url\" content=\"https:\/\/www.em.com.br\/emfoco\/2025\/07\/03\/trabalhadores-descobrem-direito-a-adicional-que-muda-salario\/\" \/>\n<meta property=\"og:site_name\" content=\"Estado de Minas - Em foco\" \/>\n<meta property=\"article:published_time\" content=\"2025-07-03T19:38:00+00:00\" \/>\n<meta property=\"article:modified_time\" content=\"2025-07-03T02:41:35+00:00\" \/>\n<meta property=\"og:image\" content=\"https:\/\/www.em.com.br\/emfoco\/wp-content\/uploads\/2025\/06\/FGTS_1749151042556.jpg\" \/>\n\t<meta property=\"og:image:width\" content=\"1280\" \/>\n\t<meta property=\"og:image:height\" content=\"720\" \/>\n\t<meta property=\"og:image:type\" content=\"image\/jpeg\" \/>\n<meta name=\"author\" content=\"Ingrid Diniz\" \/>\n<meta name=\"twitter:card\" content=\"summary_large_image\" \/>\n<meta name=\"twitter:label1\" content=\"Escrito por\" \/>\n\t<meta name=\"twitter:data1\" content=\"Ingrid Diniz\" \/>\n\t<meta name=\"twitter:label2\" content=\"Est. tempo de leitura\" \/>\n\t<meta name=\"twitter:data2\" content=\"4 minutos\" \/>\n<!-- \/ Yoast SEO plugin. -->","yoast_head_json":{"title":"Trabalhadores descobrem direito a adicional que muda sal\u00e1rio - Estado de Minas - Em foco","description":"Saiba como garantir adicional no contracheque com regras de insalubridade, periculosidade e trabalho noturno que seguem atualizadas.","robots":{"index":"index","follow":"follow","max-snippet":"max-snippet:-1","max-image-preview":"max-image-preview:large","max-video-preview":"max-video-preview:-1"},"canonical":"https:\/\/www.em.com.br\/emfoco\/2025\/07\/03\/trabalhadores-descobrem-direito-a-adicional-que-muda-salario\/","og_locale":"pt_BR","og_type":"article","og_title":"Trabalhadores descobrem direito a adicional que muda sal\u00e1rio - Estado de Minas - Em foco","og_description":"Saiba como garantir adicional no contracheque com regras de insalubridade, periculosidade e trabalho noturno que seguem atualizadas.","og_url":"https:\/\/www.em.com.br\/emfoco\/2025\/07\/03\/trabalhadores-descobrem-direito-a-adicional-que-muda-salario\/","og_site_name":"Estado de Minas - Em foco","article_published_time":"2025-07-03T19:38:00+00:00","article_modified_time":"2025-07-03T02:41:35+00:00","og_image":[{"width":1280,"height":720,"url":"https:\/\/www.em.com.br\/emfoco\/wp-content\/uploads\/2025\/06\/FGTS_1749151042556.jpg","type":"image\/jpeg"}],"author":"Ingrid Diniz","twitter_card":"summary_large_image","twitter_misc":{"Escrito por":"Ingrid Diniz","Est. tempo de leitura":"4 minutos"},"schema":{"@context":"https:\/\/schema.org","@graph":[{"@type":"WebPage","@id":"https:\/\/www.em.com.br\/emfoco\/2025\/07\/03\/trabalhadores-descobrem-direito-a-adicional-que-muda-salario\/","url":"https:\/\/www.em.com.br\/emfoco\/2025\/07\/03\/trabalhadores-descobrem-direito-a-adicional-que-muda-salario\/","name":"Trabalhadores descobrem direito a adicional que muda sal\u00e1rio - Estado de Minas - Em foco","isPartOf":{"@id":"https:\/\/www.em.com.br\/emfoco\/#website"},"primaryImageOfPage":{"@id":"https:\/\/www.em.com.br\/emfoco\/2025\/07\/03\/trabalhadores-descobrem-direito-a-adicional-que-muda-salario\/#primaryimage"},"image":{"@id":"https:\/\/www.em.com.br\/emfoco\/2025\/07\/03\/trabalhadores-descobrem-direito-a-adicional-que-muda-salario\/#primaryimage"},"thumbnailUrl":"https:\/\/www.em.com.br\/emfoco\/wp-content\/uploads\/2025\/06\/FGTS_1749151042556.jpg","datePublished":"2025-07-03T19:38:00+00:00","dateModified":"2025-07-03T02:41:35+00:00","author":{"@id":"https:\/\/www.em.com.br\/emfoco\/#\/schema\/person\/649e610b4eb8fff87ff394e54fe17b2b"},"description":"Saiba como garantir adicional no contracheque com regras de insalubridade, periculosidade e trabalho noturno que seguem atualizadas.","breadcrumb":{"@id":"https:\/\/www.em.com.br\/emfoco\/2025\/07\/03\/trabalhadores-descobrem-direito-a-adicional-que-muda-salario\/#breadcrumb"},"inLanguage":"pt-BR","potentialAction":[{"@type":"ReadAction","target":["https:\/\/www.em.com.br\/emfoco\/2025\/07\/03\/trabalhadores-descobrem-direito-a-adicional-que-muda-salario\/"]}]},{"@type":"ImageObject","inLanguage":"pt-BR","@id":"https:\/\/www.em.com.br\/emfoco\/2025\/07\/03\/trabalhadores-descobrem-direito-a-adicional-que-muda-salario\/#primaryimage","url":"https:\/\/www.em.com.br\/emfoco\/wp-content\/uploads\/2025\/06\/FGTS_1749151042556.jpg","contentUrl":"https:\/\/www.em.com.br\/emfoco\/wp-content\/uploads\/2025\/06\/FGTS_1749151042556.jpg","width":1280,"height":720,"caption":"Como pedir o seguro-desemprego do jeito certo - Cr\u00e9ditos: depositphotos.com \/ SarkisSeysian"},{"@type":"BreadcrumbList","@id":"https:\/\/www.em.com.br\/emfoco\/2025\/07\/03\/trabalhadores-descobrem-direito-a-adicional-que-muda-salario\/#breadcrumb","itemListElement":[{"@type":"ListItem","position":1,"name":"In\u00edcio","item":"https:\/\/www.em.com.br\/emfoco\/"},{"@type":"ListItem","position":2,"name":"Trabalhadores descobrem direito a adicional que muda sal\u00e1rio"}]},{"@type":"WebSite","@id":"https:\/\/www.em.com.br\/emfoco\/#website","url":"https:\/\/www.em.com.br\/emfoco\/","name":"Estado de Minas - Em foco","description":"Acompanhe as \u00faltimas not\u00edcias e fique bem informado sobre tudo o que acontece em Minas Gerais, Brasil e no mundo.","potentialAction":[{"@type":"SearchAction","target":{"@type":"EntryPoint","urlTemplate":"https:\/\/www.em.com.br\/emfoco\/?s={search_term_string}"},"query-input":{"@type":"PropertyValueSpecification","valueRequired":true,"valueName":"search_term_string"}}],"inLanguage":"pt-BR"},{"@type":"Person","@id":"https:\/\/www.em.com.br\/emfoco\/#\/schema\/person\/649e610b4eb8fff87ff394e54fe17b2b","name":"Ingrid Diniz","image":{"@type":"ImageObject","inLanguage":"pt-BR","@id":"https:\/\/www.em.com.br\/emfoco\/#\/schema\/person\/image\/","url":"https:\/\/secure.gravatar.com\/avatar\/a3baa1449ec5c39b4c42babc9d4f3951?s=96&d=mm&r=g","contentUrl":"https:\/\/secure.gravatar.com\/avatar\/a3baa1449ec5c39b4c42babc9d4f3951?s=96&d=mm&r=g","caption":"Ingrid Diniz"},"sameAs":["https:\/\/www.em.com.br\/"],"url":"https:\/\/www.em.com.br\/emfoco\/author\/ingridmyth\/"}]}},"_links":{"self":[{"href":"https:\/\/www.em.com.br\/emfoco\/wp-json\/wp\/v2\/posts\/70637","targetHints":{"allow":["GET"]}}],"collection":[{"href":"https:\/\/www.em.com.br\/emfoco\/wp-json\/wp\/v2\/posts"}],"about":[{"href":"https:\/\/www.em.com.br\/emfoco\/wp-json\/wp\/v2\/types\/post"}],"author":[{"embeddable":true,"href":"https:\/\/www.em.com.br\/emfoco\/wp-json\/wp\/v2\/users\/20"}],"replies":[{"embeddable":true,"href":"https:\/\/www.em.com.br\/emfoco\/wp-json\/wp\/v2\/comments?post=70637"}],"version-history":[{"count":1,"href":"https:\/\/www.em.com.br\/emfoco\/wp-json\/wp\/v2\/posts\/70637\/revisions"}],"predecessor-version":[{"id":70643,"href":"https:\/\/www.em.com.br\/emfoco\/wp-json\/wp\/v2\/posts\/70637\/revisions\/70643"}],"wp:featuredmedia":[{"embeddable":true,"href":"https:\/\/www.em.com.br\/emfoco\/wp-json\/wp\/v2\/media\/56491"}],"wp:attachment":[{"href":"https:\/\/www.em.com.br\/emfoco\/wp-json\/wp\/v2\/media?parent=70637"}],"wp:term":[{"taxonomy":"category","embeddable":true,"href":"https:\/\/www.em.com.br\/emfoco\/wp-json\/wp\/v2\/categories?post=70637"},{"taxonomy":"post_tag","embeddable":true,"href":"https:\/\/www.em.com.br\/emfoco\/wp-json\/wp\/v2\/tags?post=70637"}],"curies":[{"name":"wp","href":"https:\/\/api.w.org\/{rel}","templated":true}]}}